{"id":146,"date":"2021-06-18T16:43:17","date_gmt":"2021-06-18T16:43:17","guid":{"rendered":"https:\/\/blogg.atl.nu\/ledarbloggen\/?p=146"},"modified":"2021-06-18T16:43:50","modified_gmt":"2021-06-18T16:43:50","slug":"svensk-skog-ska-inte-centralstyras-fran-bryssel","status":"publish","type":"post","link":"https:\/\/blogg.atl.nu\/ledarbloggen\/2021\/06\/18\/svensk-skog-ska-inte-centralstyras-fran-bryssel\/","title":{"rendered":"Svensk skog ska inte centralstyras fr\u00e5n Bryssel"},"content":{"rendered":"<p><strong>Ska EU diktera f\u00f6ruts\u00e4ttningarna f\u00f6r skogsbruket i Sverige? Det \u00e4r k\u00e4rnfr\u00e5gan i den strid som bl\u00e5ser upp kring EU:s nya skogsstrategi d\u00e4r inst\u00e4llningen till trakthyggesbruk \u00e4r central.<\/strong><\/p>\n<figure id=\"attachment_148\" aria-describedby=\"caption-attachment-148\" style=\"width: 1024px\" class=\"wp-caption alignnone\"><img loading=\"lazy\" class=\"size-large wp-image-148\" src=\"https:\/\/blogg.atl.nu\/ledarbloggen\/wp-content\/uploads\/sites\/42\/2021\/06\/sdljPNl5661Q_Y-nh-1024x683.jpg\" alt=\"\" width=\"1024\" height=\"683\" srcset=\"https:\/\/blogg.atl.nu\/ledarbloggen\/wp-content\/uploads\/sites\/42\/2021\/06\/sdljPNl5661Q_Y-nh-1024x683.jpg 1024w, https:\/\/blogg.atl.nu\/ledarbloggen\/wp-content\/uploads\/sites\/42\/2021\/06\/sdljPNl5661Q_Y-nh-300x200.jpg 300w, https:\/\/blogg.atl.nu\/ledarbloggen\/wp-content\/uploads\/sites\/42\/2021\/06\/sdljPNl5661Q_Y-nh-768x512.jpg 768w\" sizes=\"(max-width: 1024px) 100vw, 1024px\" \/><figcaption id=\"caption-attachment-148\" class=\"wp-caption-text\">Skogen \u2013 en nationell angel\u00e4genhet. Foto: Vidar Ruud\/TT<\/figcaption><\/figure>\n<p><!--more--><\/p>\n<p><a href=\"https:\/\/www.dn.se\/sverige\/lackt-dokument-avslojar-eu-vill-stoppa-kalavverkningar\/\"><span style=\"text-decoration: underline\"><strong>Dagens Nyheter kunde sent p\u00e5 fredagseftermiddagen<\/strong> <\/span><\/a>publicera ett l\u00e4ckt utkast p\u00e5 EU:s nya skogsstrategi, fr\u00e5n EU-kommissionen. DN skriver dramatiskt om hur utkastet f\u00f6rkastar det svenska skogsbruket:<\/p>\n<p><em>Enligt utkastet b\u00f6r skogsbruket g\u00f6ras om i grunden \u2013 kalavverkningar stoppas och alla gamla skogar skyddas fr\u00e5n skogsbruk.<\/em><\/p>\n<p><strong>Det finns i dokumentet en hel del<\/strong> oroande skrivningar. Kommissionen fr\u00e5ng\u00e5r att skogsbruket \u00e4r en nationell kompetens. Inst\u00e4llningen \u00e4r att EU ska in och detaljstyra skogssk\u00f6tselmetoder. Trakthyggesbruket \u00e4r \u00e5terigen i skottgluggen. Bara i undantagsfall anses hyggen acceptabla. Vidare vill kommissionen f\u00e5 en st\u00f6rre makt \u00f6ver vad tr\u00e4r\u00e5varan anv\u00e4nds till.<\/p>\n<p>EU-kommissionen vill ta kontroll \u00f6ver skogen, fr\u00e5n planta till planka.<\/p>\n<p>I DN-texten citeras EU-parlamentarikern Erik Bergkvist (S). Han \u00e4r av f\u00f6rklarliga sk\u00e4l oroad:<\/p>\n<p><em>Vi har redan v\u00e4rldens mest h\u00e5llbara skogsbruk, och de borde bem\u00f6da sig om fakta och kanske rentutav h\u00e4lsa p\u00e5 i en svensk skog innan de l\u00e4gger denna typ av f\u00f6rslag.<\/em><\/p>\n<p><strong>EU:s milj\u00f6kommission\u00e4r Virginijus Sinkevi\u010dius\u00a0<\/strong>bes\u00f6kte dock nyligen Sverige. D\u00e5 <a href=\"https:\/\/www.atl.nu\/miljokommissionar-virginijus-sinkevicius-traffade-skogens-representanter\"><span style=\"text-decoration: underline\"><strong>tr\u00e4ffade han bland annat representanter f\u00f6r skogsindustrier<\/strong><strong>n<\/strong><\/span><\/a><span style=\"text-decoration: underline\"><strong>a<\/strong><\/span>, s\u00e5v\u00e4l som ett flertal milj\u00f6organisationer.<\/p>\n<p>Om ett bes\u00f6k i en svensk skog r\u00e4cker f\u00f6r att \u00e4ndra kommission\u00e4rens inst\u00e4llning till skogsbruk kan dock ifr\u00e5gas\u00e4ttas. I det tal han h\u00f6ll i riksdagen i samband med bes\u00f6ket framstod det som att kommissionens linje redan var utstakad.<\/p>\n<p>Virginijus Sinkevi\u010dius tecknade inte n\u00e5gon ljus bild av svenskt skogsbruk n\u00e4r han adresserade de svenska riksdagsledam\u00f6terna.<\/p>\n<p>Kanske finns inte heller n\u00e5gon st\u00f6rre vilja fr\u00e5n EU-kommissionen att f\u00f6rst\u00e5 hur svensk skogsbruk skiljer sig fr\u00e5n det i Tyskland eller Grekland. Det \u00e4r som att det bara finns en mall. Det som f\u00f6resl\u00e5s \u00e4r motsatsen till decentralisering och ett brukande som anpassas efter f\u00f6ruts\u00e4ttningarna. Det \u00e4r centralplanering som f\u00f6resl\u00e5s.<\/p>\n<p><strong>Vad h\u00e4nder d\u00e5 nu<\/strong>, efter att utkastet till skogsstrategi har l\u00e4ckt ut? Det \u00e4r som s\u00e5 ofta n\u00e4r det kommer till EU sv\u00e5rt att s\u00e4ga. EU-politiken \u00e4r st\u00e4ndiga kompromisser och k\u00f6psl\u00e5ende f\u00f6r att samla st\u00f6d f\u00f6r olika f\u00f6rslag.<\/p>\n<p>Det b\u00f6r ocks\u00e5 noteras att ett av de mest h\u00f6gprofilerade f\u00f6rslag som dryftas i strategin \u2013 ett generellt f\u00f6rbud f\u00f6r hyggen \u2013 i maj r\u00f6stades ner i Europaparlamentet.<\/p>\n<p><strong>Det var i resolutionen om markskydd<\/strong>, som behandlades av parlamentet som helhet den 27:e och 28:e april 2021, som fr\u00e5gan om hyggen kom upp. Inf\u00f6r beslutet hade Europaparlamentets milj\u00f6utskott st\u00e4llt sig bakom en liknande linje som den kommissionen nu torgf\u00f6r. Nyckelmeningen i resolutionen l\u00f6d:<\/p>\n<p><em>Parlamentet efterlyser d\u00e4rf\u00f6r ett kalhyggesf\u00f6rbud i EU som en \u00e5tg\u00e4rd som kompletterar andra markskydds\u00e5tg\u00e4rder inom markramen och relevanta initiativ.<\/em><\/p>\n<p>Men formuleringen gick aldrig igenom delvoteringarna. Med r\u00f6stsiffrorna 288 f\u00f6r formuleringen, 349 mot, och 61 nedlagda avvisades det s\u00e5 kallade kalhyggesf\u00f6rbudet.<\/p>\n<p>Hur r\u00f6stade d\u00e5 de svenska EU-parlamentarikerna? Positiva till ett f\u00f6rbud st\u00e4llde sig: Malin Bj\u00f6rk (V), P\u00e4r Holmgren (MP), Alice Bah Kuhnke (MP) och Jakop Dalunde (MP).<\/p>\n<p>De som r\u00f6stade nej till formuleringen var: Sara Skyttedal (KD), David Lega (KD), Tomas Tob\u00e9 (M), J\u00f6rgen Warborn (M), Jessica Polfj\u00e4rd (M), Arba Kokalari (M), Charlie Weimers (SD), Jessica Stegrud (SD), Peter Lundgren (SD), Karin Karlsbro (L), Abir Al-Sahlani (C), Emma Wiesner (C), Erik Bergqvist (S), Johan Danielsson (S), Helene Fritzon (S), Jytte Guteland (S), Evin Incir (S).<\/p>\n<p><strong>De svenska europaparlamentarikernas\u00a0<\/strong>r\u00f6stm\u00f6nster visar ocks\u00e5 vilken f\u00f6rkrossande bl\u00e5gul majoritet som finns f\u00f6r att villkoren f\u00f6r skogsbruket inte ska dikteras fr\u00e5n Bryssel. D\u00e4remot uppst\u00e5r fr\u00e5gor kring vad den svenska kommission\u00e4ren Ylva Johansson (S) egentligen sysslar med.<\/p>\n<p>EU-kommissionen \u00e4r kollektivt ansvarig f\u00f6r sina beslut \u2013 st\u00e5r Johansson bakom det l\u00e4ckta utkastet till skogsstrategi?<\/p>\n<p>Det kr\u00e4vs nu att den svenska riksdagen, regeringen s\u00e5v\u00e4l som de svenska Europaparlamentarikerna markerar att det svenska skogsbruket inte \u00e4r en angel\u00e4genhet f\u00f6r Bryssel.<\/p>\n<p><strong>EU-kommissionens f\u00f6rslag b\u00f6r f\u00f6rpassas<\/strong> till papperskorgen. Den svenska skogen ska inte centralstyras fr\u00e5n kontinenten.<\/p>\n<p>&nbsp;<\/p>\n<p><strong>Edvard Hollertz<\/strong><\/p>\n","protected":false},"excerpt":{"rendered":"<p>Ska EU diktera f\u00f6ruts\u00e4ttningarna f\u00f6r skogsbruket i Sverige? Det \u00e4r k\u00e4rnfr\u00e5gan i den strid som bl\u00e5ser upp kring EU:s nya skogsstrategi d\u00e4r inst\u00e4llningen till trakthyggesbruk \u00e4r central.<\/p>\n","protected":false},"author":363,"featured_media":0,"comment_status":"open","ping_status":"open","sticky":false,"template":"","format":"standard","meta":[],"categories":[1],"tags":[],"yoast_head":"<!-- This site is optimized with the Yoast SEO plugin v19.6 - https:\/\/yoast.com\/wordpress\/plugins\/seo\/ -->\n<title>Svensk skog ska inte centralstyras fr\u00e5n Bryssel - Ledarbloggen<\/title>\n<meta name=\"robots\" content=\"index, follow, max-snippet:-1, max-image-preview:large, max-video-preview:-1\" \/>\n<link rel=\"canonical\" href=\"https:\/\/blogg.atl.nu\/ledarbloggen\/2021\/06\/18\/svensk-skog-ska-inte-centralstyras-fran-bryssel\/\" \/>\n<meta property=\"og:locale\" content=\"sv_SE\" \/>\n<meta property=\"og:type\" content=\"article\" \/>\n<meta property=\"og:title\" content=\"Svensk skog ska inte centralstyras fr\u00e5n Bryssel - Ledarbloggen\" \/>\n<meta property=\"og:description\" content=\"Ska EU diktera f\u00f6ruts\u00e4ttningarna f\u00f6r skogsbruket i Sverige? Det \u00e4r k\u00e4rnfr\u00e5gan i den strid som bl\u00e5ser upp kring EU:s nya skogsstrategi d\u00e4r inst\u00e4llningen till trakthyggesbruk \u00e4r central.\" \/>\n<meta property=\"og:url\" content=\"https:\/\/blogg.atl.nu\/ledarbloggen\/2021\/06\/18\/svensk-skog-ska-inte-centralstyras-fran-bryssel\/\" \/>\n<meta property=\"og:site_name\" content=\"Ledarbloggen\" \/>\n<meta property=\"article:published_time\" content=\"2021-06-18T16:43:17+00:00\" \/>\n<meta property=\"article:modified_time\" content=\"2021-06-18T16:43:50+00:00\" \/>\n<meta property=\"og:image\" content=\"https:\/\/blogg.atl.nu\/ledarbloggen\/wp-content\/uploads\/sites\/42\/2021\/06\/sdljPNl5661Q_Y-nh-1024x683.jpg\" \/>\n<meta name=\"author\" content=\"edvard\" \/>\n<meta name=\"twitter:card\" content=\"summary_large_image\" \/>\n<meta name=\"twitter:label1\" content=\"Skriven av\" \/>\n\t<meta name=\"twitter:data1\" content=\"edvard\" \/>\n\t<meta name=\"twitter:label2\" content=\"Ber\u00e4knad l\u00e4stid\" \/>\n\t<meta name=\"twitter:data2\" content=\"4 minuter\" \/>\n<script type=\"application\/ld+json\" class=\"yoast-schema-graph\">{\"@context\":\"https:\/\/schema.org\",\"@graph\":[{\"@type\":\"WebPage\",\"@id\":\"https:\/\/blogg.atl.nu\/ledarbloggen\/2021\/06\/18\/svensk-skog-ska-inte-centralstyras-fran-bryssel\/\",\"url\":\"https:\/\/blogg.atl.nu\/ledarbloggen\/2021\/06\/18\/svensk-skog-ska-inte-centralstyras-fran-bryssel\/\",\"name\":\"Svensk skog ska inte centralstyras fr\u00e5n Bryssel - Ledarbloggen\",\"isPartOf\":{\"@id\":\"https:\/\/blogg.atl.nu\/ledarbloggen\/#website\"},\"datePublished\":\"2021-06-18T16:43:17+00:00\",\"dateModified\":\"2021-06-18T16:43:50+00:00\",\"author\":{\"@id\":\"https:\/\/blogg.atl.nu\/ledarbloggen\/#\/schema\/person\/872d30fb77bd741d8243f0ee4b144977\"},\"breadcrumb\":{\"@id\":\"https:\/\/blogg.atl.nu\/ledarbloggen\/2021\/06\/18\/svensk-skog-ska-inte-centralstyras-fran-bryssel\/#breadcrumb\"},\"inLanguage\":\"sv-SE\",\"potentialAction\":[{\"@type\":\"ReadAction\",\"target\":[\"https:\/\/blogg.atl.nu\/ledarbloggen\/2021\/06\/18\/svensk-skog-ska-inte-centralstyras-fran-bryssel\/\"]}]},{\"@type\":\"BreadcrumbList\",\"@id\":\"https:\/\/blogg.atl.nu\/ledarbloggen\/2021\/06\/18\/svensk-skog-ska-inte-centralstyras-fran-bryssel\/#breadcrumb\",\"itemListElement\":[{\"@type\":\"ListItem\",\"position\":1,\"name\":\"Home\",\"item\":\"https:\/\/blogg.atl.nu\/ledarbloggen\/\"},{\"@type\":\"ListItem\",\"position\":2,\"name\":\"Svensk skog ska inte centralstyras fr\u00e5n Bryssel\"}]},{\"@type\":\"WebSite\",\"@id\":\"https:\/\/blogg.atl.nu\/ledarbloggen\/#website\",\"url\":\"https:\/\/blogg.atl.nu\/ledarbloggen\/\",\"name\":\"Ledarbloggen\",\"description\":\"Edvard Hollertz &amp; Tord Karlsson\",\"potentialAction\":[{\"@type\":\"SearchAction\",\"target\":{\"@type\":\"EntryPoint\",\"urlTemplate\":\"https:\/\/blogg.atl.nu\/ledarbloggen\/?s={search_term_string}\"},\"query-input\":\"required name=search_term_string\"}],\"inLanguage\":\"sv-SE\"},{\"@type\":\"Person\",\"@id\":\"https:\/\/blogg.atl.nu\/ledarbloggen\/#\/schema\/person\/872d30fb77bd741d8243f0ee4b144977\",\"name\":\"edvard\",\"image\":{\"@type\":\"ImageObject\",\"inLanguage\":\"sv-SE\",\"@id\":\"https:\/\/blogg.atl.nu\/ledarbloggen\/#\/schema\/person\/image\/\",\"url\":\"https:\/\/secure.gravatar.com\/avatar\/8565a11bb9cacad8bb71b01943a27365?s=96&d=mm&r=g\",\"contentUrl\":\"https:\/\/secure.gravatar.com\/avatar\/8565a11bb9cacad8bb71b01943a27365?s=96&d=mm&r=g\",\"caption\":\"edvard\"},\"url\":\"https:\/\/blogg.atl.nu\/ledarbloggen\/author\/edvard\/\"}]}<\/script>\n<!-- \/ Yoast SEO plugin. -->","yoast_head_json":{"title":"Svensk skog ska inte centralstyras fr\u00e5n Bryssel - Ledarbloggen","robots":{"index":"index","follow":"follow","max-snippet":"max-snippet:-1","max-image-preview":"max-image-preview:large","max-video-preview":"max-video-preview:-1"},"canonical":"https:\/\/blogg.atl.nu\/ledarbloggen\/2021\/06\/18\/svensk-skog-ska-inte-centralstyras-fran-bryssel\/","og_locale":"sv_SE","og_type":"article","og_title":"Svensk skog ska inte centralstyras fr\u00e5n Bryssel - Ledarbloggen","og_description":"Ska EU diktera f\u00f6ruts\u00e4ttningarna f\u00f6r skogsbruket i Sverige? Det \u00e4r k\u00e4rnfr\u00e5gan i den strid som bl\u00e5ser upp kring EU:s nya skogsstrategi d\u00e4r inst\u00e4llningen till trakthyggesbruk \u00e4r central.","og_url":"https:\/\/blogg.atl.nu\/ledarbloggen\/2021\/06\/18\/svensk-skog-ska-inte-centralstyras-fran-bryssel\/","og_site_name":"Ledarbloggen","article_published_time":"2021-06-18T16:43:17+00:00","article_modified_time":"2021-06-18T16:43:50+00:00","og_image":[{"url":"https:\/\/blogg.atl.nu\/ledarbloggen\/wp-content\/uploads\/sites\/42\/2021\/06\/sdljPNl5661Q_Y-nh-1024x683.jpg"}],"author":"edvard","twitter_card":"summary_large_image","twitter_misc":{"Skriven av":"edvard","Ber\u00e4knad l\u00e4stid":"4 minuter"},"schema":{"@context":"https:\/\/schema.org","@graph":[{"@type":"WebPage","@id":"https:\/\/blogg.atl.nu\/ledarbloggen\/2021\/06\/18\/svensk-skog-ska-inte-centralstyras-fran-bryssel\/","url":"https:\/\/blogg.atl.nu\/ledarbloggen\/2021\/06\/18\/svensk-skog-ska-inte-centralstyras-fran-bryssel\/","name":"Svensk skog ska inte centralstyras fr\u00e5n Bryssel - Ledarbloggen","isPartOf":{"@id":"https:\/\/blogg.atl.nu\/ledarbloggen\/#website"},"datePublished":"2021-06-18T16:43:17+00:00","dateModified":"2021-06-18T16:43:50+00:00","author":{"@id":"https:\/\/blogg.atl.nu\/ledarbloggen\/#\/schema\/person\/872d30fb77bd741d8243f0ee4b144977"},"breadcrumb":{"@id":"https:\/\/blogg.atl.nu\/ledarbloggen\/2021\/06\/18\/svensk-skog-ska-inte-centralstyras-fran-bryssel\/#breadcrumb"},"inLanguage":"sv-SE","potentialAction":[{"@type":"ReadAction","target":["https:\/\/blogg.atl.nu\/ledarbloggen\/2021\/06\/18\/svensk-skog-ska-inte-centralstyras-fran-bryssel\/"]}]},{"@type":"BreadcrumbList","@id":"https:\/\/blogg.atl.nu\/ledarbloggen\/2021\/06\/18\/svensk-skog-ska-inte-centralstyras-fran-bryssel\/#breadcrumb","itemListElement":[{"@type":"ListItem","position":1,"name":"Home","item":"https:\/\/blogg.atl.nu\/ledarbloggen\/"},{"@type":"ListItem","position":2,"name":"Svensk skog ska inte centralstyras fr\u00e5n Bryssel"}]},{"@type":"WebSite","@id":"https:\/\/blogg.atl.nu\/ledarbloggen\/#website","url":"https:\/\/blogg.atl.nu\/ledarbloggen\/","name":"Ledarbloggen","description":"Edvard Hollertz &amp; Tord Karlsson","potentialAction":[{"@type":"SearchAction","target":{"@type":"EntryPoint","urlTemplate":"https:\/\/blogg.atl.nu\/ledarbloggen\/?s={search_term_string}"},"query-input":"required name=search_term_string"}],"inLanguage":"sv-SE"},{"@type":"Person","@id":"https:\/\/blogg.atl.nu\/ledarbloggen\/#\/schema\/person\/872d30fb77bd741d8243f0ee4b144977","name":"edvard","image":{"@type":"ImageObject","inLanguage":"sv-SE","@id":"https:\/\/blogg.atl.nu\/ledarbloggen\/#\/schema\/person\/image\/","url":"https:\/\/secure.gravatar.com\/avatar\/8565a11bb9cacad8bb71b01943a27365?s=96&d=mm&r=g","contentUrl":"https:\/\/secure.gravatar.com\/avatar\/8565a11bb9cacad8bb71b01943a27365?s=96&d=mm&r=g","caption":"edvard"},"url":"https:\/\/blogg.atl.nu\/ledarbloggen\/author\/edvard\/"}]}},"_links":{"self":[{"href":"https:\/\/blogg.atl.nu\/ledarbloggen\/wp-json\/wp\/v2\/posts\/146"}],"collection":[{"href":"https:\/\/blogg.atl.nu\/ledarbloggen\/wp-json\/wp\/v2\/posts"}],"about":[{"href":"https:\/\/blogg.atl.nu\/ledarbloggen\/wp-json\/wp\/v2\/types\/post"}],"author":[{"embeddable":true,"href":"https:\/\/blogg.atl.nu\/ledarbloggen\/wp-json\/wp\/v2\/users\/363"}],"replies":[{"embeddable":true,"href":"https:\/\/blogg.atl.nu\/ledarbloggen\/wp-json\/wp\/v2\/comments?post=146"}],"version-history":[{"count":4,"href":"https:\/\/blogg.atl.nu\/ledarbloggen\/wp-json\/wp\/v2\/posts\/146\/revisions"}],"predecessor-version":[{"id":152,"href":"https:\/\/blogg.atl.nu\/ledarbloggen\/wp-json\/wp\/v2\/posts\/146\/revisions\/152"}],"wp:attachment":[{"href":"https:\/\/blogg.atl.nu\/ledarbloggen\/wp-json\/wp\/v2\/media?parent=146"}],"wp:term":[{"taxonomy":"category","embeddable":true,"href":"https:\/\/blogg.atl.nu\/ledarbloggen\/wp-json\/wp\/v2\/categories?post=146"},{"taxonomy":"post_tag","embeddable":true,"href":"https:\/\/blogg.atl.nu\/ledarbloggen\/wp-json\/wp\/v2\/tags?post=146"}],"curies":[{"name":"wp","href":"https:\/\/api.w.org\/{rel}","templated":true}]}}