{"id":157,"date":"2021-06-22T11:17:56","date_gmt":"2021-06-22T11:17:56","guid":{"rendered":"https:\/\/blogg.atl.nu\/ledarbloggen\/?p=157"},"modified":"2021-06-22T12:50:08","modified_gmt":"2021-06-22T12:50:08","slug":"marie-wickberg-grona-logner-och-rosa-moln","status":"publish","type":"post","link":"https:\/\/blogg.atl.nu\/ledarbloggen\/2021\/06\/22\/marie-wickberg-grona-logner-och-rosa-moln\/","title":{"rendered":"Marie Wickberg: Gr\u00f6na l\u00f6gner och rosa moln"},"content":{"rendered":"<p><strong>Jag tror att vi alla skulle m\u00e5 bra av att praktisera lite djupandning i samband med samtal om hyggesfria skogsbruksmetoder, skriver Marie Wickberg i en kr\u00f6nika.<\/strong><\/p>\n<figure id=\"attachment_158\" aria-describedby=\"caption-attachment-158\" style=\"width: 1024px\" class=\"wp-caption alignnone\"><img loading=\"lazy\" class=\"size-large wp-image-158\" src=\"https:\/\/blogg.atl.nu\/ledarbloggen\/wp-content\/uploads\/sites\/42\/2021\/06\/sdlbDPkBHHIYHo-nh-1024x683.jpg\" alt=\"\" width=\"1024\" height=\"683\" srcset=\"https:\/\/blogg.atl.nu\/ledarbloggen\/wp-content\/uploads\/sites\/42\/2021\/06\/sdlbDPkBHHIYHo-nh-1024x683.jpg 1024w, https:\/\/blogg.atl.nu\/ledarbloggen\/wp-content\/uploads\/sites\/42\/2021\/06\/sdlbDPkBHHIYHo-nh-300x200.jpg 300w, https:\/\/blogg.atl.nu\/ledarbloggen\/wp-content\/uploads\/sites\/42\/2021\/06\/sdlbDPkBHHIYHo-nh-768x512.jpg 768w\" sizes=\"(max-width: 1024px) 100vw, 1024px\" \/><figcaption id=\"caption-attachment-158\" class=\"wp-caption-text\">Foto: Lars G\u00f6ran Abrahamsson\/TT<\/figcaption><\/figure>\n<p><!--more--><\/p>\n<p><strong>KR\u00d6NIKA<\/strong><\/p>\n<p><strong>I slutet av 1800-talet inf\u00f6rdes lagstiftning<\/strong> mot att avverka tr\u00e4d med dimensioner under en viss diameter. Grova tr\u00e4d plockades ut, det som blev kvar kom att domineras av gran, skogens produktionsf\u00f6rm\u00e5ga sj\u00f6nk drastiskt med stora ekonomiska konsekvenser som f\u00f6ljd. Bokstavligt talat hade man allts\u00e5 s\u00e5gat av den gren man satt p\u00e5 och det \u00e4r enkelt att f\u00f6rst\u00e5 dramatiken som uppstod. De glesa restskogarna kom att kallas gr\u00f6na l\u00f6gner.<\/p>\n<p>Skogsfolk gl\u00f6mmer inte snabbt. N\u00e4r plockhuggning och andra hyggesfria metoder nu \u00e5ter \u00e4r p\u00e5 tapeten \u00e4r det inte s\u00e5 m\u00e4rkligt att det h\u00f6jer pulsen hos m\u00e5nga. Samtidigt v\u00e4xer en ny generation skogs\u00e4gare fram och nyfikenheten kring olika s\u00e4tt att bruka skogen \u00e4r stor.<\/p>\n<p><strong>Vad som menas med hyggesfritt \u00e4r dock<\/strong> ganska oklart. Det finns n\u00e4mligen en uppsj\u00f6 av metoder som p\u00e5 olika s\u00e4tt skapar ett skogsbruk utan hyggen, allt fr\u00e5n fr\u00f6tr\u00e4dsst\u00e4llningar till luckhuggning. Skogsstyrelsen har nyligen gjort ett tappert f\u00f6rs\u00f6k att definiera begreppet men tyv\u00e4rr landat snett. I korthet lyder f\u00f6rslaget till definition fr\u00e5n Skogsstyrelsen s\u00e5 h\u00e4r:<\/p>\n<p>\u201dHyggesfritt skogsbruk p\u00e5 skogsmark med produktionsm\u00e5l inneb\u00e4r att skogen sk\u00f6ts s\u00e5 att marken alltid \u00e4r tr\u00e4dbevuxen utan att det uppst\u00e5r n\u00e5gra st\u00f6rre kala ytor.\u201d<\/p>\n<p>Det finns tv\u00e5 stora problem med den formuleringen. Det f\u00f6rsta \u00e4r att det inte finns ett \u201dskogsbruk\u201d och ett \u201dhyggesfritt skogsbruk\u201d. D\u00e4remot finns det en m\u00e5ngfald av metoder inom skogsbruket. Flera skogsbruksmetoder skapar mindre luckor och undviker st\u00f6rre hyggen, l\u00e5t oss kalla dem hyggesfria metoder, inom ramen f\u00f6r skogsbruket.<\/p>\n<p><strong>Skogsstyrelsens definition blir olycklig<\/strong> d\u00e4rf\u00f6r att den \u00f6kar polariseringen och g\u00f6r skillnaden mellan sk\u00f6tselmetoder st\u00f6rre \u00e4n vad den skulle beh\u00f6va vara.<\/p>\n<p>Det andra problemet \u00e4r orden \u201dskogsmark med produktionsm\u00e5l\u201d. Varf\u00f6r i hela friden ska man bara f\u00e5 r\u00e4kna in hyggesfria metoder i produktionsbest\u00e5nden? \u00c4r ett hyggesfritt skogsbruk mindre v\u00e4rt om det sker i till exempel ett omr\u00e5de som \u00e4r avsatt f\u00f6r naturv\u00e5rdande sk\u00f6tsel? \u00c4r det inte p\u00e5 riktigt d\u00e5?<\/p>\n<p>Jag tror att vi alla skulle m\u00e5 bra av att praktisera lite djupandning i samband med samtal om hyggesfria skogsbruksmetoder.<\/p>\n<p><strong>L\u00e5t oss gl\u00e4djas \u00f6ver att vi<\/strong> (fortfarande) har m\u00f6jligheten att sk\u00f6ta skogen p\u00e5 olika s\u00e4tt \u2013 och dessutom olika i olika best\u00e5nd. L\u00e5t oss anv\u00e4nda friheten klokt. L\u00e5t oss konstatera att det l\u00e5ngt ifr\u00e5n kommer att funka \u00f6verallt. Det \u00e4r inte, som f\u00f6retr\u00e4dare f\u00f6r intresseorganisationer ibland p\u00e5st\u00e5r, l\u00f6sningen p\u00e5 alla utmaningar fr\u00e5n artrikedom till klimatet. Men det \u00e4r en fungerande l\u00f6sning p\u00e5 vissa platser, f\u00f6r vissa skogs\u00e4gare, beroende p\u00e5 vad de vill med sitt skogs\u00e4gande.<\/p>\n<p>Myndigheter och skogs\u00e4garorganisationer har en s\u00e4rskilt viktig uppgift att ber\u00e4tta om hur olika sk\u00f6tselmetoder p\u00e5verkar marken, pl\u00e5nboken och omv\u00e4rlden. Med dagens metoder handlar inte hyggesfritt om gr\u00f6na l\u00f6gner men definitivt inte heller om rosa moln. Kanske kan det finnas n\u00e5got mittemellan?<\/p>\n<p><strong>Marie Wickberg<\/strong><br \/>\n<strong>Kommunikationschef, Mellanskog<\/strong><\/p>\n<p>&nbsp;<\/p>\n<p><em>*Kr\u00f6nikan publicerades i ATL den 18 juni 2021. L\u00e4s e-tidningen <a href=\"https:\/\/www.atl.nu\/etidningen-i\"><span style=\"text-decoration: underline\"><strong>h\u00e4r<\/strong><\/span><\/a>.<\/em><\/p>\n","protected":false},"excerpt":{"rendered":"<p>Jag tror att vi alla skulle m\u00e5 bra av att praktisera lite djupandning i samband med samtal om hyggesfria skogsbruksmetoder, skriver Marie Wickberg i en kr\u00f6nika.<\/p>\n","protected":false},"author":363,"featured_media":0,"comment_status":"open","ping_status":"open","sticky":false,"template":"","format":"standard","meta":[],"categories":[1],"tags":[],"yoast_head":"<!-- This site is optimized with the Yoast SEO plugin v19.6 - https:\/\/yoast.com\/wordpress\/plugins\/seo\/ -->\n<title>Marie Wickberg: Gr\u00f6na l\u00f6gner och rosa moln - Ledarbloggen<\/title>\n<meta name=\"robots\" content=\"index, follow, max-snippet:-1, max-image-preview:large, max-video-preview:-1\" \/>\n<link rel=\"canonical\" href=\"https:\/\/blogg.atl.nu\/ledarbloggen\/2021\/06\/22\/marie-wickberg-grona-logner-och-rosa-moln\/\" \/>\n<meta property=\"og:locale\" content=\"sv_SE\" \/>\n<meta property=\"og:type\" content=\"article\" \/>\n<meta property=\"og:title\" content=\"Marie Wickberg: Gr\u00f6na l\u00f6gner och rosa moln - Ledarbloggen\" \/>\n<meta property=\"og:description\" content=\"Jag tror att vi alla skulle m\u00e5 bra av att praktisera lite djupandning i samband med samtal om hyggesfria skogsbruksmetoder, skriver Marie Wickberg i en kr\u00f6nika.\" \/>\n<meta property=\"og:url\" content=\"https:\/\/blogg.atl.nu\/ledarbloggen\/2021\/06\/22\/marie-wickberg-grona-logner-och-rosa-moln\/\" \/>\n<meta property=\"og:site_name\" content=\"Ledarbloggen\" \/>\n<meta property=\"article:published_time\" content=\"2021-06-22T11:17:56+00:00\" \/>\n<meta property=\"article:modified_time\" content=\"2021-06-22T12:50:08+00:00\" \/>\n<meta property=\"og:image\" content=\"https:\/\/blogg.atl.nu\/ledarbloggen\/wp-content\/uploads\/sites\/42\/2021\/06\/sdlbDPkBHHIYHo-nh-1024x683.jpg\" \/>\n<meta name=\"author\" content=\"edvard\" \/>\n<meta name=\"twitter:card\" content=\"summary_large_image\" \/>\n<meta name=\"twitter:label1\" content=\"Skriven av\" \/>\n\t<meta name=\"twitter:data1\" content=\"edvard\" \/>\n\t<meta name=\"twitter:label2\" content=\"Ber\u00e4knad l\u00e4stid\" \/>\n\t<meta name=\"twitter:data2\" content=\"3 minuter\" \/>\n<script type=\"application\/ld+json\" class=\"yoast-schema-graph\">{\"@context\":\"https:\/\/schema.org\",\"@graph\":[{\"@type\":\"WebPage\",\"@id\":\"https:\/\/blogg.atl.nu\/ledarbloggen\/2021\/06\/22\/marie-wickberg-grona-logner-och-rosa-moln\/\",\"url\":\"https:\/\/blogg.atl.nu\/ledarbloggen\/2021\/06\/22\/marie-wickberg-grona-logner-och-rosa-moln\/\",\"name\":\"Marie Wickberg: Gr\u00f6na l\u00f6gner och rosa moln - Ledarbloggen\",\"isPartOf\":{\"@id\":\"https:\/\/blogg.atl.nu\/ledarbloggen\/#website\"},\"datePublished\":\"2021-06-22T11:17:56+00:00\",\"dateModified\":\"2021-06-22T12:50:08+00:00\",\"author\":{\"@id\":\"https:\/\/blogg.atl.nu\/ledarbloggen\/#\/schema\/person\/872d30fb77bd741d8243f0ee4b144977\"},\"breadcrumb\":{\"@id\":\"https:\/\/blogg.atl.nu\/ledarbloggen\/2021\/06\/22\/marie-wickberg-grona-logner-och-rosa-moln\/#breadcrumb\"},\"inLanguage\":\"sv-SE\",\"potentialAction\":[{\"@type\":\"ReadAction\",\"target\":[\"https:\/\/blogg.atl.nu\/ledarbloggen\/2021\/06\/22\/marie-wickberg-grona-logner-och-rosa-moln\/\"]}]},{\"@type\":\"BreadcrumbList\",\"@id\":\"https:\/\/blogg.atl.nu\/ledarbloggen\/2021\/06\/22\/marie-wickberg-grona-logner-och-rosa-moln\/#breadcrumb\",\"itemListElement\":[{\"@type\":\"ListItem\",\"position\":1,\"name\":\"Home\",\"item\":\"https:\/\/blogg.atl.nu\/ledarbloggen\/\"},{\"@type\":\"ListItem\",\"position\":2,\"name\":\"Marie Wickberg: Gr\u00f6na l\u00f6gner och rosa moln\"}]},{\"@type\":\"WebSite\",\"@id\":\"https:\/\/blogg.atl.nu\/ledarbloggen\/#website\",\"url\":\"https:\/\/blogg.atl.nu\/ledarbloggen\/\",\"name\":\"Ledarbloggen\",\"description\":\"Edvard Hollertz &amp; Tord Karlsson\",\"potentialAction\":[{\"@type\":\"SearchAction\",\"target\":{\"@type\":\"EntryPoint\",\"urlTemplate\":\"https:\/\/blogg.atl.nu\/ledarbloggen\/?s={search_term_string}\"},\"query-input\":\"required name=search_term_string\"}],\"inLanguage\":\"sv-SE\"},{\"@type\":\"Person\",\"@id\":\"https:\/\/blogg.atl.nu\/ledarbloggen\/#\/schema\/person\/872d30fb77bd741d8243f0ee4b144977\",\"name\":\"edvard\",\"image\":{\"@type\":\"ImageObject\",\"inLanguage\":\"sv-SE\",\"@id\":\"https:\/\/blogg.atl.nu\/ledarbloggen\/#\/schema\/person\/image\/\",\"url\":\"https:\/\/secure.gravatar.com\/avatar\/8565a11bb9cacad8bb71b01943a27365?s=96&d=mm&r=g\",\"contentUrl\":\"https:\/\/secure.gravatar.com\/avatar\/8565a11bb9cacad8bb71b01943a27365?s=96&d=mm&r=g\",\"caption\":\"edvard\"},\"url\":\"https:\/\/blogg.atl.nu\/ledarbloggen\/author\/edvard\/\"}]}<\/script>\n<!-- \/ Yoast SEO plugin. -->","yoast_head_json":{"title":"Marie Wickberg: Gr\u00f6na l\u00f6gner och rosa moln - Ledarbloggen","robots":{"index":"index","follow":"follow","max-snippet":"max-snippet:-1","max-image-preview":"max-image-preview:large","max-video-preview":"max-video-preview:-1"},"canonical":"https:\/\/blogg.atl.nu\/ledarbloggen\/2021\/06\/22\/marie-wickberg-grona-logner-och-rosa-moln\/","og_locale":"sv_SE","og_type":"article","og_title":"Marie Wickberg: Gr\u00f6na l\u00f6gner och rosa moln - Ledarbloggen","og_description":"Jag tror att vi alla skulle m\u00e5 bra av att praktisera lite djupandning i samband med samtal om hyggesfria skogsbruksmetoder, skriver Marie Wickberg i en kr\u00f6nika.","og_url":"https:\/\/blogg.atl.nu\/ledarbloggen\/2021\/06\/22\/marie-wickberg-grona-logner-och-rosa-moln\/","og_site_name":"Ledarbloggen","article_published_time":"2021-06-22T11:17:56+00:00","article_modified_time":"2021-06-22T12:50:08+00:00","og_image":[{"url":"https:\/\/blogg.atl.nu\/ledarbloggen\/wp-content\/uploads\/sites\/42\/2021\/06\/sdlbDPkBHHIYHo-nh-1024x683.jpg"}],"author":"edvard","twitter_card":"summary_large_image","twitter_misc":{"Skriven av":"edvard","Ber\u00e4knad l\u00e4stid":"3 minuter"},"schema":{"@context":"https:\/\/schema.org","@graph":[{"@type":"WebPage","@id":"https:\/\/blogg.atl.nu\/ledarbloggen\/2021\/06\/22\/marie-wickberg-grona-logner-och-rosa-moln\/","url":"https:\/\/blogg.atl.nu\/ledarbloggen\/2021\/06\/22\/marie-wickberg-grona-logner-och-rosa-moln\/","name":"Marie Wickberg: Gr\u00f6na l\u00f6gner och rosa moln - Ledarbloggen","isPartOf":{"@id":"https:\/\/blogg.atl.nu\/ledarbloggen\/#website"},"datePublished":"2021-06-22T11:17:56+00:00","dateModified":"2021-06-22T12:50:08+00:00","author":{"@id":"https:\/\/blogg.atl.nu\/ledarbloggen\/#\/schema\/person\/872d30fb77bd741d8243f0ee4b144977"},"breadcrumb":{"@id":"https:\/\/blogg.atl.nu\/ledarbloggen\/2021\/06\/22\/marie-wickberg-grona-logner-och-rosa-moln\/#breadcrumb"},"inLanguage":"sv-SE","potentialAction":[{"@type":"ReadAction","target":["https:\/\/blogg.atl.nu\/ledarbloggen\/2021\/06\/22\/marie-wickberg-grona-logner-och-rosa-moln\/"]}]},{"@type":"BreadcrumbList","@id":"https:\/\/blogg.atl.nu\/ledarbloggen\/2021\/06\/22\/marie-wickberg-grona-logner-och-rosa-moln\/#breadcrumb","itemListElement":[{"@type":"ListItem","position":1,"name":"Home","item":"https:\/\/blogg.atl.nu\/ledarbloggen\/"},{"@type":"ListItem","position":2,"name":"Marie Wickberg: Gr\u00f6na l\u00f6gner och rosa moln"}]},{"@type":"WebSite","@id":"https:\/\/blogg.atl.nu\/ledarbloggen\/#website","url":"https:\/\/blogg.atl.nu\/ledarbloggen\/","name":"Ledarbloggen","description":"Edvard Hollertz &amp; Tord Karlsson","potentialAction":[{"@type":"SearchAction","target":{"@type":"EntryPoint","urlTemplate":"https:\/\/blogg.atl.nu\/ledarbloggen\/?s={search_term_string}"},"query-input":"required name=search_term_string"}],"inLanguage":"sv-SE"},{"@type":"Person","@id":"https:\/\/blogg.atl.nu\/ledarbloggen\/#\/schema\/person\/872d30fb77bd741d8243f0ee4b144977","name":"edvard","image":{"@type":"ImageObject","inLanguage":"sv-SE","@id":"https:\/\/blogg.atl.nu\/ledarbloggen\/#\/schema\/person\/image\/","url":"https:\/\/secure.gravatar.com\/avatar\/8565a11bb9cacad8bb71b01943a27365?s=96&d=mm&r=g","contentUrl":"https:\/\/secure.gravatar.com\/avatar\/8565a11bb9cacad8bb71b01943a27365?s=96&d=mm&r=g","caption":"edvard"},"url":"https:\/\/blogg.atl.nu\/ledarbloggen\/author\/edvard\/"}]}},"_links":{"self":[{"href":"https:\/\/blogg.atl.nu\/ledarbloggen\/wp-json\/wp\/v2\/posts\/157"}],"collection":[{"href":"https:\/\/blogg.atl.nu\/ledarbloggen\/wp-json\/wp\/v2\/posts"}],"about":[{"href":"https:\/\/blogg.atl.nu\/ledarbloggen\/wp-json\/wp\/v2\/types\/post"}],"author":[{"embeddable":true,"href":"https:\/\/blogg.atl.nu\/ledarbloggen\/wp-json\/wp\/v2\/users\/363"}],"replies":[{"embeddable":true,"href":"https:\/\/blogg.atl.nu\/ledarbloggen\/wp-json\/wp\/v2\/comments?post=157"}],"version-history":[{"count":3,"href":"https:\/\/blogg.atl.nu\/ledarbloggen\/wp-json\/wp\/v2\/posts\/157\/revisions"}],"predecessor-version":[{"id":161,"href":"https:\/\/blogg.atl.nu\/ledarbloggen\/wp-json\/wp\/v2\/posts\/157\/revisions\/161"}],"wp:attachment":[{"href":"https:\/\/blogg.atl.nu\/ledarbloggen\/wp-json\/wp\/v2\/media?parent=157"}],"wp:term":[{"taxonomy":"category","embeddable":true,"href":"https:\/\/blogg.atl.nu\/ledarbloggen\/wp-json\/wp\/v2\/categories?post=157"},{"taxonomy":"post_tag","embeddable":true,"href":"https:\/\/blogg.atl.nu\/ledarbloggen\/wp-json\/wp\/v2\/tags?post=157"}],"curies":[{"name":"wp","href":"https:\/\/api.w.org\/{rel}","templated":true}]}}