{"id":260,"date":"2021-08-22T12:33:28","date_gmt":"2021-08-22T12:33:28","guid":{"rendered":"https:\/\/blogg.atl.nu\/ledarbloggen\/?p=260"},"modified":"2021-08-22T12:33:28","modified_gmt":"2021-08-22T12:33:28","slug":"stefan-lofvens-jordbrukspolitiska-arv","status":"publish","type":"post","link":"https:\/\/blogg.atl.nu\/ledarbloggen\/2021\/08\/22\/stefan-lofvens-jordbrukspolitiska-arv\/","title":{"rendered":"Stefan L\u00f6fvens jordbrukspolitiska arv"},"content":{"rendered":"<p><strong>Om Sveriges jordbrukspolitiska historia skulle skrivas s\u00e5 \u00e4r statsminister Stefan L\u00f6fvens regeringstid ett kapitel f\u00f6r sig.<\/strong><\/p>\n<figure id=\"attachment_261\" aria-describedby=\"caption-attachment-261\" style=\"width: 1024px\" class=\"wp-caption alignnone\"><img loading=\"lazy\" class=\"size-large wp-image-261\" src=\"https:\/\/blogg.atl.nu\/ledarbloggen\/wp-content\/uploads\/sites\/42\/2021\/08\/sdlSrNFgNODu4Q-nh-1024x683.jpg\" alt=\"\" width=\"1024\" height=\"683\" srcset=\"https:\/\/blogg.atl.nu\/ledarbloggen\/wp-content\/uploads\/sites\/42\/2021\/08\/sdlSrNFgNODu4Q-nh-1024x683.jpg 1024w, https:\/\/blogg.atl.nu\/ledarbloggen\/wp-content\/uploads\/sites\/42\/2021\/08\/sdlSrNFgNODu4Q-nh-300x200.jpg 300w, https:\/\/blogg.atl.nu\/ledarbloggen\/wp-content\/uploads\/sites\/42\/2021\/08\/sdlSrNFgNODu4Q-nh-768x512.jpg 768w\" sizes=\"(max-width: 1024px) 100vw, 1024px\" \/><figcaption id=\"caption-attachment-261\" class=\"wp-caption-text\"><br \/>L\u00e4mnar. Statsminister Stefan L\u00f6fven (S) p\u00e5 Run\u00f6 kursg\u00e5rd i \u00c5kersberga d\u00e4r han under s\u00f6ndagen meddelade sin avg\u00e5ng.<br \/>Foto: Henrik Montgomery\/TT<\/figcaption><\/figure>\n<p><!--more--><\/p>\n<p><strong>Statsminister Stefan L\u00f6fven (S) <\/strong>har meddelat sin avg\u00e5ng. En eftertr\u00e4dare ska ta vid i h\u00f6st. F\u00f6rhoppningsvis kan det inneb\u00e4ra en kurs\u00e4ndring inom jord- och skogsbrukspolitiken. F\u00f6r i dag befinner vi oss i en ytterlighet.<\/p>\n<p>De gamla jordbrukspolitiska institutionerna \u00e4r avl\u00f6vade. Sverige st\u00e5r ut i Europa genom avsaknaden av en s\u00e4rskild jordbruksminister. Och \u00e4ven om flera regeringar under senare \u00e5r inte har prioriterat konkurrenskraftiga gr\u00f6na n\u00e4ringar \u00e4r det under statsminister Stefan L\u00f6fvens tid vid makten som m\u00e5nga definitiva beslut har fattats.<\/p>\n<p><strong>I sin f\u00f6rsta regeringsf\u00f6rklaring<\/strong> lade L\u00f6fven ner Landsbygdsdepartementet. Och under sommarens regeringsbildning f\u00f6rsvann \u00e4ven posten som landsbygdsminister.<\/p>\n<p>D\u00e4remellan har visserligen ett antal ambiti\u00f6sa politiska projekt lanseras. Livsmedelsstrategin har framh\u00e5llits som den f\u00f6rsta i sitt slag. Beskrivningen av det nationella skogsprogrammet har varit likartad \u2013 den har framh\u00e5llits som den f\u00f6rsta n\u00e5gonsin. Men efter ett par \u00e5r \u00e4r det uppenbart att de stora orden och f\u00f6rhoppningarna inte har kunnat oms\u00e4ttas i praktiken.<\/p>\n<p><strong>Samtidigt b\u00f6r det p\u00e5talas<\/strong> att Stefan L\u00f6fven inte har haft n\u00e5gon enkel sits. Inom den r\u00f6dgr\u00f6na regeringen har det funnits motstridiga intressen kring fr\u00e5gorna jord och skog. Stefan L\u00f6fvens jordbrukspolitiska arv kan s\u00e5ledes komma att \u00e4ndras, beroende p\u00e5 hur kommande regeringar hanterar livsmedelsstrategin och skogsprogrammet.<\/p>\n<p>&nbsp;<\/p>\n<p><strong>Edvard Hollertz<\/strong><\/p>\n","protected":false},"excerpt":{"rendered":"<p>Om Sveriges jordbrukspolitiska historia skulle skrivas s\u00e5 \u00e4r statsminister Stefan L\u00f6fvens regeringstid ett kapitel f\u00f6r sig.<\/p>\n","protected":false},"author":363,"featured_media":0,"comment_status":"open","ping_status":"open","sticky":false,"template":"","format":"standard","meta":[],"categories":[1],"tags":[],"yoast_head":"<!-- This site is optimized with the Yoast SEO plugin v19.6 - https:\/\/yoast.com\/wordpress\/plugins\/seo\/ -->\n<title>Stefan L\u00f6fvens jordbrukspolitiska arv - Ledarbloggen<\/title>\n<meta name=\"robots\" content=\"index, follow, max-snippet:-1, max-image-preview:large, max-video-preview:-1\" \/>\n<link rel=\"canonical\" href=\"https:\/\/blogg.atl.nu\/ledarbloggen\/2021\/08\/22\/stefan-lofvens-jordbrukspolitiska-arv\/\" \/>\n<meta property=\"og:locale\" content=\"sv_SE\" \/>\n<meta property=\"og:type\" content=\"article\" \/>\n<meta property=\"og:title\" content=\"Stefan L\u00f6fvens jordbrukspolitiska arv - Ledarbloggen\" \/>\n<meta property=\"og:description\" content=\"Om Sveriges jordbrukspolitiska historia skulle skrivas s\u00e5 \u00e4r statsminister Stefan L\u00f6fvens regeringstid ett kapitel f\u00f6r sig.\" \/>\n<meta property=\"og:url\" content=\"https:\/\/blogg.atl.nu\/ledarbloggen\/2021\/08\/22\/stefan-lofvens-jordbrukspolitiska-arv\/\" \/>\n<meta property=\"og:site_name\" content=\"Ledarbloggen\" \/>\n<meta property=\"article:published_time\" content=\"2021-08-22T12:33:28+00:00\" \/>\n<meta property=\"og:image\" content=\"https:\/\/blogg.atl.nu\/ledarbloggen\/wp-content\/uploads\/sites\/42\/2021\/08\/sdlSrNFgNODu4Q-nh-1024x683.jpg\" \/>\n<meta name=\"author\" content=\"edvard\" \/>\n<meta name=\"twitter:card\" content=\"summary_large_image\" \/>\n<meta name=\"twitter:label1\" content=\"Skriven av\" \/>\n\t<meta name=\"twitter:data1\" content=\"edvard\" \/>\n\t<meta name=\"twitter:label2\" content=\"Ber\u00e4knad l\u00e4stid\" \/>\n\t<meta name=\"twitter:data2\" content=\"1 minut\" \/>\n<script type=\"application\/ld+json\" class=\"yoast-schema-graph\">{\"@context\":\"https:\/\/schema.org\",\"@graph\":[{\"@type\":\"WebPage\",\"@id\":\"https:\/\/blogg.atl.nu\/ledarbloggen\/2021\/08\/22\/stefan-lofvens-jordbrukspolitiska-arv\/\",\"url\":\"https:\/\/blogg.atl.nu\/ledarbloggen\/2021\/08\/22\/stefan-lofvens-jordbrukspolitiska-arv\/\",\"name\":\"Stefan L\u00f6fvens jordbrukspolitiska arv - Ledarbloggen\",\"isPartOf\":{\"@id\":\"https:\/\/blogg.atl.nu\/ledarbloggen\/#website\"},\"datePublished\":\"2021-08-22T12:33:28+00:00\",\"dateModified\":\"2021-08-22T12:33:28+00:00\",\"author\":{\"@id\":\"https:\/\/blogg.atl.nu\/ledarbloggen\/#\/schema\/person\/872d30fb77bd741d8243f0ee4b144977\"},\"breadcrumb\":{\"@id\":\"https:\/\/blogg.atl.nu\/ledarbloggen\/2021\/08\/22\/stefan-lofvens-jordbrukspolitiska-arv\/#breadcrumb\"},\"inLanguage\":\"sv-SE\",\"potentialAction\":[{\"@type\":\"ReadAction\",\"target\":[\"https:\/\/blogg.atl.nu\/ledarbloggen\/2021\/08\/22\/stefan-lofvens-jordbrukspolitiska-arv\/\"]}]},{\"@type\":\"BreadcrumbList\",\"@id\":\"https:\/\/blogg.atl.nu\/ledarbloggen\/2021\/08\/22\/stefan-lofvens-jordbrukspolitiska-arv\/#breadcrumb\",\"itemListElement\":[{\"@type\":\"ListItem\",\"position\":1,\"name\":\"Home\",\"item\":\"https:\/\/blogg.atl.nu\/ledarbloggen\/\"},{\"@type\":\"ListItem\",\"position\":2,\"name\":\"Stefan L\u00f6fvens jordbrukspolitiska arv\"}]},{\"@type\":\"WebSite\",\"@id\":\"https:\/\/blogg.atl.nu\/ledarbloggen\/#website\",\"url\":\"https:\/\/blogg.atl.nu\/ledarbloggen\/\",\"name\":\"Ledarbloggen\",\"description\":\"Edvard Hollertz &amp; Tord Karlsson\",\"potentialAction\":[{\"@type\":\"SearchAction\",\"target\":{\"@type\":\"EntryPoint\",\"urlTemplate\":\"https:\/\/blogg.atl.nu\/ledarbloggen\/?s={search_term_string}\"},\"query-input\":\"required name=search_term_string\"}],\"inLanguage\":\"sv-SE\"},{\"@type\":\"Person\",\"@id\":\"https:\/\/blogg.atl.nu\/ledarbloggen\/#\/schema\/person\/872d30fb77bd741d8243f0ee4b144977\",\"name\":\"edvard\",\"image\":{\"@type\":\"ImageObject\",\"inLanguage\":\"sv-SE\",\"@id\":\"https:\/\/blogg.atl.nu\/ledarbloggen\/#\/schema\/person\/image\/\",\"url\":\"https:\/\/secure.gravatar.com\/avatar\/8565a11bb9cacad8bb71b01943a27365?s=96&d=mm&r=g\",\"contentUrl\":\"https:\/\/secure.gravatar.com\/avatar\/8565a11bb9cacad8bb71b01943a27365?s=96&d=mm&r=g\",\"caption\":\"edvard\"},\"url\":\"https:\/\/blogg.atl.nu\/ledarbloggen\/author\/edvard\/\"}]}<\/script>\n<!-- \/ Yoast SEO plugin. -->","yoast_head_json":{"title":"Stefan L\u00f6fvens jordbrukspolitiska arv - Ledarbloggen","robots":{"index":"index","follow":"follow","max-snippet":"max-snippet:-1","max-image-preview":"max-image-preview:large","max-video-preview":"max-video-preview:-1"},"canonical":"https:\/\/blogg.atl.nu\/ledarbloggen\/2021\/08\/22\/stefan-lofvens-jordbrukspolitiska-arv\/","og_locale":"sv_SE","og_type":"article","og_title":"Stefan L\u00f6fvens jordbrukspolitiska arv - Ledarbloggen","og_description":"Om Sveriges jordbrukspolitiska historia skulle skrivas s\u00e5 \u00e4r statsminister Stefan L\u00f6fvens regeringstid ett kapitel f\u00f6r sig.","og_url":"https:\/\/blogg.atl.nu\/ledarbloggen\/2021\/08\/22\/stefan-lofvens-jordbrukspolitiska-arv\/","og_site_name":"Ledarbloggen","article_published_time":"2021-08-22T12:33:28+00:00","og_image":[{"url":"https:\/\/blogg.atl.nu\/ledarbloggen\/wp-content\/uploads\/sites\/42\/2021\/08\/sdlSrNFgNODu4Q-nh-1024x683.jpg"}],"author":"edvard","twitter_card":"summary_large_image","twitter_misc":{"Skriven av":"edvard","Ber\u00e4knad l\u00e4stid":"1 minut"},"schema":{"@context":"https:\/\/schema.org","@graph":[{"@type":"WebPage","@id":"https:\/\/blogg.atl.nu\/ledarbloggen\/2021\/08\/22\/stefan-lofvens-jordbrukspolitiska-arv\/","url":"https:\/\/blogg.atl.nu\/ledarbloggen\/2021\/08\/22\/stefan-lofvens-jordbrukspolitiska-arv\/","name":"Stefan L\u00f6fvens jordbrukspolitiska arv - Ledarbloggen","isPartOf":{"@id":"https:\/\/blogg.atl.nu\/ledarbloggen\/#website"},"datePublished":"2021-08-22T12:33:28+00:00","dateModified":"2021-08-22T12:33:28+00:00","author":{"@id":"https:\/\/blogg.atl.nu\/ledarbloggen\/#\/schema\/person\/872d30fb77bd741d8243f0ee4b144977"},"breadcrumb":{"@id":"https:\/\/blogg.atl.nu\/ledarbloggen\/2021\/08\/22\/stefan-lofvens-jordbrukspolitiska-arv\/#breadcrumb"},"inLanguage":"sv-SE","potentialAction":[{"@type":"ReadAction","target":["https:\/\/blogg.atl.nu\/ledarbloggen\/2021\/08\/22\/stefan-lofvens-jordbrukspolitiska-arv\/"]}]},{"@type":"BreadcrumbList","@id":"https:\/\/blogg.atl.nu\/ledarbloggen\/2021\/08\/22\/stefan-lofvens-jordbrukspolitiska-arv\/#breadcrumb","itemListElement":[{"@type":"ListItem","position":1,"name":"Home","item":"https:\/\/blogg.atl.nu\/ledarbloggen\/"},{"@type":"ListItem","position":2,"name":"Stefan L\u00f6fvens jordbrukspolitiska arv"}]},{"@type":"WebSite","@id":"https:\/\/blogg.atl.nu\/ledarbloggen\/#website","url":"https:\/\/blogg.atl.nu\/ledarbloggen\/","name":"Ledarbloggen","description":"Edvard Hollertz &amp; Tord Karlsson","potentialAction":[{"@type":"SearchAction","target":{"@type":"EntryPoint","urlTemplate":"https:\/\/blogg.atl.nu\/ledarbloggen\/?s={search_term_string}"},"query-input":"required name=search_term_string"}],"inLanguage":"sv-SE"},{"@type":"Person","@id":"https:\/\/blogg.atl.nu\/ledarbloggen\/#\/schema\/person\/872d30fb77bd741d8243f0ee4b144977","name":"edvard","image":{"@type":"ImageObject","inLanguage":"sv-SE","@id":"https:\/\/blogg.atl.nu\/ledarbloggen\/#\/schema\/person\/image\/","url":"https:\/\/secure.gravatar.com\/avatar\/8565a11bb9cacad8bb71b01943a27365?s=96&d=mm&r=g","contentUrl":"https:\/\/secure.gravatar.com\/avatar\/8565a11bb9cacad8bb71b01943a27365?s=96&d=mm&r=g","caption":"edvard"},"url":"https:\/\/blogg.atl.nu\/ledarbloggen\/author\/edvard\/"}]}},"_links":{"self":[{"href":"https:\/\/blogg.atl.nu\/ledarbloggen\/wp-json\/wp\/v2\/posts\/260"}],"collection":[{"href":"https:\/\/blogg.atl.nu\/ledarbloggen\/wp-json\/wp\/v2\/posts"}],"about":[{"href":"https:\/\/blogg.atl.nu\/ledarbloggen\/wp-json\/wp\/v2\/types\/post"}],"author":[{"embeddable":true,"href":"https:\/\/blogg.atl.nu\/ledarbloggen\/wp-json\/wp\/v2\/users\/363"}],"replies":[{"embeddable":true,"href":"https:\/\/blogg.atl.nu\/ledarbloggen\/wp-json\/wp\/v2\/comments?post=260"}],"version-history":[{"count":1,"href":"https:\/\/blogg.atl.nu\/ledarbloggen\/wp-json\/wp\/v2\/posts\/260\/revisions"}],"predecessor-version":[{"id":262,"href":"https:\/\/blogg.atl.nu\/ledarbloggen\/wp-json\/wp\/v2\/posts\/260\/revisions\/262"}],"wp:attachment":[{"href":"https:\/\/blogg.atl.nu\/ledarbloggen\/wp-json\/wp\/v2\/media?parent=260"}],"wp:term":[{"taxonomy":"category","embeddable":true,"href":"https:\/\/blogg.atl.nu\/ledarbloggen\/wp-json\/wp\/v2\/categories?post=260"},{"taxonomy":"post_tag","embeddable":true,"href":"https:\/\/blogg.atl.nu\/ledarbloggen\/wp-json\/wp\/v2\/tags?post=260"}],"curies":[{"name":"wp","href":"https:\/\/api.w.org\/{rel}","templated":true}]}}