{"id":1000,"date":"2022-04-28T20:15:39","date_gmt":"2022-04-28T20:15:39","guid":{"rendered":"http:\/\/blogg.atl.nu\/morteleks-fralsegard\/?p=1000"},"modified":"2022-04-28T20:15:39","modified_gmt":"2022-04-28T20:15:39","slug":"nu-har-alla-i-familjen-fatt-korkort","status":"publish","type":"post","link":"https:\/\/blogg.atl.nu\/morteleks-fralsegard\/2022\/04\/28\/nu-har-alla-i-familjen-fatt-korkort\/","title":{"rendered":"Nu har alla i familjen f\u00e5tt k\u00f6rkort!"},"content":{"rendered":"<h2>Frihet i ett litet kort!<\/h2>\n<p>Nu har alla i familjen k\u00f6rkort. Idag har \u00e4ven Hugo f\u00e5tt sitt efterl\u00e4ngtade lilla rosa kort. Ett kort som betyder s\u00e5 mycket och skapar s\u00e5 m\u00e5nga m\u00f6jligheter.<br \/>\nI en v\u00e4rld utan tunnelbana och bussar som g\u00e5r var femte minut \u00e4r k\u00f6rkortet den enda m\u00f6jligheten f\u00f6r att kunna leva och ha ett flexibelt liv.<\/p>\n<p><img loading=\"lazy\" class=\"alignnone wp-image-1001 size-medium\" src=\"https:\/\/blogg.atl.nu\/morteleks-fralsegard\/wp-content\/uploads\/sites\/43\/2022\/04\/99ADC596-7961-4440-93AD-F9CD4B9AFB48-e1651173973727-300x225.jpeg\" alt=\"\" width=\"300\" height=\"225\" srcset=\"https:\/\/blogg.atl.nu\/morteleks-fralsegard\/wp-content\/uploads\/sites\/43\/2022\/04\/99ADC596-7961-4440-93AD-F9CD4B9AFB48-e1651173973727-300x225.jpeg 300w, https:\/\/blogg.atl.nu\/morteleks-fralsegard\/wp-content\/uploads\/sites\/43\/2022\/04\/99ADC596-7961-4440-93AD-F9CD4B9AFB48-e1651173973727-768x576.jpeg 768w, https:\/\/blogg.atl.nu\/morteleks-fralsegard\/wp-content\/uploads\/sites\/43\/2022\/04\/99ADC596-7961-4440-93AD-F9CD4B9AFB48-e1651173973727-1024x768.jpeg 1024w\" sizes=\"(max-width: 300px) 100vw, 300px\" \/><img loading=\"lazy\" class=\"alignnone size-medium wp-image-1005\" src=\"https:\/\/blogg.atl.nu\/morteleks-fralsegard\/wp-content\/uploads\/sites\/43\/2022\/04\/38C03A1B-5FAF-4598-B3DE-37A1780497D7-300x229.jpeg\" alt=\"\" width=\"300\" height=\"229\" srcset=\"https:\/\/blogg.atl.nu\/morteleks-fralsegard\/wp-content\/uploads\/sites\/43\/2022\/04\/38C03A1B-5FAF-4598-B3DE-37A1780497D7-300x229.jpeg 300w, https:\/\/blogg.atl.nu\/morteleks-fralsegard\/wp-content\/uploads\/sites\/43\/2022\/04\/38C03A1B-5FAF-4598-B3DE-37A1780497D7-768x587.jpeg 768w, https:\/\/blogg.atl.nu\/morteleks-fralsegard\/wp-content\/uploads\/sites\/43\/2022\/04\/38C03A1B-5FAF-4598-B3DE-37A1780497D7-1024x783.jpeg 1024w\" sizes=\"(max-width: 300px) 100vw, 300px\" \/><\/p>\n<p>Axel fick sitt k\u00f6rkort f\u00f6rra \u00e5ret och d\u00e5 fick jag sn\u00e4llt s\u00e4tta mig i baks\u00e4tet\u2026 fast d\u00e4r sitter \u00e4ven andra viktiga personer, har jag h\u00f6rt.<\/p>\n<p><img loading=\"lazy\" class=\"alignnone size-medium wp-image-1004\" src=\"https:\/\/blogg.atl.nu\/morteleks-fralsegard\/wp-content\/uploads\/sites\/43\/2022\/04\/E66D4E9B-90B3-4070-90DC-AFFE3F87BF57-300x225.jpeg\" alt=\"\" width=\"300\" height=\"225\" srcset=\"https:\/\/blogg.atl.nu\/morteleks-fralsegard\/wp-content\/uploads\/sites\/43\/2022\/04\/E66D4E9B-90B3-4070-90DC-AFFE3F87BF57-300x225.jpeg 300w, https:\/\/blogg.atl.nu\/morteleks-fralsegard\/wp-content\/uploads\/sites\/43\/2022\/04\/E66D4E9B-90B3-4070-90DC-AFFE3F87BF57-768x576.jpeg 768w, https:\/\/blogg.atl.nu\/morteleks-fralsegard\/wp-content\/uploads\/sites\/43\/2022\/04\/E66D4E9B-90B3-4070-90DC-AFFE3F87BF57-1024x768.jpeg 1024w\" sizes=\"(max-width: 300px) 100vw, 300px\" \/><\/p>\n<p>Det jag kommer att sakna med denna tid, som varat i fem \u00e5r, \u00e4r alla timmar, samtal och diskussioner. Det jag inte kommer att sakna \u00e4r v\u00e5ra mer frustrerande resor\u2026<br \/>\nN\u00e4r man vill s\u00e4ga: -Stanna bilen och l\u00e5t mig g\u00e5 hem!<\/p>\n<p><img loading=\"lazy\" class=\"alignnone size-medium wp-image-1002\" src=\"https:\/\/blogg.atl.nu\/morteleks-fralsegard\/wp-content\/uploads\/sites\/43\/2022\/04\/2DA533D8-D5EB-4C22-B9A4-78644E72E441-300x225.jpeg\" alt=\"\" width=\"300\" height=\"225\" srcset=\"https:\/\/blogg.atl.nu\/morteleks-fralsegard\/wp-content\/uploads\/sites\/43\/2022\/04\/2DA533D8-D5EB-4C22-B9A4-78644E72E441-300x225.jpeg 300w, https:\/\/blogg.atl.nu\/morteleks-fralsegard\/wp-content\/uploads\/sites\/43\/2022\/04\/2DA533D8-D5EB-4C22-B9A4-78644E72E441-768x576.jpeg 768w, https:\/\/blogg.atl.nu\/morteleks-fralsegard\/wp-content\/uploads\/sites\/43\/2022\/04\/2DA533D8-D5EB-4C22-B9A4-78644E72E441-1024x768.jpeg 1024w\" sizes=\"(max-width: 300px) 100vw, 300px\" \/><\/p>\n<p>Dessa tallar utanf\u00f6r Trafikverket i V\u00e4xj\u00f6. En parkering f\u00f6r m\u00e5nga k\u00e4nslor. Ser fram emot att f\u00e5 slippa sitta h\u00e4r och v\u00e4nta mer, men jag kommer i forts\u00e4ttningen att stolt titta upp p\u00e5 tallarna och t\u00e4nka: &#8211; Ja! B\u00e4gge har fixat sina k\u00f6rkort! Check p\u00e5 den, s\u00e4ger en stolt mamma!<\/p>\n<p>Skogliga h\u00e4lsningar fr\u00e5n M\u00f6rteleks Fr\u00e4lseg\u00e5rd -En skogsg\u00e5rd mitt i Sm\u00e5land<\/p>\n","protected":false},"excerpt":{"rendered":"<p>Frihet i ett litet kort! Nu har alla i familjen k\u00f6rkort. Idag har \u00e4ven Hugo f\u00e5tt sitt efterl\u00e4ngtade lilla rosa kort. Ett kort som betyder s\u00e5 mycket och skapar s\u00e5 m\u00e5nga m\u00f6jligheter. I en v\u00e4rld utan tunnelbana och bussar som g\u00e5r var femte minut \u00e4r k\u00f6rkortet den enda m\u00f6jligheten f\u00f6r att kunna leva och ha&#8230;<\/p>\n","protected":false},"author":366,"featured_media":1003,"comment_status":"open","ping_status":"open","sticky":false,"template":"","format":"standard","meta":[],"categories":[1],"tags":[],"yoast_head":"<!-- This site is optimized with the Yoast SEO plugin v19.6 - https:\/\/yoast.com\/wordpress\/plugins\/seo\/ -->\n<title>Nu har alla i familjen f\u00e5tt k\u00f6rkort! - M\u00f6rteleks Fr\u00e4lseg\u00e5rd<\/title>\n<meta name=\"robots\" content=\"index, follow, max-snippet:-1, max-image-preview:large, max-video-preview:-1\" \/>\n<link rel=\"canonical\" href=\"https:\/\/blogg.atl.nu\/morteleks-fralsegard\/2022\/04\/28\/nu-har-alla-i-familjen-fatt-korkort\/\" \/>\n<meta property=\"og:locale\" content=\"sv_SE\" \/>\n<meta property=\"og:type\" content=\"article\" \/>\n<meta property=\"og:title\" content=\"Nu har alla i familjen f\u00e5tt k\u00f6rkort! - M\u00f6rteleks Fr\u00e4lseg\u00e5rd\" \/>\n<meta property=\"og:description\" content=\"Frihet i ett litet kort! Nu har alla i familjen k\u00f6rkort. Idag har \u00e4ven Hugo f\u00e5tt sitt efterl\u00e4ngtade lilla rosa kort. Ett kort som betyder s\u00e5 mycket och skapar s\u00e5 m\u00e5nga m\u00f6jligheter. I en v\u00e4rld utan tunnelbana och bussar som g\u00e5r var femte minut \u00e4r k\u00f6rkortet den enda m\u00f6jligheten f\u00f6r att kunna leva och ha...\" \/>\n<meta property=\"og:url\" content=\"https:\/\/blogg.atl.nu\/morteleks-fralsegard\/2022\/04\/28\/nu-har-alla-i-familjen-fatt-korkort\/\" \/>\n<meta property=\"og:site_name\" content=\"M\u00f6rteleks Fr\u00e4lseg\u00e5rd\" \/>\n<meta property=\"article:published_time\" content=\"2022-04-28T20:15:39+00:00\" \/>\n<meta property=\"og:image\" content=\"https:\/\/blogg.atl.nu\/morteleks-fralsegard\/wp-content\/uploads\/sites\/43\/2022\/04\/8F59F566-9143-4ED9-BBE9-717F872F1845.jpeg\" \/>\n\t<meta property=\"og:image:width\" content=\"1536\" \/>\n\t<meta property=\"og:image:height\" content=\"1206\" \/>\n\t<meta property=\"og:image:type\" content=\"image\/jpeg\" \/>\n<meta name=\"author\" content=\"Viktoria Birgersson\" \/>\n<meta name=\"twitter:card\" content=\"summary_large_image\" \/>\n<meta name=\"twitter:label1\" content=\"Skriven av\" \/>\n\t<meta name=\"twitter:data1\" content=\"Viktoria Birgersson\" \/>\n\t<meta name=\"twitter:label2\" content=\"Ber\u00e4knad l\u00e4stid\" \/>\n\t<meta name=\"twitter:data2\" content=\"1 minut\" \/>\n<script type=\"application\/ld+json\" class=\"yoast-schema-graph\">{\"@context\":\"https:\/\/schema.org\",\"@graph\":[{\"@type\":\"WebPage\",\"@id\":\"https:\/\/blogg.atl.nu\/morteleks-fralsegard\/2022\/04\/28\/nu-har-alla-i-familjen-fatt-korkort\/\",\"url\":\"https:\/\/blogg.atl.nu\/morteleks-fralsegard\/2022\/04\/28\/nu-har-alla-i-familjen-fatt-korkort\/\",\"name\":\"Nu har alla i familjen f\u00e5tt k\u00f6rkort! - M\u00f6rteleks Fr\u00e4lseg\u00e5rd\",\"isPartOf\":{\"@id\":\"https:\/\/blogg.atl.nu\/morteleks-fralsegard\/#website\"},\"datePublished\":\"2022-04-28T20:15:39+00:00\",\"dateModified\":\"2022-04-28T20:15:39+00:00\",\"author\":{\"@id\":\"https:\/\/blogg.atl.nu\/morteleks-fralsegard\/#\/schema\/person\/0ab22364ef6b1e3febf26c41d4a32b53\"},\"breadcrumb\":{\"@id\":\"https:\/\/blogg.atl.nu\/morteleks-fralsegard\/2022\/04\/28\/nu-har-alla-i-familjen-fatt-korkort\/#breadcrumb\"},\"inLanguage\":\"sv-SE\",\"potentialAction\":[{\"@type\":\"ReadAction\",\"target\":[\"https:\/\/blogg.atl.nu\/morteleks-fralsegard\/2022\/04\/28\/nu-har-alla-i-familjen-fatt-korkort\/\"]}]},{\"@type\":\"BreadcrumbList\",\"@id\":\"https:\/\/blogg.atl.nu\/morteleks-fralsegard\/2022\/04\/28\/nu-har-alla-i-familjen-fatt-korkort\/#breadcrumb\",\"itemListElement\":[{\"@type\":\"ListItem\",\"position\":1,\"name\":\"Home\",\"item\":\"https:\/\/blogg.atl.nu\/morteleks-fralsegard\/\"},{\"@type\":\"ListItem\",\"position\":2,\"name\":\"Nu har alla i familjen f\u00e5tt k\u00f6rkort!\"}]},{\"@type\":\"WebSite\",\"@id\":\"https:\/\/blogg.atl.nu\/morteleks-fralsegard\/#website\",\"url\":\"https:\/\/blogg.atl.nu\/morteleks-fralsegard\/\",\"name\":\"M\u00f6rteleks Fr\u00e4lseg\u00e5rd\",\"description\":\"Viktoria Birgersson\",\"potentialAction\":[{\"@type\":\"SearchAction\",\"target\":{\"@type\":\"EntryPoint\",\"urlTemplate\":\"https:\/\/blogg.atl.nu\/morteleks-fralsegard\/?s={search_term_string}\"},\"query-input\":\"required name=search_term_string\"}],\"inLanguage\":\"sv-SE\"},{\"@type\":\"Person\",\"@id\":\"https:\/\/blogg.atl.nu\/morteleks-fralsegard\/#\/schema\/person\/0ab22364ef6b1e3febf26c41d4a32b53\",\"name\":\"Viktoria Birgersson\",\"image\":{\"@type\":\"ImageObject\",\"inLanguage\":\"sv-SE\",\"@id\":\"https:\/\/blogg.atl.nu\/morteleks-fralsegard\/#\/schema\/person\/image\/\",\"url\":\"https:\/\/secure.gravatar.com\/avatar\/66ee725962479e3acb970802c6913bd7?s=96&d=mm&r=g\",\"contentUrl\":\"https:\/\/secure.gravatar.com\/avatar\/66ee725962479e3acb970802c6913bd7?s=96&d=mm&r=g\",\"caption\":\"Viktoria Birgersson\"},\"url\":\"https:\/\/blogg.atl.nu\/morteleks-fralsegard\/author\/morteleks-fralsegard\/\"}]}<\/script>\n<!-- \/ Yoast SEO plugin. -->","yoast_head_json":{"title":"Nu har alla i familjen f\u00e5tt k\u00f6rkort! - M\u00f6rteleks Fr\u00e4lseg\u00e5rd","robots":{"index":"index","follow":"follow","max-snippet":"max-snippet:-1","max-image-preview":"max-image-preview:large","max-video-preview":"max-video-preview:-1"},"canonical":"https:\/\/blogg.atl.nu\/morteleks-fralsegard\/2022\/04\/28\/nu-har-alla-i-familjen-fatt-korkort\/","og_locale":"sv_SE","og_type":"article","og_title":"Nu har alla i familjen f\u00e5tt k\u00f6rkort! - M\u00f6rteleks Fr\u00e4lseg\u00e5rd","og_description":"Frihet i ett litet kort! Nu har alla i familjen k\u00f6rkort. Idag har \u00e4ven Hugo f\u00e5tt sitt efterl\u00e4ngtade lilla rosa kort. Ett kort som betyder s\u00e5 mycket och skapar s\u00e5 m\u00e5nga m\u00f6jligheter. I en v\u00e4rld utan tunnelbana och bussar som g\u00e5r var femte minut \u00e4r k\u00f6rkortet den enda m\u00f6jligheten f\u00f6r att kunna leva och ha...","og_url":"https:\/\/blogg.atl.nu\/morteleks-fralsegard\/2022\/04\/28\/nu-har-alla-i-familjen-fatt-korkort\/","og_site_name":"M\u00f6rteleks Fr\u00e4lseg\u00e5rd","article_published_time":"2022-04-28T20:15:39+00:00","og_image":[{"width":1536,"height":1206,"url":"https:\/\/blogg.atl.nu\/morteleks-fralsegard\/wp-content\/uploads\/sites\/43\/2022\/04\/8F59F566-9143-4ED9-BBE9-717F872F1845.jpeg","type":"image\/jpeg"}],"author":"Viktoria Birgersson","twitter_card":"summary_large_image","twitter_misc":{"Skriven av":"Viktoria Birgersson","Ber\u00e4knad l\u00e4stid":"1 minut"},"schema":{"@context":"https:\/\/schema.org","@graph":[{"@type":"WebPage","@id":"https:\/\/blogg.atl.nu\/morteleks-fralsegard\/2022\/04\/28\/nu-har-alla-i-familjen-fatt-korkort\/","url":"https:\/\/blogg.atl.nu\/morteleks-fralsegard\/2022\/04\/28\/nu-har-alla-i-familjen-fatt-korkort\/","name":"Nu har alla i familjen f\u00e5tt k\u00f6rkort! - M\u00f6rteleks Fr\u00e4lseg\u00e5rd","isPartOf":{"@id":"https:\/\/blogg.atl.nu\/morteleks-fralsegard\/#website"},"datePublished":"2022-04-28T20:15:39+00:00","dateModified":"2022-04-28T20:15:39+00:00","author":{"@id":"https:\/\/blogg.atl.nu\/morteleks-fralsegard\/#\/schema\/person\/0ab22364ef6b1e3febf26c41d4a32b53"},"breadcrumb":{"@id":"https:\/\/blogg.atl.nu\/morteleks-fralsegard\/2022\/04\/28\/nu-har-alla-i-familjen-fatt-korkort\/#breadcrumb"},"inLanguage":"sv-SE","potentialAction":[{"@type":"ReadAction","target":["https:\/\/blogg.atl.nu\/morteleks-fralsegard\/2022\/04\/28\/nu-har-alla-i-familjen-fatt-korkort\/"]}]},{"@type":"BreadcrumbList","@id":"https:\/\/blogg.atl.nu\/morteleks-fralsegard\/2022\/04\/28\/nu-har-alla-i-familjen-fatt-korkort\/#breadcrumb","itemListElement":[{"@type":"ListItem","position":1,"name":"Home","item":"https:\/\/blogg.atl.nu\/morteleks-fralsegard\/"},{"@type":"ListItem","position":2,"name":"Nu har alla i familjen f\u00e5tt k\u00f6rkort!"}]},{"@type":"WebSite","@id":"https:\/\/blogg.atl.nu\/morteleks-fralsegard\/#website","url":"https:\/\/blogg.atl.nu\/morteleks-fralsegard\/","name":"M\u00f6rteleks Fr\u00e4lseg\u00e5rd","description":"Viktoria Birgersson","potentialAction":[{"@type":"SearchAction","target":{"@type":"EntryPoint","urlTemplate":"https:\/\/blogg.atl.nu\/morteleks-fralsegard\/?s={search_term_string}"},"query-input":"required name=search_term_string"}],"inLanguage":"sv-SE"},{"@type":"Person","@id":"https:\/\/blogg.atl.nu\/morteleks-fralsegard\/#\/schema\/person\/0ab22364ef6b1e3febf26c41d4a32b53","name":"Viktoria Birgersson","image":{"@type":"ImageObject","inLanguage":"sv-SE","@id":"https:\/\/blogg.atl.nu\/morteleks-fralsegard\/#\/schema\/person\/image\/","url":"https:\/\/secure.gravatar.com\/avatar\/66ee725962479e3acb970802c6913bd7?s=96&d=mm&r=g","contentUrl":"https:\/\/secure.gravatar.com\/avatar\/66ee725962479e3acb970802c6913bd7?s=96&d=mm&r=g","caption":"Viktoria Birgersson"},"url":"https:\/\/blogg.atl.nu\/morteleks-fralsegard\/author\/morteleks-fralsegard\/"}]}},"_links":{"self":[{"href":"https:\/\/blogg.atl.nu\/morteleks-fralsegard\/wp-json\/wp\/v2\/posts\/1000"}],"collection":[{"href":"https:\/\/blogg.atl.nu\/morteleks-fralsegard\/wp-json\/wp\/v2\/posts"}],"about":[{"href":"https:\/\/blogg.atl.nu\/morteleks-fralsegard\/wp-json\/wp\/v2\/types\/post"}],"author":[{"embeddable":true,"href":"https:\/\/blogg.atl.nu\/morteleks-fralsegard\/wp-json\/wp\/v2\/users\/366"}],"replies":[{"embeddable":true,"href":"https:\/\/blogg.atl.nu\/morteleks-fralsegard\/wp-json\/wp\/v2\/comments?post=1000"}],"version-history":[{"count":5,"href":"https:\/\/blogg.atl.nu\/morteleks-fralsegard\/wp-json\/wp\/v2\/posts\/1000\/revisions"}],"predecessor-version":[{"id":1011,"href":"https:\/\/blogg.atl.nu\/morteleks-fralsegard\/wp-json\/wp\/v2\/posts\/1000\/revisions\/1011"}],"wp:featuredmedia":[{"embeddable":true,"href":"https:\/\/blogg.atl.nu\/morteleks-fralsegard\/wp-json\/wp\/v2\/media\/1003"}],"wp:attachment":[{"href":"https:\/\/blogg.atl.nu\/morteleks-fralsegard\/wp-json\/wp\/v2\/media?parent=1000"}],"wp:term":[{"taxonomy":"category","embeddable":true,"href":"https:\/\/blogg.atl.nu\/morteleks-fralsegard\/wp-json\/wp\/v2\/categories?post=1000"},{"taxonomy":"post_tag","embeddable":true,"href":"https:\/\/blogg.atl.nu\/morteleks-fralsegard\/wp-json\/wp\/v2\/tags?post=1000"}],"curies":[{"name":"wp","href":"https:\/\/api.w.org\/{rel}","templated":true}]}}