{"id":1012,"date":"2022-05-02T18:41:47","date_gmt":"2022-05-02T18:41:47","guid":{"rendered":"http:\/\/blogg.atl.nu\/morteleks-fralsegard\/?p=1012"},"modified":"2022-05-09T12:59:18","modified_gmt":"2022-05-09T12:59:18","slug":"forsta-sommargasterna-pa-plats","status":"publish","type":"post","link":"https:\/\/blogg.atl.nu\/morteleks-fralsegard\/2022\/05\/02\/forsta-sommargasterna-pa-plats\/","title":{"rendered":"F\u00f6rsta sommarg\u00e4sterna p\u00e5 plats"},"content":{"rendered":"<p><strong>Nu har v\u00e5ra f\u00f6rsta sommarg\u00e4ster kommit p\u00e5 plats.<\/strong><br \/>\nDet \u00e4r Lasse och Helenas p\u00e4lsf\u00e5r fr\u00e5n Mada, s\u00e5 s\u00f6ta och s\u00e5 sociala. Perfekt att kunna ha utbyten p\u00e5 det h\u00e4r s\u00e4ttet.<\/p>\n<p><img loading=\"lazy\" class=\"alignnone size-medium wp-image-1013\" src=\"https:\/\/blogg.atl.nu\/morteleks-fralsegard\/wp-content\/uploads\/sites\/43\/2022\/04\/AB804A12-787F-4C64-ADD2-2D72C83A55A1-300x225.jpeg\" alt=\"\" width=\"300\" height=\"225\" srcset=\"https:\/\/blogg.atl.nu\/morteleks-fralsegard\/wp-content\/uploads\/sites\/43\/2022\/04\/AB804A12-787F-4C64-ADD2-2D72C83A55A1-300x225.jpeg 300w, https:\/\/blogg.atl.nu\/morteleks-fralsegard\/wp-content\/uploads\/sites\/43\/2022\/04\/AB804A12-787F-4C64-ADD2-2D72C83A55A1-768x576.jpeg 768w, https:\/\/blogg.atl.nu\/morteleks-fralsegard\/wp-content\/uploads\/sites\/43\/2022\/04\/AB804A12-787F-4C64-ADD2-2D72C83A55A1-1024x768.jpeg 1024w, https:\/\/blogg.atl.nu\/morteleks-fralsegard\/wp-content\/uploads\/sites\/43\/2022\/04\/AB804A12-787F-4C64-ADD2-2D72C83A55A1.jpeg 1082w\" sizes=\"(max-width: 300px) 100vw, 300px\" \/><\/p>\n<p>F\u00f6rsta f\u00e5ret\/lammet som kom hit var &#8221;Lilla B\u00e4&#8221; och det var 2003. Ett litet flasklamm som blev en riktig familjemedlem.\u00a0 Vilket betydde att han tyckte sig ha r\u00e4tt att vara inne i huset som alla andra. D\u00e4r var vi dock inte helt \u00f6verens&#8230;<br \/>\n<em>-Va?!? Ska jag vara ute? Sj\u00e4lv? D\u00e5 hoppar jag \u00f6ver staketet, f\u00f6r sj\u00e4lv ute t\u00e4nker jag absolut inte vara!\u00a0<\/em><br \/>\nOch ser de mig inte, s\u00e5 l\u00e5ter jag desto mer!<\/p>\n<p><img loading=\"lazy\" class=\"alignnone size-medium wp-image-1015\" src=\"https:\/\/blogg.atl.nu\/morteleks-fralsegard\/wp-content\/uploads\/sites\/43\/2022\/04\/9959CC8B-3618-4EE0-9462-A73AC73FCB0C-300x225.jpeg\" alt=\"\" width=\"300\" height=\"225\" srcset=\"https:\/\/blogg.atl.nu\/morteleks-fralsegard\/wp-content\/uploads\/sites\/43\/2022\/04\/9959CC8B-3618-4EE0-9462-A73AC73FCB0C-300x225.jpeg 300w, https:\/\/blogg.atl.nu\/morteleks-fralsegard\/wp-content\/uploads\/sites\/43\/2022\/04\/9959CC8B-3618-4EE0-9462-A73AC73FCB0C-768x576.jpeg 768w, https:\/\/blogg.atl.nu\/morteleks-fralsegard\/wp-content\/uploads\/sites\/43\/2022\/04\/9959CC8B-3618-4EE0-9462-A73AC73FCB0C-1024x768.jpeg 1024w\" sizes=\"(max-width: 300px) 100vw, 300px\" \/><img loading=\"lazy\" class=\"alignnone size-medium wp-image-1024\" src=\"https:\/\/blogg.atl.nu\/morteleks-fralsegard\/wp-content\/uploads\/sites\/43\/2022\/04\/7139A8AA-52C0-4A72-AE38-D0CA075E551B-300x225.jpeg\" alt=\"\" width=\"300\" height=\"225\" srcset=\"https:\/\/blogg.atl.nu\/morteleks-fralsegard\/wp-content\/uploads\/sites\/43\/2022\/04\/7139A8AA-52C0-4A72-AE38-D0CA075E551B-300x225.jpeg 300w, https:\/\/blogg.atl.nu\/morteleks-fralsegard\/wp-content\/uploads\/sites\/43\/2022\/04\/7139A8AA-52C0-4A72-AE38-D0CA075E551B-768x576.jpeg 768w, https:\/\/blogg.atl.nu\/morteleks-fralsegard\/wp-content\/uploads\/sites\/43\/2022\/04\/7139A8AA-52C0-4A72-AE38-D0CA075E551B-1024x768.jpeg 1024w\" sizes=\"(max-width: 300px) 100vw, 300px\" \/><\/p>\n<p>Att vara h\u00f6ggravid, ha ett flasklamm och en 2\u00b4\u00e5ring var en helt perfekt kombo. Hugo viste att innan det blir frukost, s\u00e5 m\u00e5ste vi ge &#8221;Lilla B\u00e4&#8221; och han styrde v\u00e5ra liv. Man kan s\u00e4ga att omst\u00e4llningen till lillebror var v\u00e4ldigt sj\u00e4lvklar och b\u00e4ra p\u00e5 ett lamm eller en lillebror var v\u00e4ll ingen skillnad&#8230;<\/p>\n<p><img loading=\"lazy\" class=\"alignnone size-medium wp-image-1021\" src=\"https:\/\/blogg.atl.nu\/morteleks-fralsegard\/wp-content\/uploads\/sites\/43\/2022\/04\/571295E6-6170-45DF-B1A5-75A353C19DE4-300x225.jpeg\" alt=\"\" width=\"300\" height=\"225\" srcset=\"https:\/\/blogg.atl.nu\/morteleks-fralsegard\/wp-content\/uploads\/sites\/43\/2022\/04\/571295E6-6170-45DF-B1A5-75A353C19DE4-300x225.jpeg 300w, https:\/\/blogg.atl.nu\/morteleks-fralsegard\/wp-content\/uploads\/sites\/43\/2022\/04\/571295E6-6170-45DF-B1A5-75A353C19DE4-768x576.jpeg 768w, https:\/\/blogg.atl.nu\/morteleks-fralsegard\/wp-content\/uploads\/sites\/43\/2022\/04\/571295E6-6170-45DF-B1A5-75A353C19DE4-1024x768.jpeg 1024w, https:\/\/blogg.atl.nu\/morteleks-fralsegard\/wp-content\/uploads\/sites\/43\/2022\/04\/571295E6-6170-45DF-B1A5-75A353C19DE4.jpeg 1448w\" sizes=\"(max-width: 300px) 100vw, 300px\" \/><\/p>\n<p>&#8221;Lilla B\u00e4&#8221; blev tyv\u00e4rr ett av alla de lamm som varje \u00e5r stj\u00e4ls i Sverige. Han var ju inga problem att ta, d\u00e5 han \u00e4lskade alla p\u00e5 2 ben.<\/p>\n<p><img loading=\"lazy\" class=\"alignnone size-medium wp-image-1018\" src=\"https:\/\/blogg.atl.nu\/morteleks-fralsegard\/wp-content\/uploads\/sites\/43\/2022\/04\/83C8D8C2-BFFA-44BA-A5DD-8AC6023138A1-300x225.jpeg\" alt=\"\" width=\"300\" height=\"225\" srcset=\"https:\/\/blogg.atl.nu\/morteleks-fralsegard\/wp-content\/uploads\/sites\/43\/2022\/04\/83C8D8C2-BFFA-44BA-A5DD-8AC6023138A1-300x225.jpeg 300w, https:\/\/blogg.atl.nu\/morteleks-fralsegard\/wp-content\/uploads\/sites\/43\/2022\/04\/83C8D8C2-BFFA-44BA-A5DD-8AC6023138A1-768x576.jpeg 768w, https:\/\/blogg.atl.nu\/morteleks-fralsegard\/wp-content\/uploads\/sites\/43\/2022\/04\/83C8D8C2-BFFA-44BA-A5DD-8AC6023138A1-1024x768.jpeg 1024w, https:\/\/blogg.atl.nu\/morteleks-fralsegard\/wp-content\/uploads\/sites\/43\/2022\/04\/83C8D8C2-BFFA-44BA-A5DD-8AC6023138A1.jpeg 1227w\" sizes=\"(max-width: 300px) 100vw, 300px\" \/><\/p>\n<p>Alla dessa h\u00e4rliga v\u00e5rtecken! Det b\u00f6rjade med att g\u00e4ssen som kom innan sn\u00f6n ens hunnit sm\u00e4lta bort. Sen tranorna och tofsviporna som med sina v\u00e4lk\u00e4nda st\u00e4mmor f\u00e5r oss att stanna upp och l\u00e5ta blicken s\u00f6ka efter en f\u00f6rsta skymt av dessa k\u00e4ra v\u00e5rtecken. V\u00e5r glada \u00e4r p\u00e5 plats precis som s\u00e4des\u00e4rlorna och nu v\u00e4ntar vi p\u00e5 v\u00e5ra sm\u00e5 och pratande reaplan, ladusvalorna och tornseglarna.<\/p>\n<p>Skogliga h\u00e4lsningar fr\u00e5n M\u00f6rteleks Fr\u00e4lseg\u00e5rd -En skogsg\u00e5rd mitt i Sm\u00e5land<\/p>\n","protected":false},"excerpt":{"rendered":"<p>Nu har v\u00e5ra f\u00f6rsta sommarg\u00e4ster kommit p\u00e5 plats. Det \u00e4r Lasse och Helenas p\u00e4lsf\u00e5r fr\u00e5n Mada, s\u00e5 s\u00f6ta och s\u00e5 sociala. Perfekt att kunna ha utbyten p\u00e5 det h\u00e4r s\u00e4ttet. F\u00f6rsta f\u00e5ret\/lammet som kom hit var &#8221;Lilla B\u00e4&#8221; och det var 2003. Ett litet flasklamm som blev en riktig familjemedlem.\u00a0 Vilket betydde att han tyckte&#8230;<\/p>\n","protected":false},"author":366,"featured_media":1019,"comment_status":"open","ping_status":"open","sticky":false,"template":"","format":"standard","meta":[],"categories":[9],"tags":[],"yoast_head":"<!-- This site is optimized with the Yoast SEO plugin v19.6 - https:\/\/yoast.com\/wordpress\/plugins\/seo\/ -->\n<title>F\u00f6rsta sommarg\u00e4sterna p\u00e5 plats - M\u00f6rteleks Fr\u00e4lseg\u00e5rd<\/title>\n<meta name=\"robots\" content=\"index, follow, max-snippet:-1, max-image-preview:large, max-video-preview:-1\" \/>\n<link rel=\"canonical\" href=\"https:\/\/blogg.atl.nu\/morteleks-fralsegard\/2022\/05\/02\/forsta-sommargasterna-pa-plats\/\" \/>\n<meta property=\"og:locale\" content=\"sv_SE\" \/>\n<meta property=\"og:type\" content=\"article\" \/>\n<meta property=\"og:title\" content=\"F\u00f6rsta sommarg\u00e4sterna p\u00e5 plats - M\u00f6rteleks Fr\u00e4lseg\u00e5rd\" \/>\n<meta property=\"og:description\" content=\"Nu har v\u00e5ra f\u00f6rsta sommarg\u00e4ster kommit p\u00e5 plats. Det \u00e4r Lasse och Helenas p\u00e4lsf\u00e5r fr\u00e5n Mada, s\u00e5 s\u00f6ta och s\u00e5 sociala. Perfekt att kunna ha utbyten p\u00e5 det h\u00e4r s\u00e4ttet. F\u00f6rsta f\u00e5ret\/lammet som kom hit var &#8221;Lilla B\u00e4&#8221; och det var 2003. Ett litet flasklamm som blev en riktig familjemedlem.\u00a0 Vilket betydde att han tyckte...\" \/>\n<meta property=\"og:url\" content=\"https:\/\/blogg.atl.nu\/morteleks-fralsegard\/2022\/05\/02\/forsta-sommargasterna-pa-plats\/\" \/>\n<meta property=\"og:site_name\" content=\"M\u00f6rteleks Fr\u00e4lseg\u00e5rd\" \/>\n<meta property=\"article:published_time\" content=\"2022-05-02T18:41:47+00:00\" \/>\n<meta property=\"article:modified_time\" content=\"2022-05-09T12:59:18+00:00\" \/>\n<meta property=\"og:image\" content=\"https:\/\/blogg.atl.nu\/morteleks-fralsegard\/wp-content\/uploads\/sites\/43\/2022\/04\/263836E0-45C3-48C2-B0FC-888FC4821273.jpeg\" \/>\n\t<meta property=\"og:image:width\" content=\"1806\" \/>\n\t<meta property=\"og:image:height\" content=\"1355\" \/>\n\t<meta property=\"og:image:type\" content=\"image\/jpeg\" \/>\n<meta name=\"author\" content=\"Viktoria Birgersson\" \/>\n<meta name=\"twitter:card\" content=\"summary_large_image\" \/>\n<meta name=\"twitter:label1\" content=\"Skriven av\" \/>\n\t<meta name=\"twitter:data1\" content=\"Viktoria Birgersson\" \/>\n\t<meta name=\"twitter:label2\" content=\"Ber\u00e4knad l\u00e4stid\" \/>\n\t<meta name=\"twitter:data2\" content=\"2 minuter\" \/>\n<script type=\"application\/ld+json\" class=\"yoast-schema-graph\">{\"@context\":\"https:\/\/schema.org\",\"@graph\":[{\"@type\":\"WebPage\",\"@id\":\"https:\/\/blogg.atl.nu\/morteleks-fralsegard\/2022\/05\/02\/forsta-sommargasterna-pa-plats\/\",\"url\":\"https:\/\/blogg.atl.nu\/morteleks-fralsegard\/2022\/05\/02\/forsta-sommargasterna-pa-plats\/\",\"name\":\"F\u00f6rsta sommarg\u00e4sterna p\u00e5 plats - M\u00f6rteleks Fr\u00e4lseg\u00e5rd\",\"isPartOf\":{\"@id\":\"https:\/\/blogg.atl.nu\/morteleks-fralsegard\/#website\"},\"datePublished\":\"2022-05-02T18:41:47+00:00\",\"dateModified\":\"2022-05-09T12:59:18+00:00\",\"author\":{\"@id\":\"https:\/\/blogg.atl.nu\/morteleks-fralsegard\/#\/schema\/person\/0ab22364ef6b1e3febf26c41d4a32b53\"},\"breadcrumb\":{\"@id\":\"https:\/\/blogg.atl.nu\/morteleks-fralsegard\/2022\/05\/02\/forsta-sommargasterna-pa-plats\/#breadcrumb\"},\"inLanguage\":\"sv-SE\",\"potentialAction\":[{\"@type\":\"ReadAction\",\"target\":[\"https:\/\/blogg.atl.nu\/morteleks-fralsegard\/2022\/05\/02\/forsta-sommargasterna-pa-plats\/\"]}]},{\"@type\":\"BreadcrumbList\",\"@id\":\"https:\/\/blogg.atl.nu\/morteleks-fralsegard\/2022\/05\/02\/forsta-sommargasterna-pa-plats\/#breadcrumb\",\"itemListElement\":[{\"@type\":\"ListItem\",\"position\":1,\"name\":\"Home\",\"item\":\"https:\/\/blogg.atl.nu\/morteleks-fralsegard\/\"},{\"@type\":\"ListItem\",\"position\":2,\"name\":\"F\u00f6rsta sommarg\u00e4sterna p\u00e5 plats\"}]},{\"@type\":\"WebSite\",\"@id\":\"https:\/\/blogg.atl.nu\/morteleks-fralsegard\/#website\",\"url\":\"https:\/\/blogg.atl.nu\/morteleks-fralsegard\/\",\"name\":\"M\u00f6rteleks Fr\u00e4lseg\u00e5rd\",\"description\":\"Viktoria Birgersson\",\"potentialAction\":[{\"@type\":\"SearchAction\",\"target\":{\"@type\":\"EntryPoint\",\"urlTemplate\":\"https:\/\/blogg.atl.nu\/morteleks-fralsegard\/?s={search_term_string}\"},\"query-input\":\"required name=search_term_string\"}],\"inLanguage\":\"sv-SE\"},{\"@type\":\"Person\",\"@id\":\"https:\/\/blogg.atl.nu\/morteleks-fralsegard\/#\/schema\/person\/0ab22364ef6b1e3febf26c41d4a32b53\",\"name\":\"Viktoria Birgersson\",\"image\":{\"@type\":\"ImageObject\",\"inLanguage\":\"sv-SE\",\"@id\":\"https:\/\/blogg.atl.nu\/morteleks-fralsegard\/#\/schema\/person\/image\/\",\"url\":\"https:\/\/secure.gravatar.com\/avatar\/66ee725962479e3acb970802c6913bd7?s=96&d=mm&r=g\",\"contentUrl\":\"https:\/\/secure.gravatar.com\/avatar\/66ee725962479e3acb970802c6913bd7?s=96&d=mm&r=g\",\"caption\":\"Viktoria Birgersson\"},\"url\":\"https:\/\/blogg.atl.nu\/morteleks-fralsegard\/author\/morteleks-fralsegard\/\"}]}<\/script>\n<!-- \/ Yoast SEO plugin. -->","yoast_head_json":{"title":"F\u00f6rsta sommarg\u00e4sterna p\u00e5 plats - M\u00f6rteleks Fr\u00e4lseg\u00e5rd","robots":{"index":"index","follow":"follow","max-snippet":"max-snippet:-1","max-image-preview":"max-image-preview:large","max-video-preview":"max-video-preview:-1"},"canonical":"https:\/\/blogg.atl.nu\/morteleks-fralsegard\/2022\/05\/02\/forsta-sommargasterna-pa-plats\/","og_locale":"sv_SE","og_type":"article","og_title":"F\u00f6rsta sommarg\u00e4sterna p\u00e5 plats - M\u00f6rteleks Fr\u00e4lseg\u00e5rd","og_description":"Nu har v\u00e5ra f\u00f6rsta sommarg\u00e4ster kommit p\u00e5 plats. Det \u00e4r Lasse och Helenas p\u00e4lsf\u00e5r fr\u00e5n Mada, s\u00e5 s\u00f6ta och s\u00e5 sociala. Perfekt att kunna ha utbyten p\u00e5 det h\u00e4r s\u00e4ttet. F\u00f6rsta f\u00e5ret\/lammet som kom hit var &#8221;Lilla B\u00e4&#8221; och det var 2003. Ett litet flasklamm som blev en riktig familjemedlem.\u00a0 Vilket betydde att han tyckte...","og_url":"https:\/\/blogg.atl.nu\/morteleks-fralsegard\/2022\/05\/02\/forsta-sommargasterna-pa-plats\/","og_site_name":"M\u00f6rteleks Fr\u00e4lseg\u00e5rd","article_published_time":"2022-05-02T18:41:47+00:00","article_modified_time":"2022-05-09T12:59:18+00:00","og_image":[{"width":1806,"height":1355,"url":"https:\/\/blogg.atl.nu\/morteleks-fralsegard\/wp-content\/uploads\/sites\/43\/2022\/04\/263836E0-45C3-48C2-B0FC-888FC4821273.jpeg","type":"image\/jpeg"}],"author":"Viktoria Birgersson","twitter_card":"summary_large_image","twitter_misc":{"Skriven av":"Viktoria Birgersson","Ber\u00e4knad l\u00e4stid":"2 minuter"},"schema":{"@context":"https:\/\/schema.org","@graph":[{"@type":"WebPage","@id":"https:\/\/blogg.atl.nu\/morteleks-fralsegard\/2022\/05\/02\/forsta-sommargasterna-pa-plats\/","url":"https:\/\/blogg.atl.nu\/morteleks-fralsegard\/2022\/05\/02\/forsta-sommargasterna-pa-plats\/","name":"F\u00f6rsta sommarg\u00e4sterna p\u00e5 plats - M\u00f6rteleks Fr\u00e4lseg\u00e5rd","isPartOf":{"@id":"https:\/\/blogg.atl.nu\/morteleks-fralsegard\/#website"},"datePublished":"2022-05-02T18:41:47+00:00","dateModified":"2022-05-09T12:59:18+00:00","author":{"@id":"https:\/\/blogg.atl.nu\/morteleks-fralsegard\/#\/schema\/person\/0ab22364ef6b1e3febf26c41d4a32b53"},"breadcrumb":{"@id":"https:\/\/blogg.atl.nu\/morteleks-fralsegard\/2022\/05\/02\/forsta-sommargasterna-pa-plats\/#breadcrumb"},"inLanguage":"sv-SE","potentialAction":[{"@type":"ReadAction","target":["https:\/\/blogg.atl.nu\/morteleks-fralsegard\/2022\/05\/02\/forsta-sommargasterna-pa-plats\/"]}]},{"@type":"BreadcrumbList","@id":"https:\/\/blogg.atl.nu\/morteleks-fralsegard\/2022\/05\/02\/forsta-sommargasterna-pa-plats\/#breadcrumb","itemListElement":[{"@type":"ListItem","position":1,"name":"Home","item":"https:\/\/blogg.atl.nu\/morteleks-fralsegard\/"},{"@type":"ListItem","position":2,"name":"F\u00f6rsta sommarg\u00e4sterna p\u00e5 plats"}]},{"@type":"WebSite","@id":"https:\/\/blogg.atl.nu\/morteleks-fralsegard\/#website","url":"https:\/\/blogg.atl.nu\/morteleks-fralsegard\/","name":"M\u00f6rteleks Fr\u00e4lseg\u00e5rd","description":"Viktoria Birgersson","potentialAction":[{"@type":"SearchAction","target":{"@type":"EntryPoint","urlTemplate":"https:\/\/blogg.atl.nu\/morteleks-fralsegard\/?s={search_term_string}"},"query-input":"required name=search_term_string"}],"inLanguage":"sv-SE"},{"@type":"Person","@id":"https:\/\/blogg.atl.nu\/morteleks-fralsegard\/#\/schema\/person\/0ab22364ef6b1e3febf26c41d4a32b53","name":"Viktoria Birgersson","image":{"@type":"ImageObject","inLanguage":"sv-SE","@id":"https:\/\/blogg.atl.nu\/morteleks-fralsegard\/#\/schema\/person\/image\/","url":"https:\/\/secure.gravatar.com\/avatar\/66ee725962479e3acb970802c6913bd7?s=96&d=mm&r=g","contentUrl":"https:\/\/secure.gravatar.com\/avatar\/66ee725962479e3acb970802c6913bd7?s=96&d=mm&r=g","caption":"Viktoria Birgersson"},"url":"https:\/\/blogg.atl.nu\/morteleks-fralsegard\/author\/morteleks-fralsegard\/"}]}},"_links":{"self":[{"href":"https:\/\/blogg.atl.nu\/morteleks-fralsegard\/wp-json\/wp\/v2\/posts\/1012"}],"collection":[{"href":"https:\/\/blogg.atl.nu\/morteleks-fralsegard\/wp-json\/wp\/v2\/posts"}],"about":[{"href":"https:\/\/blogg.atl.nu\/morteleks-fralsegard\/wp-json\/wp\/v2\/types\/post"}],"author":[{"embeddable":true,"href":"https:\/\/blogg.atl.nu\/morteleks-fralsegard\/wp-json\/wp\/v2\/users\/366"}],"replies":[{"embeddable":true,"href":"https:\/\/blogg.atl.nu\/morteleks-fralsegard\/wp-json\/wp\/v2\/comments?post=1012"}],"version-history":[{"count":11,"href":"https:\/\/blogg.atl.nu\/morteleks-fralsegard\/wp-json\/wp\/v2\/posts\/1012\/revisions"}],"predecessor-version":[{"id":1080,"href":"https:\/\/blogg.atl.nu\/morteleks-fralsegard\/wp-json\/wp\/v2\/posts\/1012\/revisions\/1080"}],"wp:featuredmedia":[{"embeddable":true,"href":"https:\/\/blogg.atl.nu\/morteleks-fralsegard\/wp-json\/wp\/v2\/media\/1019"}],"wp:attachment":[{"href":"https:\/\/blogg.atl.nu\/morteleks-fralsegard\/wp-json\/wp\/v2\/media?parent=1012"}],"wp:term":[{"taxonomy":"category","embeddable":true,"href":"https:\/\/blogg.atl.nu\/morteleks-fralsegard\/wp-json\/wp\/v2\/categories?post=1012"},{"taxonomy":"post_tag","embeddable":true,"href":"https:\/\/blogg.atl.nu\/morteleks-fralsegard\/wp-json\/wp\/v2\/tags?post=1012"}],"curies":[{"name":"wp","href":"https:\/\/api.w.org\/{rel}","templated":true}]}}