{"id":1941,"date":"2022-07-28T21:26:43","date_gmt":"2022-07-28T21:26:43","guid":{"rendered":"http:\/\/blogg.atl.nu\/morteleks-fralsegard\/?p=1941"},"modified":"2022-07-28T21:26:43","modified_gmt":"2022-07-28T21:26:43","slug":"7-kvigor-pa-sommarbete","status":"publish","type":"post","link":"https:\/\/blogg.atl.nu\/morteleks-fralsegard\/2022\/07\/28\/7-kvigor-pa-sommarbete\/","title":{"rendered":"7 kvigor p\u00e5 sommarbete"},"content":{"rendered":"<p>\u00c4ntligen har Tovers sociala Herefordkvigor kommit p\u00e5 plats. S\u00e5 fina och redan sociala, kommer bli en h\u00e4rlig augusti, med komys och givetvis kommer de att g\u00f6ra en stor nytta med att \u00e4ta gr\u00e4s och sly och hj\u00e4lpa till att h\u00e5lla landskapet \u00f6ppet. Jag fixar vatten och f\u00e5r ett och annat djupt samtal i utbyte.<\/p>\n<p><img loading=\"lazy\" class=\"alignnone size-full wp-image-1942\" src=\"https:\/\/blogg.atl.nu\/morteleks-fralsegard\/wp-content\/uploads\/sites\/43\/2022\/07\/B88CD3AB-DF0E-41F4-9F3E-0C055BE9028D.jpeg\" alt=\"\" width=\"1532\" height=\"1149\" srcset=\"https:\/\/blogg.atl.nu\/morteleks-fralsegard\/wp-content\/uploads\/sites\/43\/2022\/07\/B88CD3AB-DF0E-41F4-9F3E-0C055BE9028D.jpeg 1532w, https:\/\/blogg.atl.nu\/morteleks-fralsegard\/wp-content\/uploads\/sites\/43\/2022\/07\/B88CD3AB-DF0E-41F4-9F3E-0C055BE9028D-300x225.jpeg 300w, https:\/\/blogg.atl.nu\/morteleks-fralsegard\/wp-content\/uploads\/sites\/43\/2022\/07\/B88CD3AB-DF0E-41F4-9F3E-0C055BE9028D-768x576.jpeg 768w, https:\/\/blogg.atl.nu\/morteleks-fralsegard\/wp-content\/uploads\/sites\/43\/2022\/07\/B88CD3AB-DF0E-41F4-9F3E-0C055BE9028D-1024x768.jpeg 1024w\" sizes=\"(max-width: 1532px) 100vw, 1532px\" \/><\/p>\n<p>Skulle g\u00e4rna ha ett g\u00e4ng egna kossor, men just f\u00f6r stunden f\u00e5r jag h\u00e5lla tillgodo med att l\u00e5na 7 stycken s\u00f6ta, nyfikna och helt underbara tjejer. Men kanske den d\u00e4r \u00f6nskade l\u00f6sdriften kan bli verklighet snart&#8230; Men du har ju en stor ladug\u00e5rd kanske n\u00e5gon nu t\u00e4nker, men d\u00e4r finns PR-Fats tr\u00e4industri och ingen plats till ett g\u00e4ng fyrbenta kompisar.<\/p>\n<p><img loading=\"lazy\" class=\"alignnone size-full wp-image-1943\" src=\"https:\/\/blogg.atl.nu\/morteleks-fralsegard\/wp-content\/uploads\/sites\/43\/2022\/07\/204D4861-67D9-428A-9FAE-7AF5B18F027B.jpeg\" alt=\"\" width=\"4032\" height=\"3024\" srcset=\"https:\/\/blogg.atl.nu\/morteleks-fralsegard\/wp-content\/uploads\/sites\/43\/2022\/07\/204D4861-67D9-428A-9FAE-7AF5B18F027B.jpeg 4032w, https:\/\/blogg.atl.nu\/morteleks-fralsegard\/wp-content\/uploads\/sites\/43\/2022\/07\/204D4861-67D9-428A-9FAE-7AF5B18F027B-300x225.jpeg 300w, https:\/\/blogg.atl.nu\/morteleks-fralsegard\/wp-content\/uploads\/sites\/43\/2022\/07\/204D4861-67D9-428A-9FAE-7AF5B18F027B-768x576.jpeg 768w, https:\/\/blogg.atl.nu\/morteleks-fralsegard\/wp-content\/uploads\/sites\/43\/2022\/07\/204D4861-67D9-428A-9FAE-7AF5B18F027B-1024x768.jpeg 1024w\" sizes=\"(max-width: 4032px) 100vw, 4032px\" \/><\/p>\n<p>Kolla in dessa bruna \u00f6gon och stora fina \u00f6ron. Visst \u00e4r dom s\u00f6ta?<\/p>\n<p><img loading=\"lazy\" class=\"alignnone size-full wp-image-1944\" src=\"https:\/\/blogg.atl.nu\/morteleks-fralsegard\/wp-content\/uploads\/sites\/43\/2022\/07\/0042908A-114B-47A6-B9F6-569323795068.jpeg\" alt=\"\" width=\"2998\" height=\"2248\" srcset=\"https:\/\/blogg.atl.nu\/morteleks-fralsegard\/wp-content\/uploads\/sites\/43\/2022\/07\/0042908A-114B-47A6-B9F6-569323795068.jpeg 2998w, https:\/\/blogg.atl.nu\/morteleks-fralsegard\/wp-content\/uploads\/sites\/43\/2022\/07\/0042908A-114B-47A6-B9F6-569323795068-300x225.jpeg 300w, https:\/\/blogg.atl.nu\/morteleks-fralsegard\/wp-content\/uploads\/sites\/43\/2022\/07\/0042908A-114B-47A6-B9F6-569323795068-768x576.jpeg 768w, https:\/\/blogg.atl.nu\/morteleks-fralsegard\/wp-content\/uploads\/sites\/43\/2022\/07\/0042908A-114B-47A6-B9F6-569323795068-1024x768.jpeg 1024w\" sizes=\"(max-width: 2998px) 100vw, 2998px\" \/><img loading=\"lazy\" class=\"alignnone size-full wp-image-1945\" src=\"https:\/\/blogg.atl.nu\/morteleks-fralsegard\/wp-content\/uploads\/sites\/43\/2022\/07\/516EB47B-9879-40AC-8B2C-1A64C4AAEFBE.jpeg\" alt=\"\" width=\"2908\" height=\"2181\" srcset=\"https:\/\/blogg.atl.nu\/morteleks-fralsegard\/wp-content\/uploads\/sites\/43\/2022\/07\/516EB47B-9879-40AC-8B2C-1A64C4AAEFBE.jpeg 2908w, https:\/\/blogg.atl.nu\/morteleks-fralsegard\/wp-content\/uploads\/sites\/43\/2022\/07\/516EB47B-9879-40AC-8B2C-1A64C4AAEFBE-300x225.jpeg 300w, https:\/\/blogg.atl.nu\/morteleks-fralsegard\/wp-content\/uploads\/sites\/43\/2022\/07\/516EB47B-9879-40AC-8B2C-1A64C4AAEFBE-768x576.jpeg 768w, https:\/\/blogg.atl.nu\/morteleks-fralsegard\/wp-content\/uploads\/sites\/43\/2022\/07\/516EB47B-9879-40AC-8B2C-1A64C4AAEFBE-1024x768.jpeg 1024w\" sizes=\"(max-width: 2908px) 100vw, 2908px\" \/><img loading=\"lazy\" class=\"alignnone size-full wp-image-1948\" src=\"https:\/\/blogg.atl.nu\/morteleks-fralsegard\/wp-content\/uploads\/sites\/43\/2022\/07\/DE800603-3E47-4850-8956-4F9A32DFF7F1.jpeg\" alt=\"\" width=\"4032\" height=\"3024\" srcset=\"https:\/\/blogg.atl.nu\/morteleks-fralsegard\/wp-content\/uploads\/sites\/43\/2022\/07\/DE800603-3E47-4850-8956-4F9A32DFF7F1.jpeg 4032w, https:\/\/blogg.atl.nu\/morteleks-fralsegard\/wp-content\/uploads\/sites\/43\/2022\/07\/DE800603-3E47-4850-8956-4F9A32DFF7F1-300x225.jpeg 300w, https:\/\/blogg.atl.nu\/morteleks-fralsegard\/wp-content\/uploads\/sites\/43\/2022\/07\/DE800603-3E47-4850-8956-4F9A32DFF7F1-768x576.jpeg 768w, https:\/\/blogg.atl.nu\/morteleks-fralsegard\/wp-content\/uploads\/sites\/43\/2022\/07\/DE800603-3E47-4850-8956-4F9A32DFF7F1-1024x768.jpeg 1024w\" sizes=\"(max-width: 4032px) 100vw, 4032px\" \/><\/p>\n<p>Idag b\u00f6rjar \u00e5rets h\u00f6jdpunkt <strong>-Olsm\u00e4ssan!<\/strong> En fest i \u00c5seda som har h\u00e5llit p\u00e5 i mer \u00e4n 100\u00e5r Dock valde vi att hoppa \u00f6ver torsdagens firning p\u00e5 plats, pga en l\u00e5ng dag imorgon och v\u00e4ljer ist\u00e4llet att sitta hemma och lyssna p\u00e5 dagens upptr\u00e4de.<\/p>\n<p><img loading=\"lazy\" class=\"alignnone size-full wp-image-1952\" src=\"https:\/\/blogg.atl.nu\/morteleks-fralsegard\/wp-content\/uploads\/sites\/43\/2022\/07\/A9A7B281-5778-4619-8934-BD5269978EEA.jpeg\" alt=\"\" width=\"4032\" height=\"1303\" srcset=\"https:\/\/blogg.atl.nu\/morteleks-fralsegard\/wp-content\/uploads\/sites\/43\/2022\/07\/A9A7B281-5778-4619-8934-BD5269978EEA.jpeg 4032w, https:\/\/blogg.atl.nu\/morteleks-fralsegard\/wp-content\/uploads\/sites\/43\/2022\/07\/A9A7B281-5778-4619-8934-BD5269978EEA-300x97.jpeg 300w, https:\/\/blogg.atl.nu\/morteleks-fralsegard\/wp-content\/uploads\/sites\/43\/2022\/07\/A9A7B281-5778-4619-8934-BD5269978EEA-768x248.jpeg 768w, https:\/\/blogg.atl.nu\/morteleks-fralsegard\/wp-content\/uploads\/sites\/43\/2022\/07\/A9A7B281-5778-4619-8934-BD5269978EEA-1024x331.jpeg 1024w\" sizes=\"(max-width: 4032px) 100vw, 4032px\" \/><\/p>\n<p>Vi har ikv\u00e4ll varit och fixat \u00e5rets karnevalekipage, som vi hoppas att vi kommer att vinna med. Men vi \u00e4r i alla fall ett g\u00e4ng v\u00e4ldigt stolta b\u00f6nder som vet att <strong><em>&#8221;Ensam \u00e4r inte stark&#8221;<\/em><\/strong> och <strong>vi m\u00e5ste hj\u00e4lpas \u00e5t!<\/strong><\/p>\n<p><img loading=\"lazy\" class=\"alignnone size-full wp-image-1953\" src=\"https:\/\/blogg.atl.nu\/morteleks-fralsegard\/wp-content\/uploads\/sites\/43\/2022\/07\/8697840E-F991-4F2C-B622-290663D53EEF.jpeg\" alt=\"\" width=\"1808\" height=\"1355\" srcset=\"https:\/\/blogg.atl.nu\/morteleks-fralsegard\/wp-content\/uploads\/sites\/43\/2022\/07\/8697840E-F991-4F2C-B622-290663D53EEF.jpeg 1808w, https:\/\/blogg.atl.nu\/morteleks-fralsegard\/wp-content\/uploads\/sites\/43\/2022\/07\/8697840E-F991-4F2C-B622-290663D53EEF-300x225.jpeg 300w, https:\/\/blogg.atl.nu\/morteleks-fralsegard\/wp-content\/uploads\/sites\/43\/2022\/07\/8697840E-F991-4F2C-B622-290663D53EEF-768x576.jpeg 768w, https:\/\/blogg.atl.nu\/morteleks-fralsegard\/wp-content\/uploads\/sites\/43\/2022\/07\/8697840E-F991-4F2C-B622-290663D53EEF-1024x767.jpeg 1024w\" sizes=\"(max-width: 1808px) 100vw, 1808px\" \/><\/p>\n<p>Mer om detta p\u00e5 l\u00f6rdag eller mer troligt s\u00f6ndag.<\/p>\n<p><img loading=\"lazy\" class=\"alignnone size-full wp-image-1957\" src=\"https:\/\/blogg.atl.nu\/morteleks-fralsegard\/wp-content\/uploads\/sites\/43\/2022\/07\/730F2658-8E34-41CC-A291-0D42506784B4.jpeg\" alt=\"\" width=\"2048\" height=\"1670\" srcset=\"https:\/\/blogg.atl.nu\/morteleks-fralsegard\/wp-content\/uploads\/sites\/43\/2022\/07\/730F2658-8E34-41CC-A291-0D42506784B4.jpeg 2048w, https:\/\/blogg.atl.nu\/morteleks-fralsegard\/wp-content\/uploads\/sites\/43\/2022\/07\/730F2658-8E34-41CC-A291-0D42506784B4-300x245.jpeg 300w, https:\/\/blogg.atl.nu\/morteleks-fralsegard\/wp-content\/uploads\/sites\/43\/2022\/07\/730F2658-8E34-41CC-A291-0D42506784B4-768x626.jpeg 768w, https:\/\/blogg.atl.nu\/morteleks-fralsegard\/wp-content\/uploads\/sites\/43\/2022\/07\/730F2658-8E34-41CC-A291-0D42506784B4-1024x835.jpeg 1024w\" sizes=\"(max-width: 2048px) 100vw, 2048px\" \/><\/p>\n<p>Ni f\u00e5r h\u00e5lla till godo med \u00c5seda LRFs f\u00f6rra bidrag. Mandelmans och &#8221;Mer k\u00e4rlek \u00e5t folket&#8221;.<\/p>\n<p>Nu \u00e4r det dags att sova f\u00f6r imorgon \u00e4r det tidig start f\u00f6r en hel dag med samtal och id\u00e9utbyte, som kommer att sluta med en cykeltur hem kl 2.00.<\/p>\n<p>Skogliga tr\u00e4dg\u00e5rdsh\u00e4lsningar fr\u00e5n M\u00f6rteleks Fr\u00e4lseg\u00e5rd -En skogsg\u00e5rd mitt i Sm\u00e5land<\/p>\n<p>&nbsp;<\/p>\n<p>&nbsp;<\/p>\n<p>&nbsp;<\/p>\n","protected":false},"excerpt":{"rendered":"<p>\u00c4ntligen har Tovers sociala Herefordkvigor kommit p\u00e5 plats. S\u00e5 fina och redan sociala, kommer bli en h\u00e4rlig augusti, med komys och givetvis kommer de att g\u00f6ra en stor nytta med att \u00e4ta gr\u00e4s och sly och hj\u00e4lpa till att h\u00e5lla landskapet \u00f6ppet. Jag fixar vatten och f\u00e5r ett och annat djupt samtal i utbyte. Skulle&#8230;<\/p>\n","protected":false},"author":366,"featured_media":1949,"comment_status":"open","ping_status":"open","sticky":false,"template":"","format":"standard","meta":[],"categories":[1],"tags":[],"yoast_head":"<!-- This site is optimized with the Yoast SEO plugin v19.6 - https:\/\/yoast.com\/wordpress\/plugins\/seo\/ -->\n<title>7 kvigor p\u00e5 sommarbete - M\u00f6rteleks Fr\u00e4lseg\u00e5rd<\/title>\n<meta name=\"robots\" content=\"index, follow, max-snippet:-1, max-image-preview:large, max-video-preview:-1\" \/>\n<link rel=\"canonical\" href=\"https:\/\/blogg.atl.nu\/morteleks-fralsegard\/2022\/07\/28\/7-kvigor-pa-sommarbete\/\" \/>\n<meta property=\"og:locale\" content=\"sv_SE\" \/>\n<meta property=\"og:type\" content=\"article\" \/>\n<meta property=\"og:title\" content=\"7 kvigor p\u00e5 sommarbete - M\u00f6rteleks Fr\u00e4lseg\u00e5rd\" \/>\n<meta property=\"og:description\" content=\"\u00c4ntligen har Tovers sociala Herefordkvigor kommit p\u00e5 plats. S\u00e5 fina och redan sociala, kommer bli en h\u00e4rlig augusti, med komys och givetvis kommer de att g\u00f6ra en stor nytta med att \u00e4ta gr\u00e4s och sly och hj\u00e4lpa till att h\u00e5lla landskapet \u00f6ppet. Jag fixar vatten och f\u00e5r ett och annat djupt samtal i utbyte. Skulle...\" \/>\n<meta property=\"og:url\" content=\"https:\/\/blogg.atl.nu\/morteleks-fralsegard\/2022\/07\/28\/7-kvigor-pa-sommarbete\/\" \/>\n<meta property=\"og:site_name\" content=\"M\u00f6rteleks Fr\u00e4lseg\u00e5rd\" \/>\n<meta property=\"article:published_time\" content=\"2022-07-28T21:26:43+00:00\" \/>\n<meta property=\"og:image\" content=\"https:\/\/blogg.atl.nu\/morteleks-fralsegard\/wp-content\/uploads\/sites\/43\/2022\/07\/E9A1A467-D595-428C-AB5D-CA3AF71C5739-1024x768.jpeg\" \/>\n\t<meta property=\"og:image:width\" content=\"1024\" \/>\n\t<meta property=\"og:image:height\" content=\"768\" \/>\n\t<meta property=\"og:image:type\" content=\"image\/jpeg\" \/>\n<meta name=\"author\" content=\"Viktoria Birgersson\" \/>\n<meta name=\"twitter:card\" content=\"summary_large_image\" \/>\n<meta name=\"twitter:label1\" content=\"Skriven av\" \/>\n\t<meta name=\"twitter:data1\" content=\"Viktoria Birgersson\" \/>\n\t<meta name=\"twitter:label2\" content=\"Ber\u00e4knad l\u00e4stid\" \/>\n\t<meta name=\"twitter:data2\" content=\"2 minuter\" \/>\n<script type=\"application\/ld+json\" class=\"yoast-schema-graph\">{\"@context\":\"https:\/\/schema.org\",\"@graph\":[{\"@type\":\"WebPage\",\"@id\":\"https:\/\/blogg.atl.nu\/morteleks-fralsegard\/2022\/07\/28\/7-kvigor-pa-sommarbete\/\",\"url\":\"https:\/\/blogg.atl.nu\/morteleks-fralsegard\/2022\/07\/28\/7-kvigor-pa-sommarbete\/\",\"name\":\"7 kvigor p\u00e5 sommarbete - M\u00f6rteleks Fr\u00e4lseg\u00e5rd\",\"isPartOf\":{\"@id\":\"https:\/\/blogg.atl.nu\/morteleks-fralsegard\/#website\"},\"datePublished\":\"2022-07-28T21:26:43+00:00\",\"dateModified\":\"2022-07-28T21:26:43+00:00\",\"author\":{\"@id\":\"https:\/\/blogg.atl.nu\/morteleks-fralsegard\/#\/schema\/person\/0ab22364ef6b1e3febf26c41d4a32b53\"},\"breadcrumb\":{\"@id\":\"https:\/\/blogg.atl.nu\/morteleks-fralsegard\/2022\/07\/28\/7-kvigor-pa-sommarbete\/#breadcrumb\"},\"inLanguage\":\"sv-SE\",\"potentialAction\":[{\"@type\":\"ReadAction\",\"target\":[\"https:\/\/blogg.atl.nu\/morteleks-fralsegard\/2022\/07\/28\/7-kvigor-pa-sommarbete\/\"]}]},{\"@type\":\"BreadcrumbList\",\"@id\":\"https:\/\/blogg.atl.nu\/morteleks-fralsegard\/2022\/07\/28\/7-kvigor-pa-sommarbete\/#breadcrumb\",\"itemListElement\":[{\"@type\":\"ListItem\",\"position\":1,\"name\":\"Home\",\"item\":\"https:\/\/blogg.atl.nu\/morteleks-fralsegard\/\"},{\"@type\":\"ListItem\",\"position\":2,\"name\":\"7 kvigor p\u00e5 sommarbete\"}]},{\"@type\":\"WebSite\",\"@id\":\"https:\/\/blogg.atl.nu\/morteleks-fralsegard\/#website\",\"url\":\"https:\/\/blogg.atl.nu\/morteleks-fralsegard\/\",\"name\":\"M\u00f6rteleks Fr\u00e4lseg\u00e5rd\",\"description\":\"Viktoria Birgersson\",\"potentialAction\":[{\"@type\":\"SearchAction\",\"target\":{\"@type\":\"EntryPoint\",\"urlTemplate\":\"https:\/\/blogg.atl.nu\/morteleks-fralsegard\/?s={search_term_string}\"},\"query-input\":\"required name=search_term_string\"}],\"inLanguage\":\"sv-SE\"},{\"@type\":\"Person\",\"@id\":\"https:\/\/blogg.atl.nu\/morteleks-fralsegard\/#\/schema\/person\/0ab22364ef6b1e3febf26c41d4a32b53\",\"name\":\"Viktoria Birgersson\",\"image\":{\"@type\":\"ImageObject\",\"inLanguage\":\"sv-SE\",\"@id\":\"https:\/\/blogg.atl.nu\/morteleks-fralsegard\/#\/schema\/person\/image\/\",\"url\":\"https:\/\/secure.gravatar.com\/avatar\/66ee725962479e3acb970802c6913bd7?s=96&d=mm&r=g\",\"contentUrl\":\"https:\/\/secure.gravatar.com\/avatar\/66ee725962479e3acb970802c6913bd7?s=96&d=mm&r=g\",\"caption\":\"Viktoria Birgersson\"},\"url\":\"https:\/\/blogg.atl.nu\/morteleks-fralsegard\/author\/morteleks-fralsegard\/\"}]}<\/script>\n<!-- \/ Yoast SEO plugin. -->","yoast_head_json":{"title":"7 kvigor p\u00e5 sommarbete - M\u00f6rteleks Fr\u00e4lseg\u00e5rd","robots":{"index":"index","follow":"follow","max-snippet":"max-snippet:-1","max-image-preview":"max-image-preview:large","max-video-preview":"max-video-preview:-1"},"canonical":"https:\/\/blogg.atl.nu\/morteleks-fralsegard\/2022\/07\/28\/7-kvigor-pa-sommarbete\/","og_locale":"sv_SE","og_type":"article","og_title":"7 kvigor p\u00e5 sommarbete - M\u00f6rteleks Fr\u00e4lseg\u00e5rd","og_description":"\u00c4ntligen har Tovers sociala Herefordkvigor kommit p\u00e5 plats. S\u00e5 fina och redan sociala, kommer bli en h\u00e4rlig augusti, med komys och givetvis kommer de att g\u00f6ra en stor nytta med att \u00e4ta gr\u00e4s och sly och hj\u00e4lpa till att h\u00e5lla landskapet \u00f6ppet. Jag fixar vatten och f\u00e5r ett och annat djupt samtal i utbyte. Skulle...","og_url":"https:\/\/blogg.atl.nu\/morteleks-fralsegard\/2022\/07\/28\/7-kvigor-pa-sommarbete\/","og_site_name":"M\u00f6rteleks Fr\u00e4lseg\u00e5rd","article_published_time":"2022-07-28T21:26:43+00:00","og_image":[{"width":1024,"height":768,"url":"https:\/\/blogg.atl.nu\/morteleks-fralsegard\/wp-content\/uploads\/sites\/43\/2022\/07\/E9A1A467-D595-428C-AB5D-CA3AF71C5739-1024x768.jpeg","type":"image\/jpeg"}],"author":"Viktoria Birgersson","twitter_card":"summary_large_image","twitter_misc":{"Skriven av":"Viktoria Birgersson","Ber\u00e4knad l\u00e4stid":"2 minuter"},"schema":{"@context":"https:\/\/schema.org","@graph":[{"@type":"WebPage","@id":"https:\/\/blogg.atl.nu\/morteleks-fralsegard\/2022\/07\/28\/7-kvigor-pa-sommarbete\/","url":"https:\/\/blogg.atl.nu\/morteleks-fralsegard\/2022\/07\/28\/7-kvigor-pa-sommarbete\/","name":"7 kvigor p\u00e5 sommarbete - M\u00f6rteleks Fr\u00e4lseg\u00e5rd","isPartOf":{"@id":"https:\/\/blogg.atl.nu\/morteleks-fralsegard\/#website"},"datePublished":"2022-07-28T21:26:43+00:00","dateModified":"2022-07-28T21:26:43+00:00","author":{"@id":"https:\/\/blogg.atl.nu\/morteleks-fralsegard\/#\/schema\/person\/0ab22364ef6b1e3febf26c41d4a32b53"},"breadcrumb":{"@id":"https:\/\/blogg.atl.nu\/morteleks-fralsegard\/2022\/07\/28\/7-kvigor-pa-sommarbete\/#breadcrumb"},"inLanguage":"sv-SE","potentialAction":[{"@type":"ReadAction","target":["https:\/\/blogg.atl.nu\/morteleks-fralsegard\/2022\/07\/28\/7-kvigor-pa-sommarbete\/"]}]},{"@type":"BreadcrumbList","@id":"https:\/\/blogg.atl.nu\/morteleks-fralsegard\/2022\/07\/28\/7-kvigor-pa-sommarbete\/#breadcrumb","itemListElement":[{"@type":"ListItem","position":1,"name":"Home","item":"https:\/\/blogg.atl.nu\/morteleks-fralsegard\/"},{"@type":"ListItem","position":2,"name":"7 kvigor p\u00e5 sommarbete"}]},{"@type":"WebSite","@id":"https:\/\/blogg.atl.nu\/morteleks-fralsegard\/#website","url":"https:\/\/blogg.atl.nu\/morteleks-fralsegard\/","name":"M\u00f6rteleks Fr\u00e4lseg\u00e5rd","description":"Viktoria Birgersson","potentialAction":[{"@type":"SearchAction","target":{"@type":"EntryPoint","urlTemplate":"https:\/\/blogg.atl.nu\/morteleks-fralsegard\/?s={search_term_string}"},"query-input":"required name=search_term_string"}],"inLanguage":"sv-SE"},{"@type":"Person","@id":"https:\/\/blogg.atl.nu\/morteleks-fralsegard\/#\/schema\/person\/0ab22364ef6b1e3febf26c41d4a32b53","name":"Viktoria Birgersson","image":{"@type":"ImageObject","inLanguage":"sv-SE","@id":"https:\/\/blogg.atl.nu\/morteleks-fralsegard\/#\/schema\/person\/image\/","url":"https:\/\/secure.gravatar.com\/avatar\/66ee725962479e3acb970802c6913bd7?s=96&d=mm&r=g","contentUrl":"https:\/\/secure.gravatar.com\/avatar\/66ee725962479e3acb970802c6913bd7?s=96&d=mm&r=g","caption":"Viktoria Birgersson"},"url":"https:\/\/blogg.atl.nu\/morteleks-fralsegard\/author\/morteleks-fralsegard\/"}]}},"_links":{"self":[{"href":"https:\/\/blogg.atl.nu\/morteleks-fralsegard\/wp-json\/wp\/v2\/posts\/1941"}],"collection":[{"href":"https:\/\/blogg.atl.nu\/morteleks-fralsegard\/wp-json\/wp\/v2\/posts"}],"about":[{"href":"https:\/\/blogg.atl.nu\/morteleks-fralsegard\/wp-json\/wp\/v2\/types\/post"}],"author":[{"embeddable":true,"href":"https:\/\/blogg.atl.nu\/morteleks-fralsegard\/wp-json\/wp\/v2\/users\/366"}],"replies":[{"embeddable":true,"href":"https:\/\/blogg.atl.nu\/morteleks-fralsegard\/wp-json\/wp\/v2\/comments?post=1941"}],"version-history":[{"count":7,"href":"https:\/\/blogg.atl.nu\/morteleks-fralsegard\/wp-json\/wp\/v2\/posts\/1941\/revisions"}],"predecessor-version":[{"id":1960,"href":"https:\/\/blogg.atl.nu\/morteleks-fralsegard\/wp-json\/wp\/v2\/posts\/1941\/revisions\/1960"}],"wp:featuredmedia":[{"embeddable":true,"href":"https:\/\/blogg.atl.nu\/morteleks-fralsegard\/wp-json\/wp\/v2\/media\/1949"}],"wp:attachment":[{"href":"https:\/\/blogg.atl.nu\/morteleks-fralsegard\/wp-json\/wp\/v2\/media?parent=1941"}],"wp:term":[{"taxonomy":"category","embeddable":true,"href":"https:\/\/blogg.atl.nu\/morteleks-fralsegard\/wp-json\/wp\/v2\/categories?post=1941"},{"taxonomy":"post_tag","embeddable":true,"href":"https:\/\/blogg.atl.nu\/morteleks-fralsegard\/wp-json\/wp\/v2\/tags?post=1941"}],"curies":[{"name":"wp","href":"https:\/\/api.w.org\/{rel}","templated":true}]}}