{"id":2650,"date":"2022-11-08T22:00:49","date_gmt":"2022-11-08T22:00:49","guid":{"rendered":"https:\/\/blogg.atl.nu\/morteleks-fralsegard\/?p=2650"},"modified":"2022-11-08T22:00:49","modified_gmt":"2022-11-08T22:00:49","slug":"strandskydd-men-inget-vatten","status":"publish","type":"post","link":"https:\/\/blogg.atl.nu\/morteleks-fralsegard\/2022\/11\/08\/strandskydd-men-inget-vatten\/","title":{"rendered":"Strandskydd, men inget vatten"},"content":{"rendered":"<h2>Det l\u00e5ter kanske som jag har en skruv l\u00f6s, men jag har strandskydd utan att ha vatten.<\/h2>\n<p>Detta skulle efter en torr sommar som denna kunna handla om torka, men h\u00e4r handlar det faktiskt om strandskydd och inte om v\u00e4der.<\/p>\n<p>F\u00f6rslag p\u00e5 nytt strandskydd r\u00f6stades ner i juni och nu i Tid\u00f6 avtalet finns strandskyddet inte ens omn\u00e4mnt.<br \/>\nNu kan man ju tycka att detta \u00e4r en ickefr\u00e5ga. Vem vill bygga ett hus mitt i skogen? Men det h\u00e4r \u00e4r mer en princip och jag har en m\u00f6jlighet att belysa och v\u00e4ljer att ta den chansen.<\/p>\n<p><img loading=\"lazy\" class=\"alignnone size-full wp-image-2656\" src=\"https:\/\/blogg.atl.nu\/morteleks-fralsegard\/wp-content\/uploads\/sites\/43\/2022\/11\/B834DD74-F0D8-4E36-B3B6-F2703BE72E16.jpeg\" alt=\"\" width=\"1047\" height=\"752\" srcset=\"https:\/\/blogg.atl.nu\/morteleks-fralsegard\/wp-content\/uploads\/sites\/43\/2022\/11\/B834DD74-F0D8-4E36-B3B6-F2703BE72E16.jpeg 1047w, https:\/\/blogg.atl.nu\/morteleks-fralsegard\/wp-content\/uploads\/sites\/43\/2022\/11\/B834DD74-F0D8-4E36-B3B6-F2703BE72E16-300x215.jpeg 300w, https:\/\/blogg.atl.nu\/morteleks-fralsegard\/wp-content\/uploads\/sites\/43\/2022\/11\/B834DD74-F0D8-4E36-B3B6-F2703BE72E16-1024x735.jpeg 1024w, https:\/\/blogg.atl.nu\/morteleks-fralsegard\/wp-content\/uploads\/sites\/43\/2022\/11\/B834DD74-F0D8-4E36-B3B6-F2703BE72E16-768x552.jpeg 768w\" sizes=\"(max-width: 1047px) 100vw, 1047px\" \/><\/p>\n<p>N\u00e4r vi pratar strandskydd \u00e4r det detta vi pratar om. Fast strandskydd \u00e4r s\u00e5 mycket mer \u00e4n medelstora sm\u00e5l\u00e4ndska sj\u00f6ar.<\/p>\n<p><img loading=\"lazy\" class=\"alignnone size-full wp-image-2660\" src=\"https:\/\/blogg.atl.nu\/morteleks-fralsegard\/wp-content\/uploads\/sites\/43\/2022\/11\/9D97B40A-A282-425A-B45C-8A3F5CF59382-scaled.jpeg\" alt=\"\" width=\"2560\" height=\"1920\" srcset=\"https:\/\/blogg.atl.nu\/morteleks-fralsegard\/wp-content\/uploads\/sites\/43\/2022\/11\/9D97B40A-A282-425A-B45C-8A3F5CF59382-scaled.jpeg 2560w, https:\/\/blogg.atl.nu\/morteleks-fralsegard\/wp-content\/uploads\/sites\/43\/2022\/11\/9D97B40A-A282-425A-B45C-8A3F5CF59382-300x225.jpeg 300w, https:\/\/blogg.atl.nu\/morteleks-fralsegard\/wp-content\/uploads\/sites\/43\/2022\/11\/9D97B40A-A282-425A-B45C-8A3F5CF59382-1024x768.jpeg 1024w, https:\/\/blogg.atl.nu\/morteleks-fralsegard\/wp-content\/uploads\/sites\/43\/2022\/11\/9D97B40A-A282-425A-B45C-8A3F5CF59382-768x576.jpeg 768w, https:\/\/blogg.atl.nu\/morteleks-fralsegard\/wp-content\/uploads\/sites\/43\/2022\/11\/9D97B40A-A282-425A-B45C-8A3F5CF59382-1536x1152.jpeg 1536w, https:\/\/blogg.atl.nu\/morteleks-fralsegard\/wp-content\/uploads\/sites\/43\/2022\/11\/9D97B40A-A282-425A-B45C-8A3F5CF59382-2048x1536.jpeg 2048w\" sizes=\"(max-width: 2560px) 100vw, 2560px\" \/> <img loading=\"lazy\" class=\"alignnone size-full wp-image-2661\" src=\"https:\/\/blogg.atl.nu\/morteleks-fralsegard\/wp-content\/uploads\/sites\/43\/2022\/11\/B85B0DAB-AC2E-49CE-957D-5F1D9ECC9843-scaled.jpeg\" alt=\"\" width=\"2560\" height=\"1920\" srcset=\"https:\/\/blogg.atl.nu\/morteleks-fralsegard\/wp-content\/uploads\/sites\/43\/2022\/11\/B85B0DAB-AC2E-49CE-957D-5F1D9ECC9843-scaled.jpeg 2560w, https:\/\/blogg.atl.nu\/morteleks-fralsegard\/wp-content\/uploads\/sites\/43\/2022\/11\/B85B0DAB-AC2E-49CE-957D-5F1D9ECC9843-300x225.jpeg 300w, https:\/\/blogg.atl.nu\/morteleks-fralsegard\/wp-content\/uploads\/sites\/43\/2022\/11\/B85B0DAB-AC2E-49CE-957D-5F1D9ECC9843-1024x768.jpeg 1024w, https:\/\/blogg.atl.nu\/morteleks-fralsegard\/wp-content\/uploads\/sites\/43\/2022\/11\/B85B0DAB-AC2E-49CE-957D-5F1D9ECC9843-768x576.jpeg 768w, https:\/\/blogg.atl.nu\/morteleks-fralsegard\/wp-content\/uploads\/sites\/43\/2022\/11\/B85B0DAB-AC2E-49CE-957D-5F1D9ECC9843-1536x1152.jpeg 1536w, https:\/\/blogg.atl.nu\/morteleks-fralsegard\/wp-content\/uploads\/sites\/43\/2022\/11\/B85B0DAB-AC2E-49CE-957D-5F1D9ECC9843-2048x1536.jpeg 2048w\" sizes=\"(max-width: 2560px) 100vw, 2560px\" \/> <img loading=\"lazy\" class=\"alignnone size-full wp-image-2662\" src=\"https:\/\/blogg.atl.nu\/morteleks-fralsegard\/wp-content\/uploads\/sites\/43\/2022\/11\/AF49A74C-E5C3-4F33-84BA-C6FC15664EF2-scaled.jpeg\" alt=\"\" width=\"2560\" height=\"1920\" srcset=\"https:\/\/blogg.atl.nu\/morteleks-fralsegard\/wp-content\/uploads\/sites\/43\/2022\/11\/AF49A74C-E5C3-4F33-84BA-C6FC15664EF2-scaled.jpeg 2560w, https:\/\/blogg.atl.nu\/morteleks-fralsegard\/wp-content\/uploads\/sites\/43\/2022\/11\/AF49A74C-E5C3-4F33-84BA-C6FC15664EF2-300x225.jpeg 300w, https:\/\/blogg.atl.nu\/morteleks-fralsegard\/wp-content\/uploads\/sites\/43\/2022\/11\/AF49A74C-E5C3-4F33-84BA-C6FC15664EF2-1024x768.jpeg 1024w, https:\/\/blogg.atl.nu\/morteleks-fralsegard\/wp-content\/uploads\/sites\/43\/2022\/11\/AF49A74C-E5C3-4F33-84BA-C6FC15664EF2-768x576.jpeg 768w, https:\/\/blogg.atl.nu\/morteleks-fralsegard\/wp-content\/uploads\/sites\/43\/2022\/11\/AF49A74C-E5C3-4F33-84BA-C6FC15664EF2-1536x1152.jpeg 1536w, https:\/\/blogg.atl.nu\/morteleks-fralsegard\/wp-content\/uploads\/sites\/43\/2022\/11\/AF49A74C-E5C3-4F33-84BA-C6FC15664EF2-2048x1536.jpeg 2048w\" sizes=\"(max-width: 2560px) 100vw, 2560px\" \/><\/p>\n<p>S\u00e5 h\u00e4r ser det ut hemma hos mig.<br \/>\nMitt i skogen finns det gr\u00e4vda skogsdiken. En del inte bredare \u00e4n en fot och knappt en st\u00f6vel h\u00f6ga. En del syns inte om du inte vet vad du ska leta efter. Diken som enbart har vatten vid sn\u00f6sm\u00e4ltning, men klassningen \u00e4r vattendrag och 100m strandskydd g\u00e4ller p\u00e5 b\u00e5da sidor diket.<\/p>\n<p><img loading=\"lazy\" class=\"alignnone size-full wp-image-2663\" src=\"https:\/\/blogg.atl.nu\/morteleks-fralsegard\/wp-content\/uploads\/sites\/43\/2022\/11\/0864BF21-CE3C-48FD-A68C-F665229237CB.jpeg\" alt=\"\" width=\"1170\" height=\"880\" srcset=\"https:\/\/blogg.atl.nu\/morteleks-fralsegard\/wp-content\/uploads\/sites\/43\/2022\/11\/0864BF21-CE3C-48FD-A68C-F665229237CB.jpeg 1170w, https:\/\/blogg.atl.nu\/morteleks-fralsegard\/wp-content\/uploads\/sites\/43\/2022\/11\/0864BF21-CE3C-48FD-A68C-F665229237CB-300x226.jpeg 300w, https:\/\/blogg.atl.nu\/morteleks-fralsegard\/wp-content\/uploads\/sites\/43\/2022\/11\/0864BF21-CE3C-48FD-A68C-F665229237CB-1024x770.jpeg 1024w, https:\/\/blogg.atl.nu\/morteleks-fralsegard\/wp-content\/uploads\/sites\/43\/2022\/11\/0864BF21-CE3C-48FD-A68C-F665229237CB-768x578.jpeg 768w\" sizes=\"(max-width: 1170px) 100vw, 1170px\" \/><\/p>\n<p>S\u00e5 h\u00e4r ser det ut p\u00e5 kartan, men n\u00e4r ni t\u00e4nker strandskydd t\u00e4nker ni s\u00e4kert detta:<\/p>\n<p><img loading=\"lazy\" class=\"alignnone size-full wp-image-2655\" src=\"https:\/\/blogg.atl.nu\/morteleks-fralsegard\/wp-content\/uploads\/sites\/43\/2022\/11\/7A011003-24D7-46A0-A668-200E567C0C72.jpeg\" alt=\"\" width=\"1307\" height=\"927\" srcset=\"https:\/\/blogg.atl.nu\/morteleks-fralsegard\/wp-content\/uploads\/sites\/43\/2022\/11\/7A011003-24D7-46A0-A668-200E567C0C72.jpeg 1307w, https:\/\/blogg.atl.nu\/morteleks-fralsegard\/wp-content\/uploads\/sites\/43\/2022\/11\/7A011003-24D7-46A0-A668-200E567C0C72-300x213.jpeg 300w, https:\/\/blogg.atl.nu\/morteleks-fralsegard\/wp-content\/uploads\/sites\/43\/2022\/11\/7A011003-24D7-46A0-A668-200E567C0C72-1024x726.jpeg 1024w, https:\/\/blogg.atl.nu\/morteleks-fralsegard\/wp-content\/uploads\/sites\/43\/2022\/11\/7A011003-24D7-46A0-A668-200E567C0C72-768x545.jpeg 768w\" sizes=\"(max-width: 1307px) 100vw, 1307px\" \/><img loading=\"lazy\" class=\"alignnone size-full wp-image-2657\" src=\"https:\/\/blogg.atl.nu\/morteleks-fralsegard\/wp-content\/uploads\/sites\/43\/2022\/11\/B533FFB8-761F-4C7A-88C1-8AB8D49340A5.jpeg\" alt=\"\" width=\"1170\" height=\"856\" srcset=\"https:\/\/blogg.atl.nu\/morteleks-fralsegard\/wp-content\/uploads\/sites\/43\/2022\/11\/B533FFB8-761F-4C7A-88C1-8AB8D49340A5.jpeg 1170w, https:\/\/blogg.atl.nu\/morteleks-fralsegard\/wp-content\/uploads\/sites\/43\/2022\/11\/B533FFB8-761F-4C7A-88C1-8AB8D49340A5-300x219.jpeg 300w, https:\/\/blogg.atl.nu\/morteleks-fralsegard\/wp-content\/uploads\/sites\/43\/2022\/11\/B533FFB8-761F-4C7A-88C1-8AB8D49340A5-1024x749.jpeg 1024w, https:\/\/blogg.atl.nu\/morteleks-fralsegard\/wp-content\/uploads\/sites\/43\/2022\/11\/B533FFB8-761F-4C7A-88C1-8AB8D49340A5-768x562.jpeg 768w\" sizes=\"(max-width: 1170px) 100vw, 1170px\" \/> <img loading=\"lazy\" class=\"alignnone size-full wp-image-2659\" src=\"https:\/\/blogg.atl.nu\/morteleks-fralsegard\/wp-content\/uploads\/sites\/43\/2022\/11\/39BE5EBD-5AC1-49F4-9C4D-E07822747DE9.jpeg\" alt=\"\" width=\"869\" height=\"625\" srcset=\"https:\/\/blogg.atl.nu\/morteleks-fralsegard\/wp-content\/uploads\/sites\/43\/2022\/11\/39BE5EBD-5AC1-49F4-9C4D-E07822747DE9.jpeg 869w, https:\/\/blogg.atl.nu\/morteleks-fralsegard\/wp-content\/uploads\/sites\/43\/2022\/11\/39BE5EBD-5AC1-49F4-9C4D-E07822747DE9-300x216.jpeg 300w, https:\/\/blogg.atl.nu\/morteleks-fralsegard\/wp-content\/uploads\/sites\/43\/2022\/11\/39BE5EBD-5AC1-49F4-9C4D-E07822747DE9-768x552.jpeg 768w\" sizes=\"(max-width: 869px) 100vw, 869px\" \/><img loading=\"lazy\" class=\"alignnone size-full wp-image-2669\" src=\"https:\/\/blogg.atl.nu\/morteleks-fralsegard\/wp-content\/uploads\/sites\/43\/2022\/11\/07EBC9E0-6A63-4EC8-BA37-69F74E81CD59-scaled.jpeg\" alt=\"\" width=\"2560\" height=\"1920\" srcset=\"https:\/\/blogg.atl.nu\/morteleks-fralsegard\/wp-content\/uploads\/sites\/43\/2022\/11\/07EBC9E0-6A63-4EC8-BA37-69F74E81CD59-scaled.jpeg 2560w, https:\/\/blogg.atl.nu\/morteleks-fralsegard\/wp-content\/uploads\/sites\/43\/2022\/11\/07EBC9E0-6A63-4EC8-BA37-69F74E81CD59-300x225.jpeg 300w, https:\/\/blogg.atl.nu\/morteleks-fralsegard\/wp-content\/uploads\/sites\/43\/2022\/11\/07EBC9E0-6A63-4EC8-BA37-69F74E81CD59-1024x768.jpeg 1024w, https:\/\/blogg.atl.nu\/morteleks-fralsegard\/wp-content\/uploads\/sites\/43\/2022\/11\/07EBC9E0-6A63-4EC8-BA37-69F74E81CD59-768x576.jpeg 768w, https:\/\/blogg.atl.nu\/morteleks-fralsegard\/wp-content\/uploads\/sites\/43\/2022\/11\/07EBC9E0-6A63-4EC8-BA37-69F74E81CD59-1536x1152.jpeg 1536w, https:\/\/blogg.atl.nu\/morteleks-fralsegard\/wp-content\/uploads\/sites\/43\/2022\/11\/07EBC9E0-6A63-4EC8-BA37-69F74E81CD59-2048x1536.jpeg 2048w\" sizes=\"(max-width: 2560px) 100vw, 2560px\" \/><\/p>\n<p>Men s\u00e5 h\u00e4r ser det ut hemma &#8221;p\u00e5 min gata i skogen&#8221; och nu \u00e4r fr\u00e5gan om Kullgren kommer att lyfta skogen, strandskyddet och \u00e4gander\u00e4tten. De delar som lyser med sin fr\u00e5nvaro och p\u00e5verkar min och mina grannars vardag och framtid.<\/p>\n<p>Skogliga h\u00e4lsningar fr\u00e5n M\u00f6rteleks Fr\u00e4lseg\u00e5rd -En skogsg\u00e5rd mitt i Sm\u00e5land<\/p>\n<p>&nbsp;<\/p>\n","protected":false},"excerpt":{"rendered":"<p>Det l\u00e5ter kanske som jag har en skruv l\u00f6s, men jag har strandskydd utan att ha vatten. Detta skulle efter en torr sommar som denna kunna handla om torka, men h\u00e4r handlar det faktiskt om strandskydd och inte om v\u00e4der. F\u00f6rslag p\u00e5 nytt strandskydd r\u00f6stades ner i juni och nu i Tid\u00f6 avtalet finns strandskyddet&#8230;<\/p>\n","protected":false},"author":366,"featured_media":2667,"comment_status":"open","ping_status":"open","sticky":false,"template":"","format":"standard","meta":[],"categories":[1],"tags":[],"yoast_head":"<!-- This site is optimized with the Yoast SEO plugin v19.6 - https:\/\/yoast.com\/wordpress\/plugins\/seo\/ -->\n<title>Strandskydd, men inget vatten - M\u00f6rteleks Fr\u00e4lseg\u00e5rd<\/title>\n<meta name=\"robots\" content=\"index, follow, max-snippet:-1, max-image-preview:large, max-video-preview:-1\" \/>\n<link rel=\"canonical\" href=\"https:\/\/blogg.atl.nu\/morteleks-fralsegard\/2022\/11\/08\/strandskydd-men-inget-vatten\/\" \/>\n<meta property=\"og:locale\" content=\"sv_SE\" \/>\n<meta property=\"og:type\" content=\"article\" \/>\n<meta property=\"og:title\" content=\"Strandskydd, men inget vatten - M\u00f6rteleks Fr\u00e4lseg\u00e5rd\" \/>\n<meta property=\"og:description\" content=\"Det l\u00e5ter kanske som jag har en skruv l\u00f6s, men jag har strandskydd utan att ha vatten. Detta skulle efter en torr sommar som denna kunna handla om torka, men h\u00e4r handlar det faktiskt om strandskydd och inte om v\u00e4der. F\u00f6rslag p\u00e5 nytt strandskydd r\u00f6stades ner i juni och nu i Tid\u00f6 avtalet finns strandskyddet...\" \/>\n<meta property=\"og:url\" content=\"https:\/\/blogg.atl.nu\/morteleks-fralsegard\/2022\/11\/08\/strandskydd-men-inget-vatten\/\" \/>\n<meta property=\"og:site_name\" content=\"M\u00f6rteleks Fr\u00e4lseg\u00e5rd\" \/>\n<meta property=\"article:published_time\" content=\"2022-11-08T22:00:49+00:00\" \/>\n<meta property=\"og:image\" content=\"https:\/\/blogg.atl.nu\/morteleks-fralsegard\/wp-content\/uploads\/sites\/43\/2022\/11\/71BAA002-6BC5-45E6-BE2D-69527BBC1FF5-1024x768.jpeg\" \/>\n\t<meta property=\"og:image:width\" content=\"1024\" \/>\n\t<meta property=\"og:image:height\" content=\"768\" \/>\n\t<meta property=\"og:image:type\" content=\"image\/jpeg\" \/>\n<meta name=\"author\" content=\"Viktoria Birgersson\" \/>\n<meta name=\"twitter:card\" content=\"summary_large_image\" \/>\n<meta name=\"twitter:label1\" content=\"Skriven av\" \/>\n\t<meta name=\"twitter:data1\" content=\"Viktoria Birgersson\" \/>\n\t<meta name=\"twitter:label2\" content=\"Ber\u00e4knad l\u00e4stid\" \/>\n\t<meta name=\"twitter:data2\" content=\"4 minuter\" \/>\n<script type=\"application\/ld+json\" class=\"yoast-schema-graph\">{\"@context\":\"https:\/\/schema.org\",\"@graph\":[{\"@type\":\"WebPage\",\"@id\":\"https:\/\/blogg.atl.nu\/morteleks-fralsegard\/2022\/11\/08\/strandskydd-men-inget-vatten\/\",\"url\":\"https:\/\/blogg.atl.nu\/morteleks-fralsegard\/2022\/11\/08\/strandskydd-men-inget-vatten\/\",\"name\":\"Strandskydd, men inget vatten - M\u00f6rteleks Fr\u00e4lseg\u00e5rd\",\"isPartOf\":{\"@id\":\"https:\/\/blogg.atl.nu\/morteleks-fralsegard\/#website\"},\"datePublished\":\"2022-11-08T22:00:49+00:00\",\"dateModified\":\"2022-11-08T22:00:49+00:00\",\"author\":{\"@id\":\"https:\/\/blogg.atl.nu\/morteleks-fralsegard\/#\/schema\/person\/0ab22364ef6b1e3febf26c41d4a32b53\"},\"breadcrumb\":{\"@id\":\"https:\/\/blogg.atl.nu\/morteleks-fralsegard\/2022\/11\/08\/strandskydd-men-inget-vatten\/#breadcrumb\"},\"inLanguage\":\"sv-SE\",\"potentialAction\":[{\"@type\":\"ReadAction\",\"target\":[\"https:\/\/blogg.atl.nu\/morteleks-fralsegard\/2022\/11\/08\/strandskydd-men-inget-vatten\/\"]}]},{\"@type\":\"BreadcrumbList\",\"@id\":\"https:\/\/blogg.atl.nu\/morteleks-fralsegard\/2022\/11\/08\/strandskydd-men-inget-vatten\/#breadcrumb\",\"itemListElement\":[{\"@type\":\"ListItem\",\"position\":1,\"name\":\"Home\",\"item\":\"https:\/\/blogg.atl.nu\/morteleks-fralsegard\/\"},{\"@type\":\"ListItem\",\"position\":2,\"name\":\"Strandskydd, men inget vatten\"}]},{\"@type\":\"WebSite\",\"@id\":\"https:\/\/blogg.atl.nu\/morteleks-fralsegard\/#website\",\"url\":\"https:\/\/blogg.atl.nu\/morteleks-fralsegard\/\",\"name\":\"M\u00f6rteleks Fr\u00e4lseg\u00e5rd\",\"description\":\"Viktoria Birgersson\",\"potentialAction\":[{\"@type\":\"SearchAction\",\"target\":{\"@type\":\"EntryPoint\",\"urlTemplate\":\"https:\/\/blogg.atl.nu\/morteleks-fralsegard\/?s={search_term_string}\"},\"query-input\":\"required name=search_term_string\"}],\"inLanguage\":\"sv-SE\"},{\"@type\":\"Person\",\"@id\":\"https:\/\/blogg.atl.nu\/morteleks-fralsegard\/#\/schema\/person\/0ab22364ef6b1e3febf26c41d4a32b53\",\"name\":\"Viktoria Birgersson\",\"image\":{\"@type\":\"ImageObject\",\"inLanguage\":\"sv-SE\",\"@id\":\"https:\/\/blogg.atl.nu\/morteleks-fralsegard\/#\/schema\/person\/image\/\",\"url\":\"https:\/\/secure.gravatar.com\/avatar\/66ee725962479e3acb970802c6913bd7?s=96&d=mm&r=g\",\"contentUrl\":\"https:\/\/secure.gravatar.com\/avatar\/66ee725962479e3acb970802c6913bd7?s=96&d=mm&r=g\",\"caption\":\"Viktoria Birgersson\"},\"url\":\"https:\/\/blogg.atl.nu\/morteleks-fralsegard\/author\/morteleks-fralsegard\/\"}]}<\/script>\n<!-- \/ Yoast SEO plugin. -->","yoast_head_json":{"title":"Strandskydd, men inget vatten - M\u00f6rteleks Fr\u00e4lseg\u00e5rd","robots":{"index":"index","follow":"follow","max-snippet":"max-snippet:-1","max-image-preview":"max-image-preview:large","max-video-preview":"max-video-preview:-1"},"canonical":"https:\/\/blogg.atl.nu\/morteleks-fralsegard\/2022\/11\/08\/strandskydd-men-inget-vatten\/","og_locale":"sv_SE","og_type":"article","og_title":"Strandskydd, men inget vatten - M\u00f6rteleks Fr\u00e4lseg\u00e5rd","og_description":"Det l\u00e5ter kanske som jag har en skruv l\u00f6s, men jag har strandskydd utan att ha vatten. Detta skulle efter en torr sommar som denna kunna handla om torka, men h\u00e4r handlar det faktiskt om strandskydd och inte om v\u00e4der. F\u00f6rslag p\u00e5 nytt strandskydd r\u00f6stades ner i juni och nu i Tid\u00f6 avtalet finns strandskyddet...","og_url":"https:\/\/blogg.atl.nu\/morteleks-fralsegard\/2022\/11\/08\/strandskydd-men-inget-vatten\/","og_site_name":"M\u00f6rteleks Fr\u00e4lseg\u00e5rd","article_published_time":"2022-11-08T22:00:49+00:00","og_image":[{"width":1024,"height":768,"url":"https:\/\/blogg.atl.nu\/morteleks-fralsegard\/wp-content\/uploads\/sites\/43\/2022\/11\/71BAA002-6BC5-45E6-BE2D-69527BBC1FF5-1024x768.jpeg","type":"image\/jpeg"}],"author":"Viktoria Birgersson","twitter_card":"summary_large_image","twitter_misc":{"Skriven av":"Viktoria Birgersson","Ber\u00e4knad l\u00e4stid":"4 minuter"},"schema":{"@context":"https:\/\/schema.org","@graph":[{"@type":"WebPage","@id":"https:\/\/blogg.atl.nu\/morteleks-fralsegard\/2022\/11\/08\/strandskydd-men-inget-vatten\/","url":"https:\/\/blogg.atl.nu\/morteleks-fralsegard\/2022\/11\/08\/strandskydd-men-inget-vatten\/","name":"Strandskydd, men inget vatten - M\u00f6rteleks Fr\u00e4lseg\u00e5rd","isPartOf":{"@id":"https:\/\/blogg.atl.nu\/morteleks-fralsegard\/#website"},"datePublished":"2022-11-08T22:00:49+00:00","dateModified":"2022-11-08T22:00:49+00:00","author":{"@id":"https:\/\/blogg.atl.nu\/morteleks-fralsegard\/#\/schema\/person\/0ab22364ef6b1e3febf26c41d4a32b53"},"breadcrumb":{"@id":"https:\/\/blogg.atl.nu\/morteleks-fralsegard\/2022\/11\/08\/strandskydd-men-inget-vatten\/#breadcrumb"},"inLanguage":"sv-SE","potentialAction":[{"@type":"ReadAction","target":["https:\/\/blogg.atl.nu\/morteleks-fralsegard\/2022\/11\/08\/strandskydd-men-inget-vatten\/"]}]},{"@type":"BreadcrumbList","@id":"https:\/\/blogg.atl.nu\/morteleks-fralsegard\/2022\/11\/08\/strandskydd-men-inget-vatten\/#breadcrumb","itemListElement":[{"@type":"ListItem","position":1,"name":"Home","item":"https:\/\/blogg.atl.nu\/morteleks-fralsegard\/"},{"@type":"ListItem","position":2,"name":"Strandskydd, men inget vatten"}]},{"@type":"WebSite","@id":"https:\/\/blogg.atl.nu\/morteleks-fralsegard\/#website","url":"https:\/\/blogg.atl.nu\/morteleks-fralsegard\/","name":"M\u00f6rteleks Fr\u00e4lseg\u00e5rd","description":"Viktoria Birgersson","potentialAction":[{"@type":"SearchAction","target":{"@type":"EntryPoint","urlTemplate":"https:\/\/blogg.atl.nu\/morteleks-fralsegard\/?s={search_term_string}"},"query-input":"required name=search_term_string"}],"inLanguage":"sv-SE"},{"@type":"Person","@id":"https:\/\/blogg.atl.nu\/morteleks-fralsegard\/#\/schema\/person\/0ab22364ef6b1e3febf26c41d4a32b53","name":"Viktoria Birgersson","image":{"@type":"ImageObject","inLanguage":"sv-SE","@id":"https:\/\/blogg.atl.nu\/morteleks-fralsegard\/#\/schema\/person\/image\/","url":"https:\/\/secure.gravatar.com\/avatar\/66ee725962479e3acb970802c6913bd7?s=96&d=mm&r=g","contentUrl":"https:\/\/secure.gravatar.com\/avatar\/66ee725962479e3acb970802c6913bd7?s=96&d=mm&r=g","caption":"Viktoria Birgersson"},"url":"https:\/\/blogg.atl.nu\/morteleks-fralsegard\/author\/morteleks-fralsegard\/"}]}},"_links":{"self":[{"href":"https:\/\/blogg.atl.nu\/morteleks-fralsegard\/wp-json\/wp\/v2\/posts\/2650"}],"collection":[{"href":"https:\/\/blogg.atl.nu\/morteleks-fralsegard\/wp-json\/wp\/v2\/posts"}],"about":[{"href":"https:\/\/blogg.atl.nu\/morteleks-fralsegard\/wp-json\/wp\/v2\/types\/post"}],"author":[{"embeddable":true,"href":"https:\/\/blogg.atl.nu\/morteleks-fralsegard\/wp-json\/wp\/v2\/users\/366"}],"replies":[{"embeddable":true,"href":"https:\/\/blogg.atl.nu\/morteleks-fralsegard\/wp-json\/wp\/v2\/comments?post=2650"}],"version-history":[{"count":10,"href":"https:\/\/blogg.atl.nu\/morteleks-fralsegard\/wp-json\/wp\/v2\/posts\/2650\/revisions"}],"predecessor-version":[{"id":2675,"href":"https:\/\/blogg.atl.nu\/morteleks-fralsegard\/wp-json\/wp\/v2\/posts\/2650\/revisions\/2675"}],"wp:featuredmedia":[{"embeddable":true,"href":"https:\/\/blogg.atl.nu\/morteleks-fralsegard\/wp-json\/wp\/v2\/media\/2667"}],"wp:attachment":[{"href":"https:\/\/blogg.atl.nu\/morteleks-fralsegard\/wp-json\/wp\/v2\/media?parent=2650"}],"wp:term":[{"taxonomy":"category","embeddable":true,"href":"https:\/\/blogg.atl.nu\/morteleks-fralsegard\/wp-json\/wp\/v2\/categories?post=2650"},{"taxonomy":"post_tag","embeddable":true,"href":"https:\/\/blogg.atl.nu\/morteleks-fralsegard\/wp-json\/wp\/v2\/tags?post=2650"}],"curies":[{"name":"wp","href":"https:\/\/api.w.org\/{rel}","templated":true}]}}