{"id":3038,"date":"2023-01-08T20:50:09","date_gmt":"2023-01-08T20:50:09","guid":{"rendered":"https:\/\/blogg.atl.nu\/morteleks-fralsegard\/?p=3038"},"modified":"2023-01-08T21:23:18","modified_gmt":"2023-01-08T21:23:18","slug":"3-dagars-helger-skulle-kunna-vara-standard","status":"publish","type":"post","link":"https:\/\/blogg.atl.nu\/morteleks-fralsegard\/2023\/01\/08\/3-dagars-helger-skulle-kunna-vara-standard\/","title":{"rendered":"3-dagars helger skulle kunna vara standard"},"content":{"rendered":"<h2>Va sk\u00f6nt med en extra dag p\u00e5 helgen! Inte f\u00f6r att det har blivit en massa tid att vila, men jag har hunnit med en hel del, vilket k\u00e4nns sk\u00f6nt.<\/h2>\n<p><img loading=\"lazy\" class=\"alignnone size-full wp-image-3044\" src=\"https:\/\/blogg.atl.nu\/morteleks-fralsegard\/wp-content\/uploads\/sites\/43\/2023\/01\/FECE5347-6058-443F-9490-A98EA6A40FAE-scaled.jpeg\" alt=\"\" width=\"2560\" height=\"1920\" srcset=\"https:\/\/blogg.atl.nu\/morteleks-fralsegard\/wp-content\/uploads\/sites\/43\/2023\/01\/FECE5347-6058-443F-9490-A98EA6A40FAE-scaled.jpeg 2560w, https:\/\/blogg.atl.nu\/morteleks-fralsegard\/wp-content\/uploads\/sites\/43\/2023\/01\/FECE5347-6058-443F-9490-A98EA6A40FAE-300x225.jpeg 300w, https:\/\/blogg.atl.nu\/morteleks-fralsegard\/wp-content\/uploads\/sites\/43\/2023\/01\/FECE5347-6058-443F-9490-A98EA6A40FAE-1024x768.jpeg 1024w, https:\/\/blogg.atl.nu\/morteleks-fralsegard\/wp-content\/uploads\/sites\/43\/2023\/01\/FECE5347-6058-443F-9490-A98EA6A40FAE-768x576.jpeg 768w, https:\/\/blogg.atl.nu\/morteleks-fralsegard\/wp-content\/uploads\/sites\/43\/2023\/01\/FECE5347-6058-443F-9490-A98EA6A40FAE-1536x1152.jpeg 1536w, https:\/\/blogg.atl.nu\/morteleks-fralsegard\/wp-content\/uploads\/sites\/43\/2023\/01\/FECE5347-6058-443F-9490-A98EA6A40FAE-2048x1536.jpeg 2048w\" sizes=\"(max-width: 2560px) 100vw, 2560px\" \/><br \/>\n<img loading=\"lazy\" class=\"alignnone size-full wp-image-3043\" src=\"https:\/\/blogg.atl.nu\/morteleks-fralsegard\/wp-content\/uploads\/sites\/43\/2023\/01\/526A42B1-F122-4DB7-A0E2-DA3E57B740A6-scaled.jpeg\" alt=\"\" width=\"2560\" height=\"1920\" srcset=\"https:\/\/blogg.atl.nu\/morteleks-fralsegard\/wp-content\/uploads\/sites\/43\/2023\/01\/526A42B1-F122-4DB7-A0E2-DA3E57B740A6-scaled.jpeg 2560w, https:\/\/blogg.atl.nu\/morteleks-fralsegard\/wp-content\/uploads\/sites\/43\/2023\/01\/526A42B1-F122-4DB7-A0E2-DA3E57B740A6-300x225.jpeg 300w, https:\/\/blogg.atl.nu\/morteleks-fralsegard\/wp-content\/uploads\/sites\/43\/2023\/01\/526A42B1-F122-4DB7-A0E2-DA3E57B740A6-1024x768.jpeg 1024w, https:\/\/blogg.atl.nu\/morteleks-fralsegard\/wp-content\/uploads\/sites\/43\/2023\/01\/526A42B1-F122-4DB7-A0E2-DA3E57B740A6-768x576.jpeg 768w, https:\/\/blogg.atl.nu\/morteleks-fralsegard\/wp-content\/uploads\/sites\/43\/2023\/01\/526A42B1-F122-4DB7-A0E2-DA3E57B740A6-1536x1152.jpeg 1536w, https:\/\/blogg.atl.nu\/morteleks-fralsegard\/wp-content\/uploads\/sites\/43\/2023\/01\/526A42B1-F122-4DB7-A0E2-DA3E57B740A6-2048x1536.jpeg 2048w\" sizes=\"(max-width: 2560px) 100vw, 2560px\" \/>Dagens regn och sn\u00f6djup gjorde att det idag fick bli hemmajobb och vedhuggningen fick v\u00e4nta lite till. Men ig\u00e5r var det uppeh\u00e5ll och 3 flak flis blev det av den senast s\u00e5gade ribben. Perfekt att ha veden p\u00e5 ladug\u00e5rdsplanen med lyse, men grannarna undrade nog hur det stod till n\u00e4r vi f\u00f6rde ov\u00e4sen en l\u00f6rdag eftermiddag\/tidig kv\u00e4ll.<\/p>\n<p><img loading=\"lazy\" class=\"alignnone size-full wp-image-3041\" src=\"https:\/\/blogg.atl.nu\/morteleks-fralsegard\/wp-content\/uploads\/sites\/43\/2023\/01\/E10F4BAA-0F50-407F-9426-1EE5EB7E3639-scaled.jpeg\" alt=\"\" width=\"1920\" height=\"2560\" srcset=\"https:\/\/blogg.atl.nu\/morteleks-fralsegard\/wp-content\/uploads\/sites\/43\/2023\/01\/E10F4BAA-0F50-407F-9426-1EE5EB7E3639-scaled.jpeg 1920w, https:\/\/blogg.atl.nu\/morteleks-fralsegard\/wp-content\/uploads\/sites\/43\/2023\/01\/E10F4BAA-0F50-407F-9426-1EE5EB7E3639-225x300.jpeg 225w, https:\/\/blogg.atl.nu\/morteleks-fralsegard\/wp-content\/uploads\/sites\/43\/2023\/01\/E10F4BAA-0F50-407F-9426-1EE5EB7E3639-768x1024.jpeg 768w, https:\/\/blogg.atl.nu\/morteleks-fralsegard\/wp-content\/uploads\/sites\/43\/2023\/01\/E10F4BAA-0F50-407F-9426-1EE5EB7E3639-1152x1536.jpeg 1152w, https:\/\/blogg.atl.nu\/morteleks-fralsegard\/wp-content\/uploads\/sites\/43\/2023\/01\/E10F4BAA-0F50-407F-9426-1EE5EB7E3639-1536x2048.jpeg 1536w\" sizes=\"(max-width: 1920px) 100vw, 1920px\" \/><\/p>\n<p>Efter flisningen blev det en liten Schweizisk \u00f6lprovning. Lyxigt och sp\u00e4nnande och det b\u00e4sta \u00e4r att vi har tv\u00e5 flaskor kvar.<\/p>\n<p><strong>Maisgold<\/strong><br \/>\nMajs\u00f6l tror jag aldrig att jag tidigare har smakat. Ett s\u00f6tt och gott \u00f6l som smakar vaniljfudge.<br \/>\nMaisgold kommer fr\u00e5n byn Einsiedeln i de Schweiziska alperna.<\/p>\n<p><img loading=\"lazy\" class=\"alignnone size-full wp-image-3040\" src=\"https:\/\/blogg.atl.nu\/morteleks-fralsegard\/wp-content\/uploads\/sites\/43\/2023\/01\/BAF94B99-C5CF-4A92-8BE2-D2D0B2551E97-scaled.jpeg\" alt=\"\" width=\"1920\" height=\"2560\" srcset=\"https:\/\/blogg.atl.nu\/morteleks-fralsegard\/wp-content\/uploads\/sites\/43\/2023\/01\/BAF94B99-C5CF-4A92-8BE2-D2D0B2551E97-scaled.jpeg 1920w, https:\/\/blogg.atl.nu\/morteleks-fralsegard\/wp-content\/uploads\/sites\/43\/2023\/01\/BAF94B99-C5CF-4A92-8BE2-D2D0B2551E97-225x300.jpeg 225w, https:\/\/blogg.atl.nu\/morteleks-fralsegard\/wp-content\/uploads\/sites\/43\/2023\/01\/BAF94B99-C5CF-4A92-8BE2-D2D0B2551E97-768x1024.jpeg 768w, https:\/\/blogg.atl.nu\/morteleks-fralsegard\/wp-content\/uploads\/sites\/43\/2023\/01\/BAF94B99-C5CF-4A92-8BE2-D2D0B2551E97-1152x1536.jpeg 1152w, https:\/\/blogg.atl.nu\/morteleks-fralsegard\/wp-content\/uploads\/sites\/43\/2023\/01\/BAF94B99-C5CF-4A92-8BE2-D2D0B2551E97-1536x2048.jpeg 1536w\" sizes=\"(max-width: 1920px) 100vw, 1920px\" \/><\/p>\n<p><strong>\u00c4s G\u00e4\u00e4chs<\/strong><br \/>\n\u00c4nnu en solgul \u00f6l men med en n\u00e5got st\u00f6rre beska, men en mjuk och \u00f6rtig smak. J\u00e4ttetrevlig \u00f6l.<br \/>\nP\u00e5 branterna (g\u00e4\u00e4chem) i bergsmassivet Heubrig sk\u00f6rdas den unika \u00f6lingrediensen, ett kryddigt vildh\u00f6, vilket f\u00f6rklarar smaken av \u00f6rter.<\/p>\n<p><img loading=\"lazy\" class=\"alignnone size-full wp-image-3039\" src=\"https:\/\/blogg.atl.nu\/morteleks-fralsegard\/wp-content\/uploads\/sites\/43\/2023\/01\/683AF2FF-DEB0-4690-BF55-DB64ED816A70-scaled.jpeg\" alt=\"\" width=\"2560\" height=\"1920\" srcset=\"https:\/\/blogg.atl.nu\/morteleks-fralsegard\/wp-content\/uploads\/sites\/43\/2023\/01\/683AF2FF-DEB0-4690-BF55-DB64ED816A70-scaled.jpeg 2560w, https:\/\/blogg.atl.nu\/morteleks-fralsegard\/wp-content\/uploads\/sites\/43\/2023\/01\/683AF2FF-DEB0-4690-BF55-DB64ED816A70-300x225.jpeg 300w, https:\/\/blogg.atl.nu\/morteleks-fralsegard\/wp-content\/uploads\/sites\/43\/2023\/01\/683AF2FF-DEB0-4690-BF55-DB64ED816A70-1024x768.jpeg 1024w, https:\/\/blogg.atl.nu\/morteleks-fralsegard\/wp-content\/uploads\/sites\/43\/2023\/01\/683AF2FF-DEB0-4690-BF55-DB64ED816A70-768x576.jpeg 768w, https:\/\/blogg.atl.nu\/morteleks-fralsegard\/wp-content\/uploads\/sites\/43\/2023\/01\/683AF2FF-DEB0-4690-BF55-DB64ED816A70-1536x1152.jpeg 1536w, https:\/\/blogg.atl.nu\/morteleks-fralsegard\/wp-content\/uploads\/sites\/43\/2023\/01\/683AF2FF-DEB0-4690-BF55-DB64ED816A70-2048x1536.jpeg 2048w\" sizes=\"(max-width: 2560px) 100vw, 2560px\" \/><\/p>\n<p>Idag n\u00e4r det har regnat, har det varit m\u00e5lning p\u00e5 schemat. M\u00e5lar det mesta med linoljef\u00e4rg och idag har det varit sk\u00e5p och v\u00e4ggar i tv\u00e4ttstugan. Linoljef\u00e4rg luktar gott, \u00e4r l\u00e4tt arbetat och g\u00e5r inte att stressa p\u00e5 torktiden. Blir att best\u00e4lla lite mer f\u00e4rg, d\u00e5 den inte kommer att r\u00e4cka till taklisten.<\/p>\n<p>Skogliga h\u00e4lsningar fr\u00e5n M\u00f6rteleks Fr\u00e4lseg\u00e5rd -En skogsg\u00e5rd mitt i Sm\u00e5land.<\/p>\n<p>&nbsp;<\/p>\n","protected":false},"excerpt":{"rendered":"<p>Va sk\u00f6nt med en extra dag p\u00e5 helgen! Inte f\u00f6r att det har blivit en massa tid att vila, men jag har hunnit med en hel del, vilket k\u00e4nns sk\u00f6nt. Dagens regn och sn\u00f6djup gjorde att det idag fick bli hemmajobb och vedhuggningen fick v\u00e4nta lite till. Men ig\u00e5r var det uppeh\u00e5ll och 3 flak&#8230;<\/p>\n","protected":false},"author":366,"featured_media":3042,"comment_status":"open","ping_status":"open","sticky":false,"template":"","format":"standard","meta":[],"categories":[1],"tags":[],"yoast_head":"<!-- This site is optimized with the Yoast SEO plugin v19.6 - https:\/\/yoast.com\/wordpress\/plugins\/seo\/ -->\n<title>3-dagars helger skulle kunna vara standard - M\u00f6rteleks Fr\u00e4lseg\u00e5rd<\/title>\n<meta name=\"robots\" content=\"index, follow, max-snippet:-1, max-image-preview:large, max-video-preview:-1\" \/>\n<link rel=\"canonical\" href=\"https:\/\/blogg.atl.nu\/morteleks-fralsegard\/2023\/01\/08\/3-dagars-helger-skulle-kunna-vara-standard\/\" \/>\n<meta property=\"og:locale\" content=\"sv_SE\" \/>\n<meta property=\"og:type\" content=\"article\" \/>\n<meta property=\"og:title\" content=\"3-dagars helger skulle kunna vara standard - M\u00f6rteleks Fr\u00e4lseg\u00e5rd\" \/>\n<meta property=\"og:description\" content=\"Va sk\u00f6nt med en extra dag p\u00e5 helgen! Inte f\u00f6r att det har blivit en massa tid att vila, men jag har hunnit med en hel del, vilket k\u00e4nns sk\u00f6nt. Dagens regn och sn\u00f6djup gjorde att det idag fick bli hemmajobb och vedhuggningen fick v\u00e4nta lite till. Men ig\u00e5r var det uppeh\u00e5ll och 3 flak...\" \/>\n<meta property=\"og:url\" content=\"https:\/\/blogg.atl.nu\/morteleks-fralsegard\/2023\/01\/08\/3-dagars-helger-skulle-kunna-vara-standard\/\" \/>\n<meta property=\"og:site_name\" content=\"M\u00f6rteleks Fr\u00e4lseg\u00e5rd\" \/>\n<meta property=\"article:published_time\" content=\"2023-01-08T20:50:09+00:00\" \/>\n<meta property=\"article:modified_time\" content=\"2023-01-08T21:23:18+00:00\" \/>\n<meta property=\"og:image\" content=\"https:\/\/blogg.atl.nu\/morteleks-fralsegard\/wp-content\/uploads\/sites\/43\/2023\/01\/D2AE424B-96BB-454C-A32D-6718772A9BEB-scaled.jpeg\" \/>\n\t<meta property=\"og:image:width\" content=\"2560\" \/>\n\t<meta property=\"og:image:height\" content=\"1920\" \/>\n\t<meta property=\"og:image:type\" content=\"image\/jpeg\" \/>\n<meta name=\"author\" content=\"Viktoria Birgersson\" \/>\n<meta name=\"twitter:card\" content=\"summary_large_image\" \/>\n<meta name=\"twitter:label1\" content=\"Skriven av\" \/>\n\t<meta name=\"twitter:data1\" content=\"Viktoria Birgersson\" \/>\n\t<meta name=\"twitter:label2\" content=\"Ber\u00e4knad l\u00e4stid\" \/>\n\t<meta name=\"twitter:data2\" content=\"3 minuter\" \/>\n<script type=\"application\/ld+json\" class=\"yoast-schema-graph\">{\"@context\":\"https:\/\/schema.org\",\"@graph\":[{\"@type\":\"WebPage\",\"@id\":\"https:\/\/blogg.atl.nu\/morteleks-fralsegard\/2023\/01\/08\/3-dagars-helger-skulle-kunna-vara-standard\/\",\"url\":\"https:\/\/blogg.atl.nu\/morteleks-fralsegard\/2023\/01\/08\/3-dagars-helger-skulle-kunna-vara-standard\/\",\"name\":\"3-dagars helger skulle kunna vara standard - M\u00f6rteleks Fr\u00e4lseg\u00e5rd\",\"isPartOf\":{\"@id\":\"https:\/\/blogg.atl.nu\/morteleks-fralsegard\/#website\"},\"datePublished\":\"2023-01-08T20:50:09+00:00\",\"dateModified\":\"2023-01-08T21:23:18+00:00\",\"author\":{\"@id\":\"https:\/\/blogg.atl.nu\/morteleks-fralsegard\/#\/schema\/person\/0ab22364ef6b1e3febf26c41d4a32b53\"},\"breadcrumb\":{\"@id\":\"https:\/\/blogg.atl.nu\/morteleks-fralsegard\/2023\/01\/08\/3-dagars-helger-skulle-kunna-vara-standard\/#breadcrumb\"},\"inLanguage\":\"sv-SE\",\"potentialAction\":[{\"@type\":\"ReadAction\",\"target\":[\"https:\/\/blogg.atl.nu\/morteleks-fralsegard\/2023\/01\/08\/3-dagars-helger-skulle-kunna-vara-standard\/\"]}]},{\"@type\":\"BreadcrumbList\",\"@id\":\"https:\/\/blogg.atl.nu\/morteleks-fralsegard\/2023\/01\/08\/3-dagars-helger-skulle-kunna-vara-standard\/#breadcrumb\",\"itemListElement\":[{\"@type\":\"ListItem\",\"position\":1,\"name\":\"Home\",\"item\":\"https:\/\/blogg.atl.nu\/morteleks-fralsegard\/\"},{\"@type\":\"ListItem\",\"position\":2,\"name\":\"3-dagars helger skulle kunna vara standard\"}]},{\"@type\":\"WebSite\",\"@id\":\"https:\/\/blogg.atl.nu\/morteleks-fralsegard\/#website\",\"url\":\"https:\/\/blogg.atl.nu\/morteleks-fralsegard\/\",\"name\":\"M\u00f6rteleks Fr\u00e4lseg\u00e5rd\",\"description\":\"Viktoria Birgersson\",\"potentialAction\":[{\"@type\":\"SearchAction\",\"target\":{\"@type\":\"EntryPoint\",\"urlTemplate\":\"https:\/\/blogg.atl.nu\/morteleks-fralsegard\/?s={search_term_string}\"},\"query-input\":\"required name=search_term_string\"}],\"inLanguage\":\"sv-SE\"},{\"@type\":\"Person\",\"@id\":\"https:\/\/blogg.atl.nu\/morteleks-fralsegard\/#\/schema\/person\/0ab22364ef6b1e3febf26c41d4a32b53\",\"name\":\"Viktoria Birgersson\",\"image\":{\"@type\":\"ImageObject\",\"inLanguage\":\"sv-SE\",\"@id\":\"https:\/\/blogg.atl.nu\/morteleks-fralsegard\/#\/schema\/person\/image\/\",\"url\":\"https:\/\/secure.gravatar.com\/avatar\/66ee725962479e3acb970802c6913bd7?s=96&d=mm&r=g\",\"contentUrl\":\"https:\/\/secure.gravatar.com\/avatar\/66ee725962479e3acb970802c6913bd7?s=96&d=mm&r=g\",\"caption\":\"Viktoria Birgersson\"},\"url\":\"https:\/\/blogg.atl.nu\/morteleks-fralsegard\/author\/morteleks-fralsegard\/\"}]}<\/script>\n<!-- \/ Yoast SEO plugin. -->","yoast_head_json":{"title":"3-dagars helger skulle kunna vara standard - M\u00f6rteleks Fr\u00e4lseg\u00e5rd","robots":{"index":"index","follow":"follow","max-snippet":"max-snippet:-1","max-image-preview":"max-image-preview:large","max-video-preview":"max-video-preview:-1"},"canonical":"https:\/\/blogg.atl.nu\/morteleks-fralsegard\/2023\/01\/08\/3-dagars-helger-skulle-kunna-vara-standard\/","og_locale":"sv_SE","og_type":"article","og_title":"3-dagars helger skulle kunna vara standard - M\u00f6rteleks Fr\u00e4lseg\u00e5rd","og_description":"Va sk\u00f6nt med en extra dag p\u00e5 helgen! Inte f\u00f6r att det har blivit en massa tid att vila, men jag har hunnit med en hel del, vilket k\u00e4nns sk\u00f6nt. Dagens regn och sn\u00f6djup gjorde att det idag fick bli hemmajobb och vedhuggningen fick v\u00e4nta lite till. Men ig\u00e5r var det uppeh\u00e5ll och 3 flak...","og_url":"https:\/\/blogg.atl.nu\/morteleks-fralsegard\/2023\/01\/08\/3-dagars-helger-skulle-kunna-vara-standard\/","og_site_name":"M\u00f6rteleks Fr\u00e4lseg\u00e5rd","article_published_time":"2023-01-08T20:50:09+00:00","article_modified_time":"2023-01-08T21:23:18+00:00","og_image":[{"width":2560,"height":1920,"url":"https:\/\/blogg.atl.nu\/morteleks-fralsegard\/wp-content\/uploads\/sites\/43\/2023\/01\/D2AE424B-96BB-454C-A32D-6718772A9BEB-scaled.jpeg","type":"image\/jpeg"}],"author":"Viktoria Birgersson","twitter_card":"summary_large_image","twitter_misc":{"Skriven av":"Viktoria Birgersson","Ber\u00e4knad l\u00e4stid":"3 minuter"},"schema":{"@context":"https:\/\/schema.org","@graph":[{"@type":"WebPage","@id":"https:\/\/blogg.atl.nu\/morteleks-fralsegard\/2023\/01\/08\/3-dagars-helger-skulle-kunna-vara-standard\/","url":"https:\/\/blogg.atl.nu\/morteleks-fralsegard\/2023\/01\/08\/3-dagars-helger-skulle-kunna-vara-standard\/","name":"3-dagars helger skulle kunna vara standard - M\u00f6rteleks Fr\u00e4lseg\u00e5rd","isPartOf":{"@id":"https:\/\/blogg.atl.nu\/morteleks-fralsegard\/#website"},"datePublished":"2023-01-08T20:50:09+00:00","dateModified":"2023-01-08T21:23:18+00:00","author":{"@id":"https:\/\/blogg.atl.nu\/morteleks-fralsegard\/#\/schema\/person\/0ab22364ef6b1e3febf26c41d4a32b53"},"breadcrumb":{"@id":"https:\/\/blogg.atl.nu\/morteleks-fralsegard\/2023\/01\/08\/3-dagars-helger-skulle-kunna-vara-standard\/#breadcrumb"},"inLanguage":"sv-SE","potentialAction":[{"@type":"ReadAction","target":["https:\/\/blogg.atl.nu\/morteleks-fralsegard\/2023\/01\/08\/3-dagars-helger-skulle-kunna-vara-standard\/"]}]},{"@type":"BreadcrumbList","@id":"https:\/\/blogg.atl.nu\/morteleks-fralsegard\/2023\/01\/08\/3-dagars-helger-skulle-kunna-vara-standard\/#breadcrumb","itemListElement":[{"@type":"ListItem","position":1,"name":"Home","item":"https:\/\/blogg.atl.nu\/morteleks-fralsegard\/"},{"@type":"ListItem","position":2,"name":"3-dagars helger skulle kunna vara standard"}]},{"@type":"WebSite","@id":"https:\/\/blogg.atl.nu\/morteleks-fralsegard\/#website","url":"https:\/\/blogg.atl.nu\/morteleks-fralsegard\/","name":"M\u00f6rteleks Fr\u00e4lseg\u00e5rd","description":"Viktoria Birgersson","potentialAction":[{"@type":"SearchAction","target":{"@type":"EntryPoint","urlTemplate":"https:\/\/blogg.atl.nu\/morteleks-fralsegard\/?s={search_term_string}"},"query-input":"required name=search_term_string"}],"inLanguage":"sv-SE"},{"@type":"Person","@id":"https:\/\/blogg.atl.nu\/morteleks-fralsegard\/#\/schema\/person\/0ab22364ef6b1e3febf26c41d4a32b53","name":"Viktoria Birgersson","image":{"@type":"ImageObject","inLanguage":"sv-SE","@id":"https:\/\/blogg.atl.nu\/morteleks-fralsegard\/#\/schema\/person\/image\/","url":"https:\/\/secure.gravatar.com\/avatar\/66ee725962479e3acb970802c6913bd7?s=96&d=mm&r=g","contentUrl":"https:\/\/secure.gravatar.com\/avatar\/66ee725962479e3acb970802c6913bd7?s=96&d=mm&r=g","caption":"Viktoria Birgersson"},"url":"https:\/\/blogg.atl.nu\/morteleks-fralsegard\/author\/morteleks-fralsegard\/"}]}},"_links":{"self":[{"href":"https:\/\/blogg.atl.nu\/morteleks-fralsegard\/wp-json\/wp\/v2\/posts\/3038"}],"collection":[{"href":"https:\/\/blogg.atl.nu\/morteleks-fralsegard\/wp-json\/wp\/v2\/posts"}],"about":[{"href":"https:\/\/blogg.atl.nu\/morteleks-fralsegard\/wp-json\/wp\/v2\/types\/post"}],"author":[{"embeddable":true,"href":"https:\/\/blogg.atl.nu\/morteleks-fralsegard\/wp-json\/wp\/v2\/users\/366"}],"replies":[{"embeddable":true,"href":"https:\/\/blogg.atl.nu\/morteleks-fralsegard\/wp-json\/wp\/v2\/comments?post=3038"}],"version-history":[{"count":12,"href":"https:\/\/blogg.atl.nu\/morteleks-fralsegard\/wp-json\/wp\/v2\/posts\/3038\/revisions"}],"predecessor-version":[{"id":3056,"href":"https:\/\/blogg.atl.nu\/morteleks-fralsegard\/wp-json\/wp\/v2\/posts\/3038\/revisions\/3056"}],"wp:featuredmedia":[{"embeddable":true,"href":"https:\/\/blogg.atl.nu\/morteleks-fralsegard\/wp-json\/wp\/v2\/media\/3042"}],"wp:attachment":[{"href":"https:\/\/blogg.atl.nu\/morteleks-fralsegard\/wp-json\/wp\/v2\/media?parent=3038"}],"wp:term":[{"taxonomy":"category","embeddable":true,"href":"https:\/\/blogg.atl.nu\/morteleks-fralsegard\/wp-json\/wp\/v2\/categories?post=3038"},{"taxonomy":"post_tag","embeddable":true,"href":"https:\/\/blogg.atl.nu\/morteleks-fralsegard\/wp-json\/wp\/v2\/tags?post=3038"}],"curies":[{"name":"wp","href":"https:\/\/api.w.org\/{rel}","templated":true}]}}