{"id":3057,"date":"2023-01-11T21:50:59","date_gmt":"2023-01-11T21:50:59","guid":{"rendered":"https:\/\/blogg.atl.nu\/morteleks-fralsegard\/?p=3057"},"modified":"2023-01-11T21:59:36","modified_gmt":"2023-01-11T21:59:36","slug":"vattnet-fortsatter-att-oka","status":"publish","type":"post","link":"https:\/\/blogg.atl.nu\/morteleks-fralsegard\/2023\/01\/11\/vattnet-fortsatter-att-oka\/","title":{"rendered":"Vattnet forts\u00e4tter att \u00f6ka"},"content":{"rendered":"<h2>Dessa b\u00f6nder \u00e4r aldrig n\u00f6jda&#8230; Antingen f\u00f6r mycket vatten eller avsaknad. Men \u00e5n \u00f6kar fort och s\u00e5 \u00e4ven vattnet i k\u00e4llaren och \u00e5krar blir sj\u00f6ar.<\/h2>\n<p>Maderna utmed Badeboda\u00e5n har alltid sv\u00e4mmat \u00f6ver, men f\u00f6rra \u00e5ret uteblev v\u00e5rfloden och i \u00e5r kom den tidigt. Kommande 7 dagar ska det komma 30mm till och fr\u00e5gan \u00e4r om vi kommer att sl\u00e5r 2002 rekord?<\/p>\n<p>P\u00e5 radion sa de idag att det har kommit betydligt mer regn, i januari, \u00e4n vanligt och h\u00e4r f\u00f6ljer lite bevis.<\/p>\n<p><img loading=\"lazy\" class=\"alignnone size-full wp-image-3062\" src=\"https:\/\/blogg.atl.nu\/morteleks-fralsegard\/wp-content\/uploads\/sites\/43\/2023\/01\/9BADD96A-84AE-4F29-B215-C542D54C2DD6.jpeg\" alt=\"\" width=\"1843\" height=\"1383\" srcset=\"https:\/\/blogg.atl.nu\/morteleks-fralsegard\/wp-content\/uploads\/sites\/43\/2023\/01\/9BADD96A-84AE-4F29-B215-C542D54C2DD6.jpeg 1843w, https:\/\/blogg.atl.nu\/morteleks-fralsegard\/wp-content\/uploads\/sites\/43\/2023\/01\/9BADD96A-84AE-4F29-B215-C542D54C2DD6-300x225.jpeg 300w, https:\/\/blogg.atl.nu\/morteleks-fralsegard\/wp-content\/uploads\/sites\/43\/2023\/01\/9BADD96A-84AE-4F29-B215-C542D54C2DD6-1024x768.jpeg 1024w, https:\/\/blogg.atl.nu\/morteleks-fralsegard\/wp-content\/uploads\/sites\/43\/2023\/01\/9BADD96A-84AE-4F29-B215-C542D54C2DD6-768x576.jpeg 768w, https:\/\/blogg.atl.nu\/morteleks-fralsegard\/wp-content\/uploads\/sites\/43\/2023\/01\/9BADD96A-84AE-4F29-B215-C542D54C2DD6-1536x1153.jpeg 1536w\" sizes=\"(max-width: 1843px) 100vw, 1843px\" \/>31 december<img loading=\"lazy\" class=\"alignnone size-full wp-image-3058\" src=\"https:\/\/blogg.atl.nu\/morteleks-fralsegard\/wp-content\/uploads\/sites\/43\/2023\/01\/FC54F6F7-5EC6-4F49-A464-E378B72216A0.jpeg\" alt=\"\" width=\"2055\" height=\"1541\" srcset=\"https:\/\/blogg.atl.nu\/morteleks-fralsegard\/wp-content\/uploads\/sites\/43\/2023\/01\/FC54F6F7-5EC6-4F49-A464-E378B72216A0.jpeg 2055w, https:\/\/blogg.atl.nu\/morteleks-fralsegard\/wp-content\/uploads\/sites\/43\/2023\/01\/FC54F6F7-5EC6-4F49-A464-E378B72216A0-300x225.jpeg 300w, https:\/\/blogg.atl.nu\/morteleks-fralsegard\/wp-content\/uploads\/sites\/43\/2023\/01\/FC54F6F7-5EC6-4F49-A464-E378B72216A0-1024x768.jpeg 1024w, https:\/\/blogg.atl.nu\/morteleks-fralsegard\/wp-content\/uploads\/sites\/43\/2023\/01\/FC54F6F7-5EC6-4F49-A464-E378B72216A0-768x576.jpeg 768w, https:\/\/blogg.atl.nu\/morteleks-fralsegard\/wp-content\/uploads\/sites\/43\/2023\/01\/FC54F6F7-5EC6-4F49-A464-E378B72216A0-1536x1152.jpeg 1536w, https:\/\/blogg.atl.nu\/morteleks-fralsegard\/wp-content\/uploads\/sites\/43\/2023\/01\/FC54F6F7-5EC6-4F49-A464-E378B72216A0-2048x1536.jpeg 2048w\" sizes=\"(max-width: 2055px) 100vw, 2055px\" \/><br \/>\n7 januari<br \/>\n<img loading=\"lazy\" class=\"alignnone size-full wp-image-3059\" src=\"https:\/\/blogg.atl.nu\/morteleks-fralsegard\/wp-content\/uploads\/sites\/43\/2023\/01\/145697F1-985D-429A-9C8B-25AB2A9ECA36.jpeg\" alt=\"\" width=\"1743\" height=\"1307\" srcset=\"https:\/\/blogg.atl.nu\/morteleks-fralsegard\/wp-content\/uploads\/sites\/43\/2023\/01\/145697F1-985D-429A-9C8B-25AB2A9ECA36.jpeg 1743w, https:\/\/blogg.atl.nu\/morteleks-fralsegard\/wp-content\/uploads\/sites\/43\/2023\/01\/145697F1-985D-429A-9C8B-25AB2A9ECA36-300x225.jpeg 300w, https:\/\/blogg.atl.nu\/morteleks-fralsegard\/wp-content\/uploads\/sites\/43\/2023\/01\/145697F1-985D-429A-9C8B-25AB2A9ECA36-1024x768.jpeg 1024w, https:\/\/blogg.atl.nu\/morteleks-fralsegard\/wp-content\/uploads\/sites\/43\/2023\/01\/145697F1-985D-429A-9C8B-25AB2A9ECA36-768x576.jpeg 768w, https:\/\/blogg.atl.nu\/morteleks-fralsegard\/wp-content\/uploads\/sites\/43\/2023\/01\/145697F1-985D-429A-9C8B-25AB2A9ECA36-1536x1152.jpeg 1536w\" sizes=\"(max-width: 1743px) 100vw, 1743px\" \/><br \/>\nIdag, 11 januari<br \/>\n<img loading=\"lazy\" class=\"alignnone size-full wp-image-3061\" src=\"https:\/\/blogg.atl.nu\/morteleks-fralsegard\/wp-content\/uploads\/sites\/43\/2023\/01\/9C3939EE-1051-4064-8475-BCCA3B82EAD1-scaled.jpeg\" alt=\"\" width=\"2560\" height=\"1920\" srcset=\"https:\/\/blogg.atl.nu\/morteleks-fralsegard\/wp-content\/uploads\/sites\/43\/2023\/01\/9C3939EE-1051-4064-8475-BCCA3B82EAD1-scaled.jpeg 2560w, https:\/\/blogg.atl.nu\/morteleks-fralsegard\/wp-content\/uploads\/sites\/43\/2023\/01\/9C3939EE-1051-4064-8475-BCCA3B82EAD1-300x225.jpeg 300w, https:\/\/blogg.atl.nu\/morteleks-fralsegard\/wp-content\/uploads\/sites\/43\/2023\/01\/9C3939EE-1051-4064-8475-BCCA3B82EAD1-1024x768.jpeg 1024w, https:\/\/blogg.atl.nu\/morteleks-fralsegard\/wp-content\/uploads\/sites\/43\/2023\/01\/9C3939EE-1051-4064-8475-BCCA3B82EAD1-768x576.jpeg 768w, https:\/\/blogg.atl.nu\/morteleks-fralsegard\/wp-content\/uploads\/sites\/43\/2023\/01\/9C3939EE-1051-4064-8475-BCCA3B82EAD1-1536x1152.jpeg 1536w, https:\/\/blogg.atl.nu\/morteleks-fralsegard\/wp-content\/uploads\/sites\/43\/2023\/01\/9C3939EE-1051-4064-8475-BCCA3B82EAD1-2048x1536.jpeg 2048w\" sizes=\"(max-width: 2560px) 100vw, 2560px\" \/> <img loading=\"lazy\" class=\"alignnone size-full wp-image-3060\" src=\"https:\/\/blogg.atl.nu\/morteleks-fralsegard\/wp-content\/uploads\/sites\/43\/2023\/01\/57F379F9-1C03-407B-9FD0-6D9427F80DA8-scaled.jpeg\" alt=\"\" width=\"2560\" height=\"1920\" srcset=\"https:\/\/blogg.atl.nu\/morteleks-fralsegard\/wp-content\/uploads\/sites\/43\/2023\/01\/57F379F9-1C03-407B-9FD0-6D9427F80DA8-scaled.jpeg 2560w, https:\/\/blogg.atl.nu\/morteleks-fralsegard\/wp-content\/uploads\/sites\/43\/2023\/01\/57F379F9-1C03-407B-9FD0-6D9427F80DA8-300x225.jpeg 300w, https:\/\/blogg.atl.nu\/morteleks-fralsegard\/wp-content\/uploads\/sites\/43\/2023\/01\/57F379F9-1C03-407B-9FD0-6D9427F80DA8-1024x768.jpeg 1024w, https:\/\/blogg.atl.nu\/morteleks-fralsegard\/wp-content\/uploads\/sites\/43\/2023\/01\/57F379F9-1C03-407B-9FD0-6D9427F80DA8-768x576.jpeg 768w, https:\/\/blogg.atl.nu\/morteleks-fralsegard\/wp-content\/uploads\/sites\/43\/2023\/01\/57F379F9-1C03-407B-9FD0-6D9427F80DA8-1536x1152.jpeg 1536w, https:\/\/blogg.atl.nu\/morteleks-fralsegard\/wp-content\/uploads\/sites\/43\/2023\/01\/57F379F9-1C03-407B-9FD0-6D9427F80DA8-2048x1536.jpeg 2048w\" sizes=\"(max-width: 2560px) 100vw, 2560px\" \/><br \/>\n7 januari kontra idag. +10-15cm p\u00e5 4 dagar \u00a0 \u00a0<img loading=\"lazy\" class=\"alignnone size-full wp-image-3064\" src=\"https:\/\/blogg.atl.nu\/morteleks-fralsegard\/wp-content\/uploads\/sites\/43\/2023\/01\/A24047E1-264B-4B21-B1BC-192B6209FF18-scaled.jpeg\" alt=\"\" width=\"2560\" height=\"1920\" srcset=\"https:\/\/blogg.atl.nu\/morteleks-fralsegard\/wp-content\/uploads\/sites\/43\/2023\/01\/A24047E1-264B-4B21-B1BC-192B6209FF18-scaled.jpeg 2560w, https:\/\/blogg.atl.nu\/morteleks-fralsegard\/wp-content\/uploads\/sites\/43\/2023\/01\/A24047E1-264B-4B21-B1BC-192B6209FF18-300x225.jpeg 300w, https:\/\/blogg.atl.nu\/morteleks-fralsegard\/wp-content\/uploads\/sites\/43\/2023\/01\/A24047E1-264B-4B21-B1BC-192B6209FF18-1024x768.jpeg 1024w, https:\/\/blogg.atl.nu\/morteleks-fralsegard\/wp-content\/uploads\/sites\/43\/2023\/01\/A24047E1-264B-4B21-B1BC-192B6209FF18-768x576.jpeg 768w, https:\/\/blogg.atl.nu\/morteleks-fralsegard\/wp-content\/uploads\/sites\/43\/2023\/01\/A24047E1-264B-4B21-B1BC-192B6209FF18-1536x1152.jpeg 1536w, https:\/\/blogg.atl.nu\/morteleks-fralsegard\/wp-content\/uploads\/sites\/43\/2023\/01\/A24047E1-264B-4B21-B1BC-192B6209FF18-2048x1536.jpeg 2048w\" sizes=\"(max-width: 2560px) 100vw, 2560px\" \/> <img loading=\"lazy\" class=\"alignnone size-full wp-image-3065\" src=\"https:\/\/blogg.atl.nu\/morteleks-fralsegard\/wp-content\/uploads\/sites\/43\/2023\/01\/3849AED6-592F-431C-A4D9-BF590D073AB0-scaled.jpeg\" alt=\"\" width=\"2560\" height=\"1920\" srcset=\"https:\/\/blogg.atl.nu\/morteleks-fralsegard\/wp-content\/uploads\/sites\/43\/2023\/01\/3849AED6-592F-431C-A4D9-BF590D073AB0-scaled.jpeg 2560w, https:\/\/blogg.atl.nu\/morteleks-fralsegard\/wp-content\/uploads\/sites\/43\/2023\/01\/3849AED6-592F-431C-A4D9-BF590D073AB0-300x225.jpeg 300w, https:\/\/blogg.atl.nu\/morteleks-fralsegard\/wp-content\/uploads\/sites\/43\/2023\/01\/3849AED6-592F-431C-A4D9-BF590D073AB0-1024x768.jpeg 1024w, https:\/\/blogg.atl.nu\/morteleks-fralsegard\/wp-content\/uploads\/sites\/43\/2023\/01\/3849AED6-592F-431C-A4D9-BF590D073AB0-768x576.jpeg 768w, https:\/\/blogg.atl.nu\/morteleks-fralsegard\/wp-content\/uploads\/sites\/43\/2023\/01\/3849AED6-592F-431C-A4D9-BF590D073AB0-1536x1152.jpeg 1536w, https:\/\/blogg.atl.nu\/morteleks-fralsegard\/wp-content\/uploads\/sites\/43\/2023\/01\/3849AED6-592F-431C-A4D9-BF590D073AB0-2048x1536.jpeg 2048w\" sizes=\"(max-width: 2560px) 100vw, 2560px\" \/><\/p>\n<p>S\u00f6nderk\u00f6rda basv\u00e4gar som \u00e4r \u00e5retruntklassade, men nu efter mycket nederb\u00f6rd och flismaskin\/lastbils k\u00f6rning ser de inte s\u00e5 fina ut och &#8221;Bl\u00e5b\u00e4ret&#8221; fick rycka ut och r\u00e4dda sn\u00f6vit\u00a0 &#8230; Skitgrisen.<\/p>\n<p><img loading=\"lazy\" class=\"alignnone size-full wp-image-3066\" src=\"https:\/\/blogg.atl.nu\/morteleks-fralsegard\/wp-content\/uploads\/sites\/43\/2023\/01\/43F7F073-5CF3-4389-8768-39BEEA01DE3A-scaled.jpeg\" alt=\"\" width=\"2560\" height=\"1920\" srcset=\"https:\/\/blogg.atl.nu\/morteleks-fralsegard\/wp-content\/uploads\/sites\/43\/2023\/01\/43F7F073-5CF3-4389-8768-39BEEA01DE3A-scaled.jpeg 2560w, https:\/\/blogg.atl.nu\/morteleks-fralsegard\/wp-content\/uploads\/sites\/43\/2023\/01\/43F7F073-5CF3-4389-8768-39BEEA01DE3A-300x225.jpeg 300w, https:\/\/blogg.atl.nu\/morteleks-fralsegard\/wp-content\/uploads\/sites\/43\/2023\/01\/43F7F073-5CF3-4389-8768-39BEEA01DE3A-1024x768.jpeg 1024w, https:\/\/blogg.atl.nu\/morteleks-fralsegard\/wp-content\/uploads\/sites\/43\/2023\/01\/43F7F073-5CF3-4389-8768-39BEEA01DE3A-768x576.jpeg 768w, https:\/\/blogg.atl.nu\/morteleks-fralsegard\/wp-content\/uploads\/sites\/43\/2023\/01\/43F7F073-5CF3-4389-8768-39BEEA01DE3A-1536x1152.jpeg 1536w, https:\/\/blogg.atl.nu\/morteleks-fralsegard\/wp-content\/uploads\/sites\/43\/2023\/01\/43F7F073-5CF3-4389-8768-39BEEA01DE3A-2048x1536.jpeg 2048w\" sizes=\"(max-width: 2560px) 100vw, 2560px\" \/><\/p>\n<p>H\u00e4starna p\u00e5 morgonen som jag lyckades fota i den tillf\u00e4lliga sj\u00f6n.<\/p>\n<p>Skogliga h\u00e4lsningar fr\u00e5n M\u00f6rteleks Fr\u00e4lseg\u00e5rd -En skogsg\u00e5rd mitt i Sm\u00e5land.<\/p>\n<p>&nbsp;<\/p>\n","protected":false},"excerpt":{"rendered":"<p>Dessa b\u00f6nder \u00e4r aldrig n\u00f6jda&#8230; Antingen f\u00f6r mycket vatten eller avsaknad. Men \u00e5n \u00f6kar fort och s\u00e5 \u00e4ven vattnet i k\u00e4llaren och \u00e5krar blir sj\u00f6ar. Maderna utmed Badeboda\u00e5n har alltid sv\u00e4mmat \u00f6ver, men f\u00f6rra \u00e5ret uteblev v\u00e5rfloden och i \u00e5r kom den tidigt. Kommande 7 dagar ska det komma 30mm till och fr\u00e5gan \u00e4r om&#8230;<\/p>\n","protected":false},"author":366,"featured_media":3063,"comment_status":"open","ping_status":"open","sticky":false,"template":"","format":"standard","meta":[],"categories":[1],"tags":[],"yoast_head":"<!-- This site is optimized with the Yoast SEO plugin v19.6 - https:\/\/yoast.com\/wordpress\/plugins\/seo\/ -->\n<title>Vattnet forts\u00e4tter att \u00f6ka - M\u00f6rteleks Fr\u00e4lseg\u00e5rd<\/title>\n<meta name=\"robots\" content=\"index, follow, max-snippet:-1, max-image-preview:large, max-video-preview:-1\" \/>\n<link rel=\"canonical\" href=\"https:\/\/blogg.atl.nu\/morteleks-fralsegard\/2023\/01\/11\/vattnet-fortsatter-att-oka\/\" \/>\n<meta property=\"og:locale\" content=\"sv_SE\" \/>\n<meta property=\"og:type\" content=\"article\" \/>\n<meta property=\"og:title\" content=\"Vattnet forts\u00e4tter att \u00f6ka - M\u00f6rteleks Fr\u00e4lseg\u00e5rd\" \/>\n<meta property=\"og:description\" content=\"Dessa b\u00f6nder \u00e4r aldrig n\u00f6jda&#8230; Antingen f\u00f6r mycket vatten eller avsaknad. Men \u00e5n \u00f6kar fort och s\u00e5 \u00e4ven vattnet i k\u00e4llaren och \u00e5krar blir sj\u00f6ar. Maderna utmed Badeboda\u00e5n har alltid sv\u00e4mmat \u00f6ver, men f\u00f6rra \u00e5ret uteblev v\u00e5rfloden och i \u00e5r kom den tidigt. Kommande 7 dagar ska det komma 30mm till och fr\u00e5gan \u00e4r om...\" \/>\n<meta property=\"og:url\" content=\"https:\/\/blogg.atl.nu\/morteleks-fralsegard\/2023\/01\/11\/vattnet-fortsatter-att-oka\/\" \/>\n<meta property=\"og:site_name\" content=\"M\u00f6rteleks Fr\u00e4lseg\u00e5rd\" \/>\n<meta property=\"article:published_time\" content=\"2023-01-11T21:50:59+00:00\" \/>\n<meta property=\"article:modified_time\" content=\"2023-01-11T21:59:36+00:00\" \/>\n<meta property=\"og:image\" content=\"https:\/\/blogg.atl.nu\/morteleks-fralsegard\/wp-content\/uploads\/sites\/43\/2023\/01\/02260898-AFD6-4714-B92F-4AD4AC76467F-scaled.jpeg\" \/>\n\t<meta property=\"og:image:width\" content=\"2560\" \/>\n\t<meta property=\"og:image:height\" content=\"1920\" \/>\n\t<meta property=\"og:image:type\" content=\"image\/jpeg\" \/>\n<meta name=\"author\" content=\"Viktoria Birgersson\" \/>\n<meta name=\"twitter:card\" content=\"summary_large_image\" \/>\n<meta name=\"twitter:label1\" content=\"Skriven av\" \/>\n\t<meta name=\"twitter:data1\" content=\"Viktoria Birgersson\" \/>\n\t<meta name=\"twitter:label2\" content=\"Ber\u00e4knad l\u00e4stid\" \/>\n\t<meta name=\"twitter:data2\" content=\"3 minuter\" \/>\n<script type=\"application\/ld+json\" class=\"yoast-schema-graph\">{\"@context\":\"https:\/\/schema.org\",\"@graph\":[{\"@type\":\"WebPage\",\"@id\":\"https:\/\/blogg.atl.nu\/morteleks-fralsegard\/2023\/01\/11\/vattnet-fortsatter-att-oka\/\",\"url\":\"https:\/\/blogg.atl.nu\/morteleks-fralsegard\/2023\/01\/11\/vattnet-fortsatter-att-oka\/\",\"name\":\"Vattnet forts\u00e4tter att \u00f6ka - M\u00f6rteleks Fr\u00e4lseg\u00e5rd\",\"isPartOf\":{\"@id\":\"https:\/\/blogg.atl.nu\/morteleks-fralsegard\/#website\"},\"datePublished\":\"2023-01-11T21:50:59+00:00\",\"dateModified\":\"2023-01-11T21:59:36+00:00\",\"author\":{\"@id\":\"https:\/\/blogg.atl.nu\/morteleks-fralsegard\/#\/schema\/person\/0ab22364ef6b1e3febf26c41d4a32b53\"},\"breadcrumb\":{\"@id\":\"https:\/\/blogg.atl.nu\/morteleks-fralsegard\/2023\/01\/11\/vattnet-fortsatter-att-oka\/#breadcrumb\"},\"inLanguage\":\"sv-SE\",\"potentialAction\":[{\"@type\":\"ReadAction\",\"target\":[\"https:\/\/blogg.atl.nu\/morteleks-fralsegard\/2023\/01\/11\/vattnet-fortsatter-att-oka\/\"]}]},{\"@type\":\"BreadcrumbList\",\"@id\":\"https:\/\/blogg.atl.nu\/morteleks-fralsegard\/2023\/01\/11\/vattnet-fortsatter-att-oka\/#breadcrumb\",\"itemListElement\":[{\"@type\":\"ListItem\",\"position\":1,\"name\":\"Home\",\"item\":\"https:\/\/blogg.atl.nu\/morteleks-fralsegard\/\"},{\"@type\":\"ListItem\",\"position\":2,\"name\":\"Vattnet forts\u00e4tter att \u00f6ka\"}]},{\"@type\":\"WebSite\",\"@id\":\"https:\/\/blogg.atl.nu\/morteleks-fralsegard\/#website\",\"url\":\"https:\/\/blogg.atl.nu\/morteleks-fralsegard\/\",\"name\":\"M\u00f6rteleks Fr\u00e4lseg\u00e5rd\",\"description\":\"Viktoria Birgersson\",\"potentialAction\":[{\"@type\":\"SearchAction\",\"target\":{\"@type\":\"EntryPoint\",\"urlTemplate\":\"https:\/\/blogg.atl.nu\/morteleks-fralsegard\/?s={search_term_string}\"},\"query-input\":\"required name=search_term_string\"}],\"inLanguage\":\"sv-SE\"},{\"@type\":\"Person\",\"@id\":\"https:\/\/blogg.atl.nu\/morteleks-fralsegard\/#\/schema\/person\/0ab22364ef6b1e3febf26c41d4a32b53\",\"name\":\"Viktoria Birgersson\",\"image\":{\"@type\":\"ImageObject\",\"inLanguage\":\"sv-SE\",\"@id\":\"https:\/\/blogg.atl.nu\/morteleks-fralsegard\/#\/schema\/person\/image\/\",\"url\":\"https:\/\/secure.gravatar.com\/avatar\/66ee725962479e3acb970802c6913bd7?s=96&d=mm&r=g\",\"contentUrl\":\"https:\/\/secure.gravatar.com\/avatar\/66ee725962479e3acb970802c6913bd7?s=96&d=mm&r=g\",\"caption\":\"Viktoria Birgersson\"},\"url\":\"https:\/\/blogg.atl.nu\/morteleks-fralsegard\/author\/morteleks-fralsegard\/\"}]}<\/script>\n<!-- \/ Yoast SEO plugin. -->","yoast_head_json":{"title":"Vattnet forts\u00e4tter att \u00f6ka - M\u00f6rteleks Fr\u00e4lseg\u00e5rd","robots":{"index":"index","follow":"follow","max-snippet":"max-snippet:-1","max-image-preview":"max-image-preview:large","max-video-preview":"max-video-preview:-1"},"canonical":"https:\/\/blogg.atl.nu\/morteleks-fralsegard\/2023\/01\/11\/vattnet-fortsatter-att-oka\/","og_locale":"sv_SE","og_type":"article","og_title":"Vattnet forts\u00e4tter att \u00f6ka - M\u00f6rteleks Fr\u00e4lseg\u00e5rd","og_description":"Dessa b\u00f6nder \u00e4r aldrig n\u00f6jda&#8230; Antingen f\u00f6r mycket vatten eller avsaknad. Men \u00e5n \u00f6kar fort och s\u00e5 \u00e4ven vattnet i k\u00e4llaren och \u00e5krar blir sj\u00f6ar. Maderna utmed Badeboda\u00e5n har alltid sv\u00e4mmat \u00f6ver, men f\u00f6rra \u00e5ret uteblev v\u00e5rfloden och i \u00e5r kom den tidigt. Kommande 7 dagar ska det komma 30mm till och fr\u00e5gan \u00e4r om...","og_url":"https:\/\/blogg.atl.nu\/morteleks-fralsegard\/2023\/01\/11\/vattnet-fortsatter-att-oka\/","og_site_name":"M\u00f6rteleks Fr\u00e4lseg\u00e5rd","article_published_time":"2023-01-11T21:50:59+00:00","article_modified_time":"2023-01-11T21:59:36+00:00","og_image":[{"width":2560,"height":1920,"url":"https:\/\/blogg.atl.nu\/morteleks-fralsegard\/wp-content\/uploads\/sites\/43\/2023\/01\/02260898-AFD6-4714-B92F-4AD4AC76467F-scaled.jpeg","type":"image\/jpeg"}],"author":"Viktoria Birgersson","twitter_card":"summary_large_image","twitter_misc":{"Skriven av":"Viktoria Birgersson","Ber\u00e4knad l\u00e4stid":"3 minuter"},"schema":{"@context":"https:\/\/schema.org","@graph":[{"@type":"WebPage","@id":"https:\/\/blogg.atl.nu\/morteleks-fralsegard\/2023\/01\/11\/vattnet-fortsatter-att-oka\/","url":"https:\/\/blogg.atl.nu\/morteleks-fralsegard\/2023\/01\/11\/vattnet-fortsatter-att-oka\/","name":"Vattnet forts\u00e4tter att \u00f6ka - M\u00f6rteleks Fr\u00e4lseg\u00e5rd","isPartOf":{"@id":"https:\/\/blogg.atl.nu\/morteleks-fralsegard\/#website"},"datePublished":"2023-01-11T21:50:59+00:00","dateModified":"2023-01-11T21:59:36+00:00","author":{"@id":"https:\/\/blogg.atl.nu\/morteleks-fralsegard\/#\/schema\/person\/0ab22364ef6b1e3febf26c41d4a32b53"},"breadcrumb":{"@id":"https:\/\/blogg.atl.nu\/morteleks-fralsegard\/2023\/01\/11\/vattnet-fortsatter-att-oka\/#breadcrumb"},"inLanguage":"sv-SE","potentialAction":[{"@type":"ReadAction","target":["https:\/\/blogg.atl.nu\/morteleks-fralsegard\/2023\/01\/11\/vattnet-fortsatter-att-oka\/"]}]},{"@type":"BreadcrumbList","@id":"https:\/\/blogg.atl.nu\/morteleks-fralsegard\/2023\/01\/11\/vattnet-fortsatter-att-oka\/#breadcrumb","itemListElement":[{"@type":"ListItem","position":1,"name":"Home","item":"https:\/\/blogg.atl.nu\/morteleks-fralsegard\/"},{"@type":"ListItem","position":2,"name":"Vattnet forts\u00e4tter att \u00f6ka"}]},{"@type":"WebSite","@id":"https:\/\/blogg.atl.nu\/morteleks-fralsegard\/#website","url":"https:\/\/blogg.atl.nu\/morteleks-fralsegard\/","name":"M\u00f6rteleks Fr\u00e4lseg\u00e5rd","description":"Viktoria Birgersson","potentialAction":[{"@type":"SearchAction","target":{"@type":"EntryPoint","urlTemplate":"https:\/\/blogg.atl.nu\/morteleks-fralsegard\/?s={search_term_string}"},"query-input":"required name=search_term_string"}],"inLanguage":"sv-SE"},{"@type":"Person","@id":"https:\/\/blogg.atl.nu\/morteleks-fralsegard\/#\/schema\/person\/0ab22364ef6b1e3febf26c41d4a32b53","name":"Viktoria Birgersson","image":{"@type":"ImageObject","inLanguage":"sv-SE","@id":"https:\/\/blogg.atl.nu\/morteleks-fralsegard\/#\/schema\/person\/image\/","url":"https:\/\/secure.gravatar.com\/avatar\/66ee725962479e3acb970802c6913bd7?s=96&d=mm&r=g","contentUrl":"https:\/\/secure.gravatar.com\/avatar\/66ee725962479e3acb970802c6913bd7?s=96&d=mm&r=g","caption":"Viktoria Birgersson"},"url":"https:\/\/blogg.atl.nu\/morteleks-fralsegard\/author\/morteleks-fralsegard\/"}]}},"_links":{"self":[{"href":"https:\/\/blogg.atl.nu\/morteleks-fralsegard\/wp-json\/wp\/v2\/posts\/3057"}],"collection":[{"href":"https:\/\/blogg.atl.nu\/morteleks-fralsegard\/wp-json\/wp\/v2\/posts"}],"about":[{"href":"https:\/\/blogg.atl.nu\/morteleks-fralsegard\/wp-json\/wp\/v2\/types\/post"}],"author":[{"embeddable":true,"href":"https:\/\/blogg.atl.nu\/morteleks-fralsegard\/wp-json\/wp\/v2\/users\/366"}],"replies":[{"embeddable":true,"href":"https:\/\/blogg.atl.nu\/morteleks-fralsegard\/wp-json\/wp\/v2\/comments?post=3057"}],"version-history":[{"count":5,"href":"https:\/\/blogg.atl.nu\/morteleks-fralsegard\/wp-json\/wp\/v2\/posts\/3057\/revisions"}],"predecessor-version":[{"id":3071,"href":"https:\/\/blogg.atl.nu\/morteleks-fralsegard\/wp-json\/wp\/v2\/posts\/3057\/revisions\/3071"}],"wp:featuredmedia":[{"embeddable":true,"href":"https:\/\/blogg.atl.nu\/morteleks-fralsegard\/wp-json\/wp\/v2\/media\/3063"}],"wp:attachment":[{"href":"https:\/\/blogg.atl.nu\/morteleks-fralsegard\/wp-json\/wp\/v2\/media?parent=3057"}],"wp:term":[{"taxonomy":"category","embeddable":true,"href":"https:\/\/blogg.atl.nu\/morteleks-fralsegard\/wp-json\/wp\/v2\/categories?post=3057"},{"taxonomy":"post_tag","embeddable":true,"href":"https:\/\/blogg.atl.nu\/morteleks-fralsegard\/wp-json\/wp\/v2\/tags?post=3057"}],"curies":[{"name":"wp","href":"https:\/\/api.w.org\/{rel}","templated":true}]}}