{"id":3072,"date":"2023-01-15T21:26:46","date_gmt":"2023-01-15T21:26:46","guid":{"rendered":"https:\/\/blogg.atl.nu\/morteleks-fralsegard\/?p=3072"},"modified":"2023-01-15T21:26:46","modified_gmt":"2023-01-15T21:26:46","slug":"uppehall-flis-och-jvm","status":"publish","type":"post","link":"https:\/\/blogg.atl.nu\/morteleks-fralsegard\/2023\/01\/15\/uppehall-flis-och-jvm\/","title":{"rendered":"Uppeh\u00e5ll, flis och JVM"},"content":{"rendered":"<h2>Och i natt kommer \u00e5rets f\u00f6rsta stormvindar\u2026<\/h2>\n<p>Landade i soffan f\u00f6r att kolla tjejernas hockeyfinal efter g\u00e5rdagens rysare. Inte den st\u00e4llning (0-8) jag r\u00e4knat med efter en bra t\u00e4vling. Ig\u00e5r var det g\u00e5shud och jag erk\u00e4nner, en \u201dmammat\u00e5r\u201d, n\u00e4r slutsignalen lj\u00f6d. H\u00e4ftigt att sl\u00e5 ut USA och hamna i final. Nu h\u00e5ller vi b\u00e5de tummar och t\u00e5r f\u00f6r en v\u00e4ndning, men silver \u00e4r helt klart ocks\u00e5 en medalj v\u00e4l v\u00e4rd att fira.<img loading=\"lazy\" class=\"alignnone size-full wp-image-3074\" src=\"https:\/\/blogg.atl.nu\/morteleks-fralsegard\/wp-content\/uploads\/sites\/43\/2023\/01\/C98863F3-A391-4B42-94A9-A439BE1F408F.jpeg\" alt=\"\" width=\"2018\" height=\"1170\" srcset=\"https:\/\/blogg.atl.nu\/morteleks-fralsegard\/wp-content\/uploads\/sites\/43\/2023\/01\/C98863F3-A391-4B42-94A9-A439BE1F408F.jpeg 2018w, https:\/\/blogg.atl.nu\/morteleks-fralsegard\/wp-content\/uploads\/sites\/43\/2023\/01\/C98863F3-A391-4B42-94A9-A439BE1F408F-300x174.jpeg 300w, https:\/\/blogg.atl.nu\/morteleks-fralsegard\/wp-content\/uploads\/sites\/43\/2023\/01\/C98863F3-A391-4B42-94A9-A439BE1F408F-1024x594.jpeg 1024w, https:\/\/blogg.atl.nu\/morteleks-fralsegard\/wp-content\/uploads\/sites\/43\/2023\/01\/C98863F3-A391-4B42-94A9-A439BE1F408F-768x445.jpeg 768w, https:\/\/blogg.atl.nu\/morteleks-fralsegard\/wp-content\/uploads\/sites\/43\/2023\/01\/C98863F3-A391-4B42-94A9-A439BE1F408F-1536x891.jpeg 1536w\" sizes=\"(max-width: 2018px) 100vw, 2018px\" \/><\/p>\n<p><img loading=\"lazy\" class=\"alignnone size-full wp-image-3075\" src=\"https:\/\/blogg.atl.nu\/morteleks-fralsegard\/wp-content\/uploads\/sites\/43\/2023\/01\/7DE34972-88AF-4A65-A1BA-5F1B4C4877F0-scaled.jpeg\" alt=\"\" width=\"2560\" height=\"1920\" srcset=\"https:\/\/blogg.atl.nu\/morteleks-fralsegard\/wp-content\/uploads\/sites\/43\/2023\/01\/7DE34972-88AF-4A65-A1BA-5F1B4C4877F0-scaled.jpeg 2560w, https:\/\/blogg.atl.nu\/morteleks-fralsegard\/wp-content\/uploads\/sites\/43\/2023\/01\/7DE34972-88AF-4A65-A1BA-5F1B4C4877F0-300x225.jpeg 300w, https:\/\/blogg.atl.nu\/morteleks-fralsegard\/wp-content\/uploads\/sites\/43\/2023\/01\/7DE34972-88AF-4A65-A1BA-5F1B4C4877F0-1024x768.jpeg 1024w, https:\/\/blogg.atl.nu\/morteleks-fralsegard\/wp-content\/uploads\/sites\/43\/2023\/01\/7DE34972-88AF-4A65-A1BA-5F1B4C4877F0-768x576.jpeg 768w, https:\/\/blogg.atl.nu\/morteleks-fralsegard\/wp-content\/uploads\/sites\/43\/2023\/01\/7DE34972-88AF-4A65-A1BA-5F1B4C4877F0-1536x1152.jpeg 1536w, https:\/\/blogg.atl.nu\/morteleks-fralsegard\/wp-content\/uploads\/sites\/43\/2023\/01\/7DE34972-88AF-4A65-A1BA-5F1B4C4877F0-2048x1536.jpeg 2048w\" sizes=\"(max-width: 2560px) 100vw, 2560px\" \/>Annars har det denna helg varit goa v\u00e4nner p\u00e5 bes\u00f6k som resulterat i m\u00e5nga skratt och jakthistorier. Men vi b\u00f6rjade med uppeh\u00e5ll och flisning, lika bra att fylla upp f\u00f6rr\u00e5det.<\/p>\n<p><img loading=\"lazy\" class=\"alignnone size-full wp-image-3076\" src=\"https:\/\/blogg.atl.nu\/morteleks-fralsegard\/wp-content\/uploads\/sites\/43\/2023\/01\/00FE624B-324B-4247-81F3-CF835D970315-scaled.jpeg\" alt=\"\" width=\"2560\" height=\"1920\" srcset=\"https:\/\/blogg.atl.nu\/morteleks-fralsegard\/wp-content\/uploads\/sites\/43\/2023\/01\/00FE624B-324B-4247-81F3-CF835D970315-scaled.jpeg 2560w, https:\/\/blogg.atl.nu\/morteleks-fralsegard\/wp-content\/uploads\/sites\/43\/2023\/01\/00FE624B-324B-4247-81F3-CF835D970315-300x225.jpeg 300w, https:\/\/blogg.atl.nu\/morteleks-fralsegard\/wp-content\/uploads\/sites\/43\/2023\/01\/00FE624B-324B-4247-81F3-CF835D970315-1024x768.jpeg 1024w, https:\/\/blogg.atl.nu\/morteleks-fralsegard\/wp-content\/uploads\/sites\/43\/2023\/01\/00FE624B-324B-4247-81F3-CF835D970315-768x576.jpeg 768w, https:\/\/blogg.atl.nu\/morteleks-fralsegard\/wp-content\/uploads\/sites\/43\/2023\/01\/00FE624B-324B-4247-81F3-CF835D970315-1536x1152.jpeg 1536w, https:\/\/blogg.atl.nu\/morteleks-fralsegard\/wp-content\/uploads\/sites\/43\/2023\/01\/00FE624B-324B-4247-81F3-CF835D970315-2048x1536.jpeg 2048w\" sizes=\"(max-width: 2560px) 100vw, 2560px\" \/><\/p>\n<p>Med sista tidens nederb\u00f6rd, som vr\u00e4kt ner. F\u00f6ljde en \u00f6versv\u00e4mning i flisf\u00f6rr\u00e5det genom en skarv i taket\/golvet. Ja ja det f\u00e5r bli sommarens bekymmer, nu duger en presenning.<\/p>\n<p><img loading=\"lazy\" class=\"alignnone size-full wp-image-3077\" src=\"https:\/\/blogg.atl.nu\/morteleks-fralsegard\/wp-content\/uploads\/sites\/43\/2023\/01\/804AA3D0-EBD6-41C4-A442-C7E058FC0804-scaled.jpeg\" alt=\"\" width=\"2560\" height=\"1920\" srcset=\"https:\/\/blogg.atl.nu\/morteleks-fralsegard\/wp-content\/uploads\/sites\/43\/2023\/01\/804AA3D0-EBD6-41C4-A442-C7E058FC0804-scaled.jpeg 2560w, https:\/\/blogg.atl.nu\/morteleks-fralsegard\/wp-content\/uploads\/sites\/43\/2023\/01\/804AA3D0-EBD6-41C4-A442-C7E058FC0804-300x225.jpeg 300w, https:\/\/blogg.atl.nu\/morteleks-fralsegard\/wp-content\/uploads\/sites\/43\/2023\/01\/804AA3D0-EBD6-41C4-A442-C7E058FC0804-1024x768.jpeg 1024w, https:\/\/blogg.atl.nu\/morteleks-fralsegard\/wp-content\/uploads\/sites\/43\/2023\/01\/804AA3D0-EBD6-41C4-A442-C7E058FC0804-768x576.jpeg 768w, https:\/\/blogg.atl.nu\/morteleks-fralsegard\/wp-content\/uploads\/sites\/43\/2023\/01\/804AA3D0-EBD6-41C4-A442-C7E058FC0804-1536x1152.jpeg 1536w, https:\/\/blogg.atl.nu\/morteleks-fralsegard\/wp-content\/uploads\/sites\/43\/2023\/01\/804AA3D0-EBD6-41C4-A442-C7E058FC0804-2048x1536.jpeg 2048w\" sizes=\"(max-width: 2560px) 100vw, 2560px\" \/> <img loading=\"lazy\" class=\"alignnone size-full wp-image-3078\" src=\"https:\/\/blogg.atl.nu\/morteleks-fralsegard\/wp-content\/uploads\/sites\/43\/2023\/01\/6E394A93-49D1-45C6-99E7-ECE5BED6C169-scaled.jpeg\" alt=\"\" width=\"2560\" height=\"1920\" srcset=\"https:\/\/blogg.atl.nu\/morteleks-fralsegard\/wp-content\/uploads\/sites\/43\/2023\/01\/6E394A93-49D1-45C6-99E7-ECE5BED6C169-scaled.jpeg 2560w, https:\/\/blogg.atl.nu\/morteleks-fralsegard\/wp-content\/uploads\/sites\/43\/2023\/01\/6E394A93-49D1-45C6-99E7-ECE5BED6C169-300x225.jpeg 300w, https:\/\/blogg.atl.nu\/morteleks-fralsegard\/wp-content\/uploads\/sites\/43\/2023\/01\/6E394A93-49D1-45C6-99E7-ECE5BED6C169-1024x768.jpeg 1024w, https:\/\/blogg.atl.nu\/morteleks-fralsegard\/wp-content\/uploads\/sites\/43\/2023\/01\/6E394A93-49D1-45C6-99E7-ECE5BED6C169-768x576.jpeg 768w, https:\/\/blogg.atl.nu\/morteleks-fralsegard\/wp-content\/uploads\/sites\/43\/2023\/01\/6E394A93-49D1-45C6-99E7-ECE5BED6C169-1536x1152.jpeg 1536w, https:\/\/blogg.atl.nu\/morteleks-fralsegard\/wp-content\/uploads\/sites\/43\/2023\/01\/6E394A93-49D1-45C6-99E7-ECE5BED6C169-2048x1536.jpeg 2048w\" sizes=\"(max-width: 2560px) 100vw, 2560px\" \/><\/p>\n<p>Jag har tydligen en markberedare i skogen. En s\u00e5n d\u00e4r entrepren\u00f6r utan telefon. De \u00e4r fler \u00e4n man kan tro\u2026 Att det ska vara s\u00e5 @#!@ (&gt;_&lt;) sv\u00e5rt att lyfta telefonen och ringa en mark\u00e4gare. Att det blir fel \u00e4r ju inte s\u00e5 konstigt.<br \/>\nSka bli sp\u00e4nnande och se om mina aspar f\u00e5 st\u00e5r kvar den h\u00e4r g\u00e5ngen.<\/p>\n<p><img loading=\"lazy\" class=\"alignnone size-full wp-image-3079\" src=\"https:\/\/blogg.atl.nu\/morteleks-fralsegard\/wp-content\/uploads\/sites\/43\/2023\/01\/F245E521-CE58-490D-94B4-06BDCFC2CEA7.jpeg\" alt=\"\" width=\"1323\" height=\"940\" srcset=\"https:\/\/blogg.atl.nu\/morteleks-fralsegard\/wp-content\/uploads\/sites\/43\/2023\/01\/F245E521-CE58-490D-94B4-06BDCFC2CEA7.jpeg 1323w, https:\/\/blogg.atl.nu\/morteleks-fralsegard\/wp-content\/uploads\/sites\/43\/2023\/01\/F245E521-CE58-490D-94B4-06BDCFC2CEA7-300x213.jpeg 300w, https:\/\/blogg.atl.nu\/morteleks-fralsegard\/wp-content\/uploads\/sites\/43\/2023\/01\/F245E521-CE58-490D-94B4-06BDCFC2CEA7-1024x728.jpeg 1024w, https:\/\/blogg.atl.nu\/morteleks-fralsegard\/wp-content\/uploads\/sites\/43\/2023\/01\/F245E521-CE58-490D-94B4-06BDCFC2CEA7-768x546.jpeg 768w\" sizes=\"(max-width: 1323px) 100vw, 1323px\" \/><\/p>\n<p>Nu \u00e4r st\u00e4llningen 0-10, men vi v\u00e4ljer att minnas g\u00e5rdagens seger! Och s\u00e5 funderar vi p\u00e5 om vi har f\u00f6rberett oss f\u00f6r stormvindar i natt. S\u00e4kert missat n\u00e5got, men hoppas kunna sova trots ett j\u00e4kla ov\u00e4sen ute.<\/p>\n<p>Skogliga h\u00e4lsningar fr\u00e5n M\u00f6rteleks Fr\u00e4lseg\u00e5rd -En skogsg\u00e5rd mitt i Sm\u00e5land<\/p>\n<p>&nbsp;<\/p>\n","protected":false},"excerpt":{"rendered":"<p>Och i natt kommer \u00e5rets f\u00f6rsta stormvindar\u2026 Landade i soffan f\u00f6r att kolla tjejernas hockeyfinal efter g\u00e5rdagens rysare. Inte den st\u00e4llning (0-8) jag r\u00e4knat med efter en bra t\u00e4vling. Ig\u00e5r var det g\u00e5shud och jag erk\u00e4nner, en \u201dmammat\u00e5r\u201d, n\u00e4r slutsignalen lj\u00f6d. H\u00e4ftigt att sl\u00e5 ut USA och hamna i final. Nu h\u00e5ller vi b\u00e5de tummar&#8230;<\/p>\n","protected":false},"author":366,"featured_media":3073,"comment_status":"open","ping_status":"open","sticky":false,"template":"","format":"standard","meta":[],"categories":[1],"tags":[],"yoast_head":"<!-- This site is optimized with the Yoast SEO plugin v19.6 - https:\/\/yoast.com\/wordpress\/plugins\/seo\/ -->\n<title>Uppeh\u00e5ll, flis och JVM - M\u00f6rteleks Fr\u00e4lseg\u00e5rd<\/title>\n<meta name=\"robots\" content=\"index, follow, max-snippet:-1, max-image-preview:large, max-video-preview:-1\" \/>\n<link rel=\"canonical\" href=\"https:\/\/blogg.atl.nu\/morteleks-fralsegard\/2023\/01\/15\/uppehall-flis-och-jvm\/\" \/>\n<meta property=\"og:locale\" content=\"sv_SE\" \/>\n<meta property=\"og:type\" content=\"article\" \/>\n<meta property=\"og:title\" content=\"Uppeh\u00e5ll, flis och JVM - M\u00f6rteleks Fr\u00e4lseg\u00e5rd\" \/>\n<meta property=\"og:description\" content=\"Och i natt kommer \u00e5rets f\u00f6rsta stormvindar\u2026 Landade i soffan f\u00f6r att kolla tjejernas hockeyfinal efter g\u00e5rdagens rysare. Inte den st\u00e4llning (0-8) jag r\u00e4knat med efter en bra t\u00e4vling. Ig\u00e5r var det g\u00e5shud och jag erk\u00e4nner, en \u201dmammat\u00e5r\u201d, n\u00e4r slutsignalen lj\u00f6d. H\u00e4ftigt att sl\u00e5 ut USA och hamna i final. Nu h\u00e5ller vi b\u00e5de tummar...\" \/>\n<meta property=\"og:url\" content=\"https:\/\/blogg.atl.nu\/morteleks-fralsegard\/2023\/01\/15\/uppehall-flis-och-jvm\/\" \/>\n<meta property=\"og:site_name\" content=\"M\u00f6rteleks Fr\u00e4lseg\u00e5rd\" \/>\n<meta property=\"article:published_time\" content=\"2023-01-15T21:26:46+00:00\" \/>\n<meta property=\"og:image\" content=\"https:\/\/blogg.atl.nu\/morteleks-fralsegard\/wp-content\/uploads\/sites\/43\/2023\/01\/876FA68E-D2E2-49ED-9738-F6E8E66FEC76.jpeg\" \/>\n\t<meta property=\"og:image:width\" content=\"2023\" \/>\n\t<meta property=\"og:image:height\" content=\"1170\" \/>\n\t<meta property=\"og:image:type\" content=\"image\/jpeg\" \/>\n<meta name=\"author\" content=\"Viktoria Birgersson\" \/>\n<meta name=\"twitter:card\" content=\"summary_large_image\" \/>\n<meta name=\"twitter:label1\" content=\"Skriven av\" \/>\n\t<meta name=\"twitter:data1\" content=\"Viktoria Birgersson\" \/>\n\t<meta name=\"twitter:label2\" content=\"Ber\u00e4knad l\u00e4stid\" \/>\n\t<meta name=\"twitter:data2\" content=\"3 minuter\" \/>\n<script type=\"application\/ld+json\" class=\"yoast-schema-graph\">{\"@context\":\"https:\/\/schema.org\",\"@graph\":[{\"@type\":\"WebPage\",\"@id\":\"https:\/\/blogg.atl.nu\/morteleks-fralsegard\/2023\/01\/15\/uppehall-flis-och-jvm\/\",\"url\":\"https:\/\/blogg.atl.nu\/morteleks-fralsegard\/2023\/01\/15\/uppehall-flis-och-jvm\/\",\"name\":\"Uppeh\u00e5ll, flis och JVM - M\u00f6rteleks Fr\u00e4lseg\u00e5rd\",\"isPartOf\":{\"@id\":\"https:\/\/blogg.atl.nu\/morteleks-fralsegard\/#website\"},\"datePublished\":\"2023-01-15T21:26:46+00:00\",\"dateModified\":\"2023-01-15T21:26:46+00:00\",\"author\":{\"@id\":\"https:\/\/blogg.atl.nu\/morteleks-fralsegard\/#\/schema\/person\/0ab22364ef6b1e3febf26c41d4a32b53\"},\"breadcrumb\":{\"@id\":\"https:\/\/blogg.atl.nu\/morteleks-fralsegard\/2023\/01\/15\/uppehall-flis-och-jvm\/#breadcrumb\"},\"inLanguage\":\"sv-SE\",\"potentialAction\":[{\"@type\":\"ReadAction\",\"target\":[\"https:\/\/blogg.atl.nu\/morteleks-fralsegard\/2023\/01\/15\/uppehall-flis-och-jvm\/\"]}]},{\"@type\":\"BreadcrumbList\",\"@id\":\"https:\/\/blogg.atl.nu\/morteleks-fralsegard\/2023\/01\/15\/uppehall-flis-och-jvm\/#breadcrumb\",\"itemListElement\":[{\"@type\":\"ListItem\",\"position\":1,\"name\":\"Home\",\"item\":\"https:\/\/blogg.atl.nu\/morteleks-fralsegard\/\"},{\"@type\":\"ListItem\",\"position\":2,\"name\":\"Uppeh\u00e5ll, flis och JVM\"}]},{\"@type\":\"WebSite\",\"@id\":\"https:\/\/blogg.atl.nu\/morteleks-fralsegard\/#website\",\"url\":\"https:\/\/blogg.atl.nu\/morteleks-fralsegard\/\",\"name\":\"M\u00f6rteleks Fr\u00e4lseg\u00e5rd\",\"description\":\"Viktoria Birgersson\",\"potentialAction\":[{\"@type\":\"SearchAction\",\"target\":{\"@type\":\"EntryPoint\",\"urlTemplate\":\"https:\/\/blogg.atl.nu\/morteleks-fralsegard\/?s={search_term_string}\"},\"query-input\":\"required name=search_term_string\"}],\"inLanguage\":\"sv-SE\"},{\"@type\":\"Person\",\"@id\":\"https:\/\/blogg.atl.nu\/morteleks-fralsegard\/#\/schema\/person\/0ab22364ef6b1e3febf26c41d4a32b53\",\"name\":\"Viktoria Birgersson\",\"image\":{\"@type\":\"ImageObject\",\"inLanguage\":\"sv-SE\",\"@id\":\"https:\/\/blogg.atl.nu\/morteleks-fralsegard\/#\/schema\/person\/image\/\",\"url\":\"https:\/\/secure.gravatar.com\/avatar\/66ee725962479e3acb970802c6913bd7?s=96&d=mm&r=g\",\"contentUrl\":\"https:\/\/secure.gravatar.com\/avatar\/66ee725962479e3acb970802c6913bd7?s=96&d=mm&r=g\",\"caption\":\"Viktoria Birgersson\"},\"url\":\"https:\/\/blogg.atl.nu\/morteleks-fralsegard\/author\/morteleks-fralsegard\/\"}]}<\/script>\n<!-- \/ Yoast SEO plugin. -->","yoast_head_json":{"title":"Uppeh\u00e5ll, flis och JVM - M\u00f6rteleks Fr\u00e4lseg\u00e5rd","robots":{"index":"index","follow":"follow","max-snippet":"max-snippet:-1","max-image-preview":"max-image-preview:large","max-video-preview":"max-video-preview:-1"},"canonical":"https:\/\/blogg.atl.nu\/morteleks-fralsegard\/2023\/01\/15\/uppehall-flis-och-jvm\/","og_locale":"sv_SE","og_type":"article","og_title":"Uppeh\u00e5ll, flis och JVM - M\u00f6rteleks Fr\u00e4lseg\u00e5rd","og_description":"Och i natt kommer \u00e5rets f\u00f6rsta stormvindar\u2026 Landade i soffan f\u00f6r att kolla tjejernas hockeyfinal efter g\u00e5rdagens rysare. Inte den st\u00e4llning (0-8) jag r\u00e4knat med efter en bra t\u00e4vling. Ig\u00e5r var det g\u00e5shud och jag erk\u00e4nner, en \u201dmammat\u00e5r\u201d, n\u00e4r slutsignalen lj\u00f6d. H\u00e4ftigt att sl\u00e5 ut USA och hamna i final. Nu h\u00e5ller vi b\u00e5de tummar...","og_url":"https:\/\/blogg.atl.nu\/morteleks-fralsegard\/2023\/01\/15\/uppehall-flis-och-jvm\/","og_site_name":"M\u00f6rteleks Fr\u00e4lseg\u00e5rd","article_published_time":"2023-01-15T21:26:46+00:00","og_image":[{"width":2023,"height":1170,"url":"https:\/\/blogg.atl.nu\/morteleks-fralsegard\/wp-content\/uploads\/sites\/43\/2023\/01\/876FA68E-D2E2-49ED-9738-F6E8E66FEC76.jpeg","type":"image\/jpeg"}],"author":"Viktoria Birgersson","twitter_card":"summary_large_image","twitter_misc":{"Skriven av":"Viktoria Birgersson","Ber\u00e4knad l\u00e4stid":"3 minuter"},"schema":{"@context":"https:\/\/schema.org","@graph":[{"@type":"WebPage","@id":"https:\/\/blogg.atl.nu\/morteleks-fralsegard\/2023\/01\/15\/uppehall-flis-och-jvm\/","url":"https:\/\/blogg.atl.nu\/morteleks-fralsegard\/2023\/01\/15\/uppehall-flis-och-jvm\/","name":"Uppeh\u00e5ll, flis och JVM - M\u00f6rteleks Fr\u00e4lseg\u00e5rd","isPartOf":{"@id":"https:\/\/blogg.atl.nu\/morteleks-fralsegard\/#website"},"datePublished":"2023-01-15T21:26:46+00:00","dateModified":"2023-01-15T21:26:46+00:00","author":{"@id":"https:\/\/blogg.atl.nu\/morteleks-fralsegard\/#\/schema\/person\/0ab22364ef6b1e3febf26c41d4a32b53"},"breadcrumb":{"@id":"https:\/\/blogg.atl.nu\/morteleks-fralsegard\/2023\/01\/15\/uppehall-flis-och-jvm\/#breadcrumb"},"inLanguage":"sv-SE","potentialAction":[{"@type":"ReadAction","target":["https:\/\/blogg.atl.nu\/morteleks-fralsegard\/2023\/01\/15\/uppehall-flis-och-jvm\/"]}]},{"@type":"BreadcrumbList","@id":"https:\/\/blogg.atl.nu\/morteleks-fralsegard\/2023\/01\/15\/uppehall-flis-och-jvm\/#breadcrumb","itemListElement":[{"@type":"ListItem","position":1,"name":"Home","item":"https:\/\/blogg.atl.nu\/morteleks-fralsegard\/"},{"@type":"ListItem","position":2,"name":"Uppeh\u00e5ll, flis och JVM"}]},{"@type":"WebSite","@id":"https:\/\/blogg.atl.nu\/morteleks-fralsegard\/#website","url":"https:\/\/blogg.atl.nu\/morteleks-fralsegard\/","name":"M\u00f6rteleks Fr\u00e4lseg\u00e5rd","description":"Viktoria Birgersson","potentialAction":[{"@type":"SearchAction","target":{"@type":"EntryPoint","urlTemplate":"https:\/\/blogg.atl.nu\/morteleks-fralsegard\/?s={search_term_string}"},"query-input":"required name=search_term_string"}],"inLanguage":"sv-SE"},{"@type":"Person","@id":"https:\/\/blogg.atl.nu\/morteleks-fralsegard\/#\/schema\/person\/0ab22364ef6b1e3febf26c41d4a32b53","name":"Viktoria Birgersson","image":{"@type":"ImageObject","inLanguage":"sv-SE","@id":"https:\/\/blogg.atl.nu\/morteleks-fralsegard\/#\/schema\/person\/image\/","url":"https:\/\/secure.gravatar.com\/avatar\/66ee725962479e3acb970802c6913bd7?s=96&d=mm&r=g","contentUrl":"https:\/\/secure.gravatar.com\/avatar\/66ee725962479e3acb970802c6913bd7?s=96&d=mm&r=g","caption":"Viktoria Birgersson"},"url":"https:\/\/blogg.atl.nu\/morteleks-fralsegard\/author\/morteleks-fralsegard\/"}]}},"_links":{"self":[{"href":"https:\/\/blogg.atl.nu\/morteleks-fralsegard\/wp-json\/wp\/v2\/posts\/3072"}],"collection":[{"href":"https:\/\/blogg.atl.nu\/morteleks-fralsegard\/wp-json\/wp\/v2\/posts"}],"about":[{"href":"https:\/\/blogg.atl.nu\/morteleks-fralsegard\/wp-json\/wp\/v2\/types\/post"}],"author":[{"embeddable":true,"href":"https:\/\/blogg.atl.nu\/morteleks-fralsegard\/wp-json\/wp\/v2\/users\/366"}],"replies":[{"embeddable":true,"href":"https:\/\/blogg.atl.nu\/morteleks-fralsegard\/wp-json\/wp\/v2\/comments?post=3072"}],"version-history":[{"count":4,"href":"https:\/\/blogg.atl.nu\/morteleks-fralsegard\/wp-json\/wp\/v2\/posts\/3072\/revisions"}],"predecessor-version":[{"id":3083,"href":"https:\/\/blogg.atl.nu\/morteleks-fralsegard\/wp-json\/wp\/v2\/posts\/3072\/revisions\/3083"}],"wp:featuredmedia":[{"embeddable":true,"href":"https:\/\/blogg.atl.nu\/morteleks-fralsegard\/wp-json\/wp\/v2\/media\/3073"}],"wp:attachment":[{"href":"https:\/\/blogg.atl.nu\/morteleks-fralsegard\/wp-json\/wp\/v2\/media?parent=3072"}],"wp:term":[{"taxonomy":"category","embeddable":true,"href":"https:\/\/blogg.atl.nu\/morteleks-fralsegard\/wp-json\/wp\/v2\/categories?post=3072"},{"taxonomy":"post_tag","embeddable":true,"href":"https:\/\/blogg.atl.nu\/morteleks-fralsegard\/wp-json\/wp\/v2\/tags?post=3072"}],"curies":[{"name":"wp","href":"https:\/\/api.w.org\/{rel}","templated":true}]}}