{"id":3084,"date":"2023-01-21T21:24:22","date_gmt":"2023-01-21T21:24:22","guid":{"rendered":"https:\/\/blogg.atl.nu\/morteleks-fralsegard\/?p=3084"},"modified":"2023-01-22T10:00:21","modified_gmt":"2023-01-22T10:00:21","slug":"varg-vs-alg-eller","status":"publish","type":"post","link":"https:\/\/blogg.atl.nu\/morteleks-fralsegard\/2023\/01\/21\/varg-vs-alg-eller\/","title":{"rendered":"Varg vs \u00c4lg eller?"},"content":{"rendered":"<h2>Vi har under senaste tiden f\u00e5tt information om att det finns ytterligare ett revir med varg i Sm\u00e5land.<\/h2>\n<p><strong>Det h\u00e4r inl\u00e4gget \u00e4r INTE f\u00f6r att s\u00e4ga ja eller nej till varg utan f\u00f6r att kommentera ett par kommentar jag s\u00e5g i ett fl\u00f6de och g\u00e5tt och grubblat p\u00e5.<\/strong><\/p>\n<p>-L\u00e5t vargen leva!<br \/>\n-Men har inte \u00e4lgen r\u00e4tt att leva?<br \/>\n-\u00c4lg finns ju redan i skogen!<br \/>\n<strong>-Ja, men det finns inte m\u00e5nga \u00e4lgar och med en station\u00e4r varg kommer \u00e4lgen att f\u00f6rsvinna.<\/strong><br \/>\n<strong>-Ingen har sagt att det finns f\u00e5 \u00e4lgar!<\/strong><\/p>\n<p>S\u00f6kte och hittade lite siffror p\u00e5 n\u00e4tet, som sa att ett nuvarande revir i s\u00f6dra Sverige \u00e4r under 50 000ha och flera inte st\u00f6rre \u00e4n 20 000ha j\u00e4mf\u00f6rbart med 100 000ha i norra Sverige.<br \/>\nVargens f\u00f6da best\u00e5r till 80% av \u00e4lg och i ett revir d\u00f6das ca 80-100 \u00e4lgar per \u00e5r.<br \/>\nI exemplet nedan har jag r\u00e4knat med att ett vargrevir \u00e4ter 90 \u00e4lgar per \u00e5r.<\/p>\n<p>V\u00e5rt \u00e4lgsk\u00f6tselomr\u00e5de \u00e4r 22 000ha och vi har en tillv\u00e4xt p\u00e5 ca 50 \u00e4lgar och en avskjutning p\u00e5 ca 40 \u00e4lgar.<br \/>\nDet betyder att vi g\u00e5r ca +\/- 0 varje \u00e5r om vi \u00e4ven r\u00e4knar med trafikolyckor och h\u00e5ller v\u00e5r \u00e4lgstam.<\/p>\n<p>En varg \u00e4ter 8-9kg k\u00f6tt per dag.<br \/>\nJag delar upp 90 \u00e4lgar p\u00e5 50 kalvar x 40kg k\u00f6tt och 40 vuxna \u00e4lgar x 100kg k\u00f6tt, blir totalt ca 6000kg k\u00f6tt. 6000kg k\u00f6tt delat p\u00e5 365 dagar blir 16kg k\u00f6tt per dag.<\/p>\n<p>Vi har 7 \u00e4lgar\/1000ha (7 x 22) vilket betyder att det finns ca <strong>154 \u00e4lgar<\/strong> i v\u00e5rt \u00e4lgsk\u00f6tselomr\u00e5de.<br \/>\nCa 50% av \u00e4lgarna \u00e4r kor vilket betyder ca 77 st.<br \/>\nEn \u00e4lgko har en reproduktion p\u00e5 0,65 vilket betyder att det varje \u00e5r f\u00f6ds 77 x 0,65= ca 50 kalvar.<\/p>\n<p>Det borde betyda att vargen <strong>f\u00f6rsta \u00e5ret<\/strong> skulle minska \u00e4lgstammen (154+50-90) med ca 40 \u00e4lgar (utan jakt) och antalet \u00e4lg efter f\u00f6rsta \u00e5ret skulle vara <strong>114 \u00e4lgar<\/strong>\u00a0( 5 st \u00e4lgar\/1000ha).<\/p>\n<p><strong>Andra \u00e5ret<\/strong> blir det p\u00e5 samma s\u00e4tt och det f\u00f6ds 37 kalvar och efter andra \u00e5ret \u00e4r antalet \u00e4lgar (utan jakt) <strong>61 \u00e4lgar<\/strong> (2,7 st\/1000ha).<\/p>\n<p>Om det finns 30 \u00e4lgkor kvar <strong>Tredje \u00e5ret, <\/strong>kan det f\u00f6das ca 20 kalvar och det blir d\u00e5 81 \u00e4lgar att \u00e4ta och vi hamnar p\u00e5 <strong>-9 \u00e4lgar<\/strong> (0 st\/1000ha).<\/p>\n<p><img loading=\"lazy\" class=\"alignnone size-full wp-image-3088\" src=\"https:\/\/blogg.atl.nu\/morteleks-fralsegard\/wp-content\/uploads\/sites\/43\/2023\/01\/varg.png\" alt=\"\" width=\"818\" height=\"452\" srcset=\"https:\/\/blogg.atl.nu\/morteleks-fralsegard\/wp-content\/uploads\/sites\/43\/2023\/01\/varg.png 818w, https:\/\/blogg.atl.nu\/morteleks-fralsegard\/wp-content\/uploads\/sites\/43\/2023\/01\/varg-300x166.png 300w, https:\/\/blogg.atl.nu\/morteleks-fralsegard\/wp-content\/uploads\/sites\/43\/2023\/01\/varg-768x424.png 768w\" sizes=\"(max-width: 818px) 100vw, 818px\" \/><\/p>\n<p>Statistik p\u00e5 antalet vargar i Sverige per \u00e5r.<\/p>\n<p><img loading=\"lazy\" class=\"alignnone size-full wp-image-3089\" src=\"https:\/\/blogg.atl.nu\/morteleks-fralsegard\/wp-content\/uploads\/sites\/43\/2023\/01\/algar.png\" alt=\"\" width=\"525\" height=\"381\" srcset=\"https:\/\/blogg.atl.nu\/morteleks-fralsegard\/wp-content\/uploads\/sites\/43\/2023\/01\/algar.png 525w, https:\/\/blogg.atl.nu\/morteleks-fralsegard\/wp-content\/uploads\/sites\/43\/2023\/01\/algar-300x218.png 300w\" sizes=\"(max-width: 525px) 100vw, 525px\" \/><\/p>\n<p>Statistik p\u00e5 antalet \u00e4lgar i Sverige per 1000ha och \u00e5r.<\/p>\n<p>Nu \u00e4r fr\u00e5gan hur stor p\u00e5verkan vargen kommer att ha p\u00e5 \u00e4lgen och om \u00e4lgen kommer att bli en r\u00f6dlistad art, men med dagens jakttryck skulle jag inte s\u00e4ga att vi har f\u00e5 \u00e4lgar. Kan visserligen bero p\u00e5 att det finns m\u00e5nga goda tallplantor p\u00e5 den h\u00e4r fastigheten och de verkar trivas h\u00e4r, p\u00e5 g\u00e5tt och ont.<\/p>\n<p>Skogliga h\u00e4lsningar fr\u00e5n M\u00f6rteleks Fr\u00e4lseg\u00e5rd -En skogsg\u00e5rd mitt i Sm\u00e5land<\/p>\n<p>&nbsp;<\/p>\n","protected":false},"excerpt":{"rendered":"<p>Vi har under senaste tiden f\u00e5tt information om att det finns ytterligare ett revir med varg i Sm\u00e5land. Det h\u00e4r inl\u00e4gget \u00e4r INTE f\u00f6r att s\u00e4ga ja eller nej till varg utan f\u00f6r att kommentera ett par kommentar jag s\u00e5g i ett fl\u00f6de och g\u00e5tt och grubblat p\u00e5. -L\u00e5t vargen leva! -Men har inte \u00e4lgen&#8230;<\/p>\n","protected":false},"author":366,"featured_media":3085,"comment_status":"open","ping_status":"open","sticky":false,"template":"","format":"standard","meta":[],"categories":[1],"tags":[],"yoast_head":"<!-- This site is optimized with the Yoast SEO plugin v19.6 - https:\/\/yoast.com\/wordpress\/plugins\/seo\/ -->\n<title>Varg vs \u00c4lg eller? - M\u00f6rteleks Fr\u00e4lseg\u00e5rd<\/title>\n<meta name=\"robots\" content=\"index, follow, max-snippet:-1, max-image-preview:large, max-video-preview:-1\" \/>\n<link rel=\"canonical\" href=\"https:\/\/blogg.atl.nu\/morteleks-fralsegard\/2023\/01\/21\/varg-vs-alg-eller\/\" \/>\n<meta property=\"og:locale\" content=\"sv_SE\" \/>\n<meta property=\"og:type\" content=\"article\" \/>\n<meta property=\"og:title\" content=\"Varg vs \u00c4lg eller? - M\u00f6rteleks Fr\u00e4lseg\u00e5rd\" \/>\n<meta property=\"og:description\" content=\"Vi har under senaste tiden f\u00e5tt information om att det finns ytterligare ett revir med varg i Sm\u00e5land. Det h\u00e4r inl\u00e4gget \u00e4r INTE f\u00f6r att s\u00e4ga ja eller nej till varg utan f\u00f6r att kommentera ett par kommentar jag s\u00e5g i ett fl\u00f6de och g\u00e5tt och grubblat p\u00e5. -L\u00e5t vargen leva! -Men har inte \u00e4lgen...\" \/>\n<meta property=\"og:url\" content=\"https:\/\/blogg.atl.nu\/morteleks-fralsegard\/2023\/01\/21\/varg-vs-alg-eller\/\" \/>\n<meta property=\"og:site_name\" content=\"M\u00f6rteleks Fr\u00e4lseg\u00e5rd\" \/>\n<meta property=\"article:published_time\" content=\"2023-01-21T21:24:22+00:00\" \/>\n<meta property=\"article:modified_time\" content=\"2023-01-22T10:00:21+00:00\" \/>\n<meta property=\"og:image\" content=\"https:\/\/blogg.atl.nu\/morteleks-fralsegard\/wp-content\/uploads\/sites\/43\/2023\/01\/9F6B4A81-BC23-4E71-AE11-E2F1BB1819F5.jpeg\" \/>\n\t<meta property=\"og:image:width\" content=\"1170\" \/>\n\t<meta property=\"og:image:height\" content=\"1716\" \/>\n\t<meta property=\"og:image:type\" content=\"image\/jpeg\" \/>\n<meta name=\"author\" content=\"Viktoria Birgersson\" \/>\n<meta name=\"twitter:card\" content=\"summary_large_image\" \/>\n<meta name=\"twitter:label1\" content=\"Skriven av\" \/>\n\t<meta name=\"twitter:data1\" content=\"Viktoria Birgersson\" \/>\n\t<meta name=\"twitter:label2\" content=\"Ber\u00e4knad l\u00e4stid\" \/>\n\t<meta name=\"twitter:data2\" content=\"3 minuter\" \/>\n<script type=\"application\/ld+json\" class=\"yoast-schema-graph\">{\"@context\":\"https:\/\/schema.org\",\"@graph\":[{\"@type\":\"WebPage\",\"@id\":\"https:\/\/blogg.atl.nu\/morteleks-fralsegard\/2023\/01\/21\/varg-vs-alg-eller\/\",\"url\":\"https:\/\/blogg.atl.nu\/morteleks-fralsegard\/2023\/01\/21\/varg-vs-alg-eller\/\",\"name\":\"Varg vs \u00c4lg eller? - M\u00f6rteleks Fr\u00e4lseg\u00e5rd\",\"isPartOf\":{\"@id\":\"https:\/\/blogg.atl.nu\/morteleks-fralsegard\/#website\"},\"datePublished\":\"2023-01-21T21:24:22+00:00\",\"dateModified\":\"2023-01-22T10:00:21+00:00\",\"author\":{\"@id\":\"https:\/\/blogg.atl.nu\/morteleks-fralsegard\/#\/schema\/person\/0ab22364ef6b1e3febf26c41d4a32b53\"},\"breadcrumb\":{\"@id\":\"https:\/\/blogg.atl.nu\/morteleks-fralsegard\/2023\/01\/21\/varg-vs-alg-eller\/#breadcrumb\"},\"inLanguage\":\"sv-SE\",\"potentialAction\":[{\"@type\":\"ReadAction\",\"target\":[\"https:\/\/blogg.atl.nu\/morteleks-fralsegard\/2023\/01\/21\/varg-vs-alg-eller\/\"]}]},{\"@type\":\"BreadcrumbList\",\"@id\":\"https:\/\/blogg.atl.nu\/morteleks-fralsegard\/2023\/01\/21\/varg-vs-alg-eller\/#breadcrumb\",\"itemListElement\":[{\"@type\":\"ListItem\",\"position\":1,\"name\":\"Home\",\"item\":\"https:\/\/blogg.atl.nu\/morteleks-fralsegard\/\"},{\"@type\":\"ListItem\",\"position\":2,\"name\":\"Varg vs \u00c4lg eller?\"}]},{\"@type\":\"WebSite\",\"@id\":\"https:\/\/blogg.atl.nu\/morteleks-fralsegard\/#website\",\"url\":\"https:\/\/blogg.atl.nu\/morteleks-fralsegard\/\",\"name\":\"M\u00f6rteleks Fr\u00e4lseg\u00e5rd\",\"description\":\"Viktoria Birgersson\",\"potentialAction\":[{\"@type\":\"SearchAction\",\"target\":{\"@type\":\"EntryPoint\",\"urlTemplate\":\"https:\/\/blogg.atl.nu\/morteleks-fralsegard\/?s={search_term_string}\"},\"query-input\":\"required name=search_term_string\"}],\"inLanguage\":\"sv-SE\"},{\"@type\":\"Person\",\"@id\":\"https:\/\/blogg.atl.nu\/morteleks-fralsegard\/#\/schema\/person\/0ab22364ef6b1e3febf26c41d4a32b53\",\"name\":\"Viktoria Birgersson\",\"image\":{\"@type\":\"ImageObject\",\"inLanguage\":\"sv-SE\",\"@id\":\"https:\/\/blogg.atl.nu\/morteleks-fralsegard\/#\/schema\/person\/image\/\",\"url\":\"https:\/\/secure.gravatar.com\/avatar\/66ee725962479e3acb970802c6913bd7?s=96&d=mm&r=g\",\"contentUrl\":\"https:\/\/secure.gravatar.com\/avatar\/66ee725962479e3acb970802c6913bd7?s=96&d=mm&r=g\",\"caption\":\"Viktoria Birgersson\"},\"url\":\"https:\/\/blogg.atl.nu\/morteleks-fralsegard\/author\/morteleks-fralsegard\/\"}]}<\/script>\n<!-- \/ Yoast SEO plugin. -->","yoast_head_json":{"title":"Varg vs \u00c4lg eller? - M\u00f6rteleks Fr\u00e4lseg\u00e5rd","robots":{"index":"index","follow":"follow","max-snippet":"max-snippet:-1","max-image-preview":"max-image-preview:large","max-video-preview":"max-video-preview:-1"},"canonical":"https:\/\/blogg.atl.nu\/morteleks-fralsegard\/2023\/01\/21\/varg-vs-alg-eller\/","og_locale":"sv_SE","og_type":"article","og_title":"Varg vs \u00c4lg eller? - M\u00f6rteleks Fr\u00e4lseg\u00e5rd","og_description":"Vi har under senaste tiden f\u00e5tt information om att det finns ytterligare ett revir med varg i Sm\u00e5land. Det h\u00e4r inl\u00e4gget \u00e4r INTE f\u00f6r att s\u00e4ga ja eller nej till varg utan f\u00f6r att kommentera ett par kommentar jag s\u00e5g i ett fl\u00f6de och g\u00e5tt och grubblat p\u00e5. -L\u00e5t vargen leva! -Men har inte \u00e4lgen...","og_url":"https:\/\/blogg.atl.nu\/morteleks-fralsegard\/2023\/01\/21\/varg-vs-alg-eller\/","og_site_name":"M\u00f6rteleks Fr\u00e4lseg\u00e5rd","article_published_time":"2023-01-21T21:24:22+00:00","article_modified_time":"2023-01-22T10:00:21+00:00","og_image":[{"width":1170,"height":1716,"url":"https:\/\/blogg.atl.nu\/morteleks-fralsegard\/wp-content\/uploads\/sites\/43\/2023\/01\/9F6B4A81-BC23-4E71-AE11-E2F1BB1819F5.jpeg","type":"image\/jpeg"}],"author":"Viktoria Birgersson","twitter_card":"summary_large_image","twitter_misc":{"Skriven av":"Viktoria Birgersson","Ber\u00e4knad l\u00e4stid":"3 minuter"},"schema":{"@context":"https:\/\/schema.org","@graph":[{"@type":"WebPage","@id":"https:\/\/blogg.atl.nu\/morteleks-fralsegard\/2023\/01\/21\/varg-vs-alg-eller\/","url":"https:\/\/blogg.atl.nu\/morteleks-fralsegard\/2023\/01\/21\/varg-vs-alg-eller\/","name":"Varg vs \u00c4lg eller? - M\u00f6rteleks Fr\u00e4lseg\u00e5rd","isPartOf":{"@id":"https:\/\/blogg.atl.nu\/morteleks-fralsegard\/#website"},"datePublished":"2023-01-21T21:24:22+00:00","dateModified":"2023-01-22T10:00:21+00:00","author":{"@id":"https:\/\/blogg.atl.nu\/morteleks-fralsegard\/#\/schema\/person\/0ab22364ef6b1e3febf26c41d4a32b53"},"breadcrumb":{"@id":"https:\/\/blogg.atl.nu\/morteleks-fralsegard\/2023\/01\/21\/varg-vs-alg-eller\/#breadcrumb"},"inLanguage":"sv-SE","potentialAction":[{"@type":"ReadAction","target":["https:\/\/blogg.atl.nu\/morteleks-fralsegard\/2023\/01\/21\/varg-vs-alg-eller\/"]}]},{"@type":"BreadcrumbList","@id":"https:\/\/blogg.atl.nu\/morteleks-fralsegard\/2023\/01\/21\/varg-vs-alg-eller\/#breadcrumb","itemListElement":[{"@type":"ListItem","position":1,"name":"Home","item":"https:\/\/blogg.atl.nu\/morteleks-fralsegard\/"},{"@type":"ListItem","position":2,"name":"Varg vs \u00c4lg eller?"}]},{"@type":"WebSite","@id":"https:\/\/blogg.atl.nu\/morteleks-fralsegard\/#website","url":"https:\/\/blogg.atl.nu\/morteleks-fralsegard\/","name":"M\u00f6rteleks Fr\u00e4lseg\u00e5rd","description":"Viktoria Birgersson","potentialAction":[{"@type":"SearchAction","target":{"@type":"EntryPoint","urlTemplate":"https:\/\/blogg.atl.nu\/morteleks-fralsegard\/?s={search_term_string}"},"query-input":"required name=search_term_string"}],"inLanguage":"sv-SE"},{"@type":"Person","@id":"https:\/\/blogg.atl.nu\/morteleks-fralsegard\/#\/schema\/person\/0ab22364ef6b1e3febf26c41d4a32b53","name":"Viktoria Birgersson","image":{"@type":"ImageObject","inLanguage":"sv-SE","@id":"https:\/\/blogg.atl.nu\/morteleks-fralsegard\/#\/schema\/person\/image\/","url":"https:\/\/secure.gravatar.com\/avatar\/66ee725962479e3acb970802c6913bd7?s=96&d=mm&r=g","contentUrl":"https:\/\/secure.gravatar.com\/avatar\/66ee725962479e3acb970802c6913bd7?s=96&d=mm&r=g","caption":"Viktoria Birgersson"},"url":"https:\/\/blogg.atl.nu\/morteleks-fralsegard\/author\/morteleks-fralsegard\/"}]}},"_links":{"self":[{"href":"https:\/\/blogg.atl.nu\/morteleks-fralsegard\/wp-json\/wp\/v2\/posts\/3084"}],"collection":[{"href":"https:\/\/blogg.atl.nu\/morteleks-fralsegard\/wp-json\/wp\/v2\/posts"}],"about":[{"href":"https:\/\/blogg.atl.nu\/morteleks-fralsegard\/wp-json\/wp\/v2\/types\/post"}],"author":[{"embeddable":true,"href":"https:\/\/blogg.atl.nu\/morteleks-fralsegard\/wp-json\/wp\/v2\/users\/366"}],"replies":[{"embeddable":true,"href":"https:\/\/blogg.atl.nu\/morteleks-fralsegard\/wp-json\/wp\/v2\/comments?post=3084"}],"version-history":[{"count":20,"href":"https:\/\/blogg.atl.nu\/morteleks-fralsegard\/wp-json\/wp\/v2\/posts\/3084\/revisions"}],"predecessor-version":[{"id":3107,"href":"https:\/\/blogg.atl.nu\/morteleks-fralsegard\/wp-json\/wp\/v2\/posts\/3084\/revisions\/3107"}],"wp:featuredmedia":[{"embeddable":true,"href":"https:\/\/blogg.atl.nu\/morteleks-fralsegard\/wp-json\/wp\/v2\/media\/3085"}],"wp:attachment":[{"href":"https:\/\/blogg.atl.nu\/morteleks-fralsegard\/wp-json\/wp\/v2\/media?parent=3084"}],"wp:term":[{"taxonomy":"category","embeddable":true,"href":"https:\/\/blogg.atl.nu\/morteleks-fralsegard\/wp-json\/wp\/v2\/categories?post=3084"},{"taxonomy":"post_tag","embeddable":true,"href":"https:\/\/blogg.atl.nu\/morteleks-fralsegard\/wp-json\/wp\/v2\/tags?post=3084"}],"curies":[{"name":"wp","href":"https:\/\/api.w.org\/{rel}","templated":true}]}}