{"id":3213,"date":"2023-02-13T21:13:29","date_gmt":"2023-02-13T21:13:29","guid":{"rendered":"https:\/\/blogg.atl.nu\/morteleks-fralsegard\/?p=3213"},"modified":"2023-02-13T21:13:29","modified_gmt":"2023-02-13T21:13:29","slug":"allt-gar-nastan-att-laga-med-silvertejp-staltrad-och-karlsonsklister","status":"publish","type":"post","link":"https:\/\/blogg.atl.nu\/morteleks-fralsegard\/2023\/02\/13\/allt-gar-nastan-att-laga-med-silvertejp-staltrad-och-karlsonsklister\/","title":{"rendered":"Allt g\u00e5r (n\u00e4stan) att laga med silvertejp, st\u00e5ltr\u00e5d och karlsonsklister"},"content":{"rendered":"<p>Underbart v\u00e4der och skulle bara ut en snabbis och k\u00f6ra ut det jag s\u00e5gade innan sista sn\u00f6n. La hj\u00e4lmen i l\u00e5dan, en stubbe och vips s\u00e5 var hj\u00e4lmen \u00f6verk\u00f6rd.\u00a0<img loading=\"lazy\" class=\"alignnone size-full wp-image-3215\" src=\"https:\/\/blogg.atl.nu\/morteleks-fralsegard\/wp-content\/uploads\/sites\/43\/2023\/02\/6B2058A6-B93C-4624-B0BA-28BAE24B6722-scaled.jpeg\" alt=\"\" width=\"2560\" height=\"1920\" srcset=\"https:\/\/blogg.atl.nu\/morteleks-fralsegard\/wp-content\/uploads\/sites\/43\/2023\/02\/6B2058A6-B93C-4624-B0BA-28BAE24B6722-scaled.jpeg 2560w, https:\/\/blogg.atl.nu\/morteleks-fralsegard\/wp-content\/uploads\/sites\/43\/2023\/02\/6B2058A6-B93C-4624-B0BA-28BAE24B6722-300x225.jpeg 300w, https:\/\/blogg.atl.nu\/morteleks-fralsegard\/wp-content\/uploads\/sites\/43\/2023\/02\/6B2058A6-B93C-4624-B0BA-28BAE24B6722-1024x768.jpeg 1024w, https:\/\/blogg.atl.nu\/morteleks-fralsegard\/wp-content\/uploads\/sites\/43\/2023\/02\/6B2058A6-B93C-4624-B0BA-28BAE24B6722-768x576.jpeg 768w, https:\/\/blogg.atl.nu\/morteleks-fralsegard\/wp-content\/uploads\/sites\/43\/2023\/02\/6B2058A6-B93C-4624-B0BA-28BAE24B6722-1536x1152.jpeg 1536w, https:\/\/blogg.atl.nu\/morteleks-fralsegard\/wp-content\/uploads\/sites\/43\/2023\/02\/6B2058A6-B93C-4624-B0BA-28BAE24B6722-2048x1536.jpeg 2048w\" sizes=\"(max-width: 2560px) 100vw, 2560px\" \/><\/p>\n<p>Om det var en ramsa fina ord? -Nej, det var det inte\u2026 typ \u201df.. j\u2026..s\u2026 h\u2026\u2026!!!\u201d<\/p>\n<p><img loading=\"lazy\" class=\"alignnone size-full wp-image-3216\" src=\"https:\/\/blogg.atl.nu\/morteleks-fralsegard\/wp-content\/uploads\/sites\/43\/2023\/02\/A101231F-2BDA-486A-8FE4-8A0C11CE7785-scaled.jpeg\" alt=\"\" width=\"2560\" height=\"1920\" srcset=\"https:\/\/blogg.atl.nu\/morteleks-fralsegard\/wp-content\/uploads\/sites\/43\/2023\/02\/A101231F-2BDA-486A-8FE4-8A0C11CE7785-scaled.jpeg 2560w, https:\/\/blogg.atl.nu\/morteleks-fralsegard\/wp-content\/uploads\/sites\/43\/2023\/02\/A101231F-2BDA-486A-8FE4-8A0C11CE7785-300x225.jpeg 300w, https:\/\/blogg.atl.nu\/morteleks-fralsegard\/wp-content\/uploads\/sites\/43\/2023\/02\/A101231F-2BDA-486A-8FE4-8A0C11CE7785-1024x768.jpeg 1024w, https:\/\/blogg.atl.nu\/morteleks-fralsegard\/wp-content\/uploads\/sites\/43\/2023\/02\/A101231F-2BDA-486A-8FE4-8A0C11CE7785-768x576.jpeg 768w, https:\/\/blogg.atl.nu\/morteleks-fralsegard\/wp-content\/uploads\/sites\/43\/2023\/02\/A101231F-2BDA-486A-8FE4-8A0C11CE7785-1536x1152.jpeg 1536w, https:\/\/blogg.atl.nu\/morteleks-fralsegard\/wp-content\/uploads\/sites\/43\/2023\/02\/A101231F-2BDA-486A-8FE4-8A0C11CE7785-2048x1536.jpeg 2048w\" sizes=\"(max-width: 2560px) 100vw, 2560px\" \/><\/p>\n<p>Ja, ja\u2026\u201d-jag ska bara\u201d.<\/p>\n<p><span>Skogliga h\u00e4lsningar fr\u00e5n M\u00f6rteleks Fr\u00e4lseg\u00e5rd -En skogsg\u00e5rd mitt i Sm\u00e5land<\/span><\/p>\n","protected":false},"excerpt":{"rendered":"<p>Underbart v\u00e4der och skulle bara ut en snabbis och k\u00f6ra ut det jag s\u00e5gade innan sista sn\u00f6n. La hj\u00e4lmen i l\u00e5dan, en stubbe och vips s\u00e5 var hj\u00e4lmen \u00f6verk\u00f6rd.\u00a0 Om det var en ramsa fina ord? -Nej, det var det inte\u2026 typ \u201df.. j\u2026..s\u2026 h\u2026\u2026!!!\u201d Ja, ja\u2026\u201d-jag ska bara\u201d. Skogliga h\u00e4lsningar fr\u00e5n M\u00f6rteleks Fr\u00e4lseg\u00e5rd -En&#8230;<\/p>\n","protected":false},"author":366,"featured_media":3214,"comment_status":"open","ping_status":"open","sticky":false,"template":"","format":"standard","meta":[],"categories":[1],"tags":[],"yoast_head":"<!-- This site is optimized with the Yoast SEO plugin v19.6 - https:\/\/yoast.com\/wordpress\/plugins\/seo\/ -->\n<title>Allt g\u00e5r (n\u00e4stan) att laga med silvertejp, st\u00e5ltr\u00e5d och karlsonsklister - M\u00f6rteleks Fr\u00e4lseg\u00e5rd<\/title>\n<meta name=\"robots\" content=\"index, follow, max-snippet:-1, max-image-preview:large, max-video-preview:-1\" \/>\n<link rel=\"canonical\" href=\"https:\/\/blogg.atl.nu\/morteleks-fralsegard\/2023\/02\/13\/allt-gar-nastan-att-laga-med-silvertejp-staltrad-och-karlsonsklister\/\" \/>\n<meta property=\"og:locale\" content=\"sv_SE\" \/>\n<meta property=\"og:type\" content=\"article\" \/>\n<meta property=\"og:title\" content=\"Allt g\u00e5r (n\u00e4stan) att laga med silvertejp, st\u00e5ltr\u00e5d och karlsonsklister - M\u00f6rteleks Fr\u00e4lseg\u00e5rd\" \/>\n<meta property=\"og:description\" content=\"Underbart v\u00e4der och skulle bara ut en snabbis och k\u00f6ra ut det jag s\u00e5gade innan sista sn\u00f6n. La hj\u00e4lmen i l\u00e5dan, en stubbe och vips s\u00e5 var hj\u00e4lmen \u00f6verk\u00f6rd.\u00a0 Om det var en ramsa fina ord? -Nej, det var det inte\u2026 typ \u201df.. j\u2026..s\u2026 h\u2026\u2026!!!\u201d Ja, ja\u2026\u201d-jag ska bara\u201d. Skogliga h\u00e4lsningar fr\u00e5n M\u00f6rteleks Fr\u00e4lseg\u00e5rd -En...\" \/>\n<meta property=\"og:url\" content=\"https:\/\/blogg.atl.nu\/morteleks-fralsegard\/2023\/02\/13\/allt-gar-nastan-att-laga-med-silvertejp-staltrad-och-karlsonsklister\/\" \/>\n<meta property=\"og:site_name\" content=\"M\u00f6rteleks Fr\u00e4lseg\u00e5rd\" \/>\n<meta property=\"article:published_time\" content=\"2023-02-13T21:13:29+00:00\" \/>\n<meta property=\"og:image\" content=\"https:\/\/blogg.atl.nu\/morteleks-fralsegard\/wp-content\/uploads\/sites\/43\/2023\/02\/5550A87A-7547-4209-985F-79FE6E5B3DD1-scaled.jpeg\" \/>\n\t<meta property=\"og:image:width\" content=\"2560\" \/>\n\t<meta property=\"og:image:height\" content=\"1920\" \/>\n\t<meta property=\"og:image:type\" content=\"image\/jpeg\" \/>\n<meta name=\"author\" content=\"Viktoria Birgersson\" \/>\n<meta name=\"twitter:card\" content=\"summary_large_image\" \/>\n<meta name=\"twitter:label1\" content=\"Skriven av\" \/>\n\t<meta name=\"twitter:data1\" content=\"Viktoria Birgersson\" \/>\n\t<meta name=\"twitter:label2\" content=\"Ber\u00e4knad l\u00e4stid\" \/>\n\t<meta name=\"twitter:data2\" content=\"1 minut\" \/>\n<script type=\"application\/ld+json\" class=\"yoast-schema-graph\">{\"@context\":\"https:\/\/schema.org\",\"@graph\":[{\"@type\":\"WebPage\",\"@id\":\"https:\/\/blogg.atl.nu\/morteleks-fralsegard\/2023\/02\/13\/allt-gar-nastan-att-laga-med-silvertejp-staltrad-och-karlsonsklister\/\",\"url\":\"https:\/\/blogg.atl.nu\/morteleks-fralsegard\/2023\/02\/13\/allt-gar-nastan-att-laga-med-silvertejp-staltrad-och-karlsonsklister\/\",\"name\":\"Allt g\u00e5r (n\u00e4stan) att laga med silvertejp, st\u00e5ltr\u00e5d och karlsonsklister - M\u00f6rteleks Fr\u00e4lseg\u00e5rd\",\"isPartOf\":{\"@id\":\"https:\/\/blogg.atl.nu\/morteleks-fralsegard\/#website\"},\"datePublished\":\"2023-02-13T21:13:29+00:00\",\"dateModified\":\"2023-02-13T21:13:29+00:00\",\"author\":{\"@id\":\"https:\/\/blogg.atl.nu\/morteleks-fralsegard\/#\/schema\/person\/0ab22364ef6b1e3febf26c41d4a32b53\"},\"breadcrumb\":{\"@id\":\"https:\/\/blogg.atl.nu\/morteleks-fralsegard\/2023\/02\/13\/allt-gar-nastan-att-laga-med-silvertejp-staltrad-och-karlsonsklister\/#breadcrumb\"},\"inLanguage\":\"sv-SE\",\"potentialAction\":[{\"@type\":\"ReadAction\",\"target\":[\"https:\/\/blogg.atl.nu\/morteleks-fralsegard\/2023\/02\/13\/allt-gar-nastan-att-laga-med-silvertejp-staltrad-och-karlsonsklister\/\"]}]},{\"@type\":\"BreadcrumbList\",\"@id\":\"https:\/\/blogg.atl.nu\/morteleks-fralsegard\/2023\/02\/13\/allt-gar-nastan-att-laga-med-silvertejp-staltrad-och-karlsonsklister\/#breadcrumb\",\"itemListElement\":[{\"@type\":\"ListItem\",\"position\":1,\"name\":\"Home\",\"item\":\"https:\/\/blogg.atl.nu\/morteleks-fralsegard\/\"},{\"@type\":\"ListItem\",\"position\":2,\"name\":\"Allt g\u00e5r (n\u00e4stan) att laga med silvertejp, st\u00e5ltr\u00e5d och karlsonsklister\"}]},{\"@type\":\"WebSite\",\"@id\":\"https:\/\/blogg.atl.nu\/morteleks-fralsegard\/#website\",\"url\":\"https:\/\/blogg.atl.nu\/morteleks-fralsegard\/\",\"name\":\"M\u00f6rteleks Fr\u00e4lseg\u00e5rd\",\"description\":\"Viktoria Birgersson\",\"potentialAction\":[{\"@type\":\"SearchAction\",\"target\":{\"@type\":\"EntryPoint\",\"urlTemplate\":\"https:\/\/blogg.atl.nu\/morteleks-fralsegard\/?s={search_term_string}\"},\"query-input\":\"required name=search_term_string\"}],\"inLanguage\":\"sv-SE\"},{\"@type\":\"Person\",\"@id\":\"https:\/\/blogg.atl.nu\/morteleks-fralsegard\/#\/schema\/person\/0ab22364ef6b1e3febf26c41d4a32b53\",\"name\":\"Viktoria Birgersson\",\"image\":{\"@type\":\"ImageObject\",\"inLanguage\":\"sv-SE\",\"@id\":\"https:\/\/blogg.atl.nu\/morteleks-fralsegard\/#\/schema\/person\/image\/\",\"url\":\"https:\/\/secure.gravatar.com\/avatar\/66ee725962479e3acb970802c6913bd7?s=96&d=mm&r=g\",\"contentUrl\":\"https:\/\/secure.gravatar.com\/avatar\/66ee725962479e3acb970802c6913bd7?s=96&d=mm&r=g\",\"caption\":\"Viktoria Birgersson\"},\"url\":\"https:\/\/blogg.atl.nu\/morteleks-fralsegard\/author\/morteleks-fralsegard\/\"}]}<\/script>\n<!-- \/ Yoast SEO plugin. -->","yoast_head_json":{"title":"Allt g\u00e5r (n\u00e4stan) att laga med silvertejp, st\u00e5ltr\u00e5d och karlsonsklister - M\u00f6rteleks Fr\u00e4lseg\u00e5rd","robots":{"index":"index","follow":"follow","max-snippet":"max-snippet:-1","max-image-preview":"max-image-preview:large","max-video-preview":"max-video-preview:-1"},"canonical":"https:\/\/blogg.atl.nu\/morteleks-fralsegard\/2023\/02\/13\/allt-gar-nastan-att-laga-med-silvertejp-staltrad-och-karlsonsklister\/","og_locale":"sv_SE","og_type":"article","og_title":"Allt g\u00e5r (n\u00e4stan) att laga med silvertejp, st\u00e5ltr\u00e5d och karlsonsklister - M\u00f6rteleks Fr\u00e4lseg\u00e5rd","og_description":"Underbart v\u00e4der och skulle bara ut en snabbis och k\u00f6ra ut det jag s\u00e5gade innan sista sn\u00f6n. La hj\u00e4lmen i l\u00e5dan, en stubbe och vips s\u00e5 var hj\u00e4lmen \u00f6verk\u00f6rd.\u00a0 Om det var en ramsa fina ord? -Nej, det var det inte\u2026 typ \u201df.. j\u2026..s\u2026 h\u2026\u2026!!!\u201d Ja, ja\u2026\u201d-jag ska bara\u201d. Skogliga h\u00e4lsningar fr\u00e5n M\u00f6rteleks Fr\u00e4lseg\u00e5rd -En...","og_url":"https:\/\/blogg.atl.nu\/morteleks-fralsegard\/2023\/02\/13\/allt-gar-nastan-att-laga-med-silvertejp-staltrad-och-karlsonsklister\/","og_site_name":"M\u00f6rteleks Fr\u00e4lseg\u00e5rd","article_published_time":"2023-02-13T21:13:29+00:00","og_image":[{"width":2560,"height":1920,"url":"https:\/\/blogg.atl.nu\/morteleks-fralsegard\/wp-content\/uploads\/sites\/43\/2023\/02\/5550A87A-7547-4209-985F-79FE6E5B3DD1-scaled.jpeg","type":"image\/jpeg"}],"author":"Viktoria Birgersson","twitter_card":"summary_large_image","twitter_misc":{"Skriven av":"Viktoria Birgersson","Ber\u00e4knad l\u00e4stid":"1 minut"},"schema":{"@context":"https:\/\/schema.org","@graph":[{"@type":"WebPage","@id":"https:\/\/blogg.atl.nu\/morteleks-fralsegard\/2023\/02\/13\/allt-gar-nastan-att-laga-med-silvertejp-staltrad-och-karlsonsklister\/","url":"https:\/\/blogg.atl.nu\/morteleks-fralsegard\/2023\/02\/13\/allt-gar-nastan-att-laga-med-silvertejp-staltrad-och-karlsonsklister\/","name":"Allt g\u00e5r (n\u00e4stan) att laga med silvertejp, st\u00e5ltr\u00e5d och karlsonsklister - M\u00f6rteleks Fr\u00e4lseg\u00e5rd","isPartOf":{"@id":"https:\/\/blogg.atl.nu\/morteleks-fralsegard\/#website"},"datePublished":"2023-02-13T21:13:29+00:00","dateModified":"2023-02-13T21:13:29+00:00","author":{"@id":"https:\/\/blogg.atl.nu\/morteleks-fralsegard\/#\/schema\/person\/0ab22364ef6b1e3febf26c41d4a32b53"},"breadcrumb":{"@id":"https:\/\/blogg.atl.nu\/morteleks-fralsegard\/2023\/02\/13\/allt-gar-nastan-att-laga-med-silvertejp-staltrad-och-karlsonsklister\/#breadcrumb"},"inLanguage":"sv-SE","potentialAction":[{"@type":"ReadAction","target":["https:\/\/blogg.atl.nu\/morteleks-fralsegard\/2023\/02\/13\/allt-gar-nastan-att-laga-med-silvertejp-staltrad-och-karlsonsklister\/"]}]},{"@type":"BreadcrumbList","@id":"https:\/\/blogg.atl.nu\/morteleks-fralsegard\/2023\/02\/13\/allt-gar-nastan-att-laga-med-silvertejp-staltrad-och-karlsonsklister\/#breadcrumb","itemListElement":[{"@type":"ListItem","position":1,"name":"Home","item":"https:\/\/blogg.atl.nu\/morteleks-fralsegard\/"},{"@type":"ListItem","position":2,"name":"Allt g\u00e5r (n\u00e4stan) att laga med silvertejp, st\u00e5ltr\u00e5d och karlsonsklister"}]},{"@type":"WebSite","@id":"https:\/\/blogg.atl.nu\/morteleks-fralsegard\/#website","url":"https:\/\/blogg.atl.nu\/morteleks-fralsegard\/","name":"M\u00f6rteleks Fr\u00e4lseg\u00e5rd","description":"Viktoria Birgersson","potentialAction":[{"@type":"SearchAction","target":{"@type":"EntryPoint","urlTemplate":"https:\/\/blogg.atl.nu\/morteleks-fralsegard\/?s={search_term_string}"},"query-input":"required name=search_term_string"}],"inLanguage":"sv-SE"},{"@type":"Person","@id":"https:\/\/blogg.atl.nu\/morteleks-fralsegard\/#\/schema\/person\/0ab22364ef6b1e3febf26c41d4a32b53","name":"Viktoria Birgersson","image":{"@type":"ImageObject","inLanguage":"sv-SE","@id":"https:\/\/blogg.atl.nu\/morteleks-fralsegard\/#\/schema\/person\/image\/","url":"https:\/\/secure.gravatar.com\/avatar\/66ee725962479e3acb970802c6913bd7?s=96&d=mm&r=g","contentUrl":"https:\/\/secure.gravatar.com\/avatar\/66ee725962479e3acb970802c6913bd7?s=96&d=mm&r=g","caption":"Viktoria Birgersson"},"url":"https:\/\/blogg.atl.nu\/morteleks-fralsegard\/author\/morteleks-fralsegard\/"}]}},"_links":{"self":[{"href":"https:\/\/blogg.atl.nu\/morteleks-fralsegard\/wp-json\/wp\/v2\/posts\/3213"}],"collection":[{"href":"https:\/\/blogg.atl.nu\/morteleks-fralsegard\/wp-json\/wp\/v2\/posts"}],"about":[{"href":"https:\/\/blogg.atl.nu\/morteleks-fralsegard\/wp-json\/wp\/v2\/types\/post"}],"author":[{"embeddable":true,"href":"https:\/\/blogg.atl.nu\/morteleks-fralsegard\/wp-json\/wp\/v2\/users\/366"}],"replies":[{"embeddable":true,"href":"https:\/\/blogg.atl.nu\/morteleks-fralsegard\/wp-json\/wp\/v2\/comments?post=3213"}],"version-history":[{"count":6,"href":"https:\/\/blogg.atl.nu\/morteleks-fralsegard\/wp-json\/wp\/v2\/posts\/3213\/revisions"}],"predecessor-version":[{"id":3222,"href":"https:\/\/blogg.atl.nu\/morteleks-fralsegard\/wp-json\/wp\/v2\/posts\/3213\/revisions\/3222"}],"wp:featuredmedia":[{"embeddable":true,"href":"https:\/\/blogg.atl.nu\/morteleks-fralsegard\/wp-json\/wp\/v2\/media\/3214"}],"wp:attachment":[{"href":"https:\/\/blogg.atl.nu\/morteleks-fralsegard\/wp-json\/wp\/v2\/media?parent=3213"}],"wp:term":[{"taxonomy":"category","embeddable":true,"href":"https:\/\/blogg.atl.nu\/morteleks-fralsegard\/wp-json\/wp\/v2\/categories?post=3213"},{"taxonomy":"post_tag","embeddable":true,"href":"https:\/\/blogg.atl.nu\/morteleks-fralsegard\/wp-json\/wp\/v2\/tags?post=3213"}],"curies":[{"name":"wp","href":"https:\/\/api.w.org\/{rel}","templated":true}]}}