{"id":4735,"date":"2024-04-19T21:26:50","date_gmt":"2024-04-19T21:26:50","guid":{"rendered":"https:\/\/blogg.atl.nu\/morteleks-fralsegard\/?p=4735"},"modified":"2024-04-19T21:26:50","modified_gmt":"2024-04-19T21:26:50","slug":"aprilvader-och-arets-forsta-rabarberpaj","status":"publish","type":"post","link":"https:\/\/blogg.atl.nu\/morteleks-fralsegard\/2024\/04\/19\/aprilvader-och-arets-forsta-rabarberpaj\/","title":{"rendered":"Aprilv\u00e4der och \u00e5rets f\u00f6rsta rabarberpaj"},"content":{"rendered":"<p>Efter ett par dagar med sn\u00f6 och regn blandat med en lite vilsen sol. Plockade vi \u00e4ntligen \u00e5rets f\u00f6rsta n\u00e5got frostskadade rabarber.<\/p>\n<p><img loading=\"lazy\" class=\"alignnone size-full wp-image-4738\" src=\"https:\/\/blogg.atl.nu\/morteleks-fralsegard\/wp-content\/uploads\/sites\/43\/2024\/04\/8E19FE06-0FD9-480C-A0EA-77E426DF0F43-scaled.jpeg\" alt=\"\" width=\"2560\" height=\"1920\" srcset=\"https:\/\/blogg.atl.nu\/morteleks-fralsegard\/wp-content\/uploads\/sites\/43\/2024\/04\/8E19FE06-0FD9-480C-A0EA-77E426DF0F43-scaled.jpeg 2560w, https:\/\/blogg.atl.nu\/morteleks-fralsegard\/wp-content\/uploads\/sites\/43\/2024\/04\/8E19FE06-0FD9-480C-A0EA-77E426DF0F43-300x225.jpeg 300w, https:\/\/blogg.atl.nu\/morteleks-fralsegard\/wp-content\/uploads\/sites\/43\/2024\/04\/8E19FE06-0FD9-480C-A0EA-77E426DF0F43-1024x768.jpeg 1024w, https:\/\/blogg.atl.nu\/morteleks-fralsegard\/wp-content\/uploads\/sites\/43\/2024\/04\/8E19FE06-0FD9-480C-A0EA-77E426DF0F43-768x576.jpeg 768w, https:\/\/blogg.atl.nu\/morteleks-fralsegard\/wp-content\/uploads\/sites\/43\/2024\/04\/8E19FE06-0FD9-480C-A0EA-77E426DF0F43-1536x1152.jpeg 1536w, https:\/\/blogg.atl.nu\/morteleks-fralsegard\/wp-content\/uploads\/sites\/43\/2024\/04\/8E19FE06-0FD9-480C-A0EA-77E426DF0F43-2048x1536.jpeg 2048w\" sizes=\"(max-width: 2560px) 100vw, 2560px\" \/><\/p>\n<p>Den h\u00e4r v\u00e5ren k\u00e4nnetecknas av att vara bl\u00f6t och kletig. Antalet timmar som vi pumpat vatten sl\u00e5r rekord flera g\u00e5nger om.<\/p>\n<p><img loading=\"lazy\" class=\"alignnone size-full wp-image-4737\" src=\"https:\/\/blogg.atl.nu\/morteleks-fralsegard\/wp-content\/uploads\/sites\/43\/2024\/04\/04E521DC-581D-4361-8735-B2284043D2F3-scaled.jpeg\" alt=\"\" width=\"2560\" height=\"1920\" srcset=\"https:\/\/blogg.atl.nu\/morteleks-fralsegard\/wp-content\/uploads\/sites\/43\/2024\/04\/04E521DC-581D-4361-8735-B2284043D2F3-scaled.jpeg 2560w, https:\/\/blogg.atl.nu\/morteleks-fralsegard\/wp-content\/uploads\/sites\/43\/2024\/04\/04E521DC-581D-4361-8735-B2284043D2F3-300x225.jpeg 300w, https:\/\/blogg.atl.nu\/morteleks-fralsegard\/wp-content\/uploads\/sites\/43\/2024\/04\/04E521DC-581D-4361-8735-B2284043D2F3-1024x768.jpeg 1024w, https:\/\/blogg.atl.nu\/morteleks-fralsegard\/wp-content\/uploads\/sites\/43\/2024\/04\/04E521DC-581D-4361-8735-B2284043D2F3-768x576.jpeg 768w, https:\/\/blogg.atl.nu\/morteleks-fralsegard\/wp-content\/uploads\/sites\/43\/2024\/04\/04E521DC-581D-4361-8735-B2284043D2F3-1536x1152.jpeg 1536w, https:\/\/blogg.atl.nu\/morteleks-fralsegard\/wp-content\/uploads\/sites\/43\/2024\/04\/04E521DC-581D-4361-8735-B2284043D2F3-2048x1536.jpeg 2048w\" sizes=\"(max-width: 2560px) 100vw, 2560px\" \/><br \/>\nHyacinterna blommar, tulpanerna \u00e4r i knopp och stora sn\u00f6flingor faller.<\/p>\n<p><img loading=\"lazy\" class=\"alignnone size-full wp-image-4741\" src=\"https:\/\/blogg.atl.nu\/morteleks-fralsegard\/wp-content\/uploads\/sites\/43\/2024\/04\/E66CBE5A-A719-4B2A-B682-AED6FC96234D-scaled.jpeg\" alt=\"\" width=\"2560\" height=\"1920\" srcset=\"https:\/\/blogg.atl.nu\/morteleks-fralsegard\/wp-content\/uploads\/sites\/43\/2024\/04\/E66CBE5A-A719-4B2A-B682-AED6FC96234D-scaled.jpeg 2560w, https:\/\/blogg.atl.nu\/morteleks-fralsegard\/wp-content\/uploads\/sites\/43\/2024\/04\/E66CBE5A-A719-4B2A-B682-AED6FC96234D-300x225.jpeg 300w, https:\/\/blogg.atl.nu\/morteleks-fralsegard\/wp-content\/uploads\/sites\/43\/2024\/04\/E66CBE5A-A719-4B2A-B682-AED6FC96234D-1024x768.jpeg 1024w, https:\/\/blogg.atl.nu\/morteleks-fralsegard\/wp-content\/uploads\/sites\/43\/2024\/04\/E66CBE5A-A719-4B2A-B682-AED6FC96234D-768x576.jpeg 768w, https:\/\/blogg.atl.nu\/morteleks-fralsegard\/wp-content\/uploads\/sites\/43\/2024\/04\/E66CBE5A-A719-4B2A-B682-AED6FC96234D-1536x1152.jpeg 1536w, https:\/\/blogg.atl.nu\/morteleks-fralsegard\/wp-content\/uploads\/sites\/43\/2024\/04\/E66CBE5A-A719-4B2A-B682-AED6FC96234D-2048x1536.jpeg 2048w\" sizes=\"(max-width: 2560px) 100vw, 2560px\" \/><\/p>\n<p>Nu \u00e4r rabarberpajen upp\u00e4ten och sn\u00f6n borta f\u00f6r den h\u00e4r g\u00e5ngen.<\/p>\n<p><span>Skogliga h\u00e4lsningar fr\u00e5n M\u00f6rteleks Fr\u00e4lseg\u00e5rd -En skogsg\u00e5rd mitt i Sm\u00e5land<\/span><\/p>\n<p>&nbsp;<\/p>\n<p>&nbsp;<\/p>\n","protected":false},"excerpt":{"rendered":"<p>Efter ett par dagar med sn\u00f6 och regn blandat med en lite vilsen sol. Plockade vi \u00e4ntligen \u00e5rets f\u00f6rsta n\u00e5got frostskadade rabarber. Den h\u00e4r v\u00e5ren k\u00e4nnetecknas av att vara bl\u00f6t och kletig. Antalet timmar som vi pumpat vatten sl\u00e5r rekord flera g\u00e5nger om. Hyacinterna blommar, tulpanerna \u00e4r i knopp och stora sn\u00f6flingor faller. Nu \u00e4r&#8230;<\/p>\n","protected":false},"author":366,"featured_media":4740,"comment_status":"open","ping_status":"open","sticky":false,"template":"","format":"standard","meta":[],"categories":[1],"tags":[],"yoast_head":"<!-- This site is optimized with the Yoast SEO plugin v19.6 - https:\/\/yoast.com\/wordpress\/plugins\/seo\/ -->\n<title>Aprilv\u00e4der och \u00e5rets f\u00f6rsta rabarberpaj - M\u00f6rteleks Fr\u00e4lseg\u00e5rd<\/title>\n<meta name=\"robots\" content=\"index, follow, max-snippet:-1, max-image-preview:large, max-video-preview:-1\" \/>\n<link rel=\"canonical\" href=\"https:\/\/blogg.atl.nu\/morteleks-fralsegard\/2024\/04\/19\/aprilvader-och-arets-forsta-rabarberpaj\/\" \/>\n<meta property=\"og:locale\" content=\"sv_SE\" \/>\n<meta property=\"og:type\" content=\"article\" \/>\n<meta property=\"og:title\" content=\"Aprilv\u00e4der och \u00e5rets f\u00f6rsta rabarberpaj - M\u00f6rteleks Fr\u00e4lseg\u00e5rd\" \/>\n<meta property=\"og:description\" content=\"Efter ett par dagar med sn\u00f6 och regn blandat med en lite vilsen sol. Plockade vi \u00e4ntligen \u00e5rets f\u00f6rsta n\u00e5got frostskadade rabarber. Den h\u00e4r v\u00e5ren k\u00e4nnetecknas av att vara bl\u00f6t och kletig. Antalet timmar som vi pumpat vatten sl\u00e5r rekord flera g\u00e5nger om. Hyacinterna blommar, tulpanerna \u00e4r i knopp och stora sn\u00f6flingor faller. Nu \u00e4r...\" \/>\n<meta property=\"og:url\" content=\"https:\/\/blogg.atl.nu\/morteleks-fralsegard\/2024\/04\/19\/aprilvader-och-arets-forsta-rabarberpaj\/\" \/>\n<meta property=\"og:site_name\" content=\"M\u00f6rteleks Fr\u00e4lseg\u00e5rd\" \/>\n<meta property=\"article:published_time\" content=\"2024-04-19T21:26:50+00:00\" \/>\n<meta property=\"og:image\" content=\"https:\/\/blogg.atl.nu\/morteleks-fralsegard\/wp-content\/uploads\/sites\/43\/2024\/04\/B14D6A51-997B-4B18-B35A-44AA018D8E17-scaled.jpeg\" \/>\n\t<meta property=\"og:image:width\" content=\"2560\" \/>\n\t<meta property=\"og:image:height\" content=\"1920\" \/>\n\t<meta property=\"og:image:type\" content=\"image\/jpeg\" \/>\n<meta name=\"author\" content=\"Viktoria Birgersson\" \/>\n<meta name=\"twitter:card\" content=\"summary_large_image\" \/>\n<meta name=\"twitter:label1\" content=\"Skriven av\" \/>\n\t<meta name=\"twitter:data1\" content=\"Viktoria Birgersson\" \/>\n\t<meta name=\"twitter:label2\" content=\"Ber\u00e4knad l\u00e4stid\" \/>\n\t<meta name=\"twitter:data2\" content=\"1 minut\" \/>\n<script type=\"application\/ld+json\" class=\"yoast-schema-graph\">{\"@context\":\"https:\/\/schema.org\",\"@graph\":[{\"@type\":\"WebPage\",\"@id\":\"https:\/\/blogg.atl.nu\/morteleks-fralsegard\/2024\/04\/19\/aprilvader-och-arets-forsta-rabarberpaj\/\",\"url\":\"https:\/\/blogg.atl.nu\/morteleks-fralsegard\/2024\/04\/19\/aprilvader-och-arets-forsta-rabarberpaj\/\",\"name\":\"Aprilv\u00e4der och \u00e5rets f\u00f6rsta rabarberpaj - M\u00f6rteleks Fr\u00e4lseg\u00e5rd\",\"isPartOf\":{\"@id\":\"https:\/\/blogg.atl.nu\/morteleks-fralsegard\/#website\"},\"datePublished\":\"2024-04-19T21:26:50+00:00\",\"dateModified\":\"2024-04-19T21:26:50+00:00\",\"author\":{\"@id\":\"https:\/\/blogg.atl.nu\/morteleks-fralsegard\/#\/schema\/person\/0ab22364ef6b1e3febf26c41d4a32b53\"},\"breadcrumb\":{\"@id\":\"https:\/\/blogg.atl.nu\/morteleks-fralsegard\/2024\/04\/19\/aprilvader-och-arets-forsta-rabarberpaj\/#breadcrumb\"},\"inLanguage\":\"sv-SE\",\"potentialAction\":[{\"@type\":\"ReadAction\",\"target\":[\"https:\/\/blogg.atl.nu\/morteleks-fralsegard\/2024\/04\/19\/aprilvader-och-arets-forsta-rabarberpaj\/\"]}]},{\"@type\":\"BreadcrumbList\",\"@id\":\"https:\/\/blogg.atl.nu\/morteleks-fralsegard\/2024\/04\/19\/aprilvader-och-arets-forsta-rabarberpaj\/#breadcrumb\",\"itemListElement\":[{\"@type\":\"ListItem\",\"position\":1,\"name\":\"Home\",\"item\":\"https:\/\/blogg.atl.nu\/morteleks-fralsegard\/\"},{\"@type\":\"ListItem\",\"position\":2,\"name\":\"Aprilv\u00e4der och \u00e5rets f\u00f6rsta rabarberpaj\"}]},{\"@type\":\"WebSite\",\"@id\":\"https:\/\/blogg.atl.nu\/morteleks-fralsegard\/#website\",\"url\":\"https:\/\/blogg.atl.nu\/morteleks-fralsegard\/\",\"name\":\"M\u00f6rteleks Fr\u00e4lseg\u00e5rd\",\"description\":\"Viktoria Birgersson\",\"potentialAction\":[{\"@type\":\"SearchAction\",\"target\":{\"@type\":\"EntryPoint\",\"urlTemplate\":\"https:\/\/blogg.atl.nu\/morteleks-fralsegard\/?s={search_term_string}\"},\"query-input\":\"required name=search_term_string\"}],\"inLanguage\":\"sv-SE\"},{\"@type\":\"Person\",\"@id\":\"https:\/\/blogg.atl.nu\/morteleks-fralsegard\/#\/schema\/person\/0ab22364ef6b1e3febf26c41d4a32b53\",\"name\":\"Viktoria Birgersson\",\"image\":{\"@type\":\"ImageObject\",\"inLanguage\":\"sv-SE\",\"@id\":\"https:\/\/blogg.atl.nu\/morteleks-fralsegard\/#\/schema\/person\/image\/\",\"url\":\"https:\/\/secure.gravatar.com\/avatar\/66ee725962479e3acb970802c6913bd7?s=96&d=mm&r=g\",\"contentUrl\":\"https:\/\/secure.gravatar.com\/avatar\/66ee725962479e3acb970802c6913bd7?s=96&d=mm&r=g\",\"caption\":\"Viktoria Birgersson\"},\"url\":\"https:\/\/blogg.atl.nu\/morteleks-fralsegard\/author\/morteleks-fralsegard\/\"}]}<\/script>\n<!-- \/ Yoast SEO plugin. -->","yoast_head_json":{"title":"Aprilv\u00e4der och \u00e5rets f\u00f6rsta rabarberpaj - M\u00f6rteleks Fr\u00e4lseg\u00e5rd","robots":{"index":"index","follow":"follow","max-snippet":"max-snippet:-1","max-image-preview":"max-image-preview:large","max-video-preview":"max-video-preview:-1"},"canonical":"https:\/\/blogg.atl.nu\/morteleks-fralsegard\/2024\/04\/19\/aprilvader-och-arets-forsta-rabarberpaj\/","og_locale":"sv_SE","og_type":"article","og_title":"Aprilv\u00e4der och \u00e5rets f\u00f6rsta rabarberpaj - M\u00f6rteleks Fr\u00e4lseg\u00e5rd","og_description":"Efter ett par dagar med sn\u00f6 och regn blandat med en lite vilsen sol. Plockade vi \u00e4ntligen \u00e5rets f\u00f6rsta n\u00e5got frostskadade rabarber. Den h\u00e4r v\u00e5ren k\u00e4nnetecknas av att vara bl\u00f6t och kletig. Antalet timmar som vi pumpat vatten sl\u00e5r rekord flera g\u00e5nger om. Hyacinterna blommar, tulpanerna \u00e4r i knopp och stora sn\u00f6flingor faller. Nu \u00e4r...","og_url":"https:\/\/blogg.atl.nu\/morteleks-fralsegard\/2024\/04\/19\/aprilvader-och-arets-forsta-rabarberpaj\/","og_site_name":"M\u00f6rteleks Fr\u00e4lseg\u00e5rd","article_published_time":"2024-04-19T21:26:50+00:00","og_image":[{"width":2560,"height":1920,"url":"https:\/\/blogg.atl.nu\/morteleks-fralsegard\/wp-content\/uploads\/sites\/43\/2024\/04\/B14D6A51-997B-4B18-B35A-44AA018D8E17-scaled.jpeg","type":"image\/jpeg"}],"author":"Viktoria Birgersson","twitter_card":"summary_large_image","twitter_misc":{"Skriven av":"Viktoria Birgersson","Ber\u00e4knad l\u00e4stid":"1 minut"},"schema":{"@context":"https:\/\/schema.org","@graph":[{"@type":"WebPage","@id":"https:\/\/blogg.atl.nu\/morteleks-fralsegard\/2024\/04\/19\/aprilvader-och-arets-forsta-rabarberpaj\/","url":"https:\/\/blogg.atl.nu\/morteleks-fralsegard\/2024\/04\/19\/aprilvader-och-arets-forsta-rabarberpaj\/","name":"Aprilv\u00e4der och \u00e5rets f\u00f6rsta rabarberpaj - M\u00f6rteleks Fr\u00e4lseg\u00e5rd","isPartOf":{"@id":"https:\/\/blogg.atl.nu\/morteleks-fralsegard\/#website"},"datePublished":"2024-04-19T21:26:50+00:00","dateModified":"2024-04-19T21:26:50+00:00","author":{"@id":"https:\/\/blogg.atl.nu\/morteleks-fralsegard\/#\/schema\/person\/0ab22364ef6b1e3febf26c41d4a32b53"},"breadcrumb":{"@id":"https:\/\/blogg.atl.nu\/morteleks-fralsegard\/2024\/04\/19\/aprilvader-och-arets-forsta-rabarberpaj\/#breadcrumb"},"inLanguage":"sv-SE","potentialAction":[{"@type":"ReadAction","target":["https:\/\/blogg.atl.nu\/morteleks-fralsegard\/2024\/04\/19\/aprilvader-och-arets-forsta-rabarberpaj\/"]}]},{"@type":"BreadcrumbList","@id":"https:\/\/blogg.atl.nu\/morteleks-fralsegard\/2024\/04\/19\/aprilvader-och-arets-forsta-rabarberpaj\/#breadcrumb","itemListElement":[{"@type":"ListItem","position":1,"name":"Home","item":"https:\/\/blogg.atl.nu\/morteleks-fralsegard\/"},{"@type":"ListItem","position":2,"name":"Aprilv\u00e4der och \u00e5rets f\u00f6rsta rabarberpaj"}]},{"@type":"WebSite","@id":"https:\/\/blogg.atl.nu\/morteleks-fralsegard\/#website","url":"https:\/\/blogg.atl.nu\/morteleks-fralsegard\/","name":"M\u00f6rteleks Fr\u00e4lseg\u00e5rd","description":"Viktoria Birgersson","potentialAction":[{"@type":"SearchAction","target":{"@type":"EntryPoint","urlTemplate":"https:\/\/blogg.atl.nu\/morteleks-fralsegard\/?s={search_term_string}"},"query-input":"required name=search_term_string"}],"inLanguage":"sv-SE"},{"@type":"Person","@id":"https:\/\/blogg.atl.nu\/morteleks-fralsegard\/#\/schema\/person\/0ab22364ef6b1e3febf26c41d4a32b53","name":"Viktoria Birgersson","image":{"@type":"ImageObject","inLanguage":"sv-SE","@id":"https:\/\/blogg.atl.nu\/morteleks-fralsegard\/#\/schema\/person\/image\/","url":"https:\/\/secure.gravatar.com\/avatar\/66ee725962479e3acb970802c6913bd7?s=96&d=mm&r=g","contentUrl":"https:\/\/secure.gravatar.com\/avatar\/66ee725962479e3acb970802c6913bd7?s=96&d=mm&r=g","caption":"Viktoria Birgersson"},"url":"https:\/\/blogg.atl.nu\/morteleks-fralsegard\/author\/morteleks-fralsegard\/"}]}},"_links":{"self":[{"href":"https:\/\/blogg.atl.nu\/morteleks-fralsegard\/wp-json\/wp\/v2\/posts\/4735"}],"collection":[{"href":"https:\/\/blogg.atl.nu\/morteleks-fralsegard\/wp-json\/wp\/v2\/posts"}],"about":[{"href":"https:\/\/blogg.atl.nu\/morteleks-fralsegard\/wp-json\/wp\/v2\/types\/post"}],"author":[{"embeddable":true,"href":"https:\/\/blogg.atl.nu\/morteleks-fralsegard\/wp-json\/wp\/v2\/users\/366"}],"replies":[{"embeddable":true,"href":"https:\/\/blogg.atl.nu\/morteleks-fralsegard\/wp-json\/wp\/v2\/comments?post=4735"}],"version-history":[{"count":6,"href":"https:\/\/blogg.atl.nu\/morteleks-fralsegard\/wp-json\/wp\/v2\/posts\/4735\/revisions"}],"predecessor-version":[{"id":4745,"href":"https:\/\/blogg.atl.nu\/morteleks-fralsegard\/wp-json\/wp\/v2\/posts\/4735\/revisions\/4745"}],"wp:featuredmedia":[{"embeddable":true,"href":"https:\/\/blogg.atl.nu\/morteleks-fralsegard\/wp-json\/wp\/v2\/media\/4740"}],"wp:attachment":[{"href":"https:\/\/blogg.atl.nu\/morteleks-fralsegard\/wp-json\/wp\/v2\/media?parent=4735"}],"wp:term":[{"taxonomy":"category","embeddable":true,"href":"https:\/\/blogg.atl.nu\/morteleks-fralsegard\/wp-json\/wp\/v2\/categories?post=4735"},{"taxonomy":"post_tag","embeddable":true,"href":"https:\/\/blogg.atl.nu\/morteleks-fralsegard\/wp-json\/wp\/v2\/tags?post=4735"}],"curies":[{"name":"wp","href":"https:\/\/api.w.org\/{rel}","templated":true}]}}