{"id":5193,"date":"2024-07-26T21:14:04","date_gmt":"2024-07-26T21:14:04","guid":{"rendered":"https:\/\/blogg.atl.nu\/morteleks-fralsegard\/?p=5193"},"modified":"2024-07-26T21:14:04","modified_gmt":"2024-07-26T21:14:04","slug":"men-va","status":"publish","type":"post","link":"https:\/\/blogg.atl.nu\/morteleks-fralsegard\/2024\/07\/26\/men-va\/","title":{"rendered":"Men va @#&amp;%"},"content":{"rendered":"<p>Ibland \u00e4r det befogat att sv\u00e4ra och ett s\u00e5dant tillf\u00e4lle var idag n\u00e4r 10+1 skulle f\u00e5 vatten och r\u00e4knas in och de bara var 9+1.<\/p>\n<p><img loading=\"lazy\" class=\"alignnone size-full wp-image-5195\" src=\"https:\/\/blogg.atl.nu\/morteleks-fralsegard\/wp-content\/uploads\/sites\/43\/2024\/07\/45B26DB3-20C9-4116-9742-01029DC33EE8-scaled.jpeg\" alt=\"\" width=\"2560\" height=\"1920\" srcset=\"https:\/\/blogg.atl.nu\/morteleks-fralsegard\/wp-content\/uploads\/sites\/43\/2024\/07\/45B26DB3-20C9-4116-9742-01029DC33EE8-scaled.jpeg 2560w, https:\/\/blogg.atl.nu\/morteleks-fralsegard\/wp-content\/uploads\/sites\/43\/2024\/07\/45B26DB3-20C9-4116-9742-01029DC33EE8-300x225.jpeg 300w, https:\/\/blogg.atl.nu\/morteleks-fralsegard\/wp-content\/uploads\/sites\/43\/2024\/07\/45B26DB3-20C9-4116-9742-01029DC33EE8-1024x768.jpeg 1024w, https:\/\/blogg.atl.nu\/morteleks-fralsegard\/wp-content\/uploads\/sites\/43\/2024\/07\/45B26DB3-20C9-4116-9742-01029DC33EE8-768x576.jpeg 768w, https:\/\/blogg.atl.nu\/morteleks-fralsegard\/wp-content\/uploads\/sites\/43\/2024\/07\/45B26DB3-20C9-4116-9742-01029DC33EE8-1536x1152.jpeg 1536w, https:\/\/blogg.atl.nu\/morteleks-fralsegard\/wp-content\/uploads\/sites\/43\/2024\/07\/45B26DB3-20C9-4116-9742-01029DC33EE8-2048x1536.jpeg 2048w\" sizes=\"(max-width: 2560px) 100vw, 2560px\" \/><br \/>\nIdag var det inte tjuren utan en kviga som t\u00e4nkte \u201dVarf\u00f6r inte?!? H\u00e4sthagen ser ju sp\u00e4nnande ut!\u201d<\/p>\n<p><img loading=\"lazy\" class=\"alignnone size-full wp-image-5196\" src=\"https:\/\/blogg.atl.nu\/morteleks-fralsegard\/wp-content\/uploads\/sites\/43\/2024\/07\/2FC3AD9C-EC3E-4D03-B221-E495BEE654C6-scaled.jpeg\" alt=\"\" width=\"2560\" height=\"1920\" srcset=\"https:\/\/blogg.atl.nu\/morteleks-fralsegard\/wp-content\/uploads\/sites\/43\/2024\/07\/2FC3AD9C-EC3E-4D03-B221-E495BEE654C6-scaled.jpeg 2560w, https:\/\/blogg.atl.nu\/morteleks-fralsegard\/wp-content\/uploads\/sites\/43\/2024\/07\/2FC3AD9C-EC3E-4D03-B221-E495BEE654C6-300x225.jpeg 300w, https:\/\/blogg.atl.nu\/morteleks-fralsegard\/wp-content\/uploads\/sites\/43\/2024\/07\/2FC3AD9C-EC3E-4D03-B221-E495BEE654C6-1024x768.jpeg 1024w, https:\/\/blogg.atl.nu\/morteleks-fralsegard\/wp-content\/uploads\/sites\/43\/2024\/07\/2FC3AD9C-EC3E-4D03-B221-E495BEE654C6-768x576.jpeg 768w, https:\/\/blogg.atl.nu\/morteleks-fralsegard\/wp-content\/uploads\/sites\/43\/2024\/07\/2FC3AD9C-EC3E-4D03-B221-E495BEE654C6-1536x1152.jpeg 1536w, https:\/\/blogg.atl.nu\/morteleks-fralsegard\/wp-content\/uploads\/sites\/43\/2024\/07\/2FC3AD9C-EC3E-4D03-B221-E495BEE654C6-2048x1536.jpeg 2048w\" sizes=\"(max-width: 2560px) 100vw, 2560px\" \/><\/p>\n<p>Men n\u00e4r vi kom hem lite senare hade de f\u00f6r\u00f6kat sig och var 10+1 igen. Sk\u00f6nt!<\/p>\n<p>De h\u00e4r vattenbufflarna\u2026 b\u00e5de s\u00f6ta och oskuldsfulla!<\/p>\n<p><span>Skogliga h\u00e4lsningar fr\u00e5n M\u00f6rteleks Fr\u00e4lseg\u00e5rd -En skogsg\u00e5rd mitt i Sm\u00e5land<\/span><\/p>\n<p>&nbsp;<\/p>\n","protected":false},"excerpt":{"rendered":"<p>Ibland \u00e4r det befogat att sv\u00e4ra och ett s\u00e5dant tillf\u00e4lle var idag n\u00e4r 10+1 skulle f\u00e5 vatten och r\u00e4knas in och de bara var 9+1. Idag var det inte tjuren utan en kviga som t\u00e4nkte \u201dVarf\u00f6r inte?!? H\u00e4sthagen ser ju sp\u00e4nnande ut!\u201d Men n\u00e4r vi kom hem lite senare hade de f\u00f6r\u00f6kat sig och var&#8230;<\/p>\n","protected":false},"author":366,"featured_media":5194,"comment_status":"open","ping_status":"open","sticky":false,"template":"","format":"standard","meta":[],"categories":[1],"tags":[],"yoast_head":"<!-- This site is optimized with the Yoast SEO plugin v19.6 - https:\/\/yoast.com\/wordpress\/plugins\/seo\/ -->\n<title>Men va @#&amp;% - M\u00f6rteleks Fr\u00e4lseg\u00e5rd<\/title>\n<meta name=\"robots\" content=\"index, follow, max-snippet:-1, max-image-preview:large, max-video-preview:-1\" \/>\n<link rel=\"canonical\" href=\"https:\/\/blogg.atl.nu\/morteleks-fralsegard\/2024\/07\/26\/men-va\/\" \/>\n<meta property=\"og:locale\" content=\"sv_SE\" \/>\n<meta property=\"og:type\" content=\"article\" \/>\n<meta property=\"og:title\" content=\"Men va @#&amp;% - M\u00f6rteleks Fr\u00e4lseg\u00e5rd\" \/>\n<meta property=\"og:description\" content=\"Ibland \u00e4r det befogat att sv\u00e4ra och ett s\u00e5dant tillf\u00e4lle var idag n\u00e4r 10+1 skulle f\u00e5 vatten och r\u00e4knas in och de bara var 9+1. Idag var det inte tjuren utan en kviga som t\u00e4nkte \u201dVarf\u00f6r inte?!? H\u00e4sthagen ser ju sp\u00e4nnande ut!\u201d Men n\u00e4r vi kom hem lite senare hade de f\u00f6r\u00f6kat sig och var...\" \/>\n<meta property=\"og:url\" content=\"https:\/\/blogg.atl.nu\/morteleks-fralsegard\/2024\/07\/26\/men-va\/\" \/>\n<meta property=\"og:site_name\" content=\"M\u00f6rteleks Fr\u00e4lseg\u00e5rd\" \/>\n<meta property=\"article:published_time\" content=\"2024-07-26T21:14:04+00:00\" \/>\n<meta property=\"og:image\" content=\"https:\/\/blogg.atl.nu\/morteleks-fralsegard\/wp-content\/uploads\/sites\/43\/2024\/07\/229EA0F0-29FC-4760-B7C7-0EFD099974C5-scaled.jpeg\" \/>\n\t<meta property=\"og:image:width\" content=\"2560\" \/>\n\t<meta property=\"og:image:height\" content=\"1920\" \/>\n\t<meta property=\"og:image:type\" content=\"image\/jpeg\" \/>\n<meta name=\"author\" content=\"Viktoria Birgersson\" \/>\n<meta name=\"twitter:card\" content=\"summary_large_image\" \/>\n<meta name=\"twitter:label1\" content=\"Skriven av\" \/>\n\t<meta name=\"twitter:data1\" content=\"Viktoria Birgersson\" \/>\n\t<meta name=\"twitter:label2\" content=\"Ber\u00e4knad l\u00e4stid\" \/>\n\t<meta name=\"twitter:data2\" content=\"1 minut\" \/>\n<script type=\"application\/ld+json\" class=\"yoast-schema-graph\">{\"@context\":\"https:\/\/schema.org\",\"@graph\":[{\"@type\":\"WebPage\",\"@id\":\"https:\/\/blogg.atl.nu\/morteleks-fralsegard\/2024\/07\/26\/men-va\/\",\"url\":\"https:\/\/blogg.atl.nu\/morteleks-fralsegard\/2024\/07\/26\/men-va\/\",\"name\":\"Men va @#&amp;% - M\u00f6rteleks Fr\u00e4lseg\u00e5rd\",\"isPartOf\":{\"@id\":\"https:\/\/blogg.atl.nu\/morteleks-fralsegard\/#website\"},\"datePublished\":\"2024-07-26T21:14:04+00:00\",\"dateModified\":\"2024-07-26T21:14:04+00:00\",\"author\":{\"@id\":\"https:\/\/blogg.atl.nu\/morteleks-fralsegard\/#\/schema\/person\/0ab22364ef6b1e3febf26c41d4a32b53\"},\"breadcrumb\":{\"@id\":\"https:\/\/blogg.atl.nu\/morteleks-fralsegard\/2024\/07\/26\/men-va\/#breadcrumb\"},\"inLanguage\":\"sv-SE\",\"potentialAction\":[{\"@type\":\"ReadAction\",\"target\":[\"https:\/\/blogg.atl.nu\/morteleks-fralsegard\/2024\/07\/26\/men-va\/\"]}]},{\"@type\":\"BreadcrumbList\",\"@id\":\"https:\/\/blogg.atl.nu\/morteleks-fralsegard\/2024\/07\/26\/men-va\/#breadcrumb\",\"itemListElement\":[{\"@type\":\"ListItem\",\"position\":1,\"name\":\"Home\",\"item\":\"https:\/\/blogg.atl.nu\/morteleks-fralsegard\/\"},{\"@type\":\"ListItem\",\"position\":2,\"name\":\"Men va @#&amp;%\"}]},{\"@type\":\"WebSite\",\"@id\":\"https:\/\/blogg.atl.nu\/morteleks-fralsegard\/#website\",\"url\":\"https:\/\/blogg.atl.nu\/morteleks-fralsegard\/\",\"name\":\"M\u00f6rteleks Fr\u00e4lseg\u00e5rd\",\"description\":\"Viktoria Birgersson\",\"potentialAction\":[{\"@type\":\"SearchAction\",\"target\":{\"@type\":\"EntryPoint\",\"urlTemplate\":\"https:\/\/blogg.atl.nu\/morteleks-fralsegard\/?s={search_term_string}\"},\"query-input\":\"required name=search_term_string\"}],\"inLanguage\":\"sv-SE\"},{\"@type\":\"Person\",\"@id\":\"https:\/\/blogg.atl.nu\/morteleks-fralsegard\/#\/schema\/person\/0ab22364ef6b1e3febf26c41d4a32b53\",\"name\":\"Viktoria Birgersson\",\"image\":{\"@type\":\"ImageObject\",\"inLanguage\":\"sv-SE\",\"@id\":\"https:\/\/blogg.atl.nu\/morteleks-fralsegard\/#\/schema\/person\/image\/\",\"url\":\"https:\/\/secure.gravatar.com\/avatar\/66ee725962479e3acb970802c6913bd7?s=96&d=mm&r=g\",\"contentUrl\":\"https:\/\/secure.gravatar.com\/avatar\/66ee725962479e3acb970802c6913bd7?s=96&d=mm&r=g\",\"caption\":\"Viktoria Birgersson\"},\"url\":\"https:\/\/blogg.atl.nu\/morteleks-fralsegard\/author\/morteleks-fralsegard\/\"}]}<\/script>\n<!-- \/ Yoast SEO plugin. -->","yoast_head_json":{"title":"Men va @#&amp;% - M\u00f6rteleks Fr\u00e4lseg\u00e5rd","robots":{"index":"index","follow":"follow","max-snippet":"max-snippet:-1","max-image-preview":"max-image-preview:large","max-video-preview":"max-video-preview:-1"},"canonical":"https:\/\/blogg.atl.nu\/morteleks-fralsegard\/2024\/07\/26\/men-va\/","og_locale":"sv_SE","og_type":"article","og_title":"Men va @#&amp;% - M\u00f6rteleks Fr\u00e4lseg\u00e5rd","og_description":"Ibland \u00e4r det befogat att sv\u00e4ra och ett s\u00e5dant tillf\u00e4lle var idag n\u00e4r 10+1 skulle f\u00e5 vatten och r\u00e4knas in och de bara var 9+1. Idag var det inte tjuren utan en kviga som t\u00e4nkte \u201dVarf\u00f6r inte?!? H\u00e4sthagen ser ju sp\u00e4nnande ut!\u201d Men n\u00e4r vi kom hem lite senare hade de f\u00f6r\u00f6kat sig och var...","og_url":"https:\/\/blogg.atl.nu\/morteleks-fralsegard\/2024\/07\/26\/men-va\/","og_site_name":"M\u00f6rteleks Fr\u00e4lseg\u00e5rd","article_published_time":"2024-07-26T21:14:04+00:00","og_image":[{"width":2560,"height":1920,"url":"https:\/\/blogg.atl.nu\/morteleks-fralsegard\/wp-content\/uploads\/sites\/43\/2024\/07\/229EA0F0-29FC-4760-B7C7-0EFD099974C5-scaled.jpeg","type":"image\/jpeg"}],"author":"Viktoria Birgersson","twitter_card":"summary_large_image","twitter_misc":{"Skriven av":"Viktoria Birgersson","Ber\u00e4knad l\u00e4stid":"1 minut"},"schema":{"@context":"https:\/\/schema.org","@graph":[{"@type":"WebPage","@id":"https:\/\/blogg.atl.nu\/morteleks-fralsegard\/2024\/07\/26\/men-va\/","url":"https:\/\/blogg.atl.nu\/morteleks-fralsegard\/2024\/07\/26\/men-va\/","name":"Men va @#&amp;% - M\u00f6rteleks Fr\u00e4lseg\u00e5rd","isPartOf":{"@id":"https:\/\/blogg.atl.nu\/morteleks-fralsegard\/#website"},"datePublished":"2024-07-26T21:14:04+00:00","dateModified":"2024-07-26T21:14:04+00:00","author":{"@id":"https:\/\/blogg.atl.nu\/morteleks-fralsegard\/#\/schema\/person\/0ab22364ef6b1e3febf26c41d4a32b53"},"breadcrumb":{"@id":"https:\/\/blogg.atl.nu\/morteleks-fralsegard\/2024\/07\/26\/men-va\/#breadcrumb"},"inLanguage":"sv-SE","potentialAction":[{"@type":"ReadAction","target":["https:\/\/blogg.atl.nu\/morteleks-fralsegard\/2024\/07\/26\/men-va\/"]}]},{"@type":"BreadcrumbList","@id":"https:\/\/blogg.atl.nu\/morteleks-fralsegard\/2024\/07\/26\/men-va\/#breadcrumb","itemListElement":[{"@type":"ListItem","position":1,"name":"Home","item":"https:\/\/blogg.atl.nu\/morteleks-fralsegard\/"},{"@type":"ListItem","position":2,"name":"Men va @#&amp;%"}]},{"@type":"WebSite","@id":"https:\/\/blogg.atl.nu\/morteleks-fralsegard\/#website","url":"https:\/\/blogg.atl.nu\/morteleks-fralsegard\/","name":"M\u00f6rteleks Fr\u00e4lseg\u00e5rd","description":"Viktoria Birgersson","potentialAction":[{"@type":"SearchAction","target":{"@type":"EntryPoint","urlTemplate":"https:\/\/blogg.atl.nu\/morteleks-fralsegard\/?s={search_term_string}"},"query-input":"required name=search_term_string"}],"inLanguage":"sv-SE"},{"@type":"Person","@id":"https:\/\/blogg.atl.nu\/morteleks-fralsegard\/#\/schema\/person\/0ab22364ef6b1e3febf26c41d4a32b53","name":"Viktoria Birgersson","image":{"@type":"ImageObject","inLanguage":"sv-SE","@id":"https:\/\/blogg.atl.nu\/morteleks-fralsegard\/#\/schema\/person\/image\/","url":"https:\/\/secure.gravatar.com\/avatar\/66ee725962479e3acb970802c6913bd7?s=96&d=mm&r=g","contentUrl":"https:\/\/secure.gravatar.com\/avatar\/66ee725962479e3acb970802c6913bd7?s=96&d=mm&r=g","caption":"Viktoria Birgersson"},"url":"https:\/\/blogg.atl.nu\/morteleks-fralsegard\/author\/morteleks-fralsegard\/"}]}},"_links":{"self":[{"href":"https:\/\/blogg.atl.nu\/morteleks-fralsegard\/wp-json\/wp\/v2\/posts\/5193"}],"collection":[{"href":"https:\/\/blogg.atl.nu\/morteleks-fralsegard\/wp-json\/wp\/v2\/posts"}],"about":[{"href":"https:\/\/blogg.atl.nu\/morteleks-fralsegard\/wp-json\/wp\/v2\/types\/post"}],"author":[{"embeddable":true,"href":"https:\/\/blogg.atl.nu\/morteleks-fralsegard\/wp-json\/wp\/v2\/users\/366"}],"replies":[{"embeddable":true,"href":"https:\/\/blogg.atl.nu\/morteleks-fralsegard\/wp-json\/wp\/v2\/comments?post=5193"}],"version-history":[{"count":2,"href":"https:\/\/blogg.atl.nu\/morteleks-fralsegard\/wp-json\/wp\/v2\/posts\/5193\/revisions"}],"predecessor-version":[{"id":5198,"href":"https:\/\/blogg.atl.nu\/morteleks-fralsegard\/wp-json\/wp\/v2\/posts\/5193\/revisions\/5198"}],"wp:featuredmedia":[{"embeddable":true,"href":"https:\/\/blogg.atl.nu\/morteleks-fralsegard\/wp-json\/wp\/v2\/media\/5194"}],"wp:attachment":[{"href":"https:\/\/blogg.atl.nu\/morteleks-fralsegard\/wp-json\/wp\/v2\/media?parent=5193"}],"wp:term":[{"taxonomy":"category","embeddable":true,"href":"https:\/\/blogg.atl.nu\/morteleks-fralsegard\/wp-json\/wp\/v2\/categories?post=5193"},{"taxonomy":"post_tag","embeddable":true,"href":"https:\/\/blogg.atl.nu\/morteleks-fralsegard\/wp-json\/wp\/v2\/tags?post=5193"}],"curies":[{"name":"wp","href":"https:\/\/api.w.org\/{rel}","templated":true}]}}