{"id":5230,"date":"2024-07-31T20:38:39","date_gmt":"2024-07-31T20:38:39","guid":{"rendered":"https:\/\/blogg.atl.nu\/morteleks-fralsegard\/?p=5230"},"modified":"2024-07-31T20:38:39","modified_gmt":"2024-07-31T20:38:39","slug":"ho-dag-3","status":"publish","type":"post","link":"https:\/\/blogg.atl.nu\/morteleks-fralsegard\/2024\/07\/31\/ho-dag-3\/","title":{"rendered":"H\u00f6 dag 3"},"content":{"rendered":"<p><img loading=\"lazy\" class=\"alignnone size-full wp-image-5231\" src=\"https:\/\/blogg.atl.nu\/morteleks-fralsegard\/wp-content\/uploads\/sites\/43\/2024\/07\/9D1129E5-3329-4BF7-AE40-AB0C59558A29-scaled.jpeg\" alt=\"\" width=\"2560\" height=\"1920\" srcset=\"https:\/\/blogg.atl.nu\/morteleks-fralsegard\/wp-content\/uploads\/sites\/43\/2024\/07\/9D1129E5-3329-4BF7-AE40-AB0C59558A29-scaled.jpeg 2560w, https:\/\/blogg.atl.nu\/morteleks-fralsegard\/wp-content\/uploads\/sites\/43\/2024\/07\/9D1129E5-3329-4BF7-AE40-AB0C59558A29-300x225.jpeg 300w, https:\/\/blogg.atl.nu\/morteleks-fralsegard\/wp-content\/uploads\/sites\/43\/2024\/07\/9D1129E5-3329-4BF7-AE40-AB0C59558A29-1024x768.jpeg 1024w, https:\/\/blogg.atl.nu\/morteleks-fralsegard\/wp-content\/uploads\/sites\/43\/2024\/07\/9D1129E5-3329-4BF7-AE40-AB0C59558A29-768x576.jpeg 768w, https:\/\/blogg.atl.nu\/morteleks-fralsegard\/wp-content\/uploads\/sites\/43\/2024\/07\/9D1129E5-3329-4BF7-AE40-AB0C59558A29-1536x1152.jpeg 1536w, https:\/\/blogg.atl.nu\/morteleks-fralsegard\/wp-content\/uploads\/sites\/43\/2024\/07\/9D1129E5-3329-4BF7-AE40-AB0C59558A29-2048x1536.jpeg 2048w\" sizes=\"(max-width: 2560px) 100vw, 2560px\" \/>Gr\u00e4set byter f\u00e4rg, men har fortfarande en gr\u00f6n fin nyans och luktar gott.<br \/>\nNu s\u00e4ger v\u00e4derprognosen att vi kan v\u00e4nta uppeh\u00e5ll tills p\u00e5 s\u00f6ndag. Sk\u00f6nt att slippa v\u00e4derpaniken.<\/p>\n<p><img loading=\"lazy\" class=\"alignnone size-full wp-image-5234\" src=\"https:\/\/blogg.atl.nu\/morteleks-fralsegard\/wp-content\/uploads\/sites\/43\/2024\/07\/8400E959-A621-4EE6-9789-E468B85E713A-scaled.jpeg\" alt=\"\" width=\"2560\" height=\"1920\" srcset=\"https:\/\/blogg.atl.nu\/morteleks-fralsegard\/wp-content\/uploads\/sites\/43\/2024\/07\/8400E959-A621-4EE6-9789-E468B85E713A-scaled.jpeg 2560w, https:\/\/blogg.atl.nu\/morteleks-fralsegard\/wp-content\/uploads\/sites\/43\/2024\/07\/8400E959-A621-4EE6-9789-E468B85E713A-300x225.jpeg 300w, https:\/\/blogg.atl.nu\/morteleks-fralsegard\/wp-content\/uploads\/sites\/43\/2024\/07\/8400E959-A621-4EE6-9789-E468B85E713A-1024x768.jpeg 1024w, https:\/\/blogg.atl.nu\/morteleks-fralsegard\/wp-content\/uploads\/sites\/43\/2024\/07\/8400E959-A621-4EE6-9789-E468B85E713A-768x576.jpeg 768w, https:\/\/blogg.atl.nu\/morteleks-fralsegard\/wp-content\/uploads\/sites\/43\/2024\/07\/8400E959-A621-4EE6-9789-E468B85E713A-1536x1152.jpeg 1536w, https:\/\/blogg.atl.nu\/morteleks-fralsegard\/wp-content\/uploads\/sites\/43\/2024\/07\/8400E959-A621-4EE6-9789-E468B85E713A-2048x1536.jpeg 2048w\" sizes=\"(max-width: 2560px) 100vw, 2560px\" \/><\/p>\n<p>Men det m\u00e5ste h\u00e4nda n\u00e5got n\u00e4r man h\u00e5ller p\u00e5 och idag f\u00f6rsvann lite staket.<\/p>\n<p><span><img loading=\"lazy\" class=\"alignnone size-full wp-image-5233\" src=\"https:\/\/blogg.atl.nu\/morteleks-fralsegard\/wp-content\/uploads\/sites\/43\/2024\/07\/FB123F27-A85D-4924-9495-CE91ADBA8D83-scaled.jpeg\" alt=\"\" width=\"2560\" height=\"1920\" srcset=\"https:\/\/blogg.atl.nu\/morteleks-fralsegard\/wp-content\/uploads\/sites\/43\/2024\/07\/FB123F27-A85D-4924-9495-CE91ADBA8D83-scaled.jpeg 2560w, https:\/\/blogg.atl.nu\/morteleks-fralsegard\/wp-content\/uploads\/sites\/43\/2024\/07\/FB123F27-A85D-4924-9495-CE91ADBA8D83-300x225.jpeg 300w, https:\/\/blogg.atl.nu\/morteleks-fralsegard\/wp-content\/uploads\/sites\/43\/2024\/07\/FB123F27-A85D-4924-9495-CE91ADBA8D83-1024x768.jpeg 1024w, https:\/\/blogg.atl.nu\/morteleks-fralsegard\/wp-content\/uploads\/sites\/43\/2024\/07\/FB123F27-A85D-4924-9495-CE91ADBA8D83-768x576.jpeg 768w, https:\/\/blogg.atl.nu\/morteleks-fralsegard\/wp-content\/uploads\/sites\/43\/2024\/07\/FB123F27-A85D-4924-9495-CE91ADBA8D83-1536x1152.jpeg 1536w, https:\/\/blogg.atl.nu\/morteleks-fralsegard\/wp-content\/uploads\/sites\/43\/2024\/07\/FB123F27-A85D-4924-9495-CE91ADBA8D83-2048x1536.jpeg 2048w\" sizes=\"(max-width: 2560px) 100vw, 2560px\" \/><br \/>\n<\/span><\/p>\n<p><span>Planen \u00e4r att k\u00f6ra in h\u00f6et p\u00e5 \u00e5kern imorgon och h\u00f6et i tr\u00e4dg\u00e5rden p\u00e5 fredag.<\/span><\/p>\n<p><span>Skogliga h\u00e4lsningar fr\u00e5n M\u00f6rteleks Fr\u00e4lseg\u00e5rd -En skogsg\u00e5rd mitt i Sm\u00e5land<\/span><\/p>\n","protected":false},"excerpt":{"rendered":"<p>Gr\u00e4set byter f\u00e4rg, men har fortfarande en gr\u00f6n fin nyans och luktar gott. Nu s\u00e4ger v\u00e4derprognosen att vi kan v\u00e4nta uppeh\u00e5ll tills p\u00e5 s\u00f6ndag. Sk\u00f6nt att slippa v\u00e4derpaniken. Men det m\u00e5ste h\u00e4nda n\u00e5got n\u00e4r man h\u00e5ller p\u00e5 och idag f\u00f6rsvann lite staket. Planen \u00e4r att k\u00f6ra in h\u00f6et p\u00e5 \u00e5kern imorgon och h\u00f6et i tr\u00e4dg\u00e5rden&#8230;<\/p>\n","protected":false},"author":366,"featured_media":5232,"comment_status":"open","ping_status":"open","sticky":false,"template":"","format":"standard","meta":[],"categories":[1],"tags":[],"yoast_head":"<!-- This site is optimized with the Yoast SEO plugin v19.6 - https:\/\/yoast.com\/wordpress\/plugins\/seo\/ -->\n<title>H\u00f6 dag 3 - M\u00f6rteleks Fr\u00e4lseg\u00e5rd<\/title>\n<meta name=\"robots\" content=\"index, follow, max-snippet:-1, max-image-preview:large, max-video-preview:-1\" \/>\n<link rel=\"canonical\" href=\"https:\/\/blogg.atl.nu\/morteleks-fralsegard\/2024\/07\/31\/ho-dag-3\/\" \/>\n<meta property=\"og:locale\" content=\"sv_SE\" \/>\n<meta property=\"og:type\" content=\"article\" \/>\n<meta property=\"og:title\" content=\"H\u00f6 dag 3 - M\u00f6rteleks Fr\u00e4lseg\u00e5rd\" \/>\n<meta property=\"og:description\" content=\"Gr\u00e4set byter f\u00e4rg, men har fortfarande en gr\u00f6n fin nyans och luktar gott. Nu s\u00e4ger v\u00e4derprognosen att vi kan v\u00e4nta uppeh\u00e5ll tills p\u00e5 s\u00f6ndag. Sk\u00f6nt att slippa v\u00e4derpaniken. Men det m\u00e5ste h\u00e4nda n\u00e5got n\u00e4r man h\u00e5ller p\u00e5 och idag f\u00f6rsvann lite staket. Planen \u00e4r att k\u00f6ra in h\u00f6et p\u00e5 \u00e5kern imorgon och h\u00f6et i tr\u00e4dg\u00e5rden...\" \/>\n<meta property=\"og:url\" content=\"https:\/\/blogg.atl.nu\/morteleks-fralsegard\/2024\/07\/31\/ho-dag-3\/\" \/>\n<meta property=\"og:site_name\" content=\"M\u00f6rteleks Fr\u00e4lseg\u00e5rd\" \/>\n<meta property=\"article:published_time\" content=\"2024-07-31T20:38:39+00:00\" \/>\n<meta property=\"og:image\" content=\"https:\/\/blogg.atl.nu\/morteleks-fralsegard\/wp-content\/uploads\/sites\/43\/2024\/07\/26E642F9-FB28-4154-9524-643CD10C9428-scaled.jpeg\" \/>\n\t<meta property=\"og:image:width\" content=\"2560\" \/>\n\t<meta property=\"og:image:height\" content=\"1920\" \/>\n\t<meta property=\"og:image:type\" content=\"image\/jpeg\" \/>\n<meta name=\"author\" content=\"Viktoria Birgersson\" \/>\n<meta name=\"twitter:card\" content=\"summary_large_image\" \/>\n<meta name=\"twitter:label1\" content=\"Skriven av\" \/>\n\t<meta name=\"twitter:data1\" content=\"Viktoria Birgersson\" \/>\n\t<meta name=\"twitter:label2\" content=\"Ber\u00e4knad l\u00e4stid\" \/>\n\t<meta name=\"twitter:data2\" content=\"1 minut\" \/>\n<script type=\"application\/ld+json\" class=\"yoast-schema-graph\">{\"@context\":\"https:\/\/schema.org\",\"@graph\":[{\"@type\":\"WebPage\",\"@id\":\"https:\/\/blogg.atl.nu\/morteleks-fralsegard\/2024\/07\/31\/ho-dag-3\/\",\"url\":\"https:\/\/blogg.atl.nu\/morteleks-fralsegard\/2024\/07\/31\/ho-dag-3\/\",\"name\":\"H\u00f6 dag 3 - M\u00f6rteleks Fr\u00e4lseg\u00e5rd\",\"isPartOf\":{\"@id\":\"https:\/\/blogg.atl.nu\/morteleks-fralsegard\/#website\"},\"datePublished\":\"2024-07-31T20:38:39+00:00\",\"dateModified\":\"2024-07-31T20:38:39+00:00\",\"author\":{\"@id\":\"https:\/\/blogg.atl.nu\/morteleks-fralsegard\/#\/schema\/person\/0ab22364ef6b1e3febf26c41d4a32b53\"},\"breadcrumb\":{\"@id\":\"https:\/\/blogg.atl.nu\/morteleks-fralsegard\/2024\/07\/31\/ho-dag-3\/#breadcrumb\"},\"inLanguage\":\"sv-SE\",\"potentialAction\":[{\"@type\":\"ReadAction\",\"target\":[\"https:\/\/blogg.atl.nu\/morteleks-fralsegard\/2024\/07\/31\/ho-dag-3\/\"]}]},{\"@type\":\"BreadcrumbList\",\"@id\":\"https:\/\/blogg.atl.nu\/morteleks-fralsegard\/2024\/07\/31\/ho-dag-3\/#breadcrumb\",\"itemListElement\":[{\"@type\":\"ListItem\",\"position\":1,\"name\":\"Home\",\"item\":\"https:\/\/blogg.atl.nu\/morteleks-fralsegard\/\"},{\"@type\":\"ListItem\",\"position\":2,\"name\":\"H\u00f6 dag 3\"}]},{\"@type\":\"WebSite\",\"@id\":\"https:\/\/blogg.atl.nu\/morteleks-fralsegard\/#website\",\"url\":\"https:\/\/blogg.atl.nu\/morteleks-fralsegard\/\",\"name\":\"M\u00f6rteleks Fr\u00e4lseg\u00e5rd\",\"description\":\"Viktoria Birgersson\",\"potentialAction\":[{\"@type\":\"SearchAction\",\"target\":{\"@type\":\"EntryPoint\",\"urlTemplate\":\"https:\/\/blogg.atl.nu\/morteleks-fralsegard\/?s={search_term_string}\"},\"query-input\":\"required name=search_term_string\"}],\"inLanguage\":\"sv-SE\"},{\"@type\":\"Person\",\"@id\":\"https:\/\/blogg.atl.nu\/morteleks-fralsegard\/#\/schema\/person\/0ab22364ef6b1e3febf26c41d4a32b53\",\"name\":\"Viktoria Birgersson\",\"image\":{\"@type\":\"ImageObject\",\"inLanguage\":\"sv-SE\",\"@id\":\"https:\/\/blogg.atl.nu\/morteleks-fralsegard\/#\/schema\/person\/image\/\",\"url\":\"https:\/\/secure.gravatar.com\/avatar\/66ee725962479e3acb970802c6913bd7?s=96&d=mm&r=g\",\"contentUrl\":\"https:\/\/secure.gravatar.com\/avatar\/66ee725962479e3acb970802c6913bd7?s=96&d=mm&r=g\",\"caption\":\"Viktoria Birgersson\"},\"url\":\"https:\/\/blogg.atl.nu\/morteleks-fralsegard\/author\/morteleks-fralsegard\/\"}]}<\/script>\n<!-- \/ Yoast SEO plugin. -->","yoast_head_json":{"title":"H\u00f6 dag 3 - M\u00f6rteleks Fr\u00e4lseg\u00e5rd","robots":{"index":"index","follow":"follow","max-snippet":"max-snippet:-1","max-image-preview":"max-image-preview:large","max-video-preview":"max-video-preview:-1"},"canonical":"https:\/\/blogg.atl.nu\/morteleks-fralsegard\/2024\/07\/31\/ho-dag-3\/","og_locale":"sv_SE","og_type":"article","og_title":"H\u00f6 dag 3 - M\u00f6rteleks Fr\u00e4lseg\u00e5rd","og_description":"Gr\u00e4set byter f\u00e4rg, men har fortfarande en gr\u00f6n fin nyans och luktar gott. Nu s\u00e4ger v\u00e4derprognosen att vi kan v\u00e4nta uppeh\u00e5ll tills p\u00e5 s\u00f6ndag. Sk\u00f6nt att slippa v\u00e4derpaniken. Men det m\u00e5ste h\u00e4nda n\u00e5got n\u00e4r man h\u00e5ller p\u00e5 och idag f\u00f6rsvann lite staket. Planen \u00e4r att k\u00f6ra in h\u00f6et p\u00e5 \u00e5kern imorgon och h\u00f6et i tr\u00e4dg\u00e5rden...","og_url":"https:\/\/blogg.atl.nu\/morteleks-fralsegard\/2024\/07\/31\/ho-dag-3\/","og_site_name":"M\u00f6rteleks Fr\u00e4lseg\u00e5rd","article_published_time":"2024-07-31T20:38:39+00:00","og_image":[{"width":2560,"height":1920,"url":"https:\/\/blogg.atl.nu\/morteleks-fralsegard\/wp-content\/uploads\/sites\/43\/2024\/07\/26E642F9-FB28-4154-9524-643CD10C9428-scaled.jpeg","type":"image\/jpeg"}],"author":"Viktoria Birgersson","twitter_card":"summary_large_image","twitter_misc":{"Skriven av":"Viktoria Birgersson","Ber\u00e4knad l\u00e4stid":"1 minut"},"schema":{"@context":"https:\/\/schema.org","@graph":[{"@type":"WebPage","@id":"https:\/\/blogg.atl.nu\/morteleks-fralsegard\/2024\/07\/31\/ho-dag-3\/","url":"https:\/\/blogg.atl.nu\/morteleks-fralsegard\/2024\/07\/31\/ho-dag-3\/","name":"H\u00f6 dag 3 - M\u00f6rteleks Fr\u00e4lseg\u00e5rd","isPartOf":{"@id":"https:\/\/blogg.atl.nu\/morteleks-fralsegard\/#website"},"datePublished":"2024-07-31T20:38:39+00:00","dateModified":"2024-07-31T20:38:39+00:00","author":{"@id":"https:\/\/blogg.atl.nu\/morteleks-fralsegard\/#\/schema\/person\/0ab22364ef6b1e3febf26c41d4a32b53"},"breadcrumb":{"@id":"https:\/\/blogg.atl.nu\/morteleks-fralsegard\/2024\/07\/31\/ho-dag-3\/#breadcrumb"},"inLanguage":"sv-SE","potentialAction":[{"@type":"ReadAction","target":["https:\/\/blogg.atl.nu\/morteleks-fralsegard\/2024\/07\/31\/ho-dag-3\/"]}]},{"@type":"BreadcrumbList","@id":"https:\/\/blogg.atl.nu\/morteleks-fralsegard\/2024\/07\/31\/ho-dag-3\/#breadcrumb","itemListElement":[{"@type":"ListItem","position":1,"name":"Home","item":"https:\/\/blogg.atl.nu\/morteleks-fralsegard\/"},{"@type":"ListItem","position":2,"name":"H\u00f6 dag 3"}]},{"@type":"WebSite","@id":"https:\/\/blogg.atl.nu\/morteleks-fralsegard\/#website","url":"https:\/\/blogg.atl.nu\/morteleks-fralsegard\/","name":"M\u00f6rteleks Fr\u00e4lseg\u00e5rd","description":"Viktoria Birgersson","potentialAction":[{"@type":"SearchAction","target":{"@type":"EntryPoint","urlTemplate":"https:\/\/blogg.atl.nu\/morteleks-fralsegard\/?s={search_term_string}"},"query-input":"required name=search_term_string"}],"inLanguage":"sv-SE"},{"@type":"Person","@id":"https:\/\/blogg.atl.nu\/morteleks-fralsegard\/#\/schema\/person\/0ab22364ef6b1e3febf26c41d4a32b53","name":"Viktoria Birgersson","image":{"@type":"ImageObject","inLanguage":"sv-SE","@id":"https:\/\/blogg.atl.nu\/morteleks-fralsegard\/#\/schema\/person\/image\/","url":"https:\/\/secure.gravatar.com\/avatar\/66ee725962479e3acb970802c6913bd7?s=96&d=mm&r=g","contentUrl":"https:\/\/secure.gravatar.com\/avatar\/66ee725962479e3acb970802c6913bd7?s=96&d=mm&r=g","caption":"Viktoria Birgersson"},"url":"https:\/\/blogg.atl.nu\/morteleks-fralsegard\/author\/morteleks-fralsegard\/"}]}},"_links":{"self":[{"href":"https:\/\/blogg.atl.nu\/morteleks-fralsegard\/wp-json\/wp\/v2\/posts\/5230"}],"collection":[{"href":"https:\/\/blogg.atl.nu\/morteleks-fralsegard\/wp-json\/wp\/v2\/posts"}],"about":[{"href":"https:\/\/blogg.atl.nu\/morteleks-fralsegard\/wp-json\/wp\/v2\/types\/post"}],"author":[{"embeddable":true,"href":"https:\/\/blogg.atl.nu\/morteleks-fralsegard\/wp-json\/wp\/v2\/users\/366"}],"replies":[{"embeddable":true,"href":"https:\/\/blogg.atl.nu\/morteleks-fralsegard\/wp-json\/wp\/v2\/comments?post=5230"}],"version-history":[{"count":2,"href":"https:\/\/blogg.atl.nu\/morteleks-fralsegard\/wp-json\/wp\/v2\/posts\/5230\/revisions"}],"predecessor-version":[{"id":5236,"href":"https:\/\/blogg.atl.nu\/morteleks-fralsegard\/wp-json\/wp\/v2\/posts\/5230\/revisions\/5236"}],"wp:featuredmedia":[{"embeddable":true,"href":"https:\/\/blogg.atl.nu\/morteleks-fralsegard\/wp-json\/wp\/v2\/media\/5232"}],"wp:attachment":[{"href":"https:\/\/blogg.atl.nu\/morteleks-fralsegard\/wp-json\/wp\/v2\/media?parent=5230"}],"wp:term":[{"taxonomy":"category","embeddable":true,"href":"https:\/\/blogg.atl.nu\/morteleks-fralsegard\/wp-json\/wp\/v2\/categories?post=5230"},{"taxonomy":"post_tag","embeddable":true,"href":"https:\/\/blogg.atl.nu\/morteleks-fralsegard\/wp-json\/wp\/v2\/tags?post=5230"}],"curies":[{"name":"wp","href":"https:\/\/api.w.org\/{rel}","templated":true}]}}