{"id":6322,"date":"2025-05-13T04:29:19","date_gmt":"2025-05-13T04:29:19","guid":{"rendered":"https:\/\/blogg.atl.nu\/morteleks-fralsegard\/?p=6322"},"modified":"2025-05-13T04:29:19","modified_gmt":"2025-05-13T04:29:19","slug":"cykelfest","status":"publish","type":"post","link":"https:\/\/blogg.atl.nu\/morteleks-fralsegard\/2025\/05\/13\/cykelfest\/","title":{"rendered":"Cykelfest"},"content":{"rendered":"<p>\u00c4ntligen dags f\u00f6r cykelfest.<\/p>\n<p>Vi utanf\u00f6r 50 skyltarna hade tv\u00e5 alternativ. Antingen k\u00f6ra s\u00e4llskapet hem och tillbaka eller hyra in sig hos n\u00e5gon i samh\u00e4llet. Vi gjorde det sistn\u00e4mnda och blev tre i v\u00e5rt g\u00e4ng. Desto roligare.<\/p>\n<p><img loading=\"lazy\" class=\"alignnone size-medium wp-image-6330\" src=\"https:\/\/blogg.atl.nu\/morteleks-fralsegard\/wp-content\/uploads\/sites\/43\/2025\/05\/B24C6AC5-E762-4018-A5FA-79865A7F6675-300x225.jpeg\" alt=\"\" width=\"300\" height=\"225\" srcset=\"https:\/\/blogg.atl.nu\/morteleks-fralsegard\/wp-content\/uploads\/sites\/43\/2025\/05\/B24C6AC5-E762-4018-A5FA-79865A7F6675-300x225.jpeg 300w, https:\/\/blogg.atl.nu\/morteleks-fralsegard\/wp-content\/uploads\/sites\/43\/2025\/05\/B24C6AC5-E762-4018-A5FA-79865A7F6675-1024x768.jpeg 1024w, https:\/\/blogg.atl.nu\/morteleks-fralsegard\/wp-content\/uploads\/sites\/43\/2025\/05\/B24C6AC5-E762-4018-A5FA-79865A7F6675-768x576.jpeg 768w, https:\/\/blogg.atl.nu\/morteleks-fralsegard\/wp-content\/uploads\/sites\/43\/2025\/05\/B24C6AC5-E762-4018-A5FA-79865A7F6675-1536x1152.jpeg 1536w, https:\/\/blogg.atl.nu\/morteleks-fralsegard\/wp-content\/uploads\/sites\/43\/2025\/05\/B24C6AC5-E762-4018-A5FA-79865A7F6675-2048x1536.jpeg 2048w\" sizes=\"(max-width: 300px) 100vw, 300px\" \/><\/p>\n<p>En kv\u00e4ll med nya bekantskaper, nya smaker, nya samtal och nya vyer. Det d\u00e4r som h\u00e4nder i samtalet n\u00e4r nya konstellationer av m\u00e4nniskor hamnar runt bordet \u00e4r sp\u00e4nnande.<\/p>\n<p>Flyttar och hundar blandades upp med tips om klimateriepl\u00e5ster och drinkar.<br \/>\nJa alltid f\u00e5r man med sig n\u00e5got\u2026<\/p>\n<p>Det \u00e4r nog snart dags att s\u00e4tta sig in i det d\u00e4r med f\u00f6rklimakteriet, f\u00f6r det verkar vara ett riktigt innesnack och jag k\u00e4nner att jag har inte s\u00e5 mycket att tillf\u00f6ra.<\/p>\n<p><span style=\"text-decoration: underline\">F\u00f6r er som inte vet uppl\u00e4gget s\u00e5 \u00e4r det kort:<\/span><br \/>\n<span>Ett par veckor f\u00f6re festen f\u00e5r man veta om man ska servera f\u00f6rr\u00e4tt, huvudr\u00e4tt eller efterr\u00e4tt. Till hur m\u00e5nga och ev allergier.<\/span><\/p>\n<p>Det \u00e4r \u00e4ven dags att se \u00f6ver s\u00e5 det finns luft i d\u00e4cken!<\/p>\n<p><img loading=\"lazy\" class=\"alignnone size-medium wp-image-6331\" src=\"https:\/\/blogg.atl.nu\/morteleks-fralsegard\/wp-content\/uploads\/sites\/43\/2025\/05\/19714352-0171-419A-A7B6-2671CF385C83-300x225.jpeg\" alt=\"\" width=\"300\" height=\"225\" srcset=\"https:\/\/blogg.atl.nu\/morteleks-fralsegard\/wp-content\/uploads\/sites\/43\/2025\/05\/19714352-0171-419A-A7B6-2671CF385C83-300x225.jpeg 300w, https:\/\/blogg.atl.nu\/morteleks-fralsegard\/wp-content\/uploads\/sites\/43\/2025\/05\/19714352-0171-419A-A7B6-2671CF385C83-1024x768.jpeg 1024w, https:\/\/blogg.atl.nu\/morteleks-fralsegard\/wp-content\/uploads\/sites\/43\/2025\/05\/19714352-0171-419A-A7B6-2671CF385C83-768x576.jpeg 768w, https:\/\/blogg.atl.nu\/morteleks-fralsegard\/wp-content\/uploads\/sites\/43\/2025\/05\/19714352-0171-419A-A7B6-2671CF385C83-1536x1152.jpeg 1536w, https:\/\/blogg.atl.nu\/morteleks-fralsegard\/wp-content\/uploads\/sites\/43\/2025\/05\/19714352-0171-419A-A7B6-2671CF385C83-2048x1536.jpeg 2048w\" sizes=\"(max-width: 300px) 100vw, 300px\" \/><br \/>\n<img loading=\"lazy\" class=\"alignnone size-medium wp-image-6329\" src=\"https:\/\/blogg.atl.nu\/morteleks-fralsegard\/wp-content\/uploads\/sites\/43\/2025\/05\/2AC97BC2-11C6-4FC1-B231-5F9084E7A965-300x225.jpeg\" alt=\"\" width=\"300\" height=\"225\" srcset=\"https:\/\/blogg.atl.nu\/morteleks-fralsegard\/wp-content\/uploads\/sites\/43\/2025\/05\/2AC97BC2-11C6-4FC1-B231-5F9084E7A965-300x225.jpeg 300w, https:\/\/blogg.atl.nu\/morteleks-fralsegard\/wp-content\/uploads\/sites\/43\/2025\/05\/2AC97BC2-11C6-4FC1-B231-5F9084E7A965-1024x768.jpeg 1024w, https:\/\/blogg.atl.nu\/morteleks-fralsegard\/wp-content\/uploads\/sites\/43\/2025\/05\/2AC97BC2-11C6-4FC1-B231-5F9084E7A965-768x576.jpeg 768w, https:\/\/blogg.atl.nu\/morteleks-fralsegard\/wp-content\/uploads\/sites\/43\/2025\/05\/2AC97BC2-11C6-4FC1-B231-5F9084E7A965-1536x1152.jpeg 1536w, https:\/\/blogg.atl.nu\/morteleks-fralsegard\/wp-content\/uploads\/sites\/43\/2025\/05\/2AC97BC2-11C6-4FC1-B231-5F9084E7A965-2048x1536.jpeg 2048w\" sizes=\"(max-width: 300px) 100vw, 300px\" \/><img loading=\"lazy\" class=\"alignnone size-medium wp-image-6328\" src=\"https:\/\/blogg.atl.nu\/morteleks-fralsegard\/wp-content\/uploads\/sites\/43\/2025\/05\/5BB6DE4C-BCF9-43AA-9FB9-51BC77374C6B-300x225.jpeg\" alt=\"\" width=\"300\" height=\"225\" srcset=\"https:\/\/blogg.atl.nu\/morteleks-fralsegard\/wp-content\/uploads\/sites\/43\/2025\/05\/5BB6DE4C-BCF9-43AA-9FB9-51BC77374C6B-300x225.jpeg 300w, https:\/\/blogg.atl.nu\/morteleks-fralsegard\/wp-content\/uploads\/sites\/43\/2025\/05\/5BB6DE4C-BCF9-43AA-9FB9-51BC77374C6B-1024x768.jpeg 1024w, https:\/\/blogg.atl.nu\/morteleks-fralsegard\/wp-content\/uploads\/sites\/43\/2025\/05\/5BB6DE4C-BCF9-43AA-9FB9-51BC77374C6B-768x576.jpeg 768w, https:\/\/blogg.atl.nu\/morteleks-fralsegard\/wp-content\/uploads\/sites\/43\/2025\/05\/5BB6DE4C-BCF9-43AA-9FB9-51BC77374C6B-1536x1152.jpeg 1536w, https:\/\/blogg.atl.nu\/morteleks-fralsegard\/wp-content\/uploads\/sites\/43\/2025\/05\/5BB6DE4C-BCF9-43AA-9FB9-51BC77374C6B-2048x1536.jpeg 2048w\" sizes=\"(max-width: 300px) 100vw, 300px\" \/><img loading=\"lazy\" class=\"alignnone size-medium wp-image-6326\" src=\"https:\/\/blogg.atl.nu\/morteleks-fralsegard\/wp-content\/uploads\/sites\/43\/2025\/05\/6F35B57D-7E95-4618-82EC-B091FD316B93-300x225.jpeg\" alt=\"\" width=\"300\" height=\"225\" srcset=\"https:\/\/blogg.atl.nu\/morteleks-fralsegard\/wp-content\/uploads\/sites\/43\/2025\/05\/6F35B57D-7E95-4618-82EC-B091FD316B93-300x225.jpeg 300w, https:\/\/blogg.atl.nu\/morteleks-fralsegard\/wp-content\/uploads\/sites\/43\/2025\/05\/6F35B57D-7E95-4618-82EC-B091FD316B93-1024x768.jpeg 1024w, https:\/\/blogg.atl.nu\/morteleks-fralsegard\/wp-content\/uploads\/sites\/43\/2025\/05\/6F35B57D-7E95-4618-82EC-B091FD316B93-768x576.jpeg 768w, https:\/\/blogg.atl.nu\/morteleks-fralsegard\/wp-content\/uploads\/sites\/43\/2025\/05\/6F35B57D-7E95-4618-82EC-B091FD316B93-1536x1152.jpeg 1536w, https:\/\/blogg.atl.nu\/morteleks-fralsegard\/wp-content\/uploads\/sites\/43\/2025\/05\/6F35B57D-7E95-4618-82EC-B091FD316B93-2048x1536.jpeg 2048w\" sizes=\"(max-width: 300px) 100vw, 300px\" \/><\/p>\n<p>Alla samlas p\u00e5 en plats. Man f\u00e5r veta en adress f\u00f6r f\u00f6rr\u00e4tten. Man cyklar dit. N\u00e4r den \u00e4r upp\u00e4ten f\u00e5r man en ny adress till huvudr\u00e4tten. Man cyklar vidare. N\u00e4r den \u00e4r upp\u00e4ten f\u00e5r man en adress till efterr\u00e4tten och allt upprepas med nya runt bordet. Sen \u00e5tersamlas alla p\u00e5 en plats.<\/p>\n<p>Tack alla f\u00f6r en trevlig kv\u00e4ll!<\/p>\n<p><span>H\u00e4lsningar fr\u00e5n M\u00f6rteleks Fr\u00e4lseg\u00e5rd -En skogsg\u00e5rd mitt i Sm\u00e5land\u00a0<\/span><\/p>\n<p>&nbsp;<\/p>\n<p>&nbsp;<\/p>\n<p>&nbsp;<\/p>\n","protected":false},"excerpt":{"rendered":"<p>\u00c4ntligen dags f\u00f6r cykelfest. Vi utanf\u00f6r 50 skyltarna hade tv\u00e5 alternativ. Antingen k\u00f6ra s\u00e4llskapet hem och tillbaka eller hyra in sig hos n\u00e5gon i samh\u00e4llet. Vi gjorde det sistn\u00e4mnda och blev tre i v\u00e5rt g\u00e4ng. Desto roligare. En kv\u00e4ll med nya bekantskaper, nya smaker, nya samtal och nya vyer. Det d\u00e4r som h\u00e4nder i samtalet&#8230;<\/p>\n","protected":false},"author":366,"featured_media":6324,"comment_status":"open","ping_status":"open","sticky":false,"template":"","format":"standard","meta":[],"categories":[1],"tags":[],"yoast_head":"<!-- This site is optimized with the Yoast SEO plugin v19.6 - https:\/\/yoast.com\/wordpress\/plugins\/seo\/ -->\n<title>Cykelfest - M\u00f6rteleks Fr\u00e4lseg\u00e5rd<\/title>\n<meta name=\"robots\" content=\"index, follow, max-snippet:-1, max-image-preview:large, max-video-preview:-1\" \/>\n<link rel=\"canonical\" href=\"https:\/\/blogg.atl.nu\/morteleks-fralsegard\/2025\/05\/13\/cykelfest\/\" \/>\n<meta property=\"og:locale\" content=\"sv_SE\" \/>\n<meta property=\"og:type\" content=\"article\" \/>\n<meta property=\"og:title\" content=\"Cykelfest - M\u00f6rteleks Fr\u00e4lseg\u00e5rd\" \/>\n<meta property=\"og:description\" content=\"\u00c4ntligen dags f\u00f6r cykelfest. Vi utanf\u00f6r 50 skyltarna hade tv\u00e5 alternativ. Antingen k\u00f6ra s\u00e4llskapet hem och tillbaka eller hyra in sig hos n\u00e5gon i samh\u00e4llet. Vi gjorde det sistn\u00e4mnda och blev tre i v\u00e5rt g\u00e4ng. Desto roligare. En kv\u00e4ll med nya bekantskaper, nya smaker, nya samtal och nya vyer. Det d\u00e4r som h\u00e4nder i samtalet...\" \/>\n<meta property=\"og:url\" content=\"https:\/\/blogg.atl.nu\/morteleks-fralsegard\/2025\/05\/13\/cykelfest\/\" \/>\n<meta property=\"og:site_name\" content=\"M\u00f6rteleks Fr\u00e4lseg\u00e5rd\" \/>\n<meta property=\"article:published_time\" content=\"2025-05-13T04:29:19+00:00\" \/>\n<meta property=\"og:image\" content=\"https:\/\/blogg.atl.nu\/morteleks-fralsegard\/wp-content\/uploads\/sites\/43\/2025\/05\/C57181B2-EFA8-4103-9903-1282DE012F06.jpeg\" \/>\n\t<meta property=\"og:image:width\" content=\"826\" \/>\n\t<meta property=\"og:image:height\" content=\"619\" \/>\n\t<meta property=\"og:image:type\" content=\"image\/jpeg\" \/>\n<meta name=\"author\" content=\"Viktoria Birgersson\" \/>\n<meta name=\"twitter:card\" content=\"summary_large_image\" \/>\n<meta name=\"twitter:label1\" content=\"Skriven av\" \/>\n\t<meta name=\"twitter:data1\" content=\"Viktoria Birgersson\" \/>\n\t<meta name=\"twitter:label2\" content=\"Ber\u00e4knad l\u00e4stid\" \/>\n\t<meta name=\"twitter:data2\" content=\"3 minuter\" \/>\n<script type=\"application\/ld+json\" class=\"yoast-schema-graph\">{\"@context\":\"https:\/\/schema.org\",\"@graph\":[{\"@type\":\"WebPage\",\"@id\":\"https:\/\/blogg.atl.nu\/morteleks-fralsegard\/2025\/05\/13\/cykelfest\/\",\"url\":\"https:\/\/blogg.atl.nu\/morteleks-fralsegard\/2025\/05\/13\/cykelfest\/\",\"name\":\"Cykelfest - M\u00f6rteleks Fr\u00e4lseg\u00e5rd\",\"isPartOf\":{\"@id\":\"https:\/\/blogg.atl.nu\/morteleks-fralsegard\/#website\"},\"datePublished\":\"2025-05-13T04:29:19+00:00\",\"dateModified\":\"2025-05-13T04:29:19+00:00\",\"author\":{\"@id\":\"https:\/\/blogg.atl.nu\/morteleks-fralsegard\/#\/schema\/person\/0ab22364ef6b1e3febf26c41d4a32b53\"},\"breadcrumb\":{\"@id\":\"https:\/\/blogg.atl.nu\/morteleks-fralsegard\/2025\/05\/13\/cykelfest\/#breadcrumb\"},\"inLanguage\":\"sv-SE\",\"potentialAction\":[{\"@type\":\"ReadAction\",\"target\":[\"https:\/\/blogg.atl.nu\/morteleks-fralsegard\/2025\/05\/13\/cykelfest\/\"]}]},{\"@type\":\"BreadcrumbList\",\"@id\":\"https:\/\/blogg.atl.nu\/morteleks-fralsegard\/2025\/05\/13\/cykelfest\/#breadcrumb\",\"itemListElement\":[{\"@type\":\"ListItem\",\"position\":1,\"name\":\"Home\",\"item\":\"https:\/\/blogg.atl.nu\/morteleks-fralsegard\/\"},{\"@type\":\"ListItem\",\"position\":2,\"name\":\"Cykelfest\"}]},{\"@type\":\"WebSite\",\"@id\":\"https:\/\/blogg.atl.nu\/morteleks-fralsegard\/#website\",\"url\":\"https:\/\/blogg.atl.nu\/morteleks-fralsegard\/\",\"name\":\"M\u00f6rteleks Fr\u00e4lseg\u00e5rd\",\"description\":\"Viktoria Birgersson\",\"potentialAction\":[{\"@type\":\"SearchAction\",\"target\":{\"@type\":\"EntryPoint\",\"urlTemplate\":\"https:\/\/blogg.atl.nu\/morteleks-fralsegard\/?s={search_term_string}\"},\"query-input\":\"required name=search_term_string\"}],\"inLanguage\":\"sv-SE\"},{\"@type\":\"Person\",\"@id\":\"https:\/\/blogg.atl.nu\/morteleks-fralsegard\/#\/schema\/person\/0ab22364ef6b1e3febf26c41d4a32b53\",\"name\":\"Viktoria Birgersson\",\"image\":{\"@type\":\"ImageObject\",\"inLanguage\":\"sv-SE\",\"@id\":\"https:\/\/blogg.atl.nu\/morteleks-fralsegard\/#\/schema\/person\/image\/\",\"url\":\"https:\/\/secure.gravatar.com\/avatar\/66ee725962479e3acb970802c6913bd7?s=96&d=mm&r=g\",\"contentUrl\":\"https:\/\/secure.gravatar.com\/avatar\/66ee725962479e3acb970802c6913bd7?s=96&d=mm&r=g\",\"caption\":\"Viktoria Birgersson\"},\"url\":\"https:\/\/blogg.atl.nu\/morteleks-fralsegard\/author\/morteleks-fralsegard\/\"}]}<\/script>\n<!-- \/ Yoast SEO plugin. -->","yoast_head_json":{"title":"Cykelfest - M\u00f6rteleks Fr\u00e4lseg\u00e5rd","robots":{"index":"index","follow":"follow","max-snippet":"max-snippet:-1","max-image-preview":"max-image-preview:large","max-video-preview":"max-video-preview:-1"},"canonical":"https:\/\/blogg.atl.nu\/morteleks-fralsegard\/2025\/05\/13\/cykelfest\/","og_locale":"sv_SE","og_type":"article","og_title":"Cykelfest - M\u00f6rteleks Fr\u00e4lseg\u00e5rd","og_description":"\u00c4ntligen dags f\u00f6r cykelfest. Vi utanf\u00f6r 50 skyltarna hade tv\u00e5 alternativ. Antingen k\u00f6ra s\u00e4llskapet hem och tillbaka eller hyra in sig hos n\u00e5gon i samh\u00e4llet. Vi gjorde det sistn\u00e4mnda och blev tre i v\u00e5rt g\u00e4ng. Desto roligare. En kv\u00e4ll med nya bekantskaper, nya smaker, nya samtal och nya vyer. Det d\u00e4r som h\u00e4nder i samtalet...","og_url":"https:\/\/blogg.atl.nu\/morteleks-fralsegard\/2025\/05\/13\/cykelfest\/","og_site_name":"M\u00f6rteleks Fr\u00e4lseg\u00e5rd","article_published_time":"2025-05-13T04:29:19+00:00","og_image":[{"width":826,"height":619,"url":"https:\/\/blogg.atl.nu\/morteleks-fralsegard\/wp-content\/uploads\/sites\/43\/2025\/05\/C57181B2-EFA8-4103-9903-1282DE012F06.jpeg","type":"image\/jpeg"}],"author":"Viktoria Birgersson","twitter_card":"summary_large_image","twitter_misc":{"Skriven av":"Viktoria Birgersson","Ber\u00e4knad l\u00e4stid":"3 minuter"},"schema":{"@context":"https:\/\/schema.org","@graph":[{"@type":"WebPage","@id":"https:\/\/blogg.atl.nu\/morteleks-fralsegard\/2025\/05\/13\/cykelfest\/","url":"https:\/\/blogg.atl.nu\/morteleks-fralsegard\/2025\/05\/13\/cykelfest\/","name":"Cykelfest - M\u00f6rteleks Fr\u00e4lseg\u00e5rd","isPartOf":{"@id":"https:\/\/blogg.atl.nu\/morteleks-fralsegard\/#website"},"datePublished":"2025-05-13T04:29:19+00:00","dateModified":"2025-05-13T04:29:19+00:00","author":{"@id":"https:\/\/blogg.atl.nu\/morteleks-fralsegard\/#\/schema\/person\/0ab22364ef6b1e3febf26c41d4a32b53"},"breadcrumb":{"@id":"https:\/\/blogg.atl.nu\/morteleks-fralsegard\/2025\/05\/13\/cykelfest\/#breadcrumb"},"inLanguage":"sv-SE","potentialAction":[{"@type":"ReadAction","target":["https:\/\/blogg.atl.nu\/morteleks-fralsegard\/2025\/05\/13\/cykelfest\/"]}]},{"@type":"BreadcrumbList","@id":"https:\/\/blogg.atl.nu\/morteleks-fralsegard\/2025\/05\/13\/cykelfest\/#breadcrumb","itemListElement":[{"@type":"ListItem","position":1,"name":"Home","item":"https:\/\/blogg.atl.nu\/morteleks-fralsegard\/"},{"@type":"ListItem","position":2,"name":"Cykelfest"}]},{"@type":"WebSite","@id":"https:\/\/blogg.atl.nu\/morteleks-fralsegard\/#website","url":"https:\/\/blogg.atl.nu\/morteleks-fralsegard\/","name":"M\u00f6rteleks Fr\u00e4lseg\u00e5rd","description":"Viktoria Birgersson","potentialAction":[{"@type":"SearchAction","target":{"@type":"EntryPoint","urlTemplate":"https:\/\/blogg.atl.nu\/morteleks-fralsegard\/?s={search_term_string}"},"query-input":"required name=search_term_string"}],"inLanguage":"sv-SE"},{"@type":"Person","@id":"https:\/\/blogg.atl.nu\/morteleks-fralsegard\/#\/schema\/person\/0ab22364ef6b1e3febf26c41d4a32b53","name":"Viktoria Birgersson","image":{"@type":"ImageObject","inLanguage":"sv-SE","@id":"https:\/\/blogg.atl.nu\/morteleks-fralsegard\/#\/schema\/person\/image\/","url":"https:\/\/secure.gravatar.com\/avatar\/66ee725962479e3acb970802c6913bd7?s=96&d=mm&r=g","contentUrl":"https:\/\/secure.gravatar.com\/avatar\/66ee725962479e3acb970802c6913bd7?s=96&d=mm&r=g","caption":"Viktoria Birgersson"},"url":"https:\/\/blogg.atl.nu\/morteleks-fralsegard\/author\/morteleks-fralsegard\/"}]}},"_links":{"self":[{"href":"https:\/\/blogg.atl.nu\/morteleks-fralsegard\/wp-json\/wp\/v2\/posts\/6322"}],"collection":[{"href":"https:\/\/blogg.atl.nu\/morteleks-fralsegard\/wp-json\/wp\/v2\/posts"}],"about":[{"href":"https:\/\/blogg.atl.nu\/morteleks-fralsegard\/wp-json\/wp\/v2\/types\/post"}],"author":[{"embeddable":true,"href":"https:\/\/blogg.atl.nu\/morteleks-fralsegard\/wp-json\/wp\/v2\/users\/366"}],"replies":[{"embeddable":true,"href":"https:\/\/blogg.atl.nu\/morteleks-fralsegard\/wp-json\/wp\/v2\/comments?post=6322"}],"version-history":[{"count":4,"href":"https:\/\/blogg.atl.nu\/morteleks-fralsegard\/wp-json\/wp\/v2\/posts\/6322\/revisions"}],"predecessor-version":[{"id":6334,"href":"https:\/\/blogg.atl.nu\/morteleks-fralsegard\/wp-json\/wp\/v2\/posts\/6322\/revisions\/6334"}],"wp:featuredmedia":[{"embeddable":true,"href":"https:\/\/blogg.atl.nu\/morteleks-fralsegard\/wp-json\/wp\/v2\/media\/6324"}],"wp:attachment":[{"href":"https:\/\/blogg.atl.nu\/morteleks-fralsegard\/wp-json\/wp\/v2\/media?parent=6322"}],"wp:term":[{"taxonomy":"category","embeddable":true,"href":"https:\/\/blogg.atl.nu\/morteleks-fralsegard\/wp-json\/wp\/v2\/categories?post=6322"},{"taxonomy":"post_tag","embeddable":true,"href":"https:\/\/blogg.atl.nu\/morteleks-fralsegard\/wp-json\/wp\/v2\/tags?post=6322"}],"curies":[{"name":"wp","href":"https:\/\/api.w.org\/{rel}","templated":true}]}}