{"id":6394,"date":"2025-05-26T14:10:21","date_gmt":"2025-05-26T14:10:21","guid":{"rendered":"https:\/\/blogg.atl.nu\/morteleks-fralsegard\/?p=6394"},"modified":"2025-05-26T14:10:21","modified_gmt":"2025-05-26T14:10:21","slug":"fodelsedagsfest-pa-toftaholm","status":"publish","type":"post","link":"https:\/\/blogg.atl.nu\/morteleks-fralsegard\/2025\/05\/26\/fodelsedagsfest-pa-toftaholm\/","title":{"rendered":"F\u00f6delsedagsfest p\u00e5 Toftaholm"},"content":{"rendered":"<p>Nu har kusin 2 fyllt \u201dgubbe\u201d och det har vi i helgen firat. Kul t\u00e4vlingar i herrg\u00e5rdsparken p\u00e5 Toftaholm. P\u00e5 liv och d\u00f6d om n\u00e5gon undrar. Ja det \u00e4r viktigt att vinna f\u00f6r oss allihop. Men vi har \u00e4ven fikat och \u00e4tit gott!<br \/>\nV\u00e5r gemensamma n\u00e4mnare \u00e4r, f\u00f6rutom att vi \u00e4r sl\u00e4kt, mat (odla och \u00e4ta) och skog och natur.<\/p>\n<p>Vi gillar \u00e4ven historia och hittade en informationstavla;<br \/>\nHistorien b\u00f6rjade \u00e5r 1389 d\u00e5 J\u00f6ns Sk\u00f6tta k\u00f6pte Toftaholm, blev adlad, fick namnet Stenbock och byggde en borg.<br \/>\nP\u00e5 1500-talet \u00e4gdes Toftaholm av Gustav Olsson Stenbock, bror till Gustav Vasas andra fru; Margareta Lejonhufvud och far till Gustav Vasas tredje fru; Katarina Stenbock.<\/p>\n<p><img loading=\"lazy\" class=\"alignnone size-medium wp-image-6397\" src=\"https:\/\/blogg.atl.nu\/morteleks-fralsegard\/wp-content\/uploads\/sites\/43\/2025\/05\/40D42A54-C08A-4228-AF70-C4C8FD3114DD-300x225.jpeg\" alt=\"\" width=\"300\" height=\"225\" srcset=\"https:\/\/blogg.atl.nu\/morteleks-fralsegard\/wp-content\/uploads\/sites\/43\/2025\/05\/40D42A54-C08A-4228-AF70-C4C8FD3114DD-300x225.jpeg 300w, https:\/\/blogg.atl.nu\/morteleks-fralsegard\/wp-content\/uploads\/sites\/43\/2025\/05\/40D42A54-C08A-4228-AF70-C4C8FD3114DD-1024x768.jpeg 1024w, https:\/\/blogg.atl.nu\/morteleks-fralsegard\/wp-content\/uploads\/sites\/43\/2025\/05\/40D42A54-C08A-4228-AF70-C4C8FD3114DD-768x576.jpeg 768w, https:\/\/blogg.atl.nu\/morteleks-fralsegard\/wp-content\/uploads\/sites\/43\/2025\/05\/40D42A54-C08A-4228-AF70-C4C8FD3114DD-1536x1152.jpeg 1536w, https:\/\/blogg.atl.nu\/morteleks-fralsegard\/wp-content\/uploads\/sites\/43\/2025\/05\/40D42A54-C08A-4228-AF70-C4C8FD3114DD-2048x1536.jpeg 2048w\" sizes=\"(max-width: 300px) 100vw, 300px\" \/><\/p>\n<p>Ett riktigt trevligt, men sv\u00e5rt t\u00e4vlingsmoment; -Vad heter granen?<br \/>\nJulgran, plastgran, pyntegr\u00f6nt\u2026 \u00c4r idegran en gran? Hur m\u00e5nga f\u00e4rger har namngett granar?<br \/>\nDet gick hyfsat bra och jag lyckades med en delad andraplats. D\u00e4rmed inte sagt hur det gick f\u00f6r de andre.<\/p>\n<p><img loading=\"lazy\" class=\"alignnone size-medium wp-image-6400\" src=\"https:\/\/blogg.atl.nu\/morteleks-fralsegard\/wp-content\/uploads\/sites\/43\/2025\/05\/D290EDCF-050E-4250-B3AE-09514199B701-300x225.jpeg\" alt=\"\" width=\"300\" height=\"225\" srcset=\"https:\/\/blogg.atl.nu\/morteleks-fralsegard\/wp-content\/uploads\/sites\/43\/2025\/05\/D290EDCF-050E-4250-B3AE-09514199B701-300x225.jpeg 300w, https:\/\/blogg.atl.nu\/morteleks-fralsegard\/wp-content\/uploads\/sites\/43\/2025\/05\/D290EDCF-050E-4250-B3AE-09514199B701-1024x768.jpeg 1024w, https:\/\/blogg.atl.nu\/morteleks-fralsegard\/wp-content\/uploads\/sites\/43\/2025\/05\/D290EDCF-050E-4250-B3AE-09514199B701-768x576.jpeg 768w, https:\/\/blogg.atl.nu\/morteleks-fralsegard\/wp-content\/uploads\/sites\/43\/2025\/05\/D290EDCF-050E-4250-B3AE-09514199B701-1536x1152.jpeg 1536w, https:\/\/blogg.atl.nu\/morteleks-fralsegard\/wp-content\/uploads\/sites\/43\/2025\/05\/D290EDCF-050E-4250-B3AE-09514199B701-2048x1536.jpeg 2048w\" sizes=\"(max-width: 300px) 100vw, 300px\" \/> <img loading=\"lazy\" class=\"alignnone size-medium wp-image-6401\" src=\"https:\/\/blogg.atl.nu\/morteleks-fralsegard\/wp-content\/uploads\/sites\/43\/2025\/05\/F6F59CA0-B4E9-484C-AEB4-5B10263714D8-300x225.jpeg\" alt=\"\" width=\"300\" height=\"225\" srcset=\"https:\/\/blogg.atl.nu\/morteleks-fralsegard\/wp-content\/uploads\/sites\/43\/2025\/05\/F6F59CA0-B4E9-484C-AEB4-5B10263714D8-300x225.jpeg 300w, https:\/\/blogg.atl.nu\/morteleks-fralsegard\/wp-content\/uploads\/sites\/43\/2025\/05\/F6F59CA0-B4E9-484C-AEB4-5B10263714D8-1024x768.jpeg 1024w, https:\/\/blogg.atl.nu\/morteleks-fralsegard\/wp-content\/uploads\/sites\/43\/2025\/05\/F6F59CA0-B4E9-484C-AEB4-5B10263714D8-768x576.jpeg 768w, https:\/\/blogg.atl.nu\/morteleks-fralsegard\/wp-content\/uploads\/sites\/43\/2025\/05\/F6F59CA0-B4E9-484C-AEB4-5B10263714D8-1536x1152.jpeg 1536w, https:\/\/blogg.atl.nu\/morteleks-fralsegard\/wp-content\/uploads\/sites\/43\/2025\/05\/F6F59CA0-B4E9-484C-AEB4-5B10263714D8-2048x1536.jpeg 2048w\" sizes=\"(max-width: 300px) 100vw, 300px\" \/> <img loading=\"lazy\" class=\"alignnone size-medium wp-image-6402\" src=\"https:\/\/blogg.atl.nu\/morteleks-fralsegard\/wp-content\/uploads\/sites\/43\/2025\/05\/0DE717BE-EDAE-4597-A6D4-D3CCD2430D62-300x225.jpeg\" alt=\"\" width=\"300\" height=\"225\" srcset=\"https:\/\/blogg.atl.nu\/morteleks-fralsegard\/wp-content\/uploads\/sites\/43\/2025\/05\/0DE717BE-EDAE-4597-A6D4-D3CCD2430D62-300x225.jpeg 300w, https:\/\/blogg.atl.nu\/morteleks-fralsegard\/wp-content\/uploads\/sites\/43\/2025\/05\/0DE717BE-EDAE-4597-A6D4-D3CCD2430D62-1024x768.jpeg 1024w, https:\/\/blogg.atl.nu\/morteleks-fralsegard\/wp-content\/uploads\/sites\/43\/2025\/05\/0DE717BE-EDAE-4597-A6D4-D3CCD2430D62-768x576.jpeg 768w, https:\/\/blogg.atl.nu\/morteleks-fralsegard\/wp-content\/uploads\/sites\/43\/2025\/05\/0DE717BE-EDAE-4597-A6D4-D3CCD2430D62-1536x1152.jpeg 1536w, https:\/\/blogg.atl.nu\/morteleks-fralsegard\/wp-content\/uploads\/sites\/43\/2025\/05\/0DE717BE-EDAE-4597-A6D4-D3CCD2430D62-2048x1536.jpeg 2048w\" sizes=\"(max-width: 300px) 100vw, 300px\" \/> <img loading=\"lazy\" class=\"alignnone size-medium wp-image-6403\" src=\"https:\/\/blogg.atl.nu\/morteleks-fralsegard\/wp-content\/uploads\/sites\/43\/2025\/05\/5B7C1EA8-AB8B-49DA-970C-52EADB8ED11C-300x225.jpeg\" alt=\"\" width=\"300\" height=\"225\" srcset=\"https:\/\/blogg.atl.nu\/morteleks-fralsegard\/wp-content\/uploads\/sites\/43\/2025\/05\/5B7C1EA8-AB8B-49DA-970C-52EADB8ED11C-300x225.jpeg 300w, https:\/\/blogg.atl.nu\/morteleks-fralsegard\/wp-content\/uploads\/sites\/43\/2025\/05\/5B7C1EA8-AB8B-49DA-970C-52EADB8ED11C-1024x768.jpeg 1024w, https:\/\/blogg.atl.nu\/morteleks-fralsegard\/wp-content\/uploads\/sites\/43\/2025\/05\/5B7C1EA8-AB8B-49DA-970C-52EADB8ED11C-768x576.jpeg 768w, https:\/\/blogg.atl.nu\/morteleks-fralsegard\/wp-content\/uploads\/sites\/43\/2025\/05\/5B7C1EA8-AB8B-49DA-970C-52EADB8ED11C-1536x1152.jpeg 1536w, https:\/\/blogg.atl.nu\/morteleks-fralsegard\/wp-content\/uploads\/sites\/43\/2025\/05\/5B7C1EA8-AB8B-49DA-970C-52EADB8ED11C-2048x1536.jpeg 2048w\" sizes=\"(max-width: 300px) 100vw, 300px\" \/> <img loading=\"lazy\" class=\"alignnone size-medium wp-image-6404\" src=\"https:\/\/blogg.atl.nu\/morteleks-fralsegard\/wp-content\/uploads\/sites\/43\/2025\/05\/7CF57892-3569-41E6-9335-FB9FDC599C9E-300x225.jpeg\" alt=\"\" width=\"300\" height=\"225\" srcset=\"https:\/\/blogg.atl.nu\/morteleks-fralsegard\/wp-content\/uploads\/sites\/43\/2025\/05\/7CF57892-3569-41E6-9335-FB9FDC599C9E-300x225.jpeg 300w, https:\/\/blogg.atl.nu\/morteleks-fralsegard\/wp-content\/uploads\/sites\/43\/2025\/05\/7CF57892-3569-41E6-9335-FB9FDC599C9E-1024x768.jpeg 1024w, https:\/\/blogg.atl.nu\/morteleks-fralsegard\/wp-content\/uploads\/sites\/43\/2025\/05\/7CF57892-3569-41E6-9335-FB9FDC599C9E-768x576.jpeg 768w, https:\/\/blogg.atl.nu\/morteleks-fralsegard\/wp-content\/uploads\/sites\/43\/2025\/05\/7CF57892-3569-41E6-9335-FB9FDC599C9E-1536x1152.jpeg 1536w, https:\/\/blogg.atl.nu\/morteleks-fralsegard\/wp-content\/uploads\/sites\/43\/2025\/05\/7CF57892-3569-41E6-9335-FB9FDC599C9E-2048x1536.jpeg 2048w\" sizes=\"(max-width: 300px) 100vw, 300px\" \/><\/p>\n<p>Sparris, hjort, r\u00f6ding, lamm, rabarber.<\/p>\n<p><img loading=\"lazy\" class=\"alignnone size-medium wp-image-6398\" src=\"https:\/\/blogg.atl.nu\/morteleks-fralsegard\/wp-content\/uploads\/sites\/43\/2025\/05\/3077A06E-D70E-4939-A4C6-F6B00190450D-300x225.jpeg\" alt=\"\" width=\"300\" height=\"225\" srcset=\"https:\/\/blogg.atl.nu\/morteleks-fralsegard\/wp-content\/uploads\/sites\/43\/2025\/05\/3077A06E-D70E-4939-A4C6-F6B00190450D-300x225.jpeg 300w, https:\/\/blogg.atl.nu\/morteleks-fralsegard\/wp-content\/uploads\/sites\/43\/2025\/05\/3077A06E-D70E-4939-A4C6-F6B00190450D-1024x768.jpeg 1024w, https:\/\/blogg.atl.nu\/morteleks-fralsegard\/wp-content\/uploads\/sites\/43\/2025\/05\/3077A06E-D70E-4939-A4C6-F6B00190450D-768x576.jpeg 768w, https:\/\/blogg.atl.nu\/morteleks-fralsegard\/wp-content\/uploads\/sites\/43\/2025\/05\/3077A06E-D70E-4939-A4C6-F6B00190450D-1536x1152.jpeg 1536w, https:\/\/blogg.atl.nu\/morteleks-fralsegard\/wp-content\/uploads\/sites\/43\/2025\/05\/3077A06E-D70E-4939-A4C6-F6B00190450D-2048x1536.jpeg 2048w\" sizes=\"(max-width: 300px) 100vw, 300px\" \/> <img loading=\"lazy\" class=\"alignnone size-medium wp-image-6399\" src=\"https:\/\/blogg.atl.nu\/morteleks-fralsegard\/wp-content\/uploads\/sites\/43\/2025\/05\/A54A4C42-1C46-429B-A791-E3024A88531F-300x225.jpeg\" alt=\"\" width=\"300\" height=\"225\" srcset=\"https:\/\/blogg.atl.nu\/morteleks-fralsegard\/wp-content\/uploads\/sites\/43\/2025\/05\/A54A4C42-1C46-429B-A791-E3024A88531F-300x225.jpeg 300w, https:\/\/blogg.atl.nu\/morteleks-fralsegard\/wp-content\/uploads\/sites\/43\/2025\/05\/A54A4C42-1C46-429B-A791-E3024A88531F-1024x768.jpeg 1024w, https:\/\/blogg.atl.nu\/morteleks-fralsegard\/wp-content\/uploads\/sites\/43\/2025\/05\/A54A4C42-1C46-429B-A791-E3024A88531F-768x576.jpeg 768w, https:\/\/blogg.atl.nu\/morteleks-fralsegard\/wp-content\/uploads\/sites\/43\/2025\/05\/A54A4C42-1C46-429B-A791-E3024A88531F-1536x1152.jpeg 1536w, https:\/\/blogg.atl.nu\/morteleks-fralsegard\/wp-content\/uploads\/sites\/43\/2025\/05\/A54A4C42-1C46-429B-A791-E3024A88531F-2048x1536.jpeg 2048w\" sizes=\"(max-width: 300px) 100vw, 300px\" \/><\/p>\n<p>Toftaholms herrg\u00e5rd ligger mellan Lagan och V\u00e4rnamo, vid Cliff Burton\u00b4s minnessten och helt klart v\u00e4rt ett bes\u00f6k.<\/p>\n<p>H\u00e4lsningar fr\u00e5n M\u00f6rteleks Fr\u00e4lseg\u00e5rd -En skogsg\u00e5rd mitt i Sm\u00e5land<\/p>\n<p>&nbsp;<\/p>\n<p>&nbsp;<\/p>\n","protected":false},"excerpt":{"rendered":"<p>Nu har kusin 2 fyllt \u201dgubbe\u201d och det har vi i helgen firat. Kul t\u00e4vlingar i herrg\u00e5rdsparken p\u00e5 Toftaholm. P\u00e5 liv och d\u00f6d om n\u00e5gon undrar. Ja det \u00e4r viktigt att vinna f\u00f6r oss allihop. Men vi har \u00e4ven fikat och \u00e4tit gott! V\u00e5r gemensamma n\u00e4mnare \u00e4r, f\u00f6rutom att vi \u00e4r sl\u00e4kt, mat (odla och&#8230;<\/p>\n","protected":false},"author":366,"featured_media":6396,"comment_status":"open","ping_status":"open","sticky":false,"template":"","format":"standard","meta":[],"categories":[1],"tags":[],"yoast_head":"<!-- This site is optimized with the Yoast SEO plugin v19.6 - https:\/\/yoast.com\/wordpress\/plugins\/seo\/ -->\n<title>F\u00f6delsedagsfest p\u00e5 Toftaholm - M\u00f6rteleks Fr\u00e4lseg\u00e5rd<\/title>\n<meta name=\"robots\" content=\"index, follow, max-snippet:-1, max-image-preview:large, max-video-preview:-1\" \/>\n<link rel=\"canonical\" href=\"https:\/\/blogg.atl.nu\/morteleks-fralsegard\/2025\/05\/26\/fodelsedagsfest-pa-toftaholm\/\" \/>\n<meta property=\"og:locale\" content=\"sv_SE\" \/>\n<meta property=\"og:type\" content=\"article\" \/>\n<meta property=\"og:title\" content=\"F\u00f6delsedagsfest p\u00e5 Toftaholm - M\u00f6rteleks Fr\u00e4lseg\u00e5rd\" \/>\n<meta property=\"og:description\" content=\"Nu har kusin 2 fyllt \u201dgubbe\u201d och det har vi i helgen firat. Kul t\u00e4vlingar i herrg\u00e5rdsparken p\u00e5 Toftaholm. P\u00e5 liv och d\u00f6d om n\u00e5gon undrar. Ja det \u00e4r viktigt att vinna f\u00f6r oss allihop. Men vi har \u00e4ven fikat och \u00e4tit gott! V\u00e5r gemensamma n\u00e4mnare \u00e4r, f\u00f6rutom att vi \u00e4r sl\u00e4kt, mat (odla och...\" \/>\n<meta property=\"og:url\" content=\"https:\/\/blogg.atl.nu\/morteleks-fralsegard\/2025\/05\/26\/fodelsedagsfest-pa-toftaholm\/\" \/>\n<meta property=\"og:site_name\" content=\"M\u00f6rteleks Fr\u00e4lseg\u00e5rd\" \/>\n<meta property=\"article:published_time\" content=\"2025-05-26T14:10:21+00:00\" \/>\n<meta property=\"og:image\" content=\"https:\/\/blogg.atl.nu\/morteleks-fralsegard\/wp-content\/uploads\/sites\/43\/2025\/05\/158AC426-0B39-4B1B-9C68-B51BA639B6C6-scaled.jpeg\" \/>\n\t<meta property=\"og:image:width\" content=\"2560\" \/>\n\t<meta property=\"og:image:height\" content=\"1920\" \/>\n\t<meta property=\"og:image:type\" content=\"image\/jpeg\" \/>\n<meta name=\"author\" content=\"Viktoria Birgersson\" \/>\n<meta name=\"twitter:card\" content=\"summary_large_image\" \/>\n<meta name=\"twitter:label1\" content=\"Skriven av\" \/>\n\t<meta name=\"twitter:data1\" content=\"Viktoria Birgersson\" \/>\n\t<meta name=\"twitter:label2\" content=\"Ber\u00e4knad l\u00e4stid\" \/>\n\t<meta name=\"twitter:data2\" content=\"3 minuter\" \/>\n<script type=\"application\/ld+json\" class=\"yoast-schema-graph\">{\"@context\":\"https:\/\/schema.org\",\"@graph\":[{\"@type\":\"WebPage\",\"@id\":\"https:\/\/blogg.atl.nu\/morteleks-fralsegard\/2025\/05\/26\/fodelsedagsfest-pa-toftaholm\/\",\"url\":\"https:\/\/blogg.atl.nu\/morteleks-fralsegard\/2025\/05\/26\/fodelsedagsfest-pa-toftaholm\/\",\"name\":\"F\u00f6delsedagsfest p\u00e5 Toftaholm - M\u00f6rteleks Fr\u00e4lseg\u00e5rd\",\"isPartOf\":{\"@id\":\"https:\/\/blogg.atl.nu\/morteleks-fralsegard\/#website\"},\"datePublished\":\"2025-05-26T14:10:21+00:00\",\"dateModified\":\"2025-05-26T14:10:21+00:00\",\"author\":{\"@id\":\"https:\/\/blogg.atl.nu\/morteleks-fralsegard\/#\/schema\/person\/0ab22364ef6b1e3febf26c41d4a32b53\"},\"breadcrumb\":{\"@id\":\"https:\/\/blogg.atl.nu\/morteleks-fralsegard\/2025\/05\/26\/fodelsedagsfest-pa-toftaholm\/#breadcrumb\"},\"inLanguage\":\"sv-SE\",\"potentialAction\":[{\"@type\":\"ReadAction\",\"target\":[\"https:\/\/blogg.atl.nu\/morteleks-fralsegard\/2025\/05\/26\/fodelsedagsfest-pa-toftaholm\/\"]}]},{\"@type\":\"BreadcrumbList\",\"@id\":\"https:\/\/blogg.atl.nu\/morteleks-fralsegard\/2025\/05\/26\/fodelsedagsfest-pa-toftaholm\/#breadcrumb\",\"itemListElement\":[{\"@type\":\"ListItem\",\"position\":1,\"name\":\"Home\",\"item\":\"https:\/\/blogg.atl.nu\/morteleks-fralsegard\/\"},{\"@type\":\"ListItem\",\"position\":2,\"name\":\"F\u00f6delsedagsfest p\u00e5 Toftaholm\"}]},{\"@type\":\"WebSite\",\"@id\":\"https:\/\/blogg.atl.nu\/morteleks-fralsegard\/#website\",\"url\":\"https:\/\/blogg.atl.nu\/morteleks-fralsegard\/\",\"name\":\"M\u00f6rteleks Fr\u00e4lseg\u00e5rd\",\"description\":\"Viktoria Birgersson\",\"potentialAction\":[{\"@type\":\"SearchAction\",\"target\":{\"@type\":\"EntryPoint\",\"urlTemplate\":\"https:\/\/blogg.atl.nu\/morteleks-fralsegard\/?s={search_term_string}\"},\"query-input\":\"required name=search_term_string\"}],\"inLanguage\":\"sv-SE\"},{\"@type\":\"Person\",\"@id\":\"https:\/\/blogg.atl.nu\/morteleks-fralsegard\/#\/schema\/person\/0ab22364ef6b1e3febf26c41d4a32b53\",\"name\":\"Viktoria Birgersson\",\"image\":{\"@type\":\"ImageObject\",\"inLanguage\":\"sv-SE\",\"@id\":\"https:\/\/blogg.atl.nu\/morteleks-fralsegard\/#\/schema\/person\/image\/\",\"url\":\"https:\/\/secure.gravatar.com\/avatar\/66ee725962479e3acb970802c6913bd7?s=96&d=mm&r=g\",\"contentUrl\":\"https:\/\/secure.gravatar.com\/avatar\/66ee725962479e3acb970802c6913bd7?s=96&d=mm&r=g\",\"caption\":\"Viktoria Birgersson\"},\"url\":\"https:\/\/blogg.atl.nu\/morteleks-fralsegard\/author\/morteleks-fralsegard\/\"}]}<\/script>\n<!-- \/ Yoast SEO plugin. -->","yoast_head_json":{"title":"F\u00f6delsedagsfest p\u00e5 Toftaholm - M\u00f6rteleks Fr\u00e4lseg\u00e5rd","robots":{"index":"index","follow":"follow","max-snippet":"max-snippet:-1","max-image-preview":"max-image-preview:large","max-video-preview":"max-video-preview:-1"},"canonical":"https:\/\/blogg.atl.nu\/morteleks-fralsegard\/2025\/05\/26\/fodelsedagsfest-pa-toftaholm\/","og_locale":"sv_SE","og_type":"article","og_title":"F\u00f6delsedagsfest p\u00e5 Toftaholm - M\u00f6rteleks Fr\u00e4lseg\u00e5rd","og_description":"Nu har kusin 2 fyllt \u201dgubbe\u201d och det har vi i helgen firat. Kul t\u00e4vlingar i herrg\u00e5rdsparken p\u00e5 Toftaholm. P\u00e5 liv och d\u00f6d om n\u00e5gon undrar. Ja det \u00e4r viktigt att vinna f\u00f6r oss allihop. Men vi har \u00e4ven fikat och \u00e4tit gott! V\u00e5r gemensamma n\u00e4mnare \u00e4r, f\u00f6rutom att vi \u00e4r sl\u00e4kt, mat (odla och...","og_url":"https:\/\/blogg.atl.nu\/morteleks-fralsegard\/2025\/05\/26\/fodelsedagsfest-pa-toftaholm\/","og_site_name":"M\u00f6rteleks Fr\u00e4lseg\u00e5rd","article_published_time":"2025-05-26T14:10:21+00:00","og_image":[{"width":2560,"height":1920,"url":"https:\/\/blogg.atl.nu\/morteleks-fralsegard\/wp-content\/uploads\/sites\/43\/2025\/05\/158AC426-0B39-4B1B-9C68-B51BA639B6C6-scaled.jpeg","type":"image\/jpeg"}],"author":"Viktoria Birgersson","twitter_card":"summary_large_image","twitter_misc":{"Skriven av":"Viktoria Birgersson","Ber\u00e4knad l\u00e4stid":"3 minuter"},"schema":{"@context":"https:\/\/schema.org","@graph":[{"@type":"WebPage","@id":"https:\/\/blogg.atl.nu\/morteleks-fralsegard\/2025\/05\/26\/fodelsedagsfest-pa-toftaholm\/","url":"https:\/\/blogg.atl.nu\/morteleks-fralsegard\/2025\/05\/26\/fodelsedagsfest-pa-toftaholm\/","name":"F\u00f6delsedagsfest p\u00e5 Toftaholm - M\u00f6rteleks Fr\u00e4lseg\u00e5rd","isPartOf":{"@id":"https:\/\/blogg.atl.nu\/morteleks-fralsegard\/#website"},"datePublished":"2025-05-26T14:10:21+00:00","dateModified":"2025-05-26T14:10:21+00:00","author":{"@id":"https:\/\/blogg.atl.nu\/morteleks-fralsegard\/#\/schema\/person\/0ab22364ef6b1e3febf26c41d4a32b53"},"breadcrumb":{"@id":"https:\/\/blogg.atl.nu\/morteleks-fralsegard\/2025\/05\/26\/fodelsedagsfest-pa-toftaholm\/#breadcrumb"},"inLanguage":"sv-SE","potentialAction":[{"@type":"ReadAction","target":["https:\/\/blogg.atl.nu\/morteleks-fralsegard\/2025\/05\/26\/fodelsedagsfest-pa-toftaholm\/"]}]},{"@type":"BreadcrumbList","@id":"https:\/\/blogg.atl.nu\/morteleks-fralsegard\/2025\/05\/26\/fodelsedagsfest-pa-toftaholm\/#breadcrumb","itemListElement":[{"@type":"ListItem","position":1,"name":"Home","item":"https:\/\/blogg.atl.nu\/morteleks-fralsegard\/"},{"@type":"ListItem","position":2,"name":"F\u00f6delsedagsfest p\u00e5 Toftaholm"}]},{"@type":"WebSite","@id":"https:\/\/blogg.atl.nu\/morteleks-fralsegard\/#website","url":"https:\/\/blogg.atl.nu\/morteleks-fralsegard\/","name":"M\u00f6rteleks Fr\u00e4lseg\u00e5rd","description":"Viktoria Birgersson","potentialAction":[{"@type":"SearchAction","target":{"@type":"EntryPoint","urlTemplate":"https:\/\/blogg.atl.nu\/morteleks-fralsegard\/?s={search_term_string}"},"query-input":"required name=search_term_string"}],"inLanguage":"sv-SE"},{"@type":"Person","@id":"https:\/\/blogg.atl.nu\/morteleks-fralsegard\/#\/schema\/person\/0ab22364ef6b1e3febf26c41d4a32b53","name":"Viktoria Birgersson","image":{"@type":"ImageObject","inLanguage":"sv-SE","@id":"https:\/\/blogg.atl.nu\/morteleks-fralsegard\/#\/schema\/person\/image\/","url":"https:\/\/secure.gravatar.com\/avatar\/66ee725962479e3acb970802c6913bd7?s=96&d=mm&r=g","contentUrl":"https:\/\/secure.gravatar.com\/avatar\/66ee725962479e3acb970802c6913bd7?s=96&d=mm&r=g","caption":"Viktoria Birgersson"},"url":"https:\/\/blogg.atl.nu\/morteleks-fralsegard\/author\/morteleks-fralsegard\/"}]}},"_links":{"self":[{"href":"https:\/\/blogg.atl.nu\/morteleks-fralsegard\/wp-json\/wp\/v2\/posts\/6394"}],"collection":[{"href":"https:\/\/blogg.atl.nu\/morteleks-fralsegard\/wp-json\/wp\/v2\/posts"}],"about":[{"href":"https:\/\/blogg.atl.nu\/morteleks-fralsegard\/wp-json\/wp\/v2\/types\/post"}],"author":[{"embeddable":true,"href":"https:\/\/blogg.atl.nu\/morteleks-fralsegard\/wp-json\/wp\/v2\/users\/366"}],"replies":[{"embeddable":true,"href":"https:\/\/blogg.atl.nu\/morteleks-fralsegard\/wp-json\/wp\/v2\/comments?post=6394"}],"version-history":[{"count":5,"href":"https:\/\/blogg.atl.nu\/morteleks-fralsegard\/wp-json\/wp\/v2\/posts\/6394\/revisions"}],"predecessor-version":[{"id":6408,"href":"https:\/\/blogg.atl.nu\/morteleks-fralsegard\/wp-json\/wp\/v2\/posts\/6394\/revisions\/6408"}],"wp:featuredmedia":[{"embeddable":true,"href":"https:\/\/blogg.atl.nu\/morteleks-fralsegard\/wp-json\/wp\/v2\/media\/6396"}],"wp:attachment":[{"href":"https:\/\/blogg.atl.nu\/morteleks-fralsegard\/wp-json\/wp\/v2\/media?parent=6394"}],"wp:term":[{"taxonomy":"category","embeddable":true,"href":"https:\/\/blogg.atl.nu\/morteleks-fralsegard\/wp-json\/wp\/v2\/categories?post=6394"},{"taxonomy":"post_tag","embeddable":true,"href":"https:\/\/blogg.atl.nu\/morteleks-fralsegard\/wp-json\/wp\/v2\/tags?post=6394"}],"curies":[{"name":"wp","href":"https:\/\/api.w.org\/{rel}","templated":true}]}}