{"id":6452,"date":"2025-06-02T12:12:53","date_gmt":"2025-06-02T12:12:53","guid":{"rendered":"https:\/\/blogg.atl.nu\/morteleks-fralsegard\/?p=6452"},"modified":"2025-06-02T12:12:53","modified_gmt":"2025-06-02T12:12:53","slug":"mathelg-pa-oland","status":"publish","type":"post","link":"https:\/\/blogg.atl.nu\/morteleks-fralsegard\/2025\/06\/02\/mathelg-pa-oland\/","title":{"rendered":"Mathelg p\u00e5 \u00d6land"},"content":{"rendered":"<p>Ni vet s\u00e4kert redan att jag gillar god mat.<\/p>\n<p>Det ska vara mat lagad p\u00e5 bra r\u00e5varor, g\u00e4rna n\u00e4rproducerade, bra tillagat, kul och lekfulla smaker och s\u00e5 vill jag f\u00e5 med mig id\u00e9er att testa hemma. Nu efter den h\u00e4r helgen, som dessutom toppades med en massa fina bilar som var p\u00e5 American Days 2025 p\u00e5 Lundeg\u00e5rds, s\u00e5 har jag inte bara med mig en massa kul att testa utan \u00e4ven ramsl\u00f6k\u00a0 f\u00f6r att beh\u00e5lla sommarens smaker l\u00e5ngt in p\u00e5 h\u00f6sten.<\/p>\n<p><img loading=\"lazy\" class=\"alignnone size-medium wp-image-6453\" src=\"https:\/\/blogg.atl.nu\/morteleks-fralsegard\/wp-content\/uploads\/sites\/43\/2025\/06\/DF74E812-563C-48DB-A81A-392496E22F7A-300x225.jpeg\" alt=\"\" width=\"300\" height=\"225\" srcset=\"https:\/\/blogg.atl.nu\/morteleks-fralsegard\/wp-content\/uploads\/sites\/43\/2025\/06\/DF74E812-563C-48DB-A81A-392496E22F7A-300x225.jpeg 300w, https:\/\/blogg.atl.nu\/morteleks-fralsegard\/wp-content\/uploads\/sites\/43\/2025\/06\/DF74E812-563C-48DB-A81A-392496E22F7A-1024x768.jpeg 1024w, https:\/\/blogg.atl.nu\/morteleks-fralsegard\/wp-content\/uploads\/sites\/43\/2025\/06\/DF74E812-563C-48DB-A81A-392496E22F7A-768x576.jpeg 768w, https:\/\/blogg.atl.nu\/morteleks-fralsegard\/wp-content\/uploads\/sites\/43\/2025\/06\/DF74E812-563C-48DB-A81A-392496E22F7A-1536x1152.jpeg 1536w, https:\/\/blogg.atl.nu\/morteleks-fralsegard\/wp-content\/uploads\/sites\/43\/2025\/06\/DF74E812-563C-48DB-A81A-392496E22F7A-2048x1536.jpeg 2048w\" sizes=\"(max-width: 300px) 100vw, 300px\" \/><\/p>\n<p>B\u00f6rjade med en str\u00f6mmingsmacka.<\/p>\n<p><img loading=\"lazy\" class=\"alignnone size-medium wp-image-6454\" src=\"https:\/\/blogg.atl.nu\/morteleks-fralsegard\/wp-content\/uploads\/sites\/43\/2025\/06\/5222A4A2-0CC6-4B5F-9A83-D7ECD192DD1E-300x225.jpeg\" alt=\"\" width=\"300\" height=\"225\" srcset=\"https:\/\/blogg.atl.nu\/morteleks-fralsegard\/wp-content\/uploads\/sites\/43\/2025\/06\/5222A4A2-0CC6-4B5F-9A83-D7ECD192DD1E-300x225.jpeg 300w, https:\/\/blogg.atl.nu\/morteleks-fralsegard\/wp-content\/uploads\/sites\/43\/2025\/06\/5222A4A2-0CC6-4B5F-9A83-D7ECD192DD1E-1024x768.jpeg 1024w, https:\/\/blogg.atl.nu\/morteleks-fralsegard\/wp-content\/uploads\/sites\/43\/2025\/06\/5222A4A2-0CC6-4B5F-9A83-D7ECD192DD1E-768x576.jpeg 768w, https:\/\/blogg.atl.nu\/morteleks-fralsegard\/wp-content\/uploads\/sites\/43\/2025\/06\/5222A4A2-0CC6-4B5F-9A83-D7ECD192DD1E-1536x1152.jpeg 1536w, https:\/\/blogg.atl.nu\/morteleks-fralsegard\/wp-content\/uploads\/sites\/43\/2025\/06\/5222A4A2-0CC6-4B5F-9A83-D7ECD192DD1E-2048x1536.jpeg 2048w\" sizes=\"(max-width: 300px) 100vw, 300px\" \/><\/p>\n<p>Fortsatte med en gokaffe hos Frida p\u00e5 torget.<\/p>\n<p><img loading=\"lazy\" class=\"alignnone size-medium wp-image-6456\" src=\"https:\/\/blogg.atl.nu\/morteleks-fralsegard\/wp-content\/uploads\/sites\/43\/2025\/06\/767A4AA9-8655-4C6B-ADEE-FAB60256065A-300x225.jpeg\" alt=\"\" width=\"300\" height=\"225\" srcset=\"https:\/\/blogg.atl.nu\/morteleks-fralsegard\/wp-content\/uploads\/sites\/43\/2025\/06\/767A4AA9-8655-4C6B-ADEE-FAB60256065A-300x225.jpeg 300w, https:\/\/blogg.atl.nu\/morteleks-fralsegard\/wp-content\/uploads\/sites\/43\/2025\/06\/767A4AA9-8655-4C6B-ADEE-FAB60256065A-1024x768.jpeg 1024w, https:\/\/blogg.atl.nu\/morteleks-fralsegard\/wp-content\/uploads\/sites\/43\/2025\/06\/767A4AA9-8655-4C6B-ADEE-FAB60256065A-768x576.jpeg 768w, https:\/\/blogg.atl.nu\/morteleks-fralsegard\/wp-content\/uploads\/sites\/43\/2025\/06\/767A4AA9-8655-4C6B-ADEE-FAB60256065A-1536x1152.jpeg 1536w, https:\/\/blogg.atl.nu\/morteleks-fralsegard\/wp-content\/uploads\/sites\/43\/2025\/06\/767A4AA9-8655-4C6B-ADEE-FAB60256065A-2048x1536.jpeg 2048w\" sizes=\"(max-width: 300px) 100vw, 300px\" \/><img loading=\"lazy\" class=\"alignnone size-medium wp-image-6462\" src=\"https:\/\/blogg.atl.nu\/morteleks-fralsegard\/wp-content\/uploads\/sites\/43\/2025\/06\/302E8D71-B878-4F10-870A-D3CC5819A5C0-300x225.jpeg\" alt=\"\" width=\"300\" height=\"225\" srcset=\"https:\/\/blogg.atl.nu\/morteleks-fralsegard\/wp-content\/uploads\/sites\/43\/2025\/06\/302E8D71-B878-4F10-870A-D3CC5819A5C0-300x225.jpeg 300w, https:\/\/blogg.atl.nu\/morteleks-fralsegard\/wp-content\/uploads\/sites\/43\/2025\/06\/302E8D71-B878-4F10-870A-D3CC5819A5C0-1024x768.jpeg 1024w, https:\/\/blogg.atl.nu\/morteleks-fralsegard\/wp-content\/uploads\/sites\/43\/2025\/06\/302E8D71-B878-4F10-870A-D3CC5819A5C0-768x576.jpeg 768w, https:\/\/blogg.atl.nu\/morteleks-fralsegard\/wp-content\/uploads\/sites\/43\/2025\/06\/302E8D71-B878-4F10-870A-D3CC5819A5C0-1536x1152.jpeg 1536w, https:\/\/blogg.atl.nu\/morteleks-fralsegard\/wp-content\/uploads\/sites\/43\/2025\/06\/302E8D71-B878-4F10-870A-D3CC5819A5C0-2048x1536.jpeg 2048w\" sizes=\"(max-width: 300px) 100vw, 300px\" \/>\u00a0<img loading=\"lazy\" class=\"alignnone size-medium wp-image-6458\" src=\"https:\/\/blogg.atl.nu\/morteleks-fralsegard\/wp-content\/uploads\/sites\/43\/2025\/06\/AE7F76F0-FC8B-4566-B683-4237505EC88C-300x225.jpeg\" alt=\"\" width=\"300\" height=\"225\" srcset=\"https:\/\/blogg.atl.nu\/morteleks-fralsegard\/wp-content\/uploads\/sites\/43\/2025\/06\/AE7F76F0-FC8B-4566-B683-4237505EC88C-300x225.jpeg 300w, https:\/\/blogg.atl.nu\/morteleks-fralsegard\/wp-content\/uploads\/sites\/43\/2025\/06\/AE7F76F0-FC8B-4566-B683-4237505EC88C-1024x768.jpeg 1024w, https:\/\/blogg.atl.nu\/morteleks-fralsegard\/wp-content\/uploads\/sites\/43\/2025\/06\/AE7F76F0-FC8B-4566-B683-4237505EC88C-768x576.jpeg 768w, https:\/\/blogg.atl.nu\/morteleks-fralsegard\/wp-content\/uploads\/sites\/43\/2025\/06\/AE7F76F0-FC8B-4566-B683-4237505EC88C-1536x1152.jpeg 1536w, https:\/\/blogg.atl.nu\/morteleks-fralsegard\/wp-content\/uploads\/sites\/43\/2025\/06\/AE7F76F0-FC8B-4566-B683-4237505EC88C-2048x1536.jpeg 2048w\" sizes=\"(max-width: 300px) 100vw, 300px\" \/><\/p>\n<p>Gick vidare till Jonas och Tr\u00e4dg\u00e5rdsgatan 26 f\u00f6r en v\u00e4llagad och trevlig smakupplevelse. J\u00e4ttegott och helt klart ett st\u00e4lle vi kommer att komma tillbaka till.<\/p>\n<p><img loading=\"lazy\" class=\"alignnone size-medium wp-image-6457\" src=\"https:\/\/blogg.atl.nu\/morteleks-fralsegard\/wp-content\/uploads\/sites\/43\/2025\/06\/F2DDD6C1-B66C-432B-BD35-AAD6FF329129-300x225.jpeg\" alt=\"\" width=\"300\" height=\"225\" srcset=\"https:\/\/blogg.atl.nu\/morteleks-fralsegard\/wp-content\/uploads\/sites\/43\/2025\/06\/F2DDD6C1-B66C-432B-BD35-AAD6FF329129-300x225.jpeg 300w, https:\/\/blogg.atl.nu\/morteleks-fralsegard\/wp-content\/uploads\/sites\/43\/2025\/06\/F2DDD6C1-B66C-432B-BD35-AAD6FF329129-1024x768.jpeg 1024w, https:\/\/blogg.atl.nu\/morteleks-fralsegard\/wp-content\/uploads\/sites\/43\/2025\/06\/F2DDD6C1-B66C-432B-BD35-AAD6FF329129-768x576.jpeg 768w, https:\/\/blogg.atl.nu\/morteleks-fralsegard\/wp-content\/uploads\/sites\/43\/2025\/06\/F2DDD6C1-B66C-432B-BD35-AAD6FF329129-1536x1152.jpeg 1536w, https:\/\/blogg.atl.nu\/morteleks-fralsegard\/wp-content\/uploads\/sites\/43\/2025\/06\/F2DDD6C1-B66C-432B-BD35-AAD6FF329129-2048x1536.jpeg 2048w\" sizes=\"(max-width: 300px) 100vw, 300px\" \/><\/p>\n<p>Pilgrimsmusslor med potatis och l\u00f6kskum. Sparris, brynt sm\u00f6r och krispig panko.<\/p>\n<p><img loading=\"lazy\" class=\"alignnone size-medium wp-image-6459\" src=\"https:\/\/blogg.atl.nu\/morteleks-fralsegard\/wp-content\/uploads\/sites\/43\/2025\/06\/5A090D16-75E9-492B-B079-501CDFA695F7-300x225.jpeg\" alt=\"\" width=\"300\" height=\"225\" srcset=\"https:\/\/blogg.atl.nu\/morteleks-fralsegard\/wp-content\/uploads\/sites\/43\/2025\/06\/5A090D16-75E9-492B-B079-501CDFA695F7-300x225.jpeg 300w, https:\/\/blogg.atl.nu\/morteleks-fralsegard\/wp-content\/uploads\/sites\/43\/2025\/06\/5A090D16-75E9-492B-B079-501CDFA695F7-1024x768.jpeg 1024w, https:\/\/blogg.atl.nu\/morteleks-fralsegard\/wp-content\/uploads\/sites\/43\/2025\/06\/5A090D16-75E9-492B-B079-501CDFA695F7-768x576.jpeg 768w, https:\/\/blogg.atl.nu\/morteleks-fralsegard\/wp-content\/uploads\/sites\/43\/2025\/06\/5A090D16-75E9-492B-B079-501CDFA695F7-1536x1152.jpeg 1536w, https:\/\/blogg.atl.nu\/morteleks-fralsegard\/wp-content\/uploads\/sites\/43\/2025\/06\/5A090D16-75E9-492B-B079-501CDFA695F7-2048x1536.jpeg 2048w\" sizes=\"(max-width: 300px) 100vw, 300px\" \/><\/p>\n<p>Lammsadel med ramsl\u00f6k, frasig aubergine, picklade tomater, sm\u00f6rkrispiga potatis, getost och rosmarinsky.<\/p>\n<p><img loading=\"lazy\" class=\"alignnone size-medium wp-image-6460\" src=\"https:\/\/blogg.atl.nu\/morteleks-fralsegard\/wp-content\/uploads\/sites\/43\/2025\/06\/7DA38B04-A33C-4A69-AAB6-0E17783231A4-300x225.jpeg\" alt=\"\" width=\"300\" height=\"225\" srcset=\"https:\/\/blogg.atl.nu\/morteleks-fralsegard\/wp-content\/uploads\/sites\/43\/2025\/06\/7DA38B04-A33C-4A69-AAB6-0E17783231A4-300x225.jpeg 300w, https:\/\/blogg.atl.nu\/morteleks-fralsegard\/wp-content\/uploads\/sites\/43\/2025\/06\/7DA38B04-A33C-4A69-AAB6-0E17783231A4-1024x768.jpeg 1024w, https:\/\/blogg.atl.nu\/morteleks-fralsegard\/wp-content\/uploads\/sites\/43\/2025\/06\/7DA38B04-A33C-4A69-AAB6-0E17783231A4-768x576.jpeg 768w, https:\/\/blogg.atl.nu\/morteleks-fralsegard\/wp-content\/uploads\/sites\/43\/2025\/06\/7DA38B04-A33C-4A69-AAB6-0E17783231A4-1536x1152.jpeg 1536w, https:\/\/blogg.atl.nu\/morteleks-fralsegard\/wp-content\/uploads\/sites\/43\/2025\/06\/7DA38B04-A33C-4A69-AAB6-0E17783231A4-2048x1536.jpeg 2048w\" sizes=\"(max-width: 300px) 100vw, 300px\" \/><\/p>\n<p>Och en lagom s\u00f6t efterr\u00e4tt. Gr\u00e4ddfilspannacotta, jordgubbar och rabarber tillsammans med en mandelkaka.<\/p>\n<p><img loading=\"lazy\" class=\"alignnone size-medium wp-image-6461\" src=\"https:\/\/blogg.atl.nu\/morteleks-fralsegard\/wp-content\/uploads\/sites\/43\/2025\/06\/43B59BD2-D722-469E-AB79-7494A980C5E4-300x225.jpeg\" alt=\"\" width=\"300\" height=\"225\" srcset=\"https:\/\/blogg.atl.nu\/morteleks-fralsegard\/wp-content\/uploads\/sites\/43\/2025\/06\/43B59BD2-D722-469E-AB79-7494A980C5E4-300x225.jpeg 300w, https:\/\/blogg.atl.nu\/morteleks-fralsegard\/wp-content\/uploads\/sites\/43\/2025\/06\/43B59BD2-D722-469E-AB79-7494A980C5E4-1024x768.jpeg 1024w, https:\/\/blogg.atl.nu\/morteleks-fralsegard\/wp-content\/uploads\/sites\/43\/2025\/06\/43B59BD2-D722-469E-AB79-7494A980C5E4-768x576.jpeg 768w, https:\/\/blogg.atl.nu\/morteleks-fralsegard\/wp-content\/uploads\/sites\/43\/2025\/06\/43B59BD2-D722-469E-AB79-7494A980C5E4-1536x1152.jpeg 1536w, https:\/\/blogg.atl.nu\/morteleks-fralsegard\/wp-content\/uploads\/sites\/43\/2025\/06\/43B59BD2-D722-469E-AB79-7494A980C5E4-2048x1536.jpeg 2048w\" sizes=\"(max-width: 300px) 100vw, 300px\" \/><\/p>\n<p>Sm\u00e5 saker g\u00f6r restaurangbes\u00f6ket hemtrevligt och h\u00e4r hade alla handdukar f\u00e5tt namn.<\/p>\n<p><img loading=\"lazy\" class=\"alignnone size-medium wp-image-6463\" src=\"https:\/\/blogg.atl.nu\/morteleks-fralsegard\/wp-content\/uploads\/sites\/43\/2025\/06\/43AA9495-538E-499C-8A40-6FFC13C548F6-300x225.jpeg\" alt=\"\" width=\"300\" height=\"225\" srcset=\"https:\/\/blogg.atl.nu\/morteleks-fralsegard\/wp-content\/uploads\/sites\/43\/2025\/06\/43AA9495-538E-499C-8A40-6FFC13C548F6-300x225.jpeg 300w, https:\/\/blogg.atl.nu\/morteleks-fralsegard\/wp-content\/uploads\/sites\/43\/2025\/06\/43AA9495-538E-499C-8A40-6FFC13C548F6-1024x768.jpeg 1024w, https:\/\/blogg.atl.nu\/morteleks-fralsegard\/wp-content\/uploads\/sites\/43\/2025\/06\/43AA9495-538E-499C-8A40-6FFC13C548F6-768x576.jpeg 768w, https:\/\/blogg.atl.nu\/morteleks-fralsegard\/wp-content\/uploads\/sites\/43\/2025\/06\/43AA9495-538E-499C-8A40-6FFC13C548F6-1536x1152.jpeg 1536w, https:\/\/blogg.atl.nu\/morteleks-fralsegard\/wp-content\/uploads\/sites\/43\/2025\/06\/43AA9495-538E-499C-8A40-6FFC13C548F6-2048x1536.jpeg 2048w\" sizes=\"(max-width: 300px) 100vw, 300px\" \/> <img loading=\"lazy\" class=\"alignnone size-medium wp-image-6464\" src=\"https:\/\/blogg.atl.nu\/morteleks-fralsegard\/wp-content\/uploads\/sites\/43\/2025\/06\/2035820A-7D8B-41FE-98D6-1BD406A6864D-300x225.jpeg\" alt=\"\" width=\"300\" height=\"225\" srcset=\"https:\/\/blogg.atl.nu\/morteleks-fralsegard\/wp-content\/uploads\/sites\/43\/2025\/06\/2035820A-7D8B-41FE-98D6-1BD406A6864D-300x225.jpeg 300w, https:\/\/blogg.atl.nu\/morteleks-fralsegard\/wp-content\/uploads\/sites\/43\/2025\/06\/2035820A-7D8B-41FE-98D6-1BD406A6864D-1024x768.jpeg 1024w, https:\/\/blogg.atl.nu\/morteleks-fralsegard\/wp-content\/uploads\/sites\/43\/2025\/06\/2035820A-7D8B-41FE-98D6-1BD406A6864D-768x576.jpeg 768w, https:\/\/blogg.atl.nu\/morteleks-fralsegard\/wp-content\/uploads\/sites\/43\/2025\/06\/2035820A-7D8B-41FE-98D6-1BD406A6864D-1536x1152.jpeg 1536w, https:\/\/blogg.atl.nu\/morteleks-fralsegard\/wp-content\/uploads\/sites\/43\/2025\/06\/2035820A-7D8B-41FE-98D6-1BD406A6864D-2048x1536.jpeg 2048w\" sizes=\"(max-width: 300px) 100vw, 300px\" \/><\/p>\n<p>Solnedg\u00e5ng, uteserveringar och b\u00e5tar. De tv\u00e5 f\u00f6rsta har vi \u00e4ven h\u00e4r i inlandet, men det d\u00e4r med stora b\u00e5tar och havsdoft \u00e4r det lite mindre med.<\/p>\n<p><img loading=\"lazy\" class=\"alignnone size-medium wp-image-6465\" src=\"https:\/\/blogg.atl.nu\/morteleks-fralsegard\/wp-content\/uploads\/sites\/43\/2025\/06\/E76292BA-B9F2-4AC3-863F-B0BC7AFEBBD4-300x225.jpeg\" alt=\"\" width=\"300\" height=\"225\" srcset=\"https:\/\/blogg.atl.nu\/morteleks-fralsegard\/wp-content\/uploads\/sites\/43\/2025\/06\/E76292BA-B9F2-4AC3-863F-B0BC7AFEBBD4-300x225.jpeg 300w, https:\/\/blogg.atl.nu\/morteleks-fralsegard\/wp-content\/uploads\/sites\/43\/2025\/06\/E76292BA-B9F2-4AC3-863F-B0BC7AFEBBD4-1024x768.jpeg 1024w, https:\/\/blogg.atl.nu\/morteleks-fralsegard\/wp-content\/uploads\/sites\/43\/2025\/06\/E76292BA-B9F2-4AC3-863F-B0BC7AFEBBD4-768x576.jpeg 768w, https:\/\/blogg.atl.nu\/morteleks-fralsegard\/wp-content\/uploads\/sites\/43\/2025\/06\/E76292BA-B9F2-4AC3-863F-B0BC7AFEBBD4-1536x1152.jpeg 1536w, https:\/\/blogg.atl.nu\/morteleks-fralsegard\/wp-content\/uploads\/sites\/43\/2025\/06\/E76292BA-B9F2-4AC3-863F-B0BC7AFEBBD4-2048x1536.jpeg 2048w\" sizes=\"(max-width: 300px) 100vw, 300px\" \/> <img loading=\"lazy\" class=\"alignnone size-medium wp-image-6466\" src=\"https:\/\/blogg.atl.nu\/morteleks-fralsegard\/wp-content\/uploads\/sites\/43\/2025\/06\/F75138CA-BFF5-401C-8767-7A23527B635C-300x225.jpeg\" alt=\"\" width=\"300\" height=\"225\" srcset=\"https:\/\/blogg.atl.nu\/morteleks-fralsegard\/wp-content\/uploads\/sites\/43\/2025\/06\/F75138CA-BFF5-401C-8767-7A23527B635C-300x225.jpeg 300w, https:\/\/blogg.atl.nu\/morteleks-fralsegard\/wp-content\/uploads\/sites\/43\/2025\/06\/F75138CA-BFF5-401C-8767-7A23527B635C-1024x768.jpeg 1024w, https:\/\/blogg.atl.nu\/morteleks-fralsegard\/wp-content\/uploads\/sites\/43\/2025\/06\/F75138CA-BFF5-401C-8767-7A23527B635C-768x576.jpeg 768w, https:\/\/blogg.atl.nu\/morteleks-fralsegard\/wp-content\/uploads\/sites\/43\/2025\/06\/F75138CA-BFF5-401C-8767-7A23527B635C-1536x1152.jpeg 1536w, https:\/\/blogg.atl.nu\/morteleks-fralsegard\/wp-content\/uploads\/sites\/43\/2025\/06\/F75138CA-BFF5-401C-8767-7A23527B635C-2048x1536.jpeg 2048w\" sizes=\"(max-width: 300px) 100vw, 300px\" \/><\/p>\n<p>Ramsl\u00f6ksf\u00e4lt. Exotiskt och gott.<\/p>\n<p><img loading=\"lazy\" class=\"alignnone size-medium wp-image-6468\" src=\"https:\/\/blogg.atl.nu\/morteleks-fralsegard\/wp-content\/uploads\/sites\/43\/2025\/06\/C16F1F37-EA2A-439F-8383-943795B84790-300x225.jpeg\" alt=\"\" width=\"300\" height=\"225\" srcset=\"https:\/\/blogg.atl.nu\/morteleks-fralsegard\/wp-content\/uploads\/sites\/43\/2025\/06\/C16F1F37-EA2A-439F-8383-943795B84790-300x225.jpeg 300w, https:\/\/blogg.atl.nu\/morteleks-fralsegard\/wp-content\/uploads\/sites\/43\/2025\/06\/C16F1F37-EA2A-439F-8383-943795B84790-1024x768.jpeg 1024w, https:\/\/blogg.atl.nu\/morteleks-fralsegard\/wp-content\/uploads\/sites\/43\/2025\/06\/C16F1F37-EA2A-439F-8383-943795B84790-768x576.jpeg 768w, https:\/\/blogg.atl.nu\/morteleks-fralsegard\/wp-content\/uploads\/sites\/43\/2025\/06\/C16F1F37-EA2A-439F-8383-943795B84790-1536x1152.jpeg 1536w, https:\/\/blogg.atl.nu\/morteleks-fralsegard\/wp-content\/uploads\/sites\/43\/2025\/06\/C16F1F37-EA2A-439F-8383-943795B84790-2048x1536.jpeg 2048w\" sizes=\"(max-width: 300px) 100vw, 300px\" \/><\/p>\n<p>Och sen givetvis en incident p\u00e5 bron hem, men hem kom vi med p\u00e5fyllda smakl\u00f6kar.<\/p>\n<p><span>H\u00e4lsningar fr\u00e5n M\u00f6rteleks Fr\u00e4lseg\u00e5rd -En skogsg\u00e5rd mitt i Sm\u00e5land<\/span><\/p>\n<p>&nbsp;<\/p>\n","protected":false},"excerpt":{"rendered":"<p>Ni vet s\u00e4kert redan att jag gillar god mat. Det ska vara mat lagad p\u00e5 bra r\u00e5varor, g\u00e4rna n\u00e4rproducerade, bra tillagat, kul och lekfulla smaker och s\u00e5 vill jag f\u00e5 med mig id\u00e9er att testa hemma. Nu efter den h\u00e4r helgen, som dessutom toppades med en massa fina bilar som var p\u00e5 American Days 2025&#8230;<\/p>\n","protected":false},"author":366,"featured_media":6455,"comment_status":"open","ping_status":"open","sticky":false,"template":"","format":"standard","meta":[],"categories":[1],"tags":[],"yoast_head":"<!-- This site is optimized with the Yoast SEO plugin v19.6 - https:\/\/yoast.com\/wordpress\/plugins\/seo\/ -->\n<title>Mathelg p\u00e5 \u00d6land - M\u00f6rteleks Fr\u00e4lseg\u00e5rd<\/title>\n<meta name=\"robots\" content=\"index, follow, max-snippet:-1, max-image-preview:large, max-video-preview:-1\" \/>\n<link rel=\"canonical\" href=\"https:\/\/blogg.atl.nu\/morteleks-fralsegard\/2025\/06\/02\/mathelg-pa-oland\/\" \/>\n<meta property=\"og:locale\" content=\"sv_SE\" \/>\n<meta property=\"og:type\" content=\"article\" \/>\n<meta property=\"og:title\" content=\"Mathelg p\u00e5 \u00d6land - M\u00f6rteleks Fr\u00e4lseg\u00e5rd\" \/>\n<meta property=\"og:description\" content=\"Ni vet s\u00e4kert redan att jag gillar god mat. Det ska vara mat lagad p\u00e5 bra r\u00e5varor, g\u00e4rna n\u00e4rproducerade, bra tillagat, kul och lekfulla smaker och s\u00e5 vill jag f\u00e5 med mig id\u00e9er att testa hemma. Nu efter den h\u00e4r helgen, som dessutom toppades med en massa fina bilar som var p\u00e5 American Days 2025...\" \/>\n<meta property=\"og:url\" content=\"https:\/\/blogg.atl.nu\/morteleks-fralsegard\/2025\/06\/02\/mathelg-pa-oland\/\" \/>\n<meta property=\"og:site_name\" content=\"M\u00f6rteleks Fr\u00e4lseg\u00e5rd\" \/>\n<meta property=\"article:published_time\" content=\"2025-06-02T12:12:53+00:00\" \/>\n<meta property=\"og:image\" content=\"https:\/\/blogg.atl.nu\/morteleks-fralsegard\/wp-content\/uploads\/sites\/43\/2025\/06\/6DEF79B3-1DA8-4E69-AEE5-A162F5A559D2-scaled.jpeg\" \/>\n\t<meta property=\"og:image:width\" content=\"2560\" \/>\n\t<meta property=\"og:image:height\" content=\"1920\" \/>\n\t<meta property=\"og:image:type\" content=\"image\/jpeg\" \/>\n<meta name=\"author\" content=\"Viktoria Birgersson\" \/>\n<meta name=\"twitter:card\" content=\"summary_large_image\" \/>\n<meta name=\"twitter:label1\" content=\"Skriven av\" \/>\n\t<meta name=\"twitter:data1\" content=\"Viktoria Birgersson\" \/>\n\t<meta name=\"twitter:label2\" content=\"Ber\u00e4knad l\u00e4stid\" \/>\n\t<meta name=\"twitter:data2\" content=\"4 minuter\" \/>\n<script type=\"application\/ld+json\" class=\"yoast-schema-graph\">{\"@context\":\"https:\/\/schema.org\",\"@graph\":[{\"@type\":\"WebPage\",\"@id\":\"https:\/\/blogg.atl.nu\/morteleks-fralsegard\/2025\/06\/02\/mathelg-pa-oland\/\",\"url\":\"https:\/\/blogg.atl.nu\/morteleks-fralsegard\/2025\/06\/02\/mathelg-pa-oland\/\",\"name\":\"Mathelg p\u00e5 \u00d6land - M\u00f6rteleks Fr\u00e4lseg\u00e5rd\",\"isPartOf\":{\"@id\":\"https:\/\/blogg.atl.nu\/morteleks-fralsegard\/#website\"},\"datePublished\":\"2025-06-02T12:12:53+00:00\",\"dateModified\":\"2025-06-02T12:12:53+00:00\",\"author\":{\"@id\":\"https:\/\/blogg.atl.nu\/morteleks-fralsegard\/#\/schema\/person\/0ab22364ef6b1e3febf26c41d4a32b53\"},\"breadcrumb\":{\"@id\":\"https:\/\/blogg.atl.nu\/morteleks-fralsegard\/2025\/06\/02\/mathelg-pa-oland\/#breadcrumb\"},\"inLanguage\":\"sv-SE\",\"potentialAction\":[{\"@type\":\"ReadAction\",\"target\":[\"https:\/\/blogg.atl.nu\/morteleks-fralsegard\/2025\/06\/02\/mathelg-pa-oland\/\"]}]},{\"@type\":\"BreadcrumbList\",\"@id\":\"https:\/\/blogg.atl.nu\/morteleks-fralsegard\/2025\/06\/02\/mathelg-pa-oland\/#breadcrumb\",\"itemListElement\":[{\"@type\":\"ListItem\",\"position\":1,\"name\":\"Home\",\"item\":\"https:\/\/blogg.atl.nu\/morteleks-fralsegard\/\"},{\"@type\":\"ListItem\",\"position\":2,\"name\":\"Mathelg p\u00e5 \u00d6land\"}]},{\"@type\":\"WebSite\",\"@id\":\"https:\/\/blogg.atl.nu\/morteleks-fralsegard\/#website\",\"url\":\"https:\/\/blogg.atl.nu\/morteleks-fralsegard\/\",\"name\":\"M\u00f6rteleks Fr\u00e4lseg\u00e5rd\",\"description\":\"Viktoria Birgersson\",\"potentialAction\":[{\"@type\":\"SearchAction\",\"target\":{\"@type\":\"EntryPoint\",\"urlTemplate\":\"https:\/\/blogg.atl.nu\/morteleks-fralsegard\/?s={search_term_string}\"},\"query-input\":\"required name=search_term_string\"}],\"inLanguage\":\"sv-SE\"},{\"@type\":\"Person\",\"@id\":\"https:\/\/blogg.atl.nu\/morteleks-fralsegard\/#\/schema\/person\/0ab22364ef6b1e3febf26c41d4a32b53\",\"name\":\"Viktoria Birgersson\",\"image\":{\"@type\":\"ImageObject\",\"inLanguage\":\"sv-SE\",\"@id\":\"https:\/\/blogg.atl.nu\/morteleks-fralsegard\/#\/schema\/person\/image\/\",\"url\":\"https:\/\/secure.gravatar.com\/avatar\/66ee725962479e3acb970802c6913bd7?s=96&d=mm&r=g\",\"contentUrl\":\"https:\/\/secure.gravatar.com\/avatar\/66ee725962479e3acb970802c6913bd7?s=96&d=mm&r=g\",\"caption\":\"Viktoria Birgersson\"},\"url\":\"https:\/\/blogg.atl.nu\/morteleks-fralsegard\/author\/morteleks-fralsegard\/\"}]}<\/script>\n<!-- \/ Yoast SEO plugin. -->","yoast_head_json":{"title":"Mathelg p\u00e5 \u00d6land - M\u00f6rteleks Fr\u00e4lseg\u00e5rd","robots":{"index":"index","follow":"follow","max-snippet":"max-snippet:-1","max-image-preview":"max-image-preview:large","max-video-preview":"max-video-preview:-1"},"canonical":"https:\/\/blogg.atl.nu\/morteleks-fralsegard\/2025\/06\/02\/mathelg-pa-oland\/","og_locale":"sv_SE","og_type":"article","og_title":"Mathelg p\u00e5 \u00d6land - M\u00f6rteleks Fr\u00e4lseg\u00e5rd","og_description":"Ni vet s\u00e4kert redan att jag gillar god mat. Det ska vara mat lagad p\u00e5 bra r\u00e5varor, g\u00e4rna n\u00e4rproducerade, bra tillagat, kul och lekfulla smaker och s\u00e5 vill jag f\u00e5 med mig id\u00e9er att testa hemma. Nu efter den h\u00e4r helgen, som dessutom toppades med en massa fina bilar som var p\u00e5 American Days 2025...","og_url":"https:\/\/blogg.atl.nu\/morteleks-fralsegard\/2025\/06\/02\/mathelg-pa-oland\/","og_site_name":"M\u00f6rteleks Fr\u00e4lseg\u00e5rd","article_published_time":"2025-06-02T12:12:53+00:00","og_image":[{"width":2560,"height":1920,"url":"https:\/\/blogg.atl.nu\/morteleks-fralsegard\/wp-content\/uploads\/sites\/43\/2025\/06\/6DEF79B3-1DA8-4E69-AEE5-A162F5A559D2-scaled.jpeg","type":"image\/jpeg"}],"author":"Viktoria Birgersson","twitter_card":"summary_large_image","twitter_misc":{"Skriven av":"Viktoria Birgersson","Ber\u00e4knad l\u00e4stid":"4 minuter"},"schema":{"@context":"https:\/\/schema.org","@graph":[{"@type":"WebPage","@id":"https:\/\/blogg.atl.nu\/morteleks-fralsegard\/2025\/06\/02\/mathelg-pa-oland\/","url":"https:\/\/blogg.atl.nu\/morteleks-fralsegard\/2025\/06\/02\/mathelg-pa-oland\/","name":"Mathelg p\u00e5 \u00d6land - M\u00f6rteleks Fr\u00e4lseg\u00e5rd","isPartOf":{"@id":"https:\/\/blogg.atl.nu\/morteleks-fralsegard\/#website"},"datePublished":"2025-06-02T12:12:53+00:00","dateModified":"2025-06-02T12:12:53+00:00","author":{"@id":"https:\/\/blogg.atl.nu\/morteleks-fralsegard\/#\/schema\/person\/0ab22364ef6b1e3febf26c41d4a32b53"},"breadcrumb":{"@id":"https:\/\/blogg.atl.nu\/morteleks-fralsegard\/2025\/06\/02\/mathelg-pa-oland\/#breadcrumb"},"inLanguage":"sv-SE","potentialAction":[{"@type":"ReadAction","target":["https:\/\/blogg.atl.nu\/morteleks-fralsegard\/2025\/06\/02\/mathelg-pa-oland\/"]}]},{"@type":"BreadcrumbList","@id":"https:\/\/blogg.atl.nu\/morteleks-fralsegard\/2025\/06\/02\/mathelg-pa-oland\/#breadcrumb","itemListElement":[{"@type":"ListItem","position":1,"name":"Home","item":"https:\/\/blogg.atl.nu\/morteleks-fralsegard\/"},{"@type":"ListItem","position":2,"name":"Mathelg p\u00e5 \u00d6land"}]},{"@type":"WebSite","@id":"https:\/\/blogg.atl.nu\/morteleks-fralsegard\/#website","url":"https:\/\/blogg.atl.nu\/morteleks-fralsegard\/","name":"M\u00f6rteleks Fr\u00e4lseg\u00e5rd","description":"Viktoria Birgersson","potentialAction":[{"@type":"SearchAction","target":{"@type":"EntryPoint","urlTemplate":"https:\/\/blogg.atl.nu\/morteleks-fralsegard\/?s={search_term_string}"},"query-input":"required name=search_term_string"}],"inLanguage":"sv-SE"},{"@type":"Person","@id":"https:\/\/blogg.atl.nu\/morteleks-fralsegard\/#\/schema\/person\/0ab22364ef6b1e3febf26c41d4a32b53","name":"Viktoria Birgersson","image":{"@type":"ImageObject","inLanguage":"sv-SE","@id":"https:\/\/blogg.atl.nu\/morteleks-fralsegard\/#\/schema\/person\/image\/","url":"https:\/\/secure.gravatar.com\/avatar\/66ee725962479e3acb970802c6913bd7?s=96&d=mm&r=g","contentUrl":"https:\/\/secure.gravatar.com\/avatar\/66ee725962479e3acb970802c6913bd7?s=96&d=mm&r=g","caption":"Viktoria Birgersson"},"url":"https:\/\/blogg.atl.nu\/morteleks-fralsegard\/author\/morteleks-fralsegard\/"}]}},"_links":{"self":[{"href":"https:\/\/blogg.atl.nu\/morteleks-fralsegard\/wp-json\/wp\/v2\/posts\/6452"}],"collection":[{"href":"https:\/\/blogg.atl.nu\/morteleks-fralsegard\/wp-json\/wp\/v2\/posts"}],"about":[{"href":"https:\/\/blogg.atl.nu\/morteleks-fralsegard\/wp-json\/wp\/v2\/types\/post"}],"author":[{"embeddable":true,"href":"https:\/\/blogg.atl.nu\/morteleks-fralsegard\/wp-json\/wp\/v2\/users\/366"}],"replies":[{"embeddable":true,"href":"https:\/\/blogg.atl.nu\/morteleks-fralsegard\/wp-json\/wp\/v2\/comments?post=6452"}],"version-history":[{"count":2,"href":"https:\/\/blogg.atl.nu\/morteleks-fralsegard\/wp-json\/wp\/v2\/posts\/6452\/revisions"}],"predecessor-version":[{"id":6470,"href":"https:\/\/blogg.atl.nu\/morteleks-fralsegard\/wp-json\/wp\/v2\/posts\/6452\/revisions\/6470"}],"wp:featuredmedia":[{"embeddable":true,"href":"https:\/\/blogg.atl.nu\/morteleks-fralsegard\/wp-json\/wp\/v2\/media\/6455"}],"wp:attachment":[{"href":"https:\/\/blogg.atl.nu\/morteleks-fralsegard\/wp-json\/wp\/v2\/media?parent=6452"}],"wp:term":[{"taxonomy":"category","embeddable":true,"href":"https:\/\/blogg.atl.nu\/morteleks-fralsegard\/wp-json\/wp\/v2\/categories?post=6452"},{"taxonomy":"post_tag","embeddable":true,"href":"https:\/\/blogg.atl.nu\/morteleks-fralsegard\/wp-json\/wp\/v2\/tags?post=6452"}],"curies":[{"name":"wp","href":"https:\/\/api.w.org\/{rel}","templated":true}]}}