{"id":6978,"date":"2025-07-30T22:16:18","date_gmt":"2025-07-30T22:16:18","guid":{"rendered":"https:\/\/blogg.atl.nu\/morteleks-fralsegard\/?p=6978"},"modified":"2025-07-30T22:16:18","modified_gmt":"2025-07-30T22:16:18","slug":"varfor-har-vi-sa-manga-naturvardsbranningar-i-uppvidinge","status":"publish","type":"post","link":"https:\/\/blogg.atl.nu\/morteleks-fralsegard\/2025\/07\/30\/varfor-har-vi-sa-manga-naturvardsbranningar-i-uppvidinge\/","title":{"rendered":"Varf\u00f6r har vi s\u00e5 m\u00e5nga naturv\u00e5rdsbr\u00e4nningar i Uppvidinge?"},"content":{"rendered":"<p>Klimat, ekonomi, biologi&#8230;<br \/>\nEn kv\u00e4ll f\u00f6r dialog mellan L\u00e4nsstyrelsen och LRF\/S\u00f6dra skogs\u00e4garna. M\u00e5nga fr\u00e5gor och m\u00e5nga svar och framf\u00f6r allt ett bes\u00f6k i Stora sj\u00f6 naturreservat som br\u00e4ndes 2021, men \u00e4ven brann \u00e5r 1863.<\/p>\n<p><img loading=\"lazy\" class=\"alignnone size-full wp-image-6981\" src=\"https:\/\/blogg.atl.nu\/morteleks-fralsegard\/wp-content\/uploads\/sites\/43\/2025\/07\/IMG_1374-scaled.jpeg\" alt=\"\" width=\"2560\" height=\"1920\" srcset=\"https:\/\/blogg.atl.nu\/morteleks-fralsegard\/wp-content\/uploads\/sites\/43\/2025\/07\/IMG_1374-scaled.jpeg 2560w, https:\/\/blogg.atl.nu\/morteleks-fralsegard\/wp-content\/uploads\/sites\/43\/2025\/07\/IMG_1374-300x225.jpeg 300w, https:\/\/blogg.atl.nu\/morteleks-fralsegard\/wp-content\/uploads\/sites\/43\/2025\/07\/IMG_1374-1024x768.jpeg 1024w, https:\/\/blogg.atl.nu\/morteleks-fralsegard\/wp-content\/uploads\/sites\/43\/2025\/07\/IMG_1374-768x576.jpeg 768w, https:\/\/blogg.atl.nu\/morteleks-fralsegard\/wp-content\/uploads\/sites\/43\/2025\/07\/IMG_1374-1536x1152.jpeg 1536w, https:\/\/blogg.atl.nu\/morteleks-fralsegard\/wp-content\/uploads\/sites\/43\/2025\/07\/IMG_1374-2048x1536.jpeg 2048w\" sizes=\"(max-width: 2560px) 100vw, 2560px\" \/><\/p>\n<p>Maria Levin fr\u00e5n L\u00e4nsstyrelsen i Kronoberg ber\u00e4ttade att m\u00e5let med naturv\u00e5rdsbr\u00e4nningar \u00e4r att f\u00e5 landskapet mer \u00f6ppet, s\u00e5 mer ljus kommer ner till buskskiktet, vilket man ser att det har blivit genom mer bl\u00e5b\u00e4rsris och ljung och s\u00e5 \u00e4ven ask\u00e5terf\u00f6ring vilket gynnar vissa arter.<br \/>\n-D\u00f6dved, \u00f6ppna upp och f\u00e5 ljus och f\u00e5 tillbaka asp och s\u00e4lg. Och gynna vissa v\u00e4xter, svampar och insekter.<\/p>\n<p><img loading=\"lazy\" class=\"alignnone size-full wp-image-6982\" src=\"https:\/\/blogg.atl.nu\/morteleks-fralsegard\/wp-content\/uploads\/sites\/43\/2025\/07\/IMG_1377-scaled.jpeg\" alt=\"\" width=\"2560\" height=\"1920\" srcset=\"https:\/\/blogg.atl.nu\/morteleks-fralsegard\/wp-content\/uploads\/sites\/43\/2025\/07\/IMG_1377-scaled.jpeg 2560w, https:\/\/blogg.atl.nu\/morteleks-fralsegard\/wp-content\/uploads\/sites\/43\/2025\/07\/IMG_1377-300x225.jpeg 300w, https:\/\/blogg.atl.nu\/morteleks-fralsegard\/wp-content\/uploads\/sites\/43\/2025\/07\/IMG_1377-1024x768.jpeg 1024w, https:\/\/blogg.atl.nu\/morteleks-fralsegard\/wp-content\/uploads\/sites\/43\/2025\/07\/IMG_1377-768x576.jpeg 768w, https:\/\/blogg.atl.nu\/morteleks-fralsegard\/wp-content\/uploads\/sites\/43\/2025\/07\/IMG_1377-1536x1152.jpeg 1536w, https:\/\/blogg.atl.nu\/morteleks-fralsegard\/wp-content\/uploads\/sites\/43\/2025\/07\/IMG_1377-2048x1536.jpeg 2048w\" sizes=\"(max-width: 2560px) 100vw, 2560px\" \/> <img loading=\"lazy\" class=\"alignnone size-full wp-image-6983\" src=\"https:\/\/blogg.atl.nu\/morteleks-fralsegard\/wp-content\/uploads\/sites\/43\/2025\/07\/IMG_1360-scaled.jpeg\" alt=\"\" width=\"2560\" height=\"1920\" srcset=\"https:\/\/blogg.atl.nu\/morteleks-fralsegard\/wp-content\/uploads\/sites\/43\/2025\/07\/IMG_1360-scaled.jpeg 2560w, https:\/\/blogg.atl.nu\/morteleks-fralsegard\/wp-content\/uploads\/sites\/43\/2025\/07\/IMG_1360-300x225.jpeg 300w, https:\/\/blogg.atl.nu\/morteleks-fralsegard\/wp-content\/uploads\/sites\/43\/2025\/07\/IMG_1360-1024x768.jpeg 1024w, https:\/\/blogg.atl.nu\/morteleks-fralsegard\/wp-content\/uploads\/sites\/43\/2025\/07\/IMG_1360-768x576.jpeg 768w, https:\/\/blogg.atl.nu\/morteleks-fralsegard\/wp-content\/uploads\/sites\/43\/2025\/07\/IMG_1360-1536x1152.jpeg 1536w, https:\/\/blogg.atl.nu\/morteleks-fralsegard\/wp-content\/uploads\/sites\/43\/2025\/07\/IMG_1360-2048x1536.jpeg 2048w\" sizes=\"(max-width: 2560px) 100vw, 2560px\" \/> <img loading=\"lazy\" class=\"alignnone size-full wp-image-6984\" src=\"https:\/\/blogg.atl.nu\/morteleks-fralsegard\/wp-content\/uploads\/sites\/43\/2025\/07\/IMG_1361-scaled.jpeg\" alt=\"\" width=\"2560\" height=\"1920\" srcset=\"https:\/\/blogg.atl.nu\/morteleks-fralsegard\/wp-content\/uploads\/sites\/43\/2025\/07\/IMG_1361-scaled.jpeg 2560w, https:\/\/blogg.atl.nu\/morteleks-fralsegard\/wp-content\/uploads\/sites\/43\/2025\/07\/IMG_1361-300x225.jpeg 300w, https:\/\/blogg.atl.nu\/morteleks-fralsegard\/wp-content\/uploads\/sites\/43\/2025\/07\/IMG_1361-1024x768.jpeg 1024w, https:\/\/blogg.atl.nu\/morteleks-fralsegard\/wp-content\/uploads\/sites\/43\/2025\/07\/IMG_1361-768x576.jpeg 768w, https:\/\/blogg.atl.nu\/morteleks-fralsegard\/wp-content\/uploads\/sites\/43\/2025\/07\/IMG_1361-1536x1152.jpeg 1536w, https:\/\/blogg.atl.nu\/morteleks-fralsegard\/wp-content\/uploads\/sites\/43\/2025\/07\/IMG_1361-2048x1536.jpeg 2048w\" sizes=\"(max-width: 2560px) 100vw, 2560px\" \/><\/p>\n<p>Maria forts\u00e4tter att ber\u00e4tta att Sverige har \u00e5tagit sig att skydda vissa naturatyper av EU och vi \u00e4r skyldiga att sk\u00f6ta dessa typer, men grannar ska inte beh\u00f6va k\u00e4nna r\u00e4dsla och oro utan vi m\u00e5ste, n\u00e4r vi eldar, ha h\u00e4ngsle, livrem och fallsk\u00e4rm!<br \/>\n-Vi f\u00f6rst\u00e5r att det r\u00f6r upp m\u00e5nga k\u00e4nslor n\u00e4r det blir som det blev och branden smet. Vi ser just nu \u00f6ver v\u00e5ra rutiner och det \u00e4r en chef som ska godk\u00e4nna att allt \u00e4r klart inf\u00f6r en br\u00e4nning och s\u00e5 ser vi \u00f6ver om vi ska k\u00f6pa in en v\u00e4rmedr\u00f6nare. Det var vid efterbevakningen som det brast.<\/p>\n<p>Vi fick \u00e4ven veta att den stora neddragning p\u00e5 sk\u00f6tseln av v\u00e5ra naturreservat fr\u00e5n 23 till 8 miljoner inneb\u00e4r att &#8221;Life&#8221; pengarna egentligen \u00e4r den sk\u00f6tsel som nu finns. N\u00e4r pengarna s\u00f6ktes arbetade man fram en plan p\u00e5 vad som skulle br\u00e4nnas och vilken sk\u00f6tselplan som ska f\u00f6ljas.<\/p>\n<p><img loading=\"lazy\" class=\"alignnone size-full wp-image-6986\" src=\"https:\/\/blogg.atl.nu\/morteleks-fralsegard\/wp-content\/uploads\/sites\/43\/2025\/07\/IMG_1366-scaled.jpeg\" alt=\"\" width=\"2560\" height=\"1920\" srcset=\"https:\/\/blogg.atl.nu\/morteleks-fralsegard\/wp-content\/uploads\/sites\/43\/2025\/07\/IMG_1366-scaled.jpeg 2560w, https:\/\/blogg.atl.nu\/morteleks-fralsegard\/wp-content\/uploads\/sites\/43\/2025\/07\/IMG_1366-300x225.jpeg 300w, https:\/\/blogg.atl.nu\/morteleks-fralsegard\/wp-content\/uploads\/sites\/43\/2025\/07\/IMG_1366-1024x768.jpeg 1024w, https:\/\/blogg.atl.nu\/morteleks-fralsegard\/wp-content\/uploads\/sites\/43\/2025\/07\/IMG_1366-768x576.jpeg 768w, https:\/\/blogg.atl.nu\/morteleks-fralsegard\/wp-content\/uploads\/sites\/43\/2025\/07\/IMG_1366-1536x1152.jpeg 1536w, https:\/\/blogg.atl.nu\/morteleks-fralsegard\/wp-content\/uploads\/sites\/43\/2025\/07\/IMG_1366-2048x1536.jpeg 2048w\" sizes=\"(max-width: 2560px) 100vw, 2560px\" \/><\/p>\n<p>Grunden \u00e4r att naturatypen beh\u00f6ver br\u00e4nning och \u00e5tg\u00e4rden f\u00f6ljs upp: direkt efter br\u00e4nningen, efter 3 \u00e5r, efter 5 \u00e5r och efter 10 \u00e5r. Vissa av de h\u00e4r tallarna ska d\u00f6 l\u00e5ngsamt, f\u00f6r att gynna under l\u00e5ng tid.<\/p>\n<p><img loading=\"lazy\" class=\"alignnone size-full wp-image-6985\" src=\"https:\/\/blogg.atl.nu\/morteleks-fralsegard\/wp-content\/uploads\/sites\/43\/2025\/07\/IMG_1359-scaled.jpeg\" alt=\"\" width=\"2560\" height=\"1920\" srcset=\"https:\/\/blogg.atl.nu\/morteleks-fralsegard\/wp-content\/uploads\/sites\/43\/2025\/07\/IMG_1359-scaled.jpeg 2560w, https:\/\/blogg.atl.nu\/morteleks-fralsegard\/wp-content\/uploads\/sites\/43\/2025\/07\/IMG_1359-300x225.jpeg 300w, https:\/\/blogg.atl.nu\/morteleks-fralsegard\/wp-content\/uploads\/sites\/43\/2025\/07\/IMG_1359-1024x768.jpeg 1024w, https:\/\/blogg.atl.nu\/morteleks-fralsegard\/wp-content\/uploads\/sites\/43\/2025\/07\/IMG_1359-768x576.jpeg 768w, https:\/\/blogg.atl.nu\/morteleks-fralsegard\/wp-content\/uploads\/sites\/43\/2025\/07\/IMG_1359-1536x1152.jpeg 1536w, https:\/\/blogg.atl.nu\/morteleks-fralsegard\/wp-content\/uploads\/sites\/43\/2025\/07\/IMG_1359-2048x1536.jpeg 2048w\" sizes=\"(max-width: 2560px) 100vw, 2560px\" \/><\/p>\n<p>Det frig\u00f6rs mycket koldioxid vid br\u00e4nningar, men det binds \u00e4ven mycket vid tillv\u00e4xten, men: Ber\u00e4kningar visar att vid en naturv\u00e5rdsbr\u00e4nning p\u00e5 50ha s\u00e5 frig\u00f6rs lika mycket koldioxid som om vi k\u00f6r 15 000 bilar p\u00e5 ett \u00e5r . Hade man tagit hand om viss del av virket innan hade man kunnat byta ut fossila kolatomer mot gr\u00f6na&#8230; Men fr\u00e5gan \u00e4r vad sk\u00f6tselplanen s\u00e4ger? Kanske dags att se \u00f6ver sk\u00f6tselplanerna f\u00f6r att t\u00e4nka p\u00e5 b\u00e5de klimat, ekonomi och biologi!<\/p>\n<p><img loading=\"lazy\" class=\"alignnone size-full wp-image-6987\" src=\"https:\/\/blogg.atl.nu\/morteleks-fralsegard\/wp-content\/uploads\/sites\/43\/2025\/07\/IMG_1376-scaled.jpeg\" alt=\"\" width=\"2560\" height=\"1920\" srcset=\"https:\/\/blogg.atl.nu\/morteleks-fralsegard\/wp-content\/uploads\/sites\/43\/2025\/07\/IMG_1376-scaled.jpeg 2560w, https:\/\/blogg.atl.nu\/morteleks-fralsegard\/wp-content\/uploads\/sites\/43\/2025\/07\/IMG_1376-300x225.jpeg 300w, https:\/\/blogg.atl.nu\/morteleks-fralsegard\/wp-content\/uploads\/sites\/43\/2025\/07\/IMG_1376-1024x768.jpeg 1024w, https:\/\/blogg.atl.nu\/morteleks-fralsegard\/wp-content\/uploads\/sites\/43\/2025\/07\/IMG_1376-768x576.jpeg 768w, https:\/\/blogg.atl.nu\/morteleks-fralsegard\/wp-content\/uploads\/sites\/43\/2025\/07\/IMG_1376-1536x1152.jpeg 1536w, https:\/\/blogg.atl.nu\/morteleks-fralsegard\/wp-content\/uploads\/sites\/43\/2025\/07\/IMG_1376-2048x1536.jpeg 2048w\" sizes=\"(max-width: 2560px) 100vw, 2560px\" \/><\/p>\n<p>Vi s\u00e5g m\u00e5nga sm\u00e5 tallar i naturreservatet, vilket kan betyda att \u00f6ppenheten kommer att f\u00f6rsvinna n\u00e4r de kommer upp, men svaret blev att tallen \u00e4r n\u00e5got som man vill ha och det kan \u00e4ven bli mat f\u00f6r viltet.<\/p>\n<p><img loading=\"lazy\" class=\"alignnone size-full wp-image-6988\" src=\"https:\/\/blogg.atl.nu\/morteleks-fralsegard\/wp-content\/uploads\/sites\/43\/2025\/07\/IMG_1378-scaled.jpeg\" alt=\"\" width=\"2560\" height=\"1920\" srcset=\"https:\/\/blogg.atl.nu\/morteleks-fralsegard\/wp-content\/uploads\/sites\/43\/2025\/07\/IMG_1378-scaled.jpeg 2560w, https:\/\/blogg.atl.nu\/morteleks-fralsegard\/wp-content\/uploads\/sites\/43\/2025\/07\/IMG_1378-300x225.jpeg 300w, https:\/\/blogg.atl.nu\/morteleks-fralsegard\/wp-content\/uploads\/sites\/43\/2025\/07\/IMG_1378-1024x768.jpeg 1024w, https:\/\/blogg.atl.nu\/morteleks-fralsegard\/wp-content\/uploads\/sites\/43\/2025\/07\/IMG_1378-768x576.jpeg 768w, https:\/\/blogg.atl.nu\/morteleks-fralsegard\/wp-content\/uploads\/sites\/43\/2025\/07\/IMG_1378-1536x1152.jpeg 1536w, https:\/\/blogg.atl.nu\/morteleks-fralsegard\/wp-content\/uploads\/sites\/43\/2025\/07\/IMG_1378-2048x1536.jpeg 2048w\" sizes=\"(max-width: 2560px) 100vw, 2560px\" \/><\/p>\n<p>Men \u00e4ven \u00f6rnbr\u00e4ken gynnas och i min v\u00e4rld s\u00e5 \u00e4r det en invasiv art.<\/p>\n<p><img loading=\"lazy\" class=\"alignnone size-full wp-image-6989\" src=\"https:\/\/blogg.atl.nu\/morteleks-fralsegard\/wp-content\/uploads\/sites\/43\/2025\/07\/IMG_1379-scaled.jpeg\" alt=\"\" width=\"2560\" height=\"1920\" srcset=\"https:\/\/blogg.atl.nu\/morteleks-fralsegard\/wp-content\/uploads\/sites\/43\/2025\/07\/IMG_1379-scaled.jpeg 2560w, https:\/\/blogg.atl.nu\/morteleks-fralsegard\/wp-content\/uploads\/sites\/43\/2025\/07\/IMG_1379-300x225.jpeg 300w, https:\/\/blogg.atl.nu\/morteleks-fralsegard\/wp-content\/uploads\/sites\/43\/2025\/07\/IMG_1379-1024x768.jpeg 1024w, https:\/\/blogg.atl.nu\/morteleks-fralsegard\/wp-content\/uploads\/sites\/43\/2025\/07\/IMG_1379-768x576.jpeg 768w, https:\/\/blogg.atl.nu\/morteleks-fralsegard\/wp-content\/uploads\/sites\/43\/2025\/07\/IMG_1379-1536x1152.jpeg 1536w, https:\/\/blogg.atl.nu\/morteleks-fralsegard\/wp-content\/uploads\/sites\/43\/2025\/07\/IMG_1379-2048x1536.jpeg 2048w\" sizes=\"(max-width: 2560px) 100vw, 2560px\" \/><\/p>\n<p>Har storleken n\u00e5gon betydelse&#8230;? -M\u00e5nga sm\u00e5 br\u00e4nder skapar mer biologiska v\u00e4rden, \u00e4n en stor brand. P\u00e5 andra sidan sj\u00f6n syns \u00e4nnu en av \u00e5rets naturv\u00e5rdsbr\u00e4nningar.<\/p>\n<p><img loading=\"lazy\" class=\"alignnone size-full wp-image-6990\" src=\"https:\/\/blogg.atl.nu\/morteleks-fralsegard\/wp-content\/uploads\/sites\/43\/2025\/07\/IMG_1384-scaled.jpeg\" alt=\"\" width=\"2560\" height=\"1920\" srcset=\"https:\/\/blogg.atl.nu\/morteleks-fralsegard\/wp-content\/uploads\/sites\/43\/2025\/07\/IMG_1384-scaled.jpeg 2560w, https:\/\/blogg.atl.nu\/morteleks-fralsegard\/wp-content\/uploads\/sites\/43\/2025\/07\/IMG_1384-300x225.jpeg 300w, https:\/\/blogg.atl.nu\/morteleks-fralsegard\/wp-content\/uploads\/sites\/43\/2025\/07\/IMG_1384-1024x768.jpeg 1024w, https:\/\/blogg.atl.nu\/morteleks-fralsegard\/wp-content\/uploads\/sites\/43\/2025\/07\/IMG_1384-768x576.jpeg 768w, https:\/\/blogg.atl.nu\/morteleks-fralsegard\/wp-content\/uploads\/sites\/43\/2025\/07\/IMG_1384-1536x1152.jpeg 1536w, https:\/\/blogg.atl.nu\/morteleks-fralsegard\/wp-content\/uploads\/sites\/43\/2025\/07\/IMG_1384-2048x1536.jpeg 2048w\" sizes=\"(max-width: 2560px) 100vw, 2560px\" \/><\/p>\n<p>Br\u00e4nningarna f\u00f6ljer beslutad br\u00e4nningsplan och f\u00f6rbereds bla genom att det g\u00f6rs barri\u00e4rer runt planerat omr\u00e5de. P\u00e5 bilden ser ni barri\u00e4ren mot grannen som 2021 inte var informerad om p\u00e5g\u00e5ende br\u00e4nning.<br \/>\nL\u00e4nsstyrelsen ser nu \u00f6ver rutinerna, men det \u00e4r 20-30 personer som \u00e4r med vid en br\u00e4nning. Och ett ytterligare antal som har efterbevakningen och n\u00e4r det har slocknat \u00e4r det ytterligare tre dagar bevakning men nu diskuteras att \u00f6ka till fyra dagar.<\/p>\n<p><img loading=\"lazy\" class=\"alignnone size-full wp-image-6991\" src=\"https:\/\/blogg.atl.nu\/morteleks-fralsegard\/wp-content\/uploads\/sites\/43\/2025\/07\/IMG_1385.jpeg\" alt=\"\" width=\"2108\" height=\"1581\" srcset=\"https:\/\/blogg.atl.nu\/morteleks-fralsegard\/wp-content\/uploads\/sites\/43\/2025\/07\/IMG_1385.jpeg 2108w, https:\/\/blogg.atl.nu\/morteleks-fralsegard\/wp-content\/uploads\/sites\/43\/2025\/07\/IMG_1385-300x225.jpeg 300w, https:\/\/blogg.atl.nu\/morteleks-fralsegard\/wp-content\/uploads\/sites\/43\/2025\/07\/IMG_1385-1024x768.jpeg 1024w, https:\/\/blogg.atl.nu\/morteleks-fralsegard\/wp-content\/uploads\/sites\/43\/2025\/07\/IMG_1385-768x576.jpeg 768w, https:\/\/blogg.atl.nu\/morteleks-fralsegard\/wp-content\/uploads\/sites\/43\/2025\/07\/IMG_1385-1536x1152.jpeg 1536w, https:\/\/blogg.atl.nu\/morteleks-fralsegard\/wp-content\/uploads\/sites\/43\/2025\/07\/IMG_1385-2048x1536.jpeg 2048w\" sizes=\"(max-width: 2108px) 100vw, 2108px\" \/><\/p>\n<p>Det viktigaste vi kom fram till var att:<\/p>\n<p>&#8211; Grannar m\u00e5ste informeras innan br\u00e4nningar, inte bara genom allm\u00e4n information p\u00e5 radion och p\u00e5 sociala medier.<\/p>\n<p>&#8211; Det m\u00e5ste vara l\u00f6nsamt f\u00f6r oss b\u00f6nder att ha ett milj\u00f6intresse och v\u00e5rda v\u00e5ra skogar och \u00e4ngsmarker.<\/p>\n<p>&#8211; Det \u00e4r viktigt att informera om vad som \u00e4r gjort och varf\u00f6r. Hur det har g\u00e5tt och vad som har \u00e5stadkommits.<\/p>\n<p><span>H\u00e4lsningar fr\u00e5n M\u00f6rteleks Fr\u00e4lseg\u00e5rd -En skogsg\u00e5rd mitt i Sm\u00e5land<\/span><\/p>\n<p>&nbsp;<\/p>\n<p>&nbsp;<\/p>\n","protected":false},"excerpt":{"rendered":"<p>Klimat, ekonomi, biologi&#8230; En kv\u00e4ll f\u00f6r dialog mellan L\u00e4nsstyrelsen och LRF\/S\u00f6dra skogs\u00e4garna. M\u00e5nga fr\u00e5gor och m\u00e5nga svar och framf\u00f6r allt ett bes\u00f6k i Stora sj\u00f6 naturreservat som br\u00e4ndes 2021, men \u00e4ven brann \u00e5r 1863. Maria Levin fr\u00e5n L\u00e4nsstyrelsen i Kronoberg ber\u00e4ttade att m\u00e5let med naturv\u00e5rdsbr\u00e4nningar \u00e4r att f\u00e5 landskapet mer \u00f6ppet, s\u00e5 mer ljus kommer&#8230;<\/p>\n","protected":false},"author":366,"featured_media":6980,"comment_status":"open","ping_status":"open","sticky":false,"template":"","format":"standard","meta":[],"categories":[1],"tags":[],"yoast_head":"<!-- This site is optimized with the Yoast SEO plugin v19.6 - https:\/\/yoast.com\/wordpress\/plugins\/seo\/ -->\n<title>Varf\u00f6r har vi s\u00e5 m\u00e5nga naturv\u00e5rdsbr\u00e4nningar i Uppvidinge? - M\u00f6rteleks Fr\u00e4lseg\u00e5rd<\/title>\n<meta name=\"robots\" content=\"index, follow, max-snippet:-1, max-image-preview:large, max-video-preview:-1\" \/>\n<link rel=\"canonical\" href=\"https:\/\/blogg.atl.nu\/morteleks-fralsegard\/2025\/07\/30\/varfor-har-vi-sa-manga-naturvardsbranningar-i-uppvidinge\/\" \/>\n<meta property=\"og:locale\" content=\"sv_SE\" \/>\n<meta property=\"og:type\" content=\"article\" \/>\n<meta property=\"og:title\" content=\"Varf\u00f6r har vi s\u00e5 m\u00e5nga naturv\u00e5rdsbr\u00e4nningar i Uppvidinge? - M\u00f6rteleks Fr\u00e4lseg\u00e5rd\" \/>\n<meta property=\"og:description\" content=\"Klimat, ekonomi, biologi&#8230; En kv\u00e4ll f\u00f6r dialog mellan L\u00e4nsstyrelsen och LRF\/S\u00f6dra skogs\u00e4garna. M\u00e5nga fr\u00e5gor och m\u00e5nga svar och framf\u00f6r allt ett bes\u00f6k i Stora sj\u00f6 naturreservat som br\u00e4ndes 2021, men \u00e4ven brann \u00e5r 1863. Maria Levin fr\u00e5n L\u00e4nsstyrelsen i Kronoberg ber\u00e4ttade att m\u00e5let med naturv\u00e5rdsbr\u00e4nningar \u00e4r att f\u00e5 landskapet mer \u00f6ppet, s\u00e5 mer ljus kommer...\" \/>\n<meta property=\"og:url\" content=\"https:\/\/blogg.atl.nu\/morteleks-fralsegard\/2025\/07\/30\/varfor-har-vi-sa-manga-naturvardsbranningar-i-uppvidinge\/\" \/>\n<meta property=\"og:site_name\" content=\"M\u00f6rteleks Fr\u00e4lseg\u00e5rd\" \/>\n<meta property=\"article:published_time\" content=\"2025-07-30T22:16:18+00:00\" \/>\n<meta property=\"og:image\" content=\"https:\/\/blogg.atl.nu\/morteleks-fralsegard\/wp-content\/uploads\/sites\/43\/2025\/07\/IMG_1362-scaled.jpeg\" \/>\n\t<meta property=\"og:image:width\" content=\"2560\" \/>\n\t<meta property=\"og:image:height\" content=\"1920\" \/>\n\t<meta property=\"og:image:type\" content=\"image\/jpeg\" \/>\n<meta name=\"author\" content=\"Viktoria Birgersson\" \/>\n<meta name=\"twitter:card\" content=\"summary_large_image\" \/>\n<meta name=\"twitter:label1\" content=\"Skriven av\" \/>\n\t<meta name=\"twitter:data1\" content=\"Viktoria Birgersson\" \/>\n\t<meta name=\"twitter:label2\" content=\"Ber\u00e4knad l\u00e4stid\" \/>\n\t<meta name=\"twitter:data2\" content=\"6 minuter\" \/>\n<script type=\"application\/ld+json\" class=\"yoast-schema-graph\">{\"@context\":\"https:\/\/schema.org\",\"@graph\":[{\"@type\":\"WebPage\",\"@id\":\"https:\/\/blogg.atl.nu\/morteleks-fralsegard\/2025\/07\/30\/varfor-har-vi-sa-manga-naturvardsbranningar-i-uppvidinge\/\",\"url\":\"https:\/\/blogg.atl.nu\/morteleks-fralsegard\/2025\/07\/30\/varfor-har-vi-sa-manga-naturvardsbranningar-i-uppvidinge\/\",\"name\":\"Varf\u00f6r har vi s\u00e5 m\u00e5nga naturv\u00e5rdsbr\u00e4nningar i Uppvidinge? - M\u00f6rteleks Fr\u00e4lseg\u00e5rd\",\"isPartOf\":{\"@id\":\"https:\/\/blogg.atl.nu\/morteleks-fralsegard\/#website\"},\"datePublished\":\"2025-07-30T22:16:18+00:00\",\"dateModified\":\"2025-07-30T22:16:18+00:00\",\"author\":{\"@id\":\"https:\/\/blogg.atl.nu\/morteleks-fralsegard\/#\/schema\/person\/0ab22364ef6b1e3febf26c41d4a32b53\"},\"breadcrumb\":{\"@id\":\"https:\/\/blogg.atl.nu\/morteleks-fralsegard\/2025\/07\/30\/varfor-har-vi-sa-manga-naturvardsbranningar-i-uppvidinge\/#breadcrumb\"},\"inLanguage\":\"sv-SE\",\"potentialAction\":[{\"@type\":\"ReadAction\",\"target\":[\"https:\/\/blogg.atl.nu\/morteleks-fralsegard\/2025\/07\/30\/varfor-har-vi-sa-manga-naturvardsbranningar-i-uppvidinge\/\"]}]},{\"@type\":\"BreadcrumbList\",\"@id\":\"https:\/\/blogg.atl.nu\/morteleks-fralsegard\/2025\/07\/30\/varfor-har-vi-sa-manga-naturvardsbranningar-i-uppvidinge\/#breadcrumb\",\"itemListElement\":[{\"@type\":\"ListItem\",\"position\":1,\"name\":\"Home\",\"item\":\"https:\/\/blogg.atl.nu\/morteleks-fralsegard\/\"},{\"@type\":\"ListItem\",\"position\":2,\"name\":\"Varf\u00f6r har vi s\u00e5 m\u00e5nga naturv\u00e5rdsbr\u00e4nningar i Uppvidinge?\"}]},{\"@type\":\"WebSite\",\"@id\":\"https:\/\/blogg.atl.nu\/morteleks-fralsegard\/#website\",\"url\":\"https:\/\/blogg.atl.nu\/morteleks-fralsegard\/\",\"name\":\"M\u00f6rteleks Fr\u00e4lseg\u00e5rd\",\"description\":\"Viktoria Birgersson\",\"potentialAction\":[{\"@type\":\"SearchAction\",\"target\":{\"@type\":\"EntryPoint\",\"urlTemplate\":\"https:\/\/blogg.atl.nu\/morteleks-fralsegard\/?s={search_term_string}\"},\"query-input\":\"required name=search_term_string\"}],\"inLanguage\":\"sv-SE\"},{\"@type\":\"Person\",\"@id\":\"https:\/\/blogg.atl.nu\/morteleks-fralsegard\/#\/schema\/person\/0ab22364ef6b1e3febf26c41d4a32b53\",\"name\":\"Viktoria Birgersson\",\"image\":{\"@type\":\"ImageObject\",\"inLanguage\":\"sv-SE\",\"@id\":\"https:\/\/blogg.atl.nu\/morteleks-fralsegard\/#\/schema\/person\/image\/\",\"url\":\"https:\/\/secure.gravatar.com\/avatar\/66ee725962479e3acb970802c6913bd7?s=96&d=mm&r=g\",\"contentUrl\":\"https:\/\/secure.gravatar.com\/avatar\/66ee725962479e3acb970802c6913bd7?s=96&d=mm&r=g\",\"caption\":\"Viktoria Birgersson\"},\"url\":\"https:\/\/blogg.atl.nu\/morteleks-fralsegard\/author\/morteleks-fralsegard\/\"}]}<\/script>\n<!-- \/ Yoast SEO plugin. -->","yoast_head_json":{"title":"Varf\u00f6r har vi s\u00e5 m\u00e5nga naturv\u00e5rdsbr\u00e4nningar i Uppvidinge? - M\u00f6rteleks Fr\u00e4lseg\u00e5rd","robots":{"index":"index","follow":"follow","max-snippet":"max-snippet:-1","max-image-preview":"max-image-preview:large","max-video-preview":"max-video-preview:-1"},"canonical":"https:\/\/blogg.atl.nu\/morteleks-fralsegard\/2025\/07\/30\/varfor-har-vi-sa-manga-naturvardsbranningar-i-uppvidinge\/","og_locale":"sv_SE","og_type":"article","og_title":"Varf\u00f6r har vi s\u00e5 m\u00e5nga naturv\u00e5rdsbr\u00e4nningar i Uppvidinge? - M\u00f6rteleks Fr\u00e4lseg\u00e5rd","og_description":"Klimat, ekonomi, biologi&#8230; En kv\u00e4ll f\u00f6r dialog mellan L\u00e4nsstyrelsen och LRF\/S\u00f6dra skogs\u00e4garna. M\u00e5nga fr\u00e5gor och m\u00e5nga svar och framf\u00f6r allt ett bes\u00f6k i Stora sj\u00f6 naturreservat som br\u00e4ndes 2021, men \u00e4ven brann \u00e5r 1863. Maria Levin fr\u00e5n L\u00e4nsstyrelsen i Kronoberg ber\u00e4ttade att m\u00e5let med naturv\u00e5rdsbr\u00e4nningar \u00e4r att f\u00e5 landskapet mer \u00f6ppet, s\u00e5 mer ljus kommer...","og_url":"https:\/\/blogg.atl.nu\/morteleks-fralsegard\/2025\/07\/30\/varfor-har-vi-sa-manga-naturvardsbranningar-i-uppvidinge\/","og_site_name":"M\u00f6rteleks Fr\u00e4lseg\u00e5rd","article_published_time":"2025-07-30T22:16:18+00:00","og_image":[{"width":2560,"height":1920,"url":"https:\/\/blogg.atl.nu\/morteleks-fralsegard\/wp-content\/uploads\/sites\/43\/2025\/07\/IMG_1362-scaled.jpeg","type":"image\/jpeg"}],"author":"Viktoria Birgersson","twitter_card":"summary_large_image","twitter_misc":{"Skriven av":"Viktoria Birgersson","Ber\u00e4knad l\u00e4stid":"6 minuter"},"schema":{"@context":"https:\/\/schema.org","@graph":[{"@type":"WebPage","@id":"https:\/\/blogg.atl.nu\/morteleks-fralsegard\/2025\/07\/30\/varfor-har-vi-sa-manga-naturvardsbranningar-i-uppvidinge\/","url":"https:\/\/blogg.atl.nu\/morteleks-fralsegard\/2025\/07\/30\/varfor-har-vi-sa-manga-naturvardsbranningar-i-uppvidinge\/","name":"Varf\u00f6r har vi s\u00e5 m\u00e5nga naturv\u00e5rdsbr\u00e4nningar i Uppvidinge? - M\u00f6rteleks Fr\u00e4lseg\u00e5rd","isPartOf":{"@id":"https:\/\/blogg.atl.nu\/morteleks-fralsegard\/#website"},"datePublished":"2025-07-30T22:16:18+00:00","dateModified":"2025-07-30T22:16:18+00:00","author":{"@id":"https:\/\/blogg.atl.nu\/morteleks-fralsegard\/#\/schema\/person\/0ab22364ef6b1e3febf26c41d4a32b53"},"breadcrumb":{"@id":"https:\/\/blogg.atl.nu\/morteleks-fralsegard\/2025\/07\/30\/varfor-har-vi-sa-manga-naturvardsbranningar-i-uppvidinge\/#breadcrumb"},"inLanguage":"sv-SE","potentialAction":[{"@type":"ReadAction","target":["https:\/\/blogg.atl.nu\/morteleks-fralsegard\/2025\/07\/30\/varfor-har-vi-sa-manga-naturvardsbranningar-i-uppvidinge\/"]}]},{"@type":"BreadcrumbList","@id":"https:\/\/blogg.atl.nu\/morteleks-fralsegard\/2025\/07\/30\/varfor-har-vi-sa-manga-naturvardsbranningar-i-uppvidinge\/#breadcrumb","itemListElement":[{"@type":"ListItem","position":1,"name":"Home","item":"https:\/\/blogg.atl.nu\/morteleks-fralsegard\/"},{"@type":"ListItem","position":2,"name":"Varf\u00f6r har vi s\u00e5 m\u00e5nga naturv\u00e5rdsbr\u00e4nningar i Uppvidinge?"}]},{"@type":"WebSite","@id":"https:\/\/blogg.atl.nu\/morteleks-fralsegard\/#website","url":"https:\/\/blogg.atl.nu\/morteleks-fralsegard\/","name":"M\u00f6rteleks Fr\u00e4lseg\u00e5rd","description":"Viktoria Birgersson","potentialAction":[{"@type":"SearchAction","target":{"@type":"EntryPoint","urlTemplate":"https:\/\/blogg.atl.nu\/morteleks-fralsegard\/?s={search_term_string}"},"query-input":"required name=search_term_string"}],"inLanguage":"sv-SE"},{"@type":"Person","@id":"https:\/\/blogg.atl.nu\/morteleks-fralsegard\/#\/schema\/person\/0ab22364ef6b1e3febf26c41d4a32b53","name":"Viktoria Birgersson","image":{"@type":"ImageObject","inLanguage":"sv-SE","@id":"https:\/\/blogg.atl.nu\/morteleks-fralsegard\/#\/schema\/person\/image\/","url":"https:\/\/secure.gravatar.com\/avatar\/66ee725962479e3acb970802c6913bd7?s=96&d=mm&r=g","contentUrl":"https:\/\/secure.gravatar.com\/avatar\/66ee725962479e3acb970802c6913bd7?s=96&d=mm&r=g","caption":"Viktoria Birgersson"},"url":"https:\/\/blogg.atl.nu\/morteleks-fralsegard\/author\/morteleks-fralsegard\/"}]}},"_links":{"self":[{"href":"https:\/\/blogg.atl.nu\/morteleks-fralsegard\/wp-json\/wp\/v2\/posts\/6978"}],"collection":[{"href":"https:\/\/blogg.atl.nu\/morteleks-fralsegard\/wp-json\/wp\/v2\/posts"}],"about":[{"href":"https:\/\/blogg.atl.nu\/morteleks-fralsegard\/wp-json\/wp\/v2\/types\/post"}],"author":[{"embeddable":true,"href":"https:\/\/blogg.atl.nu\/morteleks-fralsegard\/wp-json\/wp\/v2\/users\/366"}],"replies":[{"embeddable":true,"href":"https:\/\/blogg.atl.nu\/morteleks-fralsegard\/wp-json\/wp\/v2\/comments?post=6978"}],"version-history":[{"count":3,"href":"https:\/\/blogg.atl.nu\/morteleks-fralsegard\/wp-json\/wp\/v2\/posts\/6978\/revisions"}],"predecessor-version":[{"id":6993,"href":"https:\/\/blogg.atl.nu\/morteleks-fralsegard\/wp-json\/wp\/v2\/posts\/6978\/revisions\/6993"}],"wp:featuredmedia":[{"embeddable":true,"href":"https:\/\/blogg.atl.nu\/morteleks-fralsegard\/wp-json\/wp\/v2\/media\/6980"}],"wp:attachment":[{"href":"https:\/\/blogg.atl.nu\/morteleks-fralsegard\/wp-json\/wp\/v2\/media?parent=6978"}],"wp:term":[{"taxonomy":"category","embeddable":true,"href":"https:\/\/blogg.atl.nu\/morteleks-fralsegard\/wp-json\/wp\/v2\/categories?post=6978"},{"taxonomy":"post_tag","embeddable":true,"href":"https:\/\/blogg.atl.nu\/morteleks-fralsegard\/wp-json\/wp\/v2\/tags?post=6978"}],"curies":[{"name":"wp","href":"https:\/\/api.w.org\/{rel}","templated":true}]}}