{"id":7427,"date":"2025-11-12T21:21:15","date_gmt":"2025-11-12T21:21:15","guid":{"rendered":"https:\/\/blogg.atl.nu\/morteleks-fralsegard\/?p=7427"},"modified":"2025-11-12T21:29:09","modified_gmt":"2025-11-12T21:29:09","slug":"datainsamling-i-bromsebro","status":"publish","type":"post","link":"https:\/\/blogg.atl.nu\/morteleks-fralsegard\/2025\/11\/12\/datainsamling-i-bromsebro\/","title":{"rendered":"Datainsamling i Br\u00f6msebro"},"content":{"rendered":"<p>Jag erk\u00e4nner att jag alltid har trott att Br\u00f6msebro har legat lite n\u00e4rmare Danmark, typ p\u00e5 v\u00e4stkusten, men det visade sig att det l\u00e5g v\u00e4ldigt mycket mer \u00f6ster ut. I \u00f6stra Blekinge.<br \/>\nOch ni som undrar vad Br\u00f6msebro \u00e4r k\u00e4nda f\u00f6r s\u00e5 \u00e4r det f\u00f6r (finns garanterat n\u00e5got mer men inte som jag har koll p\u00e5) freden i Br\u00f6msebro 1645, d\u00e5 Sveriges stormaktstid b\u00f6rjade.<\/p>\n<p>Men nu \u00e4r det skogskunskap jag l\u00e4ser och inte historia; Ny delkurs och nu \u00e4r det datainsamling och datasammanst\u00e4llning som g\u00e4ller.<\/p>\n<p><img loading=\"lazy\" class=\"alignnone size-full wp-image-7430\" src=\"https:\/\/blogg.atl.nu\/morteleks-fralsegard\/wp-content\/uploads\/sites\/43\/2025\/11\/IMG_3717-scaled.jpeg\" alt=\"\" width=\"2560\" height=\"1920\" srcset=\"https:\/\/blogg.atl.nu\/morteleks-fralsegard\/wp-content\/uploads\/sites\/43\/2025\/11\/IMG_3717-scaled.jpeg 2560w, https:\/\/blogg.atl.nu\/morteleks-fralsegard\/wp-content\/uploads\/sites\/43\/2025\/11\/IMG_3717-300x225.jpeg 300w, https:\/\/blogg.atl.nu\/morteleks-fralsegard\/wp-content\/uploads\/sites\/43\/2025\/11\/IMG_3717-1024x768.jpeg 1024w, https:\/\/blogg.atl.nu\/morteleks-fralsegard\/wp-content\/uploads\/sites\/43\/2025\/11\/IMG_3717-768x576.jpeg 768w, https:\/\/blogg.atl.nu\/morteleks-fralsegard\/wp-content\/uploads\/sites\/43\/2025\/11\/IMG_3717-1536x1152.jpeg 1536w, https:\/\/blogg.atl.nu\/morteleks-fralsegard\/wp-content\/uploads\/sites\/43\/2025\/11\/IMG_3717-2048x1536.jpeg 2048w\" sizes=\"(max-width: 2560px) 100vw, 2560px\" \/><\/p>\n<p>Vi har inte enbart r\u00e4knat \u00e5rsringar utan \u00e4ven samlat uppgifter f\u00f6r att svara p\u00e5:<br \/>\n-Best\u00e5ndets \u00f6vre h\u00f6jd?<br \/>\n-Best\u00e5ndets uppskattade DGV (Grundytev\u00e4gd medeldiameter)?<br \/>\n-Best\u00e5ndets grundyta?<br \/>\n-Best\u00e5ndets uppskattade volym?<br \/>\n-Best\u00e5ndets uppskattade tr\u00e4dslagsf\u00f6rdelning?<br \/>\n-SI (st\u00e5ndortsindex)<br \/>\n-F\u00f6reslagna \u00e5tg\u00e4rder och n\u00e4r?<\/p>\n<p><img loading=\"lazy\" class=\"alignnone size-full wp-image-7434\" src=\"https:\/\/blogg.atl.nu\/morteleks-fralsegard\/wp-content\/uploads\/sites\/43\/2025\/11\/IMG_3731-scaled.jpeg\" alt=\"\" width=\"2560\" height=\"1920\" srcset=\"https:\/\/blogg.atl.nu\/morteleks-fralsegard\/wp-content\/uploads\/sites\/43\/2025\/11\/IMG_3731-scaled.jpeg 2560w, https:\/\/blogg.atl.nu\/morteleks-fralsegard\/wp-content\/uploads\/sites\/43\/2025\/11\/IMG_3731-300x225.jpeg 300w, https:\/\/blogg.atl.nu\/morteleks-fralsegard\/wp-content\/uploads\/sites\/43\/2025\/11\/IMG_3731-1024x768.jpeg 1024w, https:\/\/blogg.atl.nu\/morteleks-fralsegard\/wp-content\/uploads\/sites\/43\/2025\/11\/IMG_3731-768x576.jpeg 768w, https:\/\/blogg.atl.nu\/morteleks-fralsegard\/wp-content\/uploads\/sites\/43\/2025\/11\/IMG_3731-1536x1152.jpeg 1536w, https:\/\/blogg.atl.nu\/morteleks-fralsegard\/wp-content\/uploads\/sites\/43\/2025\/11\/IMG_3731-2048x1536.jpeg 2048w\" sizes=\"(max-width: 2560px) 100vw, 2560px\" \/><\/p>\n<p>5 \u00e5r \u00e4ldre gran och tallen har vuxit f\u00f6rbi. Vilket visar p\u00e5 hur sv\u00e5rt det \u00e4r att gissa \u00e5lder.<\/p>\n<p><img loading=\"lazy\" class=\"alignnone size-full wp-image-7431\" src=\"https:\/\/blogg.atl.nu\/morteleks-fralsegard\/wp-content\/uploads\/sites\/43\/2025\/11\/IMG_3719-scaled.jpeg\" alt=\"\" width=\"2560\" height=\"1920\" srcset=\"https:\/\/blogg.atl.nu\/morteleks-fralsegard\/wp-content\/uploads\/sites\/43\/2025\/11\/IMG_3719-scaled.jpeg 2560w, https:\/\/blogg.atl.nu\/morteleks-fralsegard\/wp-content\/uploads\/sites\/43\/2025\/11\/IMG_3719-300x225.jpeg 300w, https:\/\/blogg.atl.nu\/morteleks-fralsegard\/wp-content\/uploads\/sites\/43\/2025\/11\/IMG_3719-1024x768.jpeg 1024w, https:\/\/blogg.atl.nu\/morteleks-fralsegard\/wp-content\/uploads\/sites\/43\/2025\/11\/IMG_3719-768x576.jpeg 768w, https:\/\/blogg.atl.nu\/morteleks-fralsegard\/wp-content\/uploads\/sites\/43\/2025\/11\/IMG_3719-1536x1152.jpeg 1536w, https:\/\/blogg.atl.nu\/morteleks-fralsegard\/wp-content\/uploads\/sites\/43\/2025\/11\/IMG_3719-2048x1536.jpeg 2048w\" sizes=\"(max-width: 2560px) 100vw, 2560px\" \/> <img loading=\"lazy\" class=\"alignnone size-full wp-image-7432\" src=\"https:\/\/blogg.atl.nu\/morteleks-fralsegard\/wp-content\/uploads\/sites\/43\/2025\/11\/IMG_3720-scaled.jpeg\" alt=\"\" width=\"2560\" height=\"1920\" srcset=\"https:\/\/blogg.atl.nu\/morteleks-fralsegard\/wp-content\/uploads\/sites\/43\/2025\/11\/IMG_3720-scaled.jpeg 2560w, https:\/\/blogg.atl.nu\/morteleks-fralsegard\/wp-content\/uploads\/sites\/43\/2025\/11\/IMG_3720-300x225.jpeg 300w, https:\/\/blogg.atl.nu\/morteleks-fralsegard\/wp-content\/uploads\/sites\/43\/2025\/11\/IMG_3720-1024x768.jpeg 1024w, https:\/\/blogg.atl.nu\/morteleks-fralsegard\/wp-content\/uploads\/sites\/43\/2025\/11\/IMG_3720-768x576.jpeg 768w, https:\/\/blogg.atl.nu\/morteleks-fralsegard\/wp-content\/uploads\/sites\/43\/2025\/11\/IMG_3720-1536x1152.jpeg 1536w, https:\/\/blogg.atl.nu\/morteleks-fralsegard\/wp-content\/uploads\/sites\/43\/2025\/11\/IMG_3720-2048x1536.jpeg 2048w\" sizes=\"(max-width: 2560px) 100vw, 2560px\" \/><\/p>\n<p>Vi fick inte enbart se Antons g\u00e5rd utan \u00e4ven se 3 Blekinge\u00e4lgar; -en ko med dubbelkalv.<\/p>\n<p><img loading=\"lazy\" class=\"alignnone size-full wp-image-7433\" src=\"https:\/\/blogg.atl.nu\/morteleks-fralsegard\/wp-content\/uploads\/sites\/43\/2025\/11\/IMG_3728-scaled.jpeg\" alt=\"\" width=\"2560\" height=\"1920\" srcset=\"https:\/\/blogg.atl.nu\/morteleks-fralsegard\/wp-content\/uploads\/sites\/43\/2025\/11\/IMG_3728-scaled.jpeg 2560w, https:\/\/blogg.atl.nu\/morteleks-fralsegard\/wp-content\/uploads\/sites\/43\/2025\/11\/IMG_3728-300x225.jpeg 300w, https:\/\/blogg.atl.nu\/morteleks-fralsegard\/wp-content\/uploads\/sites\/43\/2025\/11\/IMG_3728-1024x768.jpeg 1024w, https:\/\/blogg.atl.nu\/morteleks-fralsegard\/wp-content\/uploads\/sites\/43\/2025\/11\/IMG_3728-768x576.jpeg 768w, https:\/\/blogg.atl.nu\/morteleks-fralsegard\/wp-content\/uploads\/sites\/43\/2025\/11\/IMG_3728-1536x1152.jpeg 1536w, https:\/\/blogg.atl.nu\/morteleks-fralsegard\/wp-content\/uploads\/sites\/43\/2025\/11\/IMG_3728-2048x1536.jpeg 2048w\" sizes=\"(max-width: 2560px) 100vw, 2560px\" \/><\/p>\n<p>Tack Anton och Andreas f\u00f6r en regnig men inspirerande och l\u00e4rorik dag.<\/p>\n<p><span>H\u00e4lsningar fr\u00e5n M\u00f6rteleks Fr\u00e4lseg\u00e5rd -En skogsg\u00e5rd mitt i Sm\u00e5land\u00a0<\/span><\/p>\n","protected":false},"excerpt":{"rendered":"<p>Jag erk\u00e4nner att jag alltid har trott att Br\u00f6msebro har legat lite n\u00e4rmare Danmark, typ p\u00e5 v\u00e4stkusten, men det visade sig att det l\u00e5g v\u00e4ldigt mycket mer \u00f6ster ut. I \u00f6stra Blekinge. Och ni som undrar vad Br\u00f6msebro \u00e4r k\u00e4nda f\u00f6r s\u00e5 \u00e4r det f\u00f6r (finns garanterat n\u00e5got mer men inte som jag har koll&#8230;<\/p>\n","protected":false},"author":366,"featured_media":7429,"comment_status":"open","ping_status":"open","sticky":false,"template":"","format":"standard","meta":[],"categories":[1],"tags":[],"yoast_head":"<!-- This site is optimized with the Yoast SEO plugin v19.6 - https:\/\/yoast.com\/wordpress\/plugins\/seo\/ -->\n<title>Datainsamling i Br\u00f6msebro - M\u00f6rteleks Fr\u00e4lseg\u00e5rd<\/title>\n<meta name=\"robots\" content=\"index, follow, max-snippet:-1, max-image-preview:large, max-video-preview:-1\" \/>\n<link rel=\"canonical\" href=\"https:\/\/blogg.atl.nu\/morteleks-fralsegard\/2025\/11\/12\/datainsamling-i-bromsebro\/\" \/>\n<meta property=\"og:locale\" content=\"sv_SE\" \/>\n<meta property=\"og:type\" content=\"article\" \/>\n<meta property=\"og:title\" content=\"Datainsamling i Br\u00f6msebro - M\u00f6rteleks Fr\u00e4lseg\u00e5rd\" \/>\n<meta property=\"og:description\" content=\"Jag erk\u00e4nner att jag alltid har trott att Br\u00f6msebro har legat lite n\u00e4rmare Danmark, typ p\u00e5 v\u00e4stkusten, men det visade sig att det l\u00e5g v\u00e4ldigt mycket mer \u00f6ster ut. I \u00f6stra Blekinge. Och ni som undrar vad Br\u00f6msebro \u00e4r k\u00e4nda f\u00f6r s\u00e5 \u00e4r det f\u00f6r (finns garanterat n\u00e5got mer men inte som jag har koll...\" \/>\n<meta property=\"og:url\" content=\"https:\/\/blogg.atl.nu\/morteleks-fralsegard\/2025\/11\/12\/datainsamling-i-bromsebro\/\" \/>\n<meta property=\"og:site_name\" content=\"M\u00f6rteleks Fr\u00e4lseg\u00e5rd\" \/>\n<meta property=\"article:published_time\" content=\"2025-11-12T21:21:15+00:00\" \/>\n<meta property=\"article:modified_time\" content=\"2025-11-12T21:29:09+00:00\" \/>\n<meta property=\"og:image\" content=\"https:\/\/blogg.atl.nu\/morteleks-fralsegard\/wp-content\/uploads\/sites\/43\/2025\/11\/IMG_3715-scaled.jpeg\" \/>\n\t<meta property=\"og:image:width\" content=\"2560\" \/>\n\t<meta property=\"og:image:height\" content=\"1920\" \/>\n\t<meta property=\"og:image:type\" content=\"image\/jpeg\" \/>\n<meta name=\"author\" content=\"Viktoria Birgersson\" \/>\n<meta name=\"twitter:card\" content=\"summary_large_image\" \/>\n<meta name=\"twitter:label1\" content=\"Skriven av\" \/>\n\t<meta name=\"twitter:data1\" content=\"Viktoria Birgersson\" \/>\n\t<meta name=\"twitter:label2\" content=\"Ber\u00e4knad l\u00e4stid\" \/>\n\t<meta name=\"twitter:data2\" content=\"2 minuter\" \/>\n<script type=\"application\/ld+json\" class=\"yoast-schema-graph\">{\"@context\":\"https:\/\/schema.org\",\"@graph\":[{\"@type\":\"WebPage\",\"@id\":\"https:\/\/blogg.atl.nu\/morteleks-fralsegard\/2025\/11\/12\/datainsamling-i-bromsebro\/\",\"url\":\"https:\/\/blogg.atl.nu\/morteleks-fralsegard\/2025\/11\/12\/datainsamling-i-bromsebro\/\",\"name\":\"Datainsamling i Br\u00f6msebro - M\u00f6rteleks Fr\u00e4lseg\u00e5rd\",\"isPartOf\":{\"@id\":\"https:\/\/blogg.atl.nu\/morteleks-fralsegard\/#website\"},\"datePublished\":\"2025-11-12T21:21:15+00:00\",\"dateModified\":\"2025-11-12T21:29:09+00:00\",\"author\":{\"@id\":\"https:\/\/blogg.atl.nu\/morteleks-fralsegard\/#\/schema\/person\/0ab22364ef6b1e3febf26c41d4a32b53\"},\"breadcrumb\":{\"@id\":\"https:\/\/blogg.atl.nu\/morteleks-fralsegard\/2025\/11\/12\/datainsamling-i-bromsebro\/#breadcrumb\"},\"inLanguage\":\"sv-SE\",\"potentialAction\":[{\"@type\":\"ReadAction\",\"target\":[\"https:\/\/blogg.atl.nu\/morteleks-fralsegard\/2025\/11\/12\/datainsamling-i-bromsebro\/\"]}]},{\"@type\":\"BreadcrumbList\",\"@id\":\"https:\/\/blogg.atl.nu\/morteleks-fralsegard\/2025\/11\/12\/datainsamling-i-bromsebro\/#breadcrumb\",\"itemListElement\":[{\"@type\":\"ListItem\",\"position\":1,\"name\":\"Home\",\"item\":\"https:\/\/blogg.atl.nu\/morteleks-fralsegard\/\"},{\"@type\":\"ListItem\",\"position\":2,\"name\":\"Datainsamling i Br\u00f6msebro\"}]},{\"@type\":\"WebSite\",\"@id\":\"https:\/\/blogg.atl.nu\/morteleks-fralsegard\/#website\",\"url\":\"https:\/\/blogg.atl.nu\/morteleks-fralsegard\/\",\"name\":\"M\u00f6rteleks Fr\u00e4lseg\u00e5rd\",\"description\":\"Viktoria Birgersson\",\"potentialAction\":[{\"@type\":\"SearchAction\",\"target\":{\"@type\":\"EntryPoint\",\"urlTemplate\":\"https:\/\/blogg.atl.nu\/morteleks-fralsegard\/?s={search_term_string}\"},\"query-input\":\"required name=search_term_string\"}],\"inLanguage\":\"sv-SE\"},{\"@type\":\"Person\",\"@id\":\"https:\/\/blogg.atl.nu\/morteleks-fralsegard\/#\/schema\/person\/0ab22364ef6b1e3febf26c41d4a32b53\",\"name\":\"Viktoria Birgersson\",\"image\":{\"@type\":\"ImageObject\",\"inLanguage\":\"sv-SE\",\"@id\":\"https:\/\/blogg.atl.nu\/morteleks-fralsegard\/#\/schema\/person\/image\/\",\"url\":\"https:\/\/secure.gravatar.com\/avatar\/66ee725962479e3acb970802c6913bd7?s=96&d=mm&r=g\",\"contentUrl\":\"https:\/\/secure.gravatar.com\/avatar\/66ee725962479e3acb970802c6913bd7?s=96&d=mm&r=g\",\"caption\":\"Viktoria Birgersson\"},\"url\":\"https:\/\/blogg.atl.nu\/morteleks-fralsegard\/author\/morteleks-fralsegard\/\"}]}<\/script>\n<!-- \/ Yoast SEO plugin. -->","yoast_head_json":{"title":"Datainsamling i Br\u00f6msebro - M\u00f6rteleks Fr\u00e4lseg\u00e5rd","robots":{"index":"index","follow":"follow","max-snippet":"max-snippet:-1","max-image-preview":"max-image-preview:large","max-video-preview":"max-video-preview:-1"},"canonical":"https:\/\/blogg.atl.nu\/morteleks-fralsegard\/2025\/11\/12\/datainsamling-i-bromsebro\/","og_locale":"sv_SE","og_type":"article","og_title":"Datainsamling i Br\u00f6msebro - M\u00f6rteleks Fr\u00e4lseg\u00e5rd","og_description":"Jag erk\u00e4nner att jag alltid har trott att Br\u00f6msebro har legat lite n\u00e4rmare Danmark, typ p\u00e5 v\u00e4stkusten, men det visade sig att det l\u00e5g v\u00e4ldigt mycket mer \u00f6ster ut. I \u00f6stra Blekinge. Och ni som undrar vad Br\u00f6msebro \u00e4r k\u00e4nda f\u00f6r s\u00e5 \u00e4r det f\u00f6r (finns garanterat n\u00e5got mer men inte som jag har koll...","og_url":"https:\/\/blogg.atl.nu\/morteleks-fralsegard\/2025\/11\/12\/datainsamling-i-bromsebro\/","og_site_name":"M\u00f6rteleks Fr\u00e4lseg\u00e5rd","article_published_time":"2025-11-12T21:21:15+00:00","article_modified_time":"2025-11-12T21:29:09+00:00","og_image":[{"width":2560,"height":1920,"url":"https:\/\/blogg.atl.nu\/morteleks-fralsegard\/wp-content\/uploads\/sites\/43\/2025\/11\/IMG_3715-scaled.jpeg","type":"image\/jpeg"}],"author":"Viktoria Birgersson","twitter_card":"summary_large_image","twitter_misc":{"Skriven av":"Viktoria Birgersson","Ber\u00e4knad l\u00e4stid":"2 minuter"},"schema":{"@context":"https:\/\/schema.org","@graph":[{"@type":"WebPage","@id":"https:\/\/blogg.atl.nu\/morteleks-fralsegard\/2025\/11\/12\/datainsamling-i-bromsebro\/","url":"https:\/\/blogg.atl.nu\/morteleks-fralsegard\/2025\/11\/12\/datainsamling-i-bromsebro\/","name":"Datainsamling i Br\u00f6msebro - M\u00f6rteleks Fr\u00e4lseg\u00e5rd","isPartOf":{"@id":"https:\/\/blogg.atl.nu\/morteleks-fralsegard\/#website"},"datePublished":"2025-11-12T21:21:15+00:00","dateModified":"2025-11-12T21:29:09+00:00","author":{"@id":"https:\/\/blogg.atl.nu\/morteleks-fralsegard\/#\/schema\/person\/0ab22364ef6b1e3febf26c41d4a32b53"},"breadcrumb":{"@id":"https:\/\/blogg.atl.nu\/morteleks-fralsegard\/2025\/11\/12\/datainsamling-i-bromsebro\/#breadcrumb"},"inLanguage":"sv-SE","potentialAction":[{"@type":"ReadAction","target":["https:\/\/blogg.atl.nu\/morteleks-fralsegard\/2025\/11\/12\/datainsamling-i-bromsebro\/"]}]},{"@type":"BreadcrumbList","@id":"https:\/\/blogg.atl.nu\/morteleks-fralsegard\/2025\/11\/12\/datainsamling-i-bromsebro\/#breadcrumb","itemListElement":[{"@type":"ListItem","position":1,"name":"Home","item":"https:\/\/blogg.atl.nu\/morteleks-fralsegard\/"},{"@type":"ListItem","position":2,"name":"Datainsamling i Br\u00f6msebro"}]},{"@type":"WebSite","@id":"https:\/\/blogg.atl.nu\/morteleks-fralsegard\/#website","url":"https:\/\/blogg.atl.nu\/morteleks-fralsegard\/","name":"M\u00f6rteleks Fr\u00e4lseg\u00e5rd","description":"Viktoria Birgersson","potentialAction":[{"@type":"SearchAction","target":{"@type":"EntryPoint","urlTemplate":"https:\/\/blogg.atl.nu\/morteleks-fralsegard\/?s={search_term_string}"},"query-input":"required name=search_term_string"}],"inLanguage":"sv-SE"},{"@type":"Person","@id":"https:\/\/blogg.atl.nu\/morteleks-fralsegard\/#\/schema\/person\/0ab22364ef6b1e3febf26c41d4a32b53","name":"Viktoria Birgersson","image":{"@type":"ImageObject","inLanguage":"sv-SE","@id":"https:\/\/blogg.atl.nu\/morteleks-fralsegard\/#\/schema\/person\/image\/","url":"https:\/\/secure.gravatar.com\/avatar\/66ee725962479e3acb970802c6913bd7?s=96&d=mm&r=g","contentUrl":"https:\/\/secure.gravatar.com\/avatar\/66ee725962479e3acb970802c6913bd7?s=96&d=mm&r=g","caption":"Viktoria Birgersson"},"url":"https:\/\/blogg.atl.nu\/morteleks-fralsegard\/author\/morteleks-fralsegard\/"}]}},"_links":{"self":[{"href":"https:\/\/blogg.atl.nu\/morteleks-fralsegard\/wp-json\/wp\/v2\/posts\/7427"}],"collection":[{"href":"https:\/\/blogg.atl.nu\/morteleks-fralsegard\/wp-json\/wp\/v2\/posts"}],"about":[{"href":"https:\/\/blogg.atl.nu\/morteleks-fralsegard\/wp-json\/wp\/v2\/types\/post"}],"author":[{"embeddable":true,"href":"https:\/\/blogg.atl.nu\/morteleks-fralsegard\/wp-json\/wp\/v2\/users\/366"}],"replies":[{"embeddable":true,"href":"https:\/\/blogg.atl.nu\/morteleks-fralsegard\/wp-json\/wp\/v2\/comments?post=7427"}],"version-history":[{"count":4,"href":"https:\/\/blogg.atl.nu\/morteleks-fralsegard\/wp-json\/wp\/v2\/posts\/7427\/revisions"}],"predecessor-version":[{"id":7437,"href":"https:\/\/blogg.atl.nu\/morteleks-fralsegard\/wp-json\/wp\/v2\/posts\/7427\/revisions\/7437"}],"wp:featuredmedia":[{"embeddable":true,"href":"https:\/\/blogg.atl.nu\/morteleks-fralsegard\/wp-json\/wp\/v2\/media\/7429"}],"wp:attachment":[{"href":"https:\/\/blogg.atl.nu\/morteleks-fralsegard\/wp-json\/wp\/v2\/media?parent=7427"}],"wp:term":[{"taxonomy":"category","embeddable":true,"href":"https:\/\/blogg.atl.nu\/morteleks-fralsegard\/wp-json\/wp\/v2\/categories?post=7427"},{"taxonomy":"post_tag","embeddable":true,"href":"https:\/\/blogg.atl.nu\/morteleks-fralsegard\/wp-json\/wp\/v2\/tags?post=7427"}],"curies":[{"name":"wp","href":"https:\/\/api.w.org\/{rel}","templated":true}]}}