{"id":8044,"date":"2026-04-26T21:00:03","date_gmt":"2026-04-26T21:00:03","guid":{"rendered":"https:\/\/blogg.atl.nu\/morteleks-fralsegard\/?p=8044"},"modified":"2026-04-26T21:00:03","modified_gmt":"2026-04-26T21:00:03","slug":"blommor-utan-blommor","status":"publish","type":"post","link":"https:\/\/blogg.atl.nu\/morteleks-fralsegard\/2026\/04\/26\/blommor-utan-blommor\/","title":{"rendered":"Blommor utan blommor"},"content":{"rendered":"<p>Nu b\u00f6rjar \u00e4ntligen odlingss\u00e4songen.<br \/>\nPotatis ligger och f\u00f6rgror. Fuchsiorna \u00e4r p\u00e5 uppvaket. Dahliorna \u00e4r fler \u00e4n f\u00f6rra \u00e5ret och huset b\u00f6rjar likna en barnkammare med sm\u00e5plantor \u00f6verallt.<\/p>\n<p>K\u00f6pte hem lite nya \u00f6rter och blommor och skulle plantera om i st\u00f6rre krukor.<\/p>\n<p><img loading=\"lazy\" class=\"alignnone size-full wp-image-8045\" src=\"https:\/\/blogg.atl.nu\/morteleks-fralsegard\/wp-content\/uploads\/sites\/43\/2026\/04\/IMG_6887-scaled.jpeg\" alt=\"\" width=\"2560\" height=\"1920\" srcset=\"https:\/\/blogg.atl.nu\/morteleks-fralsegard\/wp-content\/uploads\/sites\/43\/2026\/04\/IMG_6887-scaled.jpeg 2560w, https:\/\/blogg.atl.nu\/morteleks-fralsegard\/wp-content\/uploads\/sites\/43\/2026\/04\/IMG_6887-300x225.jpeg 300w, https:\/\/blogg.atl.nu\/morteleks-fralsegard\/wp-content\/uploads\/sites\/43\/2026\/04\/IMG_6887-1024x768.jpeg 1024w, https:\/\/blogg.atl.nu\/morteleks-fralsegard\/wp-content\/uploads\/sites\/43\/2026\/04\/IMG_6887-768x576.jpeg 768w, https:\/\/blogg.atl.nu\/morteleks-fralsegard\/wp-content\/uploads\/sites\/43\/2026\/04\/IMG_6887-1536x1152.jpeg 1536w, https:\/\/blogg.atl.nu\/morteleks-fralsegard\/wp-content\/uploads\/sites\/43\/2026\/04\/IMG_6887-2048x1536.jpeg 2048w\" sizes=\"(max-width: 2560px) 100vw, 2560px\" \/> <img loading=\"lazy\" class=\"alignnone size-full wp-image-8046\" src=\"https:\/\/blogg.atl.nu\/morteleks-fralsegard\/wp-content\/uploads\/sites\/43\/2026\/04\/IMG_6888-scaled.jpeg\" alt=\"\" width=\"2560\" height=\"1920\" srcset=\"https:\/\/blogg.atl.nu\/morteleks-fralsegard\/wp-content\/uploads\/sites\/43\/2026\/04\/IMG_6888-scaled.jpeg 2560w, https:\/\/blogg.atl.nu\/morteleks-fralsegard\/wp-content\/uploads\/sites\/43\/2026\/04\/IMG_6888-300x225.jpeg 300w, https:\/\/blogg.atl.nu\/morteleks-fralsegard\/wp-content\/uploads\/sites\/43\/2026\/04\/IMG_6888-1024x768.jpeg 1024w, https:\/\/blogg.atl.nu\/morteleks-fralsegard\/wp-content\/uploads\/sites\/43\/2026\/04\/IMG_6888-768x576.jpeg 768w, https:\/\/blogg.atl.nu\/morteleks-fralsegard\/wp-content\/uploads\/sites\/43\/2026\/04\/IMG_6888-1536x1152.jpeg 1536w, https:\/\/blogg.atl.nu\/morteleks-fralsegard\/wp-content\/uploads\/sites\/43\/2026\/04\/IMG_6888-2048x1536.jpeg 2048w\" sizes=\"(max-width: 2560px) 100vw, 2560px\" \/><\/p>\n<p>Hj\u00e4lpen kom direkt -Vad g\u00f6r du? F\u00e5r vi va med?<\/p>\n<p><img loading=\"lazy\" class=\"alignnone size-full wp-image-8048\" src=\"https:\/\/blogg.atl.nu\/morteleks-fralsegard\/wp-content\/uploads\/sites\/43\/2026\/04\/IMG_6892-scaled.jpeg\" alt=\"\" width=\"2560\" height=\"1920\" srcset=\"https:\/\/blogg.atl.nu\/morteleks-fralsegard\/wp-content\/uploads\/sites\/43\/2026\/04\/IMG_6892-scaled.jpeg 2560w, https:\/\/blogg.atl.nu\/morteleks-fralsegard\/wp-content\/uploads\/sites\/43\/2026\/04\/IMG_6892-300x225.jpeg 300w, https:\/\/blogg.atl.nu\/morteleks-fralsegard\/wp-content\/uploads\/sites\/43\/2026\/04\/IMG_6892-1024x768.jpeg 1024w, https:\/\/blogg.atl.nu\/morteleks-fralsegard\/wp-content\/uploads\/sites\/43\/2026\/04\/IMG_6892-768x576.jpeg 768w, https:\/\/blogg.atl.nu\/morteleks-fralsegard\/wp-content\/uploads\/sites\/43\/2026\/04\/IMG_6892-1536x1152.jpeg 1536w, https:\/\/blogg.atl.nu\/morteleks-fralsegard\/wp-content\/uploads\/sites\/43\/2026\/04\/IMG_6892-2048x1536.jpeg 2048w\" sizes=\"(max-width: 2560px) 100vw, 2560px\" \/><\/p>\n<p>De spr\u00e4tte och letade mask i fuchsialandet och jag planterade.<br \/>\nSEN\u2026.<\/p>\n<div style=\"width: 1920px;\" class=\"wp-video\"><!--[if lt IE 9]><script>document.createElement('video');<\/script><![endif]-->\n<video class=\"wp-video-shortcode\" id=\"video-8044-1\" width=\"1920\" height=\"1080\" preload=\"metadata\" controls=\"controls\"><source type=\"video\/mp4\" src=\"https:\/\/blogg.atl.nu\/morteleks-fralsegard\/wp-content\/uploads\/sites\/43\/2026\/04\/IMG_6895.mp4?_=1\" \/><a href=\"https:\/\/blogg.atl.nu\/morteleks-fralsegard\/wp-content\/uploads\/sites\/43\/2026\/04\/IMG_6895.mp4\">https:\/\/blogg.atl.nu\/morteleks-fralsegard\/wp-content\/uploads\/sites\/43\/2026\/04\/IMG_6895.mp4<\/a><\/video><\/div>\n<p>T\u00e4nkte att det kunde bli fint med r\u00f6da pelargoner och n\u00e5gra andra vita blommor i urnorna. Men d\u00e5 det fortfarande \u00e4r riktigt kallt p\u00e5 n\u00e4tterna s\u00e5 skulle de f\u00e5 acklimatisera sig p\u00e5 trappan f\u00f6rst.<br \/>\nTanken var god tills det visade sig att pelargoner \u00e4r j\u00e4ttegott!<\/p>\n<p><img loading=\"lazy\" class=\"alignnone size-full wp-image-8052\" src=\"https:\/\/blogg.atl.nu\/morteleks-fralsegard\/wp-content\/uploads\/sites\/43\/2026\/04\/IMG_6997-scaled.jpeg\" alt=\"\" width=\"2560\" height=\"1920\" srcset=\"https:\/\/blogg.atl.nu\/morteleks-fralsegard\/wp-content\/uploads\/sites\/43\/2026\/04\/IMG_6997-scaled.jpeg 2560w, https:\/\/blogg.atl.nu\/morteleks-fralsegard\/wp-content\/uploads\/sites\/43\/2026\/04\/IMG_6997-300x225.jpeg 300w, https:\/\/blogg.atl.nu\/morteleks-fralsegard\/wp-content\/uploads\/sites\/43\/2026\/04\/IMG_6997-1024x768.jpeg 1024w, https:\/\/blogg.atl.nu\/morteleks-fralsegard\/wp-content\/uploads\/sites\/43\/2026\/04\/IMG_6997-768x576.jpeg 768w, https:\/\/blogg.atl.nu\/morteleks-fralsegard\/wp-content\/uploads\/sites\/43\/2026\/04\/IMG_6997-1536x1152.jpeg 1536w, https:\/\/blogg.atl.nu\/morteleks-fralsegard\/wp-content\/uploads\/sites\/43\/2026\/04\/IMG_6997-2048x1536.jpeg 2048w\" sizes=\"(max-width: 2560px) 100vw, 2560px\" \/><img loading=\"lazy\" class=\"alignnone size-full wp-image-8053\" src=\"https:\/\/blogg.atl.nu\/morteleks-fralsegard\/wp-content\/uploads\/sites\/43\/2026\/04\/IMG_6998-scaled.jpeg\" alt=\"\" width=\"2560\" height=\"1920\" srcset=\"https:\/\/blogg.atl.nu\/morteleks-fralsegard\/wp-content\/uploads\/sites\/43\/2026\/04\/IMG_6998-scaled.jpeg 2560w, https:\/\/blogg.atl.nu\/morteleks-fralsegard\/wp-content\/uploads\/sites\/43\/2026\/04\/IMG_6998-300x225.jpeg 300w, https:\/\/blogg.atl.nu\/morteleks-fralsegard\/wp-content\/uploads\/sites\/43\/2026\/04\/IMG_6998-1024x768.jpeg 1024w, https:\/\/blogg.atl.nu\/morteleks-fralsegard\/wp-content\/uploads\/sites\/43\/2026\/04\/IMG_6998-768x576.jpeg 768w, https:\/\/blogg.atl.nu\/morteleks-fralsegard\/wp-content\/uploads\/sites\/43\/2026\/04\/IMG_6998-1536x1152.jpeg 1536w, https:\/\/blogg.atl.nu\/morteleks-fralsegard\/wp-content\/uploads\/sites\/43\/2026\/04\/IMG_6998-2048x1536.jpeg 2048w\" sizes=\"(max-width: 2560px) 100vw, 2560px\" \/><img loading=\"lazy\" class=\"alignnone size-full wp-image-8054\" src=\"https:\/\/blogg.atl.nu\/morteleks-fralsegard\/wp-content\/uploads\/sites\/43\/2026\/04\/IMG_6999-scaled.jpeg\" alt=\"\" width=\"2560\" height=\"1920\" srcset=\"https:\/\/blogg.atl.nu\/morteleks-fralsegard\/wp-content\/uploads\/sites\/43\/2026\/04\/IMG_6999-scaled.jpeg 2560w, https:\/\/blogg.atl.nu\/morteleks-fralsegard\/wp-content\/uploads\/sites\/43\/2026\/04\/IMG_6999-300x225.jpeg 300w, https:\/\/blogg.atl.nu\/morteleks-fralsegard\/wp-content\/uploads\/sites\/43\/2026\/04\/IMG_6999-1024x768.jpeg 1024w, https:\/\/blogg.atl.nu\/morteleks-fralsegard\/wp-content\/uploads\/sites\/43\/2026\/04\/IMG_6999-768x576.jpeg 768w, https:\/\/blogg.atl.nu\/morteleks-fralsegard\/wp-content\/uploads\/sites\/43\/2026\/04\/IMG_6999-1536x1152.jpeg 1536w, https:\/\/blogg.atl.nu\/morteleks-fralsegard\/wp-content\/uploads\/sites\/43\/2026\/04\/IMG_6999-2048x1536.jpeg 2048w\" sizes=\"(max-width: 2560px) 100vw, 2560px\" \/><\/p>\n<p>Det h\u00e4r l\u00e4r bli en sp\u00e4nnande sommar.<\/p>\n<p><span>H\u00e4lsningar fr\u00e5n M\u00f6rteleks Fr\u00e4lseg\u00e5rd -En skogsg\u00e5rd mitt i Sm\u00e5land<\/span><\/p>\n<p>&nbsp;<\/p>\n<p>&nbsp;<\/p>\n","protected":false},"excerpt":{"rendered":"<p>Nu b\u00f6rjar \u00e4ntligen odlingss\u00e4songen. Potatis ligger och f\u00f6rgror. Fuchsiorna \u00e4r p\u00e5 uppvaket. Dahliorna \u00e4r fler \u00e4n f\u00f6rra \u00e5ret och huset b\u00f6rjar likna en barnkammare med sm\u00e5plantor \u00f6verallt. K\u00f6pte hem lite nya \u00f6rter och blommor och skulle plantera om i st\u00f6rre krukor. Hj\u00e4lpen kom direkt -Vad g\u00f6r du? F\u00e5r vi va med? De spr\u00e4tte och letade&#8230;<\/p>\n","protected":false},"author":366,"featured_media":8050,"comment_status":"open","ping_status":"open","sticky":false,"template":"","format":"standard","meta":[],"categories":[1],"tags":[],"yoast_head":"<!-- This site is optimized with the Yoast SEO plugin v19.6 - https:\/\/yoast.com\/wordpress\/plugins\/seo\/ -->\n<title>Blommor utan blommor - M\u00f6rteleks Fr\u00e4lseg\u00e5rd<\/title>\n<meta name=\"robots\" content=\"index, follow, max-snippet:-1, max-image-preview:large, max-video-preview:-1\" \/>\n<link rel=\"canonical\" href=\"https:\/\/blogg.atl.nu\/morteleks-fralsegard\/2026\/04\/26\/blommor-utan-blommor\/\" \/>\n<meta property=\"og:locale\" content=\"sv_SE\" \/>\n<meta property=\"og:type\" content=\"article\" \/>\n<meta property=\"og:title\" content=\"Blommor utan blommor - M\u00f6rteleks Fr\u00e4lseg\u00e5rd\" \/>\n<meta property=\"og:description\" content=\"Nu b\u00f6rjar \u00e4ntligen odlingss\u00e4songen. Potatis ligger och f\u00f6rgror. Fuchsiorna \u00e4r p\u00e5 uppvaket. Dahliorna \u00e4r fler \u00e4n f\u00f6rra \u00e5ret och huset b\u00f6rjar likna en barnkammare med sm\u00e5plantor \u00f6verallt. K\u00f6pte hem lite nya \u00f6rter och blommor och skulle plantera om i st\u00f6rre krukor. Hj\u00e4lpen kom direkt -Vad g\u00f6r du? F\u00e5r vi va med? De spr\u00e4tte och letade...\" \/>\n<meta property=\"og:url\" content=\"https:\/\/blogg.atl.nu\/morteleks-fralsegard\/2026\/04\/26\/blommor-utan-blommor\/\" \/>\n<meta property=\"og:site_name\" content=\"M\u00f6rteleks Fr\u00e4lseg\u00e5rd\" \/>\n<meta property=\"article:published_time\" content=\"2026-04-26T21:00:03+00:00\" \/>\n<meta property=\"og:image\" content=\"https:\/\/blogg.atl.nu\/morteleks-fralsegard\/wp-content\/uploads\/sites\/43\/2026\/04\/IMG_6894-scaled.jpeg\" \/>\n\t<meta property=\"og:image:width\" content=\"2560\" \/>\n\t<meta property=\"og:image:height\" content=\"1920\" \/>\n\t<meta property=\"og:image:type\" content=\"image\/jpeg\" \/>\n<meta name=\"author\" content=\"Viktoria Birgersson\" \/>\n<meta name=\"twitter:card\" content=\"summary_large_image\" \/>\n<meta name=\"twitter:label1\" content=\"Skriven av\" \/>\n\t<meta name=\"twitter:data1\" content=\"Viktoria Birgersson\" \/>\n\t<meta name=\"twitter:label2\" content=\"Ber\u00e4knad l\u00e4stid\" \/>\n\t<meta name=\"twitter:data2\" content=\"2 minuter\" \/>\n<script type=\"application\/ld+json\" class=\"yoast-schema-graph\">{\"@context\":\"https:\/\/schema.org\",\"@graph\":[{\"@type\":\"WebPage\",\"@id\":\"https:\/\/blogg.atl.nu\/morteleks-fralsegard\/2026\/04\/26\/blommor-utan-blommor\/\",\"url\":\"https:\/\/blogg.atl.nu\/morteleks-fralsegard\/2026\/04\/26\/blommor-utan-blommor\/\",\"name\":\"Blommor utan blommor - M\u00f6rteleks Fr\u00e4lseg\u00e5rd\",\"isPartOf\":{\"@id\":\"https:\/\/blogg.atl.nu\/morteleks-fralsegard\/#website\"},\"datePublished\":\"2026-04-26T21:00:03+00:00\",\"dateModified\":\"2026-04-26T21:00:03+00:00\",\"author\":{\"@id\":\"https:\/\/blogg.atl.nu\/morteleks-fralsegard\/#\/schema\/person\/0ab22364ef6b1e3febf26c41d4a32b53\"},\"breadcrumb\":{\"@id\":\"https:\/\/blogg.atl.nu\/morteleks-fralsegard\/2026\/04\/26\/blommor-utan-blommor\/#breadcrumb\"},\"inLanguage\":\"sv-SE\",\"potentialAction\":[{\"@type\":\"ReadAction\",\"target\":[\"https:\/\/blogg.atl.nu\/morteleks-fralsegard\/2026\/04\/26\/blommor-utan-blommor\/\"]}]},{\"@type\":\"BreadcrumbList\",\"@id\":\"https:\/\/blogg.atl.nu\/morteleks-fralsegard\/2026\/04\/26\/blommor-utan-blommor\/#breadcrumb\",\"itemListElement\":[{\"@type\":\"ListItem\",\"position\":1,\"name\":\"Home\",\"item\":\"https:\/\/blogg.atl.nu\/morteleks-fralsegard\/\"},{\"@type\":\"ListItem\",\"position\":2,\"name\":\"Blommor utan blommor\"}]},{\"@type\":\"WebSite\",\"@id\":\"https:\/\/blogg.atl.nu\/morteleks-fralsegard\/#website\",\"url\":\"https:\/\/blogg.atl.nu\/morteleks-fralsegard\/\",\"name\":\"M\u00f6rteleks Fr\u00e4lseg\u00e5rd\",\"description\":\"Viktoria Birgersson\",\"potentialAction\":[{\"@type\":\"SearchAction\",\"target\":{\"@type\":\"EntryPoint\",\"urlTemplate\":\"https:\/\/blogg.atl.nu\/morteleks-fralsegard\/?s={search_term_string}\"},\"query-input\":\"required name=search_term_string\"}],\"inLanguage\":\"sv-SE\"},{\"@type\":\"Person\",\"@id\":\"https:\/\/blogg.atl.nu\/morteleks-fralsegard\/#\/schema\/person\/0ab22364ef6b1e3febf26c41d4a32b53\",\"name\":\"Viktoria Birgersson\",\"image\":{\"@type\":\"ImageObject\",\"inLanguage\":\"sv-SE\",\"@id\":\"https:\/\/blogg.atl.nu\/morteleks-fralsegard\/#\/schema\/person\/image\/\",\"url\":\"https:\/\/secure.gravatar.com\/avatar\/66ee725962479e3acb970802c6913bd7?s=96&d=mm&r=g\",\"contentUrl\":\"https:\/\/secure.gravatar.com\/avatar\/66ee725962479e3acb970802c6913bd7?s=96&d=mm&r=g\",\"caption\":\"Viktoria Birgersson\"},\"url\":\"https:\/\/blogg.atl.nu\/morteleks-fralsegard\/author\/morteleks-fralsegard\/\"}]}<\/script>\n<!-- \/ Yoast SEO plugin. -->","yoast_head_json":{"title":"Blommor utan blommor - M\u00f6rteleks Fr\u00e4lseg\u00e5rd","robots":{"index":"index","follow":"follow","max-snippet":"max-snippet:-1","max-image-preview":"max-image-preview:large","max-video-preview":"max-video-preview:-1"},"canonical":"https:\/\/blogg.atl.nu\/morteleks-fralsegard\/2026\/04\/26\/blommor-utan-blommor\/","og_locale":"sv_SE","og_type":"article","og_title":"Blommor utan blommor - M\u00f6rteleks Fr\u00e4lseg\u00e5rd","og_description":"Nu b\u00f6rjar \u00e4ntligen odlingss\u00e4songen. Potatis ligger och f\u00f6rgror. Fuchsiorna \u00e4r p\u00e5 uppvaket. Dahliorna \u00e4r fler \u00e4n f\u00f6rra \u00e5ret och huset b\u00f6rjar likna en barnkammare med sm\u00e5plantor \u00f6verallt. K\u00f6pte hem lite nya \u00f6rter och blommor och skulle plantera om i st\u00f6rre krukor. Hj\u00e4lpen kom direkt -Vad g\u00f6r du? F\u00e5r vi va med? De spr\u00e4tte och letade...","og_url":"https:\/\/blogg.atl.nu\/morteleks-fralsegard\/2026\/04\/26\/blommor-utan-blommor\/","og_site_name":"M\u00f6rteleks Fr\u00e4lseg\u00e5rd","article_published_time":"2026-04-26T21:00:03+00:00","og_image":[{"width":2560,"height":1920,"url":"https:\/\/blogg.atl.nu\/morteleks-fralsegard\/wp-content\/uploads\/sites\/43\/2026\/04\/IMG_6894-scaled.jpeg","type":"image\/jpeg"}],"author":"Viktoria Birgersson","twitter_card":"summary_large_image","twitter_misc":{"Skriven av":"Viktoria Birgersson","Ber\u00e4knad l\u00e4stid":"2 minuter"},"schema":{"@context":"https:\/\/schema.org","@graph":[{"@type":"WebPage","@id":"https:\/\/blogg.atl.nu\/morteleks-fralsegard\/2026\/04\/26\/blommor-utan-blommor\/","url":"https:\/\/blogg.atl.nu\/morteleks-fralsegard\/2026\/04\/26\/blommor-utan-blommor\/","name":"Blommor utan blommor - M\u00f6rteleks Fr\u00e4lseg\u00e5rd","isPartOf":{"@id":"https:\/\/blogg.atl.nu\/morteleks-fralsegard\/#website"},"datePublished":"2026-04-26T21:00:03+00:00","dateModified":"2026-04-26T21:00:03+00:00","author":{"@id":"https:\/\/blogg.atl.nu\/morteleks-fralsegard\/#\/schema\/person\/0ab22364ef6b1e3febf26c41d4a32b53"},"breadcrumb":{"@id":"https:\/\/blogg.atl.nu\/morteleks-fralsegard\/2026\/04\/26\/blommor-utan-blommor\/#breadcrumb"},"inLanguage":"sv-SE","potentialAction":[{"@type":"ReadAction","target":["https:\/\/blogg.atl.nu\/morteleks-fralsegard\/2026\/04\/26\/blommor-utan-blommor\/"]}]},{"@type":"BreadcrumbList","@id":"https:\/\/blogg.atl.nu\/morteleks-fralsegard\/2026\/04\/26\/blommor-utan-blommor\/#breadcrumb","itemListElement":[{"@type":"ListItem","position":1,"name":"Home","item":"https:\/\/blogg.atl.nu\/morteleks-fralsegard\/"},{"@type":"ListItem","position":2,"name":"Blommor utan blommor"}]},{"@type":"WebSite","@id":"https:\/\/blogg.atl.nu\/morteleks-fralsegard\/#website","url":"https:\/\/blogg.atl.nu\/morteleks-fralsegard\/","name":"M\u00f6rteleks Fr\u00e4lseg\u00e5rd","description":"Viktoria Birgersson","potentialAction":[{"@type":"SearchAction","target":{"@type":"EntryPoint","urlTemplate":"https:\/\/blogg.atl.nu\/morteleks-fralsegard\/?s={search_term_string}"},"query-input":"required name=search_term_string"}],"inLanguage":"sv-SE"},{"@type":"Person","@id":"https:\/\/blogg.atl.nu\/morteleks-fralsegard\/#\/schema\/person\/0ab22364ef6b1e3febf26c41d4a32b53","name":"Viktoria Birgersson","image":{"@type":"ImageObject","inLanguage":"sv-SE","@id":"https:\/\/blogg.atl.nu\/morteleks-fralsegard\/#\/schema\/person\/image\/","url":"https:\/\/secure.gravatar.com\/avatar\/66ee725962479e3acb970802c6913bd7?s=96&d=mm&r=g","contentUrl":"https:\/\/secure.gravatar.com\/avatar\/66ee725962479e3acb970802c6913bd7?s=96&d=mm&r=g","caption":"Viktoria Birgersson"},"url":"https:\/\/blogg.atl.nu\/morteleks-fralsegard\/author\/morteleks-fralsegard\/"}]}},"_links":{"self":[{"href":"https:\/\/blogg.atl.nu\/morteleks-fralsegard\/wp-json\/wp\/v2\/posts\/8044"}],"collection":[{"href":"https:\/\/blogg.atl.nu\/morteleks-fralsegard\/wp-json\/wp\/v2\/posts"}],"about":[{"href":"https:\/\/blogg.atl.nu\/morteleks-fralsegard\/wp-json\/wp\/v2\/types\/post"}],"author":[{"embeddable":true,"href":"https:\/\/blogg.atl.nu\/morteleks-fralsegard\/wp-json\/wp\/v2\/users\/366"}],"replies":[{"embeddable":true,"href":"https:\/\/blogg.atl.nu\/morteleks-fralsegard\/wp-json\/wp\/v2\/comments?post=8044"}],"version-history":[{"count":1,"href":"https:\/\/blogg.atl.nu\/morteleks-fralsegard\/wp-json\/wp\/v2\/posts\/8044\/revisions"}],"predecessor-version":[{"id":8055,"href":"https:\/\/blogg.atl.nu\/morteleks-fralsegard\/wp-json\/wp\/v2\/posts\/8044\/revisions\/8055"}],"wp:featuredmedia":[{"embeddable":true,"href":"https:\/\/blogg.atl.nu\/morteleks-fralsegard\/wp-json\/wp\/v2\/media\/8050"}],"wp:attachment":[{"href":"https:\/\/blogg.atl.nu\/morteleks-fralsegard\/wp-json\/wp\/v2\/media?parent=8044"}],"wp:term":[{"taxonomy":"category","embeddable":true,"href":"https:\/\/blogg.atl.nu\/morteleks-fralsegard\/wp-json\/wp\/v2\/categories?post=8044"},{"taxonomy":"post_tag","embeddable":true,"href":"https:\/\/blogg.atl.nu\/morteleks-fralsegard\/wp-json\/wp\/v2\/tags?post=8044"}],"curies":[{"name":"wp","href":"https:\/\/api.w.org\/{rel}","templated":true}]}}