{"id":845,"date":"2022-04-07T21:12:33","date_gmt":"2022-04-07T21:12:33","guid":{"rendered":"http:\/\/blogg.atl.nu\/morteleks-fralsegard\/?p=845"},"modified":"2022-04-08T04:26:27","modified_gmt":"2022-04-08T04:26:27","slug":"5-ar-sedan-attentatet-pa-drottninggatan","status":"publish","type":"post","link":"https:\/\/blogg.atl.nu\/morteleks-fralsegard\/2022\/04\/07\/5-ar-sedan-attentatet-pa-drottninggatan\/","title":{"rendered":"5 \u00e5r sedan attentatet p\u00e5 Drottninggatan"},"content":{"rendered":"<p>Efter en h\u00e4rlig och regnig dag i G\u00f6teborg med en massa projekt och kollegor \u00e4r jag nu p\u00e5v\u00e4g tillbaka till Stockholm. Det var jag \u00e4ven f\u00f6r 5 \u00e5r sedan, fast d\u00e5 p\u00e5 ett flyg fr\u00e5n Lule\u00e5 och projekt \u00d6stra l\u00e4nken. Jag landade p\u00e5 Arlanda, jag som alltid f\u00f6rs\u00f6ker flyga via Bromma och minns att jag inte k\u00e4nde mig helt bekv\u00e4m med hur jag skulle ta mig tillbaka till kontoret i Solna. Direkt efter landning sl\u00e5r alla p\u00e5 mobilerna (som vanligt) och jag vet att jag hade m\u00e5nga missade samtal fr\u00e5n syster. Alla p\u00e5 flyget b\u00f6rjar prata och st\u00e4mningen blev stressad och m\u00e5nga ringde upp n\u00e4ra och k\u00e4ra f\u00f6r att st\u00e4mma av vad som h\u00e4nt och att alla m\u00e5dde bra. S\u00e5 gjorde \u00e4ven jag.<\/p>\n<p>Detta var den dag vi hade ett attentat p\u00e5 Drottninggatan och jag klev p\u00e5 flygbussen till Solna samtidigt som n\u00e5gon klev av Arlanda express p\u00e5 Arlanda.<\/p>\n<p>Det var kaos i trafiken n\u00e4r vi kom till Solna och det var ingen id\u00e9 att fundera p\u00e5 att ta bilen och k\u00f6ra hem till Sm\u00e5land. Tunnelbanan var avst\u00e4ngd, v\u00e4garna var helt stillast\u00e5ende och inga bussar kom fram. Det var bara att b\u00f6rja g\u00e5 in till stan. Det var m\u00e4nniskor i stilettklackar som gick Hagaparkens grusv\u00e4gar, alla sammanbitna och fr\u00e5gande <em>&#8221;Hur kan detta ske?&#8221;<\/em><\/p>\n<p>Jag pratade med mamma och pappa n\u00e4r jag gick in till stan och det var en sp\u00f6kstad som m\u00f6tte mig. Det var en stad utan bilar. En stad utan ljud. En stad utan m\u00e4nniskor. Det var surrealistiskt d\u00e5 och det \u00e4r surrealistiskt nu att det redan har g\u00e5tt 5 \u00e5r sedan det h\u00e4nde.<\/p>\n<p>D\u00e5 valde jag v\u00e4nnerna Ejub och Robbins trygga l\u00e4genhet. Idag hade jag velat ta omv\u00e4gen kring Sergelstorg f\u00f6r att hedra, men med ett kraftigt f\u00f6rsenat t\u00e5g fick det bli en promenad hem i regnet och ett samtal med mamma och pappa under tiden om skog och hur det var f\u00f6r fem \u00e5r sedan\u2026<\/p>\n<p>Skogliga h\u00e4lsningar p\u00e5 vift fr\u00e5n M\u00f6rteleks Fr\u00e4lseg\u00e5rd <em>-En skogsg\u00e5rd mitt i Sm\u00e5land<\/em><\/p>\n<p>&nbsp;<\/p>\n","protected":false},"excerpt":{"rendered":"<p>Efter en h\u00e4rlig och regnig dag i G\u00f6teborg med en massa projekt och kollegor \u00e4r jag nu p\u00e5v\u00e4g tillbaka till Stockholm. Det var jag \u00e4ven f\u00f6r 5 \u00e5r sedan, fast d\u00e5 p\u00e5 ett flyg fr\u00e5n Lule\u00e5 och projekt \u00d6stra l\u00e4nken. Jag landade p\u00e5 Arlanda, jag som alltid f\u00f6rs\u00f6ker flyga via Bromma och minns att jag&#8230;<\/p>\n","protected":false},"author":366,"featured_media":0,"comment_status":"open","ping_status":"open","sticky":false,"template":"","format":"standard","meta":[],"categories":[1],"tags":[],"yoast_head":"<!-- This site is optimized with the Yoast SEO plugin v19.6 - https:\/\/yoast.com\/wordpress\/plugins\/seo\/ -->\n<title>5 \u00e5r sedan attentatet p\u00e5 Drottninggatan - M\u00f6rteleks Fr\u00e4lseg\u00e5rd<\/title>\n<meta name=\"robots\" content=\"index, follow, max-snippet:-1, max-image-preview:large, max-video-preview:-1\" \/>\n<link rel=\"canonical\" href=\"https:\/\/blogg.atl.nu\/morteleks-fralsegard\/2022\/04\/07\/5-ar-sedan-attentatet-pa-drottninggatan\/\" \/>\n<meta property=\"og:locale\" content=\"sv_SE\" \/>\n<meta property=\"og:type\" content=\"article\" \/>\n<meta property=\"og:title\" content=\"5 \u00e5r sedan attentatet p\u00e5 Drottninggatan - M\u00f6rteleks Fr\u00e4lseg\u00e5rd\" \/>\n<meta property=\"og:description\" content=\"Efter en h\u00e4rlig och regnig dag i G\u00f6teborg med en massa projekt och kollegor \u00e4r jag nu p\u00e5v\u00e4g tillbaka till Stockholm. Det var jag \u00e4ven f\u00f6r 5 \u00e5r sedan, fast d\u00e5 p\u00e5 ett flyg fr\u00e5n Lule\u00e5 och projekt \u00d6stra l\u00e4nken. Jag landade p\u00e5 Arlanda, jag som alltid f\u00f6rs\u00f6ker flyga via Bromma och minns att jag...\" \/>\n<meta property=\"og:url\" content=\"https:\/\/blogg.atl.nu\/morteleks-fralsegard\/2022\/04\/07\/5-ar-sedan-attentatet-pa-drottninggatan\/\" \/>\n<meta property=\"og:site_name\" content=\"M\u00f6rteleks Fr\u00e4lseg\u00e5rd\" \/>\n<meta property=\"article:published_time\" content=\"2022-04-07T21:12:33+00:00\" \/>\n<meta property=\"article:modified_time\" content=\"2022-04-08T04:26:27+00:00\" \/>\n<meta name=\"author\" content=\"Viktoria Birgersson\" \/>\n<meta name=\"twitter:card\" content=\"summary_large_image\" \/>\n<meta name=\"twitter:label1\" content=\"Skriven av\" \/>\n\t<meta name=\"twitter:data1\" content=\"Viktoria Birgersson\" \/>\n\t<meta name=\"twitter:label2\" content=\"Ber\u00e4knad l\u00e4stid\" \/>\n\t<meta name=\"twitter:data2\" content=\"2 minuter\" \/>\n<script type=\"application\/ld+json\" class=\"yoast-schema-graph\">{\"@context\":\"https:\/\/schema.org\",\"@graph\":[{\"@type\":\"WebPage\",\"@id\":\"https:\/\/blogg.atl.nu\/morteleks-fralsegard\/2022\/04\/07\/5-ar-sedan-attentatet-pa-drottninggatan\/\",\"url\":\"https:\/\/blogg.atl.nu\/morteleks-fralsegard\/2022\/04\/07\/5-ar-sedan-attentatet-pa-drottninggatan\/\",\"name\":\"5 \u00e5r sedan attentatet p\u00e5 Drottninggatan - M\u00f6rteleks Fr\u00e4lseg\u00e5rd\",\"isPartOf\":{\"@id\":\"https:\/\/blogg.atl.nu\/morteleks-fralsegard\/#website\"},\"datePublished\":\"2022-04-07T21:12:33+00:00\",\"dateModified\":\"2022-04-08T04:26:27+00:00\",\"author\":{\"@id\":\"https:\/\/blogg.atl.nu\/morteleks-fralsegard\/#\/schema\/person\/0ab22364ef6b1e3febf26c41d4a32b53\"},\"breadcrumb\":{\"@id\":\"https:\/\/blogg.atl.nu\/morteleks-fralsegard\/2022\/04\/07\/5-ar-sedan-attentatet-pa-drottninggatan\/#breadcrumb\"},\"inLanguage\":\"sv-SE\",\"potentialAction\":[{\"@type\":\"ReadAction\",\"target\":[\"https:\/\/blogg.atl.nu\/morteleks-fralsegard\/2022\/04\/07\/5-ar-sedan-attentatet-pa-drottninggatan\/\"]}]},{\"@type\":\"BreadcrumbList\",\"@id\":\"https:\/\/blogg.atl.nu\/morteleks-fralsegard\/2022\/04\/07\/5-ar-sedan-attentatet-pa-drottninggatan\/#breadcrumb\",\"itemListElement\":[{\"@type\":\"ListItem\",\"position\":1,\"name\":\"Home\",\"item\":\"https:\/\/blogg.atl.nu\/morteleks-fralsegard\/\"},{\"@type\":\"ListItem\",\"position\":2,\"name\":\"5 \u00e5r sedan attentatet p\u00e5 Drottninggatan\"}]},{\"@type\":\"WebSite\",\"@id\":\"https:\/\/blogg.atl.nu\/morteleks-fralsegard\/#website\",\"url\":\"https:\/\/blogg.atl.nu\/morteleks-fralsegard\/\",\"name\":\"M\u00f6rteleks Fr\u00e4lseg\u00e5rd\",\"description\":\"Viktoria Birgersson\",\"potentialAction\":[{\"@type\":\"SearchAction\",\"target\":{\"@type\":\"EntryPoint\",\"urlTemplate\":\"https:\/\/blogg.atl.nu\/morteleks-fralsegard\/?s={search_term_string}\"},\"query-input\":\"required name=search_term_string\"}],\"inLanguage\":\"sv-SE\"},{\"@type\":\"Person\",\"@id\":\"https:\/\/blogg.atl.nu\/morteleks-fralsegard\/#\/schema\/person\/0ab22364ef6b1e3febf26c41d4a32b53\",\"name\":\"Viktoria Birgersson\",\"image\":{\"@type\":\"ImageObject\",\"inLanguage\":\"sv-SE\",\"@id\":\"https:\/\/blogg.atl.nu\/morteleks-fralsegard\/#\/schema\/person\/image\/\",\"url\":\"https:\/\/secure.gravatar.com\/avatar\/66ee725962479e3acb970802c6913bd7?s=96&d=mm&r=g\",\"contentUrl\":\"https:\/\/secure.gravatar.com\/avatar\/66ee725962479e3acb970802c6913bd7?s=96&d=mm&r=g\",\"caption\":\"Viktoria Birgersson\"},\"url\":\"https:\/\/blogg.atl.nu\/morteleks-fralsegard\/author\/morteleks-fralsegard\/\"}]}<\/script>\n<!-- \/ Yoast SEO plugin. -->","yoast_head_json":{"title":"5 \u00e5r sedan attentatet p\u00e5 Drottninggatan - M\u00f6rteleks Fr\u00e4lseg\u00e5rd","robots":{"index":"index","follow":"follow","max-snippet":"max-snippet:-1","max-image-preview":"max-image-preview:large","max-video-preview":"max-video-preview:-1"},"canonical":"https:\/\/blogg.atl.nu\/morteleks-fralsegard\/2022\/04\/07\/5-ar-sedan-attentatet-pa-drottninggatan\/","og_locale":"sv_SE","og_type":"article","og_title":"5 \u00e5r sedan attentatet p\u00e5 Drottninggatan - M\u00f6rteleks Fr\u00e4lseg\u00e5rd","og_description":"Efter en h\u00e4rlig och regnig dag i G\u00f6teborg med en massa projekt och kollegor \u00e4r jag nu p\u00e5v\u00e4g tillbaka till Stockholm. Det var jag \u00e4ven f\u00f6r 5 \u00e5r sedan, fast d\u00e5 p\u00e5 ett flyg fr\u00e5n Lule\u00e5 och projekt \u00d6stra l\u00e4nken. Jag landade p\u00e5 Arlanda, jag som alltid f\u00f6rs\u00f6ker flyga via Bromma och minns att jag...","og_url":"https:\/\/blogg.atl.nu\/morteleks-fralsegard\/2022\/04\/07\/5-ar-sedan-attentatet-pa-drottninggatan\/","og_site_name":"M\u00f6rteleks Fr\u00e4lseg\u00e5rd","article_published_time":"2022-04-07T21:12:33+00:00","article_modified_time":"2022-04-08T04:26:27+00:00","author":"Viktoria Birgersson","twitter_card":"summary_large_image","twitter_misc":{"Skriven av":"Viktoria Birgersson","Ber\u00e4knad l\u00e4stid":"2 minuter"},"schema":{"@context":"https:\/\/schema.org","@graph":[{"@type":"WebPage","@id":"https:\/\/blogg.atl.nu\/morteleks-fralsegard\/2022\/04\/07\/5-ar-sedan-attentatet-pa-drottninggatan\/","url":"https:\/\/blogg.atl.nu\/morteleks-fralsegard\/2022\/04\/07\/5-ar-sedan-attentatet-pa-drottninggatan\/","name":"5 \u00e5r sedan attentatet p\u00e5 Drottninggatan - M\u00f6rteleks Fr\u00e4lseg\u00e5rd","isPartOf":{"@id":"https:\/\/blogg.atl.nu\/morteleks-fralsegard\/#website"},"datePublished":"2022-04-07T21:12:33+00:00","dateModified":"2022-04-08T04:26:27+00:00","author":{"@id":"https:\/\/blogg.atl.nu\/morteleks-fralsegard\/#\/schema\/person\/0ab22364ef6b1e3febf26c41d4a32b53"},"breadcrumb":{"@id":"https:\/\/blogg.atl.nu\/morteleks-fralsegard\/2022\/04\/07\/5-ar-sedan-attentatet-pa-drottninggatan\/#breadcrumb"},"inLanguage":"sv-SE","potentialAction":[{"@type":"ReadAction","target":["https:\/\/blogg.atl.nu\/morteleks-fralsegard\/2022\/04\/07\/5-ar-sedan-attentatet-pa-drottninggatan\/"]}]},{"@type":"BreadcrumbList","@id":"https:\/\/blogg.atl.nu\/morteleks-fralsegard\/2022\/04\/07\/5-ar-sedan-attentatet-pa-drottninggatan\/#breadcrumb","itemListElement":[{"@type":"ListItem","position":1,"name":"Home","item":"https:\/\/blogg.atl.nu\/morteleks-fralsegard\/"},{"@type":"ListItem","position":2,"name":"5 \u00e5r sedan attentatet p\u00e5 Drottninggatan"}]},{"@type":"WebSite","@id":"https:\/\/blogg.atl.nu\/morteleks-fralsegard\/#website","url":"https:\/\/blogg.atl.nu\/morteleks-fralsegard\/","name":"M\u00f6rteleks Fr\u00e4lseg\u00e5rd","description":"Viktoria Birgersson","potentialAction":[{"@type":"SearchAction","target":{"@type":"EntryPoint","urlTemplate":"https:\/\/blogg.atl.nu\/morteleks-fralsegard\/?s={search_term_string}"},"query-input":"required name=search_term_string"}],"inLanguage":"sv-SE"},{"@type":"Person","@id":"https:\/\/blogg.atl.nu\/morteleks-fralsegard\/#\/schema\/person\/0ab22364ef6b1e3febf26c41d4a32b53","name":"Viktoria Birgersson","image":{"@type":"ImageObject","inLanguage":"sv-SE","@id":"https:\/\/blogg.atl.nu\/morteleks-fralsegard\/#\/schema\/person\/image\/","url":"https:\/\/secure.gravatar.com\/avatar\/66ee725962479e3acb970802c6913bd7?s=96&d=mm&r=g","contentUrl":"https:\/\/secure.gravatar.com\/avatar\/66ee725962479e3acb970802c6913bd7?s=96&d=mm&r=g","caption":"Viktoria Birgersson"},"url":"https:\/\/blogg.atl.nu\/morteleks-fralsegard\/author\/morteleks-fralsegard\/"}]}},"_links":{"self":[{"href":"https:\/\/blogg.atl.nu\/morteleks-fralsegard\/wp-json\/wp\/v2\/posts\/845"}],"collection":[{"href":"https:\/\/blogg.atl.nu\/morteleks-fralsegard\/wp-json\/wp\/v2\/posts"}],"about":[{"href":"https:\/\/blogg.atl.nu\/morteleks-fralsegard\/wp-json\/wp\/v2\/types\/post"}],"author":[{"embeddable":true,"href":"https:\/\/blogg.atl.nu\/morteleks-fralsegard\/wp-json\/wp\/v2\/users\/366"}],"replies":[{"embeddable":true,"href":"https:\/\/blogg.atl.nu\/morteleks-fralsegard\/wp-json\/wp\/v2\/comments?post=845"}],"version-history":[{"count":11,"href":"https:\/\/blogg.atl.nu\/morteleks-fralsegard\/wp-json\/wp\/v2\/posts\/845\/revisions"}],"predecessor-version":[{"id":856,"href":"https:\/\/blogg.atl.nu\/morteleks-fralsegard\/wp-json\/wp\/v2\/posts\/845\/revisions\/856"}],"wp:attachment":[{"href":"https:\/\/blogg.atl.nu\/morteleks-fralsegard\/wp-json\/wp\/v2\/media?parent=845"}],"wp:term":[{"taxonomy":"category","embeddable":true,"href":"https:\/\/blogg.atl.nu\/morteleks-fralsegard\/wp-json\/wp\/v2\/categories?post=845"},{"taxonomy":"post_tag","embeddable":true,"href":"https:\/\/blogg.atl.nu\/morteleks-fralsegard\/wp-json\/wp\/v2\/tags?post=845"}],"curies":[{"name":"wp","href":"https:\/\/api.w.org\/{rel}","templated":true}]}}