{"id":8595,"date":"2026-09-04T20:25:19","date_gmt":"2026-09-04T20:25:19","guid":{"rendered":"https:\/\/blogg.atl.nu\/morteleks-fralsegard\/?p=8595"},"modified":"2026-09-05T05:49:06","modified_gmt":"2026-09-05T05:49:06","slug":"vargen-kommer","status":"publish","type":"post","link":"https:\/\/blogg.atl.nu\/morteleks-fralsegard\/2026\/09\/04\/vargen-kommer\/","title":{"rendered":"Vargen kommer&#8230;"},"content":{"rendered":"<p data-section-id=\"132xwql\" data-start=\"108\" data-end=\"132\">&#8230;Men vem lyssnar n\u00e4r vargen faktiskt \u00e4r h\u00e4r?<\/p>\n<p data-section-id=\"132xwql\" data-start=\"108\" data-end=\"132\"><img loading=\"lazy\" class=\"alignnone size-full wp-image-8601\" src=\"https:\/\/blogg.atl.nu\/morteleks-fralsegard\/wp-content\/uploads\/sites\/43\/2026\/09\/Resized_20260901_083628_1788517833485.jpeg\" alt=\"\" width=\"720\" height=\"572\" srcset=\"https:\/\/blogg.atl.nu\/morteleks-fralsegard\/wp-content\/uploads\/sites\/43\/2026\/09\/Resized_20260901_083628_1788517833485.jpeg 720w, https:\/\/blogg.atl.nu\/morteleks-fralsegard\/wp-content\/uploads\/sites\/43\/2026\/09\/Resized_20260901_083628_1788517833485-300x238.jpeg 300w\" sizes=\"(max-width: 720px) 100vw, 720px\" \/><\/p>\n<p data-section-id=\"132xwql\" data-start=\"108\" data-end=\"132\">R\u00f6dluvan och vargen har skr\u00e4mt barn sedan 1800-talet n\u00e4r br\u00f6derna Grimm skrev boken, men f\u00f6r m\u00e5nga m\u00e4nniskor p\u00e5 landsbygden \u00e4r det inte en saga utan en verklighet. Den p\u00e5verkar och den skr\u00e4mmer. Den \u00e4r n\u00e4rg\u00e5ngen. Den kryper under skinnet och den skapar s\u00f6mnl\u00f6sa n\u00e4tter.<\/p>\n<p data-section-id=\"132xwql\" data-start=\"108\" data-end=\"132\">Den h\u00e4r fr\u00e5gan har precis som debatten om tex skogen, vattenkraften och strandskyddet, blivit svart eller vit. Det \u00e4r i gr\u00e5zonen det m\u00e5ste hittas en m\u00f6jlig linje fram\u00e5t f\u00f6r att f\u00e5 trygghet och arbetsro. F\u00f6r att s\u00e4kerst\u00e4lla generationsskiften och satsningar p\u00e5 landsbygden.<\/p>\n<p data-section-id=\"132xwql\" data-start=\"108\" data-end=\"132\">Debatten blir s\u00e5 enkelt ett skyttegravskrig:<\/p>\n<p data-section-id=\"132xwql\" data-start=\"108\" data-end=\"132\"><em>-Vargen \u00e4r skygg!<\/em> Men hur kommer det sig d\u00e5 att s\u00e5 m\u00e5nga sett och fotograferat varg i sina tr\u00e4dg\u00e5rdar?<\/p>\n<p data-section-id=\"132xwql\" data-start=\"108\" data-end=\"132\"><em>-Det \u00e4r v\u00e4ll bara att st\u00e4ngsla in!<\/em> Men vem ska betala och vem har tiden? Kommer all betesmark att betas? Vad g\u00e4ller n\u00e4r vissa g\u00e5r \u00f6ver till st\u00e4ngselfria beten?<\/p>\n<p data-section-id=\"132xwql\" data-start=\"108\" data-end=\"132\"><em>-Det \u00e4r v\u00e4ll bara att st\u00e4nga in djuren p\u00e5 natten!<\/em> Vem har tiden att ta hem dem varje dag, vem betalar br\u00e4nslet eller har s\u00e5 mycket bete precis i anslutning till ladug\u00e5rden? Vad h\u00e4nder med vinterhagar som redan betas?<\/p>\n<p data-section-id=\"132xwql\" data-start=\"108\" data-end=\"132\"><em>-Vargen har samma r\u00e4ttighet som alla andra djur!<\/em> Ja, men vem har vinterfoder f\u00f6r att stalla in redan nu? Vem v\u00e5gar sl\u00e4ppa sin hund?<\/p>\n<p data-section-id=\"132xwql\" data-start=\"108\" data-end=\"132\"><img loading=\"lazy\" class=\"alignnone size-full wp-image-8602\" src=\"https:\/\/blogg.atl.nu\/morteleks-fralsegard\/wp-content\/uploads\/sites\/43\/2026\/09\/IMG_3705-scaled.jpeg\" alt=\"\" width=\"2560\" height=\"1920\" srcset=\"https:\/\/blogg.atl.nu\/morteleks-fralsegard\/wp-content\/uploads\/sites\/43\/2026\/09\/IMG_3705-scaled.jpeg 2560w, https:\/\/blogg.atl.nu\/morteleks-fralsegard\/wp-content\/uploads\/sites\/43\/2026\/09\/IMG_3705-300x225.jpeg 300w, https:\/\/blogg.atl.nu\/morteleks-fralsegard\/wp-content\/uploads\/sites\/43\/2026\/09\/IMG_3705-1024x768.jpeg 1024w, https:\/\/blogg.atl.nu\/morteleks-fralsegard\/wp-content\/uploads\/sites\/43\/2026\/09\/IMG_3705-768x576.jpeg 768w, https:\/\/blogg.atl.nu\/morteleks-fralsegard\/wp-content\/uploads\/sites\/43\/2026\/09\/IMG_3705-1536x1152.jpeg 1536w, https:\/\/blogg.atl.nu\/morteleks-fralsegard\/wp-content\/uploads\/sites\/43\/2026\/09\/IMG_3705-2048x1536.jpeg 2048w\" sizes=\"(max-width: 2560px) 100vw, 2560px\" \/><\/p>\n<p data-section-id=\"132xwql\" data-start=\"108\" data-end=\"132\">Det blir g\u00e4rna en on\u00f6dig debatt mellan stad och land: <em>-\u00c4r inte s\u00e5 sv\u00e5rt att f\u00f6respr\u00e5ka fler vargar om man bor i en l\u00e4genhet p\u00e5 S\u00f6dermalm&#8230; <\/em>Beredskap, \u00f6ppna landskap, levande landsbygd, alla f\u00f6retagares lika r\u00e4tt?<\/p>\n<p data-section-id=\"132xwql\" data-start=\"108\" data-end=\"132\"><img loading=\"lazy\" class=\"alignnone size-full wp-image-8604\" src=\"https:\/\/blogg.atl.nu\/morteleks-fralsegard\/wp-content\/uploads\/sites\/43\/2026\/09\/65D6CED3-FC71-4049-95BF-08F414F660D8.jpeg\" alt=\"\" width=\"2048\" height=\"1876\" srcset=\"https:\/\/blogg.atl.nu\/morteleks-fralsegard\/wp-content\/uploads\/sites\/43\/2026\/09\/65D6CED3-FC71-4049-95BF-08F414F660D8.jpeg 2048w, https:\/\/blogg.atl.nu\/morteleks-fralsegard\/wp-content\/uploads\/sites\/43\/2026\/09\/65D6CED3-FC71-4049-95BF-08F414F660D8-300x275.jpeg 300w, https:\/\/blogg.atl.nu\/morteleks-fralsegard\/wp-content\/uploads\/sites\/43\/2026\/09\/65D6CED3-FC71-4049-95BF-08F414F660D8-1024x938.jpeg 1024w, https:\/\/blogg.atl.nu\/morteleks-fralsegard\/wp-content\/uploads\/sites\/43\/2026\/09\/65D6CED3-FC71-4049-95BF-08F414F660D8-768x704.jpeg 768w, https:\/\/blogg.atl.nu\/morteleks-fralsegard\/wp-content\/uploads\/sites\/43\/2026\/09\/65D6CED3-FC71-4049-95BF-08F414F660D8-1536x1407.jpeg 1536w\" sizes=\"(max-width: 2048px) 100vw, 2048px\" \/><\/p>\n<p data-section-id=\"132xwql\" data-start=\"108\" data-end=\"132\">En annan fr\u00e5ga \u00e4r hur skyddsv\u00e4rd \u00e4lgen \u00e4r kontra vargen?<\/p>\n<p data-section-id=\"132xwql\" data-start=\"108\" data-end=\"132\">Regeringen i Sverige har beslutat att den f\u00f6reslagna niv\u00e5n p\u00e5 170 individer m\u00e5ste \u00f6ka till minst 220 st. Sen ska de f\u00f6rdelas procentuellt i Sverige med undantag fr\u00e5n rensk\u00f6tselomr\u00e5dena. S\u00e5 konkret, om jag f\u00f6rst\u00e5tt det r\u00e4tt, s\u00e5 inneb\u00e4r det 220 st vargar i s\u00f6dra och mellersta Sverige. F\u00f6r oss h\u00e4r i s\u00f6dra Sverige inneb\u00e4r det 27% av 220. S\u00e5 60 stycken vargar verkar vara det vi har att v\u00e4nta.<\/p>\n<p data-section-id=\"132xwql\" data-start=\"108\" data-end=\"132\">Hur m\u00e5nga vargar vi har h\u00e4r i n\u00e4romr\u00e5det just nu \u00e4r det ingen som vet, men den stora fr\u00e5gan \u00e4r; -Vem tar ansvar, n\u00e4r vargen \u00e4r h\u00e4r och vad g\u00f6rs, f\u00f6r att det ska fungera?<\/p>\n<p data-section-id=\"132xwql\" data-start=\"108\" data-end=\"132\"><span>Nu g\u00e4ller det att h\u00e5lla \u00f6gonen \u00f6ppna f\u00f6r vargspillning och rapportera.<\/span><\/p>\n<p data-section-id=\"132xwql\" data-start=\"108\" data-end=\"132\"><span>H\u00e4lsningar fr\u00e5n M\u00f6rteleks Fr\u00e4lseg\u00e5rd -En skogsg\u00e5rd mitt i Sm\u00e5land<\/span><\/p>\n<p data-section-id=\"132xwql\" data-start=\"108\" data-end=\"132\">\n","protected":false},"excerpt":{"rendered":"<p>&#8230;Men vem lyssnar n\u00e4r vargen faktiskt \u00e4r h\u00e4r? R\u00f6dluvan och vargen har skr\u00e4mt barn sedan 1800-talet n\u00e4r br\u00f6derna Grimm skrev boken, men f\u00f6r m\u00e5nga m\u00e4nniskor p\u00e5 landsbygden \u00e4r det inte en saga utan en verklighet. Den p\u00e5verkar och den skr\u00e4mmer. Den \u00e4r n\u00e4rg\u00e5ngen. Den kryper under skinnet och den skapar s\u00f6mnl\u00f6sa n\u00e4tter. Den h\u00e4r fr\u00e5gan&#8230;<\/p>\n","protected":false},"author":366,"featured_media":8605,"comment_status":"open","ping_status":"open","sticky":false,"template":"","format":"standard","meta":[],"categories":[1],"tags":[],"yoast_head":"<!-- This site is optimized with the Yoast SEO plugin v19.6 - https:\/\/yoast.com\/wordpress\/plugins\/seo\/ -->\n<title>Vargen kommer... - M\u00f6rteleks Fr\u00e4lseg\u00e5rd<\/title>\n<meta name=\"robots\" content=\"index, follow, max-snippet:-1, max-image-preview:large, max-video-preview:-1\" \/>\n<link rel=\"canonical\" href=\"https:\/\/blogg.atl.nu\/morteleks-fralsegard\/2026\/09\/04\/vargen-kommer\/\" \/>\n<meta property=\"og:locale\" content=\"sv_SE\" \/>\n<meta property=\"og:type\" content=\"article\" \/>\n<meta property=\"og:title\" content=\"Vargen kommer... - M\u00f6rteleks Fr\u00e4lseg\u00e5rd\" \/>\n<meta property=\"og:description\" content=\"&#8230;Men vem lyssnar n\u00e4r vargen faktiskt \u00e4r h\u00e4r? R\u00f6dluvan och vargen har skr\u00e4mt barn sedan 1800-talet n\u00e4r br\u00f6derna Grimm skrev boken, men f\u00f6r m\u00e5nga m\u00e4nniskor p\u00e5 landsbygden \u00e4r det inte en saga utan en verklighet. Den p\u00e5verkar och den skr\u00e4mmer. Den \u00e4r n\u00e4rg\u00e5ngen. Den kryper under skinnet och den skapar s\u00f6mnl\u00f6sa n\u00e4tter. Den h\u00e4r fr\u00e5gan...\" \/>\n<meta property=\"og:url\" content=\"https:\/\/blogg.atl.nu\/morteleks-fralsegard\/2026\/09\/04\/vargen-kommer\/\" \/>\n<meta property=\"og:site_name\" content=\"M\u00f6rteleks Fr\u00e4lseg\u00e5rd\" \/>\n<meta property=\"article:published_time\" content=\"2026-09-04T20:25:19+00:00\" \/>\n<meta property=\"article:modified_time\" content=\"2026-09-05T05:49:06+00:00\" \/>\n<meta property=\"og:image\" content=\"https:\/\/blogg.atl.nu\/morteleks-fralsegard\/wp-content\/uploads\/sites\/43\/2026\/09\/Resized_20260901_084425_1788510935924.jpeg\" \/>\n\t<meta property=\"og:image:width\" content=\"561\" \/>\n\t<meta property=\"og:image:height\" content=\"426\" \/>\n\t<meta property=\"og:image:type\" content=\"image\/jpeg\" \/>\n<meta name=\"author\" content=\"Viktoria Birgersson\" \/>\n<meta name=\"twitter:card\" content=\"summary_large_image\" \/>\n<meta name=\"twitter:label1\" content=\"Skriven av\" \/>\n\t<meta name=\"twitter:data1\" content=\"Viktoria Birgersson\" \/>\n\t<meta name=\"twitter:label2\" content=\"Ber\u00e4knad l\u00e4stid\" \/>\n\t<meta name=\"twitter:data2\" content=\"3 minuter\" \/>\n<script type=\"application\/ld+json\" class=\"yoast-schema-graph\">{\"@context\":\"https:\/\/schema.org\",\"@graph\":[{\"@type\":\"WebPage\",\"@id\":\"https:\/\/blogg.atl.nu\/morteleks-fralsegard\/2026\/09\/04\/vargen-kommer\/\",\"url\":\"https:\/\/blogg.atl.nu\/morteleks-fralsegard\/2026\/09\/04\/vargen-kommer\/\",\"name\":\"Vargen kommer... - M\u00f6rteleks Fr\u00e4lseg\u00e5rd\",\"isPartOf\":{\"@id\":\"https:\/\/blogg.atl.nu\/morteleks-fralsegard\/#website\"},\"datePublished\":\"2026-09-04T20:25:19+00:00\",\"dateModified\":\"2026-09-05T05:49:06+00:00\",\"author\":{\"@id\":\"https:\/\/blogg.atl.nu\/morteleks-fralsegard\/#\/schema\/person\/0ab22364ef6b1e3febf26c41d4a32b53\"},\"breadcrumb\":{\"@id\":\"https:\/\/blogg.atl.nu\/morteleks-fralsegard\/2026\/09\/04\/vargen-kommer\/#breadcrumb\"},\"inLanguage\":\"sv-SE\",\"potentialAction\":[{\"@type\":\"ReadAction\",\"target\":[\"https:\/\/blogg.atl.nu\/morteleks-fralsegard\/2026\/09\/04\/vargen-kommer\/\"]}]},{\"@type\":\"BreadcrumbList\",\"@id\":\"https:\/\/blogg.atl.nu\/morteleks-fralsegard\/2026\/09\/04\/vargen-kommer\/#breadcrumb\",\"itemListElement\":[{\"@type\":\"ListItem\",\"position\":1,\"name\":\"Home\",\"item\":\"https:\/\/blogg.atl.nu\/morteleks-fralsegard\/\"},{\"@type\":\"ListItem\",\"position\":2,\"name\":\"Vargen kommer&#8230;\"}]},{\"@type\":\"WebSite\",\"@id\":\"https:\/\/blogg.atl.nu\/morteleks-fralsegard\/#website\",\"url\":\"https:\/\/blogg.atl.nu\/morteleks-fralsegard\/\",\"name\":\"M\u00f6rteleks Fr\u00e4lseg\u00e5rd\",\"description\":\"Viktoria Birgersson\",\"potentialAction\":[{\"@type\":\"SearchAction\",\"target\":{\"@type\":\"EntryPoint\",\"urlTemplate\":\"https:\/\/blogg.atl.nu\/morteleks-fralsegard\/?s={search_term_string}\"},\"query-input\":\"required name=search_term_string\"}],\"inLanguage\":\"sv-SE\"},{\"@type\":\"Person\",\"@id\":\"https:\/\/blogg.atl.nu\/morteleks-fralsegard\/#\/schema\/person\/0ab22364ef6b1e3febf26c41d4a32b53\",\"name\":\"Viktoria Birgersson\",\"image\":{\"@type\":\"ImageObject\",\"inLanguage\":\"sv-SE\",\"@id\":\"https:\/\/blogg.atl.nu\/morteleks-fralsegard\/#\/schema\/person\/image\/\",\"url\":\"https:\/\/secure.gravatar.com\/avatar\/66ee725962479e3acb970802c6913bd7?s=96&d=mm&r=g\",\"contentUrl\":\"https:\/\/secure.gravatar.com\/avatar\/66ee725962479e3acb970802c6913bd7?s=96&d=mm&r=g\",\"caption\":\"Viktoria Birgersson\"},\"url\":\"https:\/\/blogg.atl.nu\/morteleks-fralsegard\/author\/morteleks-fralsegard\/\"}]}<\/script>\n<!-- \/ Yoast SEO plugin. -->","yoast_head_json":{"title":"Vargen kommer... - M\u00f6rteleks Fr\u00e4lseg\u00e5rd","robots":{"index":"index","follow":"follow","max-snippet":"max-snippet:-1","max-image-preview":"max-image-preview:large","max-video-preview":"max-video-preview:-1"},"canonical":"https:\/\/blogg.atl.nu\/morteleks-fralsegard\/2026\/09\/04\/vargen-kommer\/","og_locale":"sv_SE","og_type":"article","og_title":"Vargen kommer... - M\u00f6rteleks Fr\u00e4lseg\u00e5rd","og_description":"&#8230;Men vem lyssnar n\u00e4r vargen faktiskt \u00e4r h\u00e4r? R\u00f6dluvan och vargen har skr\u00e4mt barn sedan 1800-talet n\u00e4r br\u00f6derna Grimm skrev boken, men f\u00f6r m\u00e5nga m\u00e4nniskor p\u00e5 landsbygden \u00e4r det inte en saga utan en verklighet. Den p\u00e5verkar och den skr\u00e4mmer. Den \u00e4r n\u00e4rg\u00e5ngen. Den kryper under skinnet och den skapar s\u00f6mnl\u00f6sa n\u00e4tter. Den h\u00e4r fr\u00e5gan...","og_url":"https:\/\/blogg.atl.nu\/morteleks-fralsegard\/2026\/09\/04\/vargen-kommer\/","og_site_name":"M\u00f6rteleks Fr\u00e4lseg\u00e5rd","article_published_time":"2026-09-04T20:25:19+00:00","article_modified_time":"2026-09-05T05:49:06+00:00","og_image":[{"width":561,"height":426,"url":"https:\/\/blogg.atl.nu\/morteleks-fralsegard\/wp-content\/uploads\/sites\/43\/2026\/09\/Resized_20260901_084425_1788510935924.jpeg","type":"image\/jpeg"}],"author":"Viktoria Birgersson","twitter_card":"summary_large_image","twitter_misc":{"Skriven av":"Viktoria Birgersson","Ber\u00e4knad l\u00e4stid":"3 minuter"},"schema":{"@context":"https:\/\/schema.org","@graph":[{"@type":"WebPage","@id":"https:\/\/blogg.atl.nu\/morteleks-fralsegard\/2026\/09\/04\/vargen-kommer\/","url":"https:\/\/blogg.atl.nu\/morteleks-fralsegard\/2026\/09\/04\/vargen-kommer\/","name":"Vargen kommer... - M\u00f6rteleks Fr\u00e4lseg\u00e5rd","isPartOf":{"@id":"https:\/\/blogg.atl.nu\/morteleks-fralsegard\/#website"},"datePublished":"2026-09-04T20:25:19+00:00","dateModified":"2026-09-05T05:49:06+00:00","author":{"@id":"https:\/\/blogg.atl.nu\/morteleks-fralsegard\/#\/schema\/person\/0ab22364ef6b1e3febf26c41d4a32b53"},"breadcrumb":{"@id":"https:\/\/blogg.atl.nu\/morteleks-fralsegard\/2026\/09\/04\/vargen-kommer\/#breadcrumb"},"inLanguage":"sv-SE","potentialAction":[{"@type":"ReadAction","target":["https:\/\/blogg.atl.nu\/morteleks-fralsegard\/2026\/09\/04\/vargen-kommer\/"]}]},{"@type":"BreadcrumbList","@id":"https:\/\/blogg.atl.nu\/morteleks-fralsegard\/2026\/09\/04\/vargen-kommer\/#breadcrumb","itemListElement":[{"@type":"ListItem","position":1,"name":"Home","item":"https:\/\/blogg.atl.nu\/morteleks-fralsegard\/"},{"@type":"ListItem","position":2,"name":"Vargen kommer&#8230;"}]},{"@type":"WebSite","@id":"https:\/\/blogg.atl.nu\/morteleks-fralsegard\/#website","url":"https:\/\/blogg.atl.nu\/morteleks-fralsegard\/","name":"M\u00f6rteleks Fr\u00e4lseg\u00e5rd","description":"Viktoria Birgersson","potentialAction":[{"@type":"SearchAction","target":{"@type":"EntryPoint","urlTemplate":"https:\/\/blogg.atl.nu\/morteleks-fralsegard\/?s={search_term_string}"},"query-input":"required name=search_term_string"}],"inLanguage":"sv-SE"},{"@type":"Person","@id":"https:\/\/blogg.atl.nu\/morteleks-fralsegard\/#\/schema\/person\/0ab22364ef6b1e3febf26c41d4a32b53","name":"Viktoria Birgersson","image":{"@type":"ImageObject","inLanguage":"sv-SE","@id":"https:\/\/blogg.atl.nu\/morteleks-fralsegard\/#\/schema\/person\/image\/","url":"https:\/\/secure.gravatar.com\/avatar\/66ee725962479e3acb970802c6913bd7?s=96&d=mm&r=g","contentUrl":"https:\/\/secure.gravatar.com\/avatar\/66ee725962479e3acb970802c6913bd7?s=96&d=mm&r=g","caption":"Viktoria Birgersson"},"url":"https:\/\/blogg.atl.nu\/morteleks-fralsegard\/author\/morteleks-fralsegard\/"}]}},"_links":{"self":[{"href":"https:\/\/blogg.atl.nu\/morteleks-fralsegard\/wp-json\/wp\/v2\/posts\/8595"}],"collection":[{"href":"https:\/\/blogg.atl.nu\/morteleks-fralsegard\/wp-json\/wp\/v2\/posts"}],"about":[{"href":"https:\/\/blogg.atl.nu\/morteleks-fralsegard\/wp-json\/wp\/v2\/types\/post"}],"author":[{"embeddable":true,"href":"https:\/\/blogg.atl.nu\/morteleks-fralsegard\/wp-json\/wp\/v2\/users\/366"}],"replies":[{"embeddable":true,"href":"https:\/\/blogg.atl.nu\/morteleks-fralsegard\/wp-json\/wp\/v2\/comments?post=8595"}],"version-history":[{"count":10,"href":"https:\/\/blogg.atl.nu\/morteleks-fralsegard\/wp-json\/wp\/v2\/posts\/8595\/revisions"}],"predecessor-version":[{"id":8609,"href":"https:\/\/blogg.atl.nu\/morteleks-fralsegard\/wp-json\/wp\/v2\/posts\/8595\/revisions\/8609"}],"wp:featuredmedia":[{"embeddable":true,"href":"https:\/\/blogg.atl.nu\/morteleks-fralsegard\/wp-json\/wp\/v2\/media\/8605"}],"wp:attachment":[{"href":"https:\/\/blogg.atl.nu\/morteleks-fralsegard\/wp-json\/wp\/v2\/media?parent=8595"}],"wp:term":[{"taxonomy":"category","embeddable":true,"href":"https:\/\/blogg.atl.nu\/morteleks-fralsegard\/wp-json\/wp\/v2\/categories?post=8595"},{"taxonomy":"post_tag","embeddable":true,"href":"https:\/\/blogg.atl.nu\/morteleks-fralsegard\/wp-json\/wp\/v2\/tags?post=8595"}],"curies":[{"name":"wp","href":"https:\/\/api.w.org\/{rel}","templated":true}]}}