{"id":919,"date":"2022-04-17T16:26:51","date_gmt":"2022-04-17T16:26:51","guid":{"rendered":"http:\/\/blogg.atl.nu\/morteleks-fralsegard\/?p=919"},"modified":"2022-04-17T16:26:51","modified_gmt":"2022-04-17T16:26:51","slug":"16-grader-ar-lite-for-varmt-for-en-heldag-i-skogen","status":"publish","type":"post","link":"https:\/\/blogg.atl.nu\/morteleks-fralsegard\/2022\/04\/17\/16-grader-ar-lite-for-varmt-for-en-heldag-i-skogen\/","title":{"rendered":"16 grader \u00e4r lite f\u00f6r varmt f\u00f6r en heldag i skogen"},"content":{"rendered":"<h2>Havregrynsgr\u00f6t i magen, nyslipad kedja p\u00e5 s\u00e5gen och Tjejen med -Redo f\u00f6r en en fin dag i skogen.<\/h2>\n<p>Efter ett par dagar med tv\u00e4ttstugerenovering fick det bli en skogsdag med ytterligare ett vindf\u00e4lle omr\u00e5de. Ett galet stort omr\u00e5de och dagen har g\u00e5tt \u00e5t till att kvista. Imorgon ska allt (f\u00f6rhoppningsvis) ut med hj\u00e4lp av f\u00f6rst\u00e4rkning och ny energi.<\/p>\n<p><img loading=\"lazy\" class=\"alignnone size-medium wp-image-929\" src=\"https:\/\/blogg.atl.nu\/morteleks-fralsegard\/wp-content\/uploads\/sites\/43\/2022\/04\/85D9D12F-7A5E-45AE-A6AB-9070DC80DE1B-300x225.jpeg\" alt=\"\" width=\"300\" height=\"225\" srcset=\"https:\/\/blogg.atl.nu\/morteleks-fralsegard\/wp-content\/uploads\/sites\/43\/2022\/04\/85D9D12F-7A5E-45AE-A6AB-9070DC80DE1B-300x225.jpeg 300w, https:\/\/blogg.atl.nu\/morteleks-fralsegard\/wp-content\/uploads\/sites\/43\/2022\/04\/85D9D12F-7A5E-45AE-A6AB-9070DC80DE1B-768x576.jpeg 768w, https:\/\/blogg.atl.nu\/morteleks-fralsegard\/wp-content\/uploads\/sites\/43\/2022\/04\/85D9D12F-7A5E-45AE-A6AB-9070DC80DE1B-1024x768.jpeg 1024w\" sizes=\"(max-width: 300px) 100vw, 300px\" \/><img loading=\"lazy\" class=\"alignnone size-medium wp-image-926\" src=\"https:\/\/blogg.atl.nu\/morteleks-fralsegard\/wp-content\/uploads\/sites\/43\/2022\/04\/3085F130-402D-4E50-B99B-FA0DCF67EC06-300x225.jpeg\" alt=\"\" width=\"300\" height=\"225\" srcset=\"https:\/\/blogg.atl.nu\/morteleks-fralsegard\/wp-content\/uploads\/sites\/43\/2022\/04\/3085F130-402D-4E50-B99B-FA0DCF67EC06-300x225.jpeg 300w, https:\/\/blogg.atl.nu\/morteleks-fralsegard\/wp-content\/uploads\/sites\/43\/2022\/04\/3085F130-402D-4E50-B99B-FA0DCF67EC06-768x576.jpeg 768w, https:\/\/blogg.atl.nu\/morteleks-fralsegard\/wp-content\/uploads\/sites\/43\/2022\/04\/3085F130-402D-4E50-B99B-FA0DCF67EC06-1024x768.jpeg 1024w\" sizes=\"(max-width: 300px) 100vw, 300px\" \/><\/p>\n<p>Avdelning 77 best\u00e5r av en 40 \u00e5rig skog som innan f\u00f6ryngringsavverkningen i september 2021 var skyddat av stora granar. Granarna var tvungna att tas ner pga granbarkborrar och det var ingen som kunde t\u00e4nka att det 2022 skulle bl\u00e5sa fr\u00e5n norr. V\u00e4stliga vindar \u00e4r vi vana att planera f\u00f6r!<\/p>\n<p><img loading=\"lazy\" class=\"alignnone size-medium wp-image-928\" src=\"https:\/\/blogg.atl.nu\/morteleks-fralsegard\/wp-content\/uploads\/sites\/43\/2022\/04\/003DEF2A-8D56-4337-94DE-E751977E228C-300x225.jpeg\" alt=\"\" width=\"300\" height=\"225\" srcset=\"https:\/\/blogg.atl.nu\/morteleks-fralsegard\/wp-content\/uploads\/sites\/43\/2022\/04\/003DEF2A-8D56-4337-94DE-E751977E228C-300x225.jpeg 300w, https:\/\/blogg.atl.nu\/morteleks-fralsegard\/wp-content\/uploads\/sites\/43\/2022\/04\/003DEF2A-8D56-4337-94DE-E751977E228C-768x576.jpeg 768w, https:\/\/blogg.atl.nu\/morteleks-fralsegard\/wp-content\/uploads\/sites\/43\/2022\/04\/003DEF2A-8D56-4337-94DE-E751977E228C-1024x768.jpeg 1024w\" sizes=\"(max-width: 300px) 100vw, 300px\" \/><img loading=\"lazy\" class=\"alignnone size-medium wp-image-925\" src=\"https:\/\/blogg.atl.nu\/morteleks-fralsegard\/wp-content\/uploads\/sites\/43\/2022\/04\/47C741C3-0EA6-49FF-847C-D6F231273EC1-300x225.jpeg\" alt=\"\" width=\"300\" height=\"225\" srcset=\"https:\/\/blogg.atl.nu\/morteleks-fralsegard\/wp-content\/uploads\/sites\/43\/2022\/04\/47C741C3-0EA6-49FF-847C-D6F231273EC1-300x225.jpeg 300w, https:\/\/blogg.atl.nu\/morteleks-fralsegard\/wp-content\/uploads\/sites\/43\/2022\/04\/47C741C3-0EA6-49FF-847C-D6F231273EC1-768x576.jpeg 768w, https:\/\/blogg.atl.nu\/morteleks-fralsegard\/wp-content\/uploads\/sites\/43\/2022\/04\/47C741C3-0EA6-49FF-847C-D6F231273EC1-1024x768.jpeg 1024w\" sizes=\"(max-width: 300px) 100vw, 300px\" \/><img loading=\"lazy\" class=\"alignnone wp-image-924\" src=\"https:\/\/blogg.atl.nu\/morteleks-fralsegard\/wp-content\/uploads\/sites\/43\/2022\/04\/060AFB53-EFC0-4B00-9856-B4EAA31CA5E7-300x225.jpeg\" alt=\"\" width=\"300\" height=\"225\" srcset=\"https:\/\/blogg.atl.nu\/morteleks-fralsegard\/wp-content\/uploads\/sites\/43\/2022\/04\/060AFB53-EFC0-4B00-9856-B4EAA31CA5E7-300x225.jpeg 300w, https:\/\/blogg.atl.nu\/morteleks-fralsegard\/wp-content\/uploads\/sites\/43\/2022\/04\/060AFB53-EFC0-4B00-9856-B4EAA31CA5E7-768x576.jpeg 768w, https:\/\/blogg.atl.nu\/morteleks-fralsegard\/wp-content\/uploads\/sites\/43\/2022\/04\/060AFB53-EFC0-4B00-9856-B4EAA31CA5E7-1024x768.jpeg 1024w\" sizes=\"(max-width: 300px) 100vw, 300px\" \/><\/p>\n<p>Avdelningen best\u00e5r av ett blandbest\u00e5nd b\u00e5de i \u00e5lder och tr\u00e4dslag (60% tall, 30% l\u00f6v, 10% gran) och \u00e4r klassat som en T24. Det \u00e4r planterat 1981 och \u00e4r ett riktigt fint best\u00e5nd, med ett rikt djur och f\u00e5gelliv. Det finns bla mycket fr\u00f6s\u00e5dda sm\u00e5tr\u00e4d i best\u00e5ndet som ger ett bra skydd f\u00f6r sm\u00e5 v\u00e4nner.<\/p>\n<p><img loading=\"lazy\" class=\"alignnone wp-image-923 size-medium\" src=\"https:\/\/blogg.atl.nu\/morteleks-fralsegard\/wp-content\/uploads\/sites\/43\/2022\/04\/DACC75FD-5520-451B-B5F0-C46C772F42ED-e1650210178355-300x225.jpeg\" alt=\"\" width=\"300\" height=\"225\" srcset=\"https:\/\/blogg.atl.nu\/morteleks-fralsegard\/wp-content\/uploads\/sites\/43\/2022\/04\/DACC75FD-5520-451B-B5F0-C46C772F42ED-e1650210178355-300x225.jpeg 300w, https:\/\/blogg.atl.nu\/morteleks-fralsegard\/wp-content\/uploads\/sites\/43\/2022\/04\/DACC75FD-5520-451B-B5F0-C46C772F42ED-e1650210178355-768x576.jpeg 768w, https:\/\/blogg.atl.nu\/morteleks-fralsegard\/wp-content\/uploads\/sites\/43\/2022\/04\/DACC75FD-5520-451B-B5F0-C46C772F42ED-e1650210178355-1024x768.jpeg 1024w\" sizes=\"(max-width: 300px) 100vw, 300px\" \/><img loading=\"lazy\" class=\"alignnone size-medium wp-image-922\" src=\"https:\/\/blogg.atl.nu\/morteleks-fralsegard\/wp-content\/uploads\/sites\/43\/2022\/04\/E4228FD0-6EB8-4456-A01E-BA787EC9D6ED-300x225.jpeg\" alt=\"\" width=\"300\" height=\"225\" srcset=\"https:\/\/blogg.atl.nu\/morteleks-fralsegard\/wp-content\/uploads\/sites\/43\/2022\/04\/E4228FD0-6EB8-4456-A01E-BA787EC9D6ED-300x225.jpeg 300w, https:\/\/blogg.atl.nu\/morteleks-fralsegard\/wp-content\/uploads\/sites\/43\/2022\/04\/E4228FD0-6EB8-4456-A01E-BA787EC9D6ED-768x576.jpeg 768w, https:\/\/blogg.atl.nu\/morteleks-fralsegard\/wp-content\/uploads\/sites\/43\/2022\/04\/E4228FD0-6EB8-4456-A01E-BA787EC9D6ED-1024x768.jpeg 1024w\" sizes=\"(max-width: 300px) 100vw, 300px\" \/><\/p>\n<p>Energip\u00e5fyllning f\u00f6r 2 och 4-benta skogsarbetare (vissa jobbar mer \u00e4n andra).<\/p>\n<p><img loading=\"lazy\" class=\"alignnone size-medium wp-image-921\" src=\"https:\/\/blogg.atl.nu\/morteleks-fralsegard\/wp-content\/uploads\/sites\/43\/2022\/04\/2BEED524-6686-46A4-A20F-2F6503BDFE67-300x225.jpeg\" alt=\"\" width=\"300\" height=\"225\" srcset=\"https:\/\/blogg.atl.nu\/morteleks-fralsegard\/wp-content\/uploads\/sites\/43\/2022\/04\/2BEED524-6686-46A4-A20F-2F6503BDFE67-300x225.jpeg 300w, https:\/\/blogg.atl.nu\/morteleks-fralsegard\/wp-content\/uploads\/sites\/43\/2022\/04\/2BEED524-6686-46A4-A20F-2F6503BDFE67-768x576.jpeg 768w, https:\/\/blogg.atl.nu\/morteleks-fralsegard\/wp-content\/uploads\/sites\/43\/2022\/04\/2BEED524-6686-46A4-A20F-2F6503BDFE67-1024x768.jpeg 1024w\" sizes=\"(max-width: 300px) 100vw, 300px\" \/><\/p>\n<p>N\u00e4r jag i slutet lyckades k\u00f6ra i sten s\u00e5 suckade jag ljudligt och ifr\u00e5gasatte varf\u00f6r jag inte fick ta de sista tr\u00e4den ocks\u00e5. MEN n\u00e4r jag kom hem och skulle ta mig ur bilen, var jag glad att stenen fanns just d\u00e4r. Med hj\u00e4lp av ett par &#8221;\u00e5ldersljud&#8221; kom jag ur bilen och nu med mat i magen b\u00f6rjar kroppen vara med igen.<\/p>\n<p><img loading=\"lazy\" class=\"alignnone size-medium wp-image-920\" src=\"https:\/\/blogg.atl.nu\/morteleks-fralsegard\/wp-content\/uploads\/sites\/43\/2022\/04\/02BA5725-5A2E-45FA-9B56-70819E93F354-300x225.jpeg\" alt=\"\" width=\"300\" height=\"225\" srcset=\"https:\/\/blogg.atl.nu\/morteleks-fralsegard\/wp-content\/uploads\/sites\/43\/2022\/04\/02BA5725-5A2E-45FA-9B56-70819E93F354-300x225.jpeg 300w, https:\/\/blogg.atl.nu\/morteleks-fralsegard\/wp-content\/uploads\/sites\/43\/2022\/04\/02BA5725-5A2E-45FA-9B56-70819E93F354-768x576.jpeg 768w, https:\/\/blogg.atl.nu\/morteleks-fralsegard\/wp-content\/uploads\/sites\/43\/2022\/04\/02BA5725-5A2E-45FA-9B56-70819E93F354-1024x768.jpeg 1024w\" sizes=\"(max-width: 300px) 100vw, 300px\" \/><\/p>\n<p>Skogliga h\u00e4lsningar fr\u00e5n M\u00f6rteleks Fr\u00e4lseg\u00e5rd <em>-En skogsg\u00e5rd mitt i Sm\u00e5land<\/em><\/p>\n<p>&nbsp;<\/p>\n","protected":false},"excerpt":{"rendered":"<p>Havregrynsgr\u00f6t i magen, nyslipad kedja p\u00e5 s\u00e5gen och Tjejen med -Redo f\u00f6r en en fin dag i skogen. Efter ett par dagar med tv\u00e4ttstugerenovering fick det bli en skogsdag med ytterligare ett vindf\u00e4lle omr\u00e5de. Ett galet stort omr\u00e5de och dagen har g\u00e5tt \u00e5t till att kvista. Imorgon ska allt (f\u00f6rhoppningsvis) ut med hj\u00e4lp av f\u00f6rst\u00e4rkning&#8230;<\/p>\n","protected":false},"author":366,"featured_media":927,"comment_status":"open","ping_status":"open","sticky":false,"template":"","format":"standard","meta":[],"categories":[3],"tags":[],"yoast_head":"<!-- This site is optimized with the Yoast SEO plugin v19.6 - https:\/\/yoast.com\/wordpress\/plugins\/seo\/ -->\n<title>16 grader \u00e4r lite f\u00f6r varmt f\u00f6r en heldag i skogen - M\u00f6rteleks Fr\u00e4lseg\u00e5rd<\/title>\n<meta name=\"robots\" content=\"index, follow, max-snippet:-1, max-image-preview:large, max-video-preview:-1\" \/>\n<link rel=\"canonical\" href=\"https:\/\/blogg.atl.nu\/morteleks-fralsegard\/2022\/04\/17\/16-grader-ar-lite-for-varmt-for-en-heldag-i-skogen\/\" \/>\n<meta property=\"og:locale\" content=\"sv_SE\" \/>\n<meta property=\"og:type\" content=\"article\" \/>\n<meta property=\"og:title\" content=\"16 grader \u00e4r lite f\u00f6r varmt f\u00f6r en heldag i skogen - M\u00f6rteleks Fr\u00e4lseg\u00e5rd\" \/>\n<meta property=\"og:description\" content=\"Havregrynsgr\u00f6t i magen, nyslipad kedja p\u00e5 s\u00e5gen och Tjejen med -Redo f\u00f6r en en fin dag i skogen. Efter ett par dagar med tv\u00e4ttstugerenovering fick det bli en skogsdag med ytterligare ett vindf\u00e4lle omr\u00e5de. Ett galet stort omr\u00e5de och dagen har g\u00e5tt \u00e5t till att kvista. Imorgon ska allt (f\u00f6rhoppningsvis) ut med hj\u00e4lp av f\u00f6rst\u00e4rkning...\" \/>\n<meta property=\"og:url\" content=\"https:\/\/blogg.atl.nu\/morteleks-fralsegard\/2022\/04\/17\/16-grader-ar-lite-for-varmt-for-en-heldag-i-skogen\/\" \/>\n<meta property=\"og:site_name\" content=\"M\u00f6rteleks Fr\u00e4lseg\u00e5rd\" \/>\n<meta property=\"article:published_time\" content=\"2022-04-17T16:26:51+00:00\" \/>\n<meta property=\"og:image\" content=\"https:\/\/blogg.atl.nu\/morteleks-fralsegard\/wp-content\/uploads\/sites\/43\/2022\/04\/43761FE2-AE71-482D-BEFD-BFF00AC0FB71-1024x768.jpeg\" \/>\n\t<meta property=\"og:image:width\" content=\"1024\" \/>\n\t<meta property=\"og:image:height\" content=\"768\" \/>\n\t<meta property=\"og:image:type\" content=\"image\/jpeg\" \/>\n<meta name=\"author\" content=\"Viktoria Birgersson\" \/>\n<meta name=\"twitter:card\" content=\"summary_large_image\" \/>\n<meta name=\"twitter:label1\" content=\"Skriven av\" \/>\n\t<meta name=\"twitter:data1\" content=\"Viktoria Birgersson\" \/>\n\t<meta name=\"twitter:label2\" content=\"Ber\u00e4knad l\u00e4stid\" \/>\n\t<meta name=\"twitter:data2\" content=\"1 minut\" \/>\n<script type=\"application\/ld+json\" class=\"yoast-schema-graph\">{\"@context\":\"https:\/\/schema.org\",\"@graph\":[{\"@type\":\"WebPage\",\"@id\":\"https:\/\/blogg.atl.nu\/morteleks-fralsegard\/2022\/04\/17\/16-grader-ar-lite-for-varmt-for-en-heldag-i-skogen\/\",\"url\":\"https:\/\/blogg.atl.nu\/morteleks-fralsegard\/2022\/04\/17\/16-grader-ar-lite-for-varmt-for-en-heldag-i-skogen\/\",\"name\":\"16 grader \u00e4r lite f\u00f6r varmt f\u00f6r en heldag i skogen - M\u00f6rteleks Fr\u00e4lseg\u00e5rd\",\"isPartOf\":{\"@id\":\"https:\/\/blogg.atl.nu\/morteleks-fralsegard\/#website\"},\"datePublished\":\"2022-04-17T16:26:51+00:00\",\"dateModified\":\"2022-04-17T16:26:51+00:00\",\"author\":{\"@id\":\"https:\/\/blogg.atl.nu\/morteleks-fralsegard\/#\/schema\/person\/0ab22364ef6b1e3febf26c41d4a32b53\"},\"breadcrumb\":{\"@id\":\"https:\/\/blogg.atl.nu\/morteleks-fralsegard\/2022\/04\/17\/16-grader-ar-lite-for-varmt-for-en-heldag-i-skogen\/#breadcrumb\"},\"inLanguage\":\"sv-SE\",\"potentialAction\":[{\"@type\":\"ReadAction\",\"target\":[\"https:\/\/blogg.atl.nu\/morteleks-fralsegard\/2022\/04\/17\/16-grader-ar-lite-for-varmt-for-en-heldag-i-skogen\/\"]}]},{\"@type\":\"BreadcrumbList\",\"@id\":\"https:\/\/blogg.atl.nu\/morteleks-fralsegard\/2022\/04\/17\/16-grader-ar-lite-for-varmt-for-en-heldag-i-skogen\/#breadcrumb\",\"itemListElement\":[{\"@type\":\"ListItem\",\"position\":1,\"name\":\"Home\",\"item\":\"https:\/\/blogg.atl.nu\/morteleks-fralsegard\/\"},{\"@type\":\"ListItem\",\"position\":2,\"name\":\"16 grader \u00e4r lite f\u00f6r varmt f\u00f6r en heldag i skogen\"}]},{\"@type\":\"WebSite\",\"@id\":\"https:\/\/blogg.atl.nu\/morteleks-fralsegard\/#website\",\"url\":\"https:\/\/blogg.atl.nu\/morteleks-fralsegard\/\",\"name\":\"M\u00f6rteleks Fr\u00e4lseg\u00e5rd\",\"description\":\"Viktoria Birgersson\",\"potentialAction\":[{\"@type\":\"SearchAction\",\"target\":{\"@type\":\"EntryPoint\",\"urlTemplate\":\"https:\/\/blogg.atl.nu\/morteleks-fralsegard\/?s={search_term_string}\"},\"query-input\":\"required name=search_term_string\"}],\"inLanguage\":\"sv-SE\"},{\"@type\":\"Person\",\"@id\":\"https:\/\/blogg.atl.nu\/morteleks-fralsegard\/#\/schema\/person\/0ab22364ef6b1e3febf26c41d4a32b53\",\"name\":\"Viktoria Birgersson\",\"image\":{\"@type\":\"ImageObject\",\"inLanguage\":\"sv-SE\",\"@id\":\"https:\/\/blogg.atl.nu\/morteleks-fralsegard\/#\/schema\/person\/image\/\",\"url\":\"https:\/\/secure.gravatar.com\/avatar\/66ee725962479e3acb970802c6913bd7?s=96&d=mm&r=g\",\"contentUrl\":\"https:\/\/secure.gravatar.com\/avatar\/66ee725962479e3acb970802c6913bd7?s=96&d=mm&r=g\",\"caption\":\"Viktoria Birgersson\"},\"url\":\"https:\/\/blogg.atl.nu\/morteleks-fralsegard\/author\/morteleks-fralsegard\/\"}]}<\/script>\n<!-- \/ Yoast SEO plugin. -->","yoast_head_json":{"title":"16 grader \u00e4r lite f\u00f6r varmt f\u00f6r en heldag i skogen - M\u00f6rteleks Fr\u00e4lseg\u00e5rd","robots":{"index":"index","follow":"follow","max-snippet":"max-snippet:-1","max-image-preview":"max-image-preview:large","max-video-preview":"max-video-preview:-1"},"canonical":"https:\/\/blogg.atl.nu\/morteleks-fralsegard\/2022\/04\/17\/16-grader-ar-lite-for-varmt-for-en-heldag-i-skogen\/","og_locale":"sv_SE","og_type":"article","og_title":"16 grader \u00e4r lite f\u00f6r varmt f\u00f6r en heldag i skogen - M\u00f6rteleks Fr\u00e4lseg\u00e5rd","og_description":"Havregrynsgr\u00f6t i magen, nyslipad kedja p\u00e5 s\u00e5gen och Tjejen med -Redo f\u00f6r en en fin dag i skogen. Efter ett par dagar med tv\u00e4ttstugerenovering fick det bli en skogsdag med ytterligare ett vindf\u00e4lle omr\u00e5de. Ett galet stort omr\u00e5de och dagen har g\u00e5tt \u00e5t till att kvista. Imorgon ska allt (f\u00f6rhoppningsvis) ut med hj\u00e4lp av f\u00f6rst\u00e4rkning...","og_url":"https:\/\/blogg.atl.nu\/morteleks-fralsegard\/2022\/04\/17\/16-grader-ar-lite-for-varmt-for-en-heldag-i-skogen\/","og_site_name":"M\u00f6rteleks Fr\u00e4lseg\u00e5rd","article_published_time":"2022-04-17T16:26:51+00:00","og_image":[{"width":1024,"height":768,"url":"https:\/\/blogg.atl.nu\/morteleks-fralsegard\/wp-content\/uploads\/sites\/43\/2022\/04\/43761FE2-AE71-482D-BEFD-BFF00AC0FB71-1024x768.jpeg","type":"image\/jpeg"}],"author":"Viktoria Birgersson","twitter_card":"summary_large_image","twitter_misc":{"Skriven av":"Viktoria Birgersson","Ber\u00e4knad l\u00e4stid":"1 minut"},"schema":{"@context":"https:\/\/schema.org","@graph":[{"@type":"WebPage","@id":"https:\/\/blogg.atl.nu\/morteleks-fralsegard\/2022\/04\/17\/16-grader-ar-lite-for-varmt-for-en-heldag-i-skogen\/","url":"https:\/\/blogg.atl.nu\/morteleks-fralsegard\/2022\/04\/17\/16-grader-ar-lite-for-varmt-for-en-heldag-i-skogen\/","name":"16 grader \u00e4r lite f\u00f6r varmt f\u00f6r en heldag i skogen - M\u00f6rteleks Fr\u00e4lseg\u00e5rd","isPartOf":{"@id":"https:\/\/blogg.atl.nu\/morteleks-fralsegard\/#website"},"datePublished":"2022-04-17T16:26:51+00:00","dateModified":"2022-04-17T16:26:51+00:00","author":{"@id":"https:\/\/blogg.atl.nu\/morteleks-fralsegard\/#\/schema\/person\/0ab22364ef6b1e3febf26c41d4a32b53"},"breadcrumb":{"@id":"https:\/\/blogg.atl.nu\/morteleks-fralsegard\/2022\/04\/17\/16-grader-ar-lite-for-varmt-for-en-heldag-i-skogen\/#breadcrumb"},"inLanguage":"sv-SE","potentialAction":[{"@type":"ReadAction","target":["https:\/\/blogg.atl.nu\/morteleks-fralsegard\/2022\/04\/17\/16-grader-ar-lite-for-varmt-for-en-heldag-i-skogen\/"]}]},{"@type":"BreadcrumbList","@id":"https:\/\/blogg.atl.nu\/morteleks-fralsegard\/2022\/04\/17\/16-grader-ar-lite-for-varmt-for-en-heldag-i-skogen\/#breadcrumb","itemListElement":[{"@type":"ListItem","position":1,"name":"Home","item":"https:\/\/blogg.atl.nu\/morteleks-fralsegard\/"},{"@type":"ListItem","position":2,"name":"16 grader \u00e4r lite f\u00f6r varmt f\u00f6r en heldag i skogen"}]},{"@type":"WebSite","@id":"https:\/\/blogg.atl.nu\/morteleks-fralsegard\/#website","url":"https:\/\/blogg.atl.nu\/morteleks-fralsegard\/","name":"M\u00f6rteleks Fr\u00e4lseg\u00e5rd","description":"Viktoria Birgersson","potentialAction":[{"@type":"SearchAction","target":{"@type":"EntryPoint","urlTemplate":"https:\/\/blogg.atl.nu\/morteleks-fralsegard\/?s={search_term_string}"},"query-input":"required name=search_term_string"}],"inLanguage":"sv-SE"},{"@type":"Person","@id":"https:\/\/blogg.atl.nu\/morteleks-fralsegard\/#\/schema\/person\/0ab22364ef6b1e3febf26c41d4a32b53","name":"Viktoria Birgersson","image":{"@type":"ImageObject","inLanguage":"sv-SE","@id":"https:\/\/blogg.atl.nu\/morteleks-fralsegard\/#\/schema\/person\/image\/","url":"https:\/\/secure.gravatar.com\/avatar\/66ee725962479e3acb970802c6913bd7?s=96&d=mm&r=g","contentUrl":"https:\/\/secure.gravatar.com\/avatar\/66ee725962479e3acb970802c6913bd7?s=96&d=mm&r=g","caption":"Viktoria Birgersson"},"url":"https:\/\/blogg.atl.nu\/morteleks-fralsegard\/author\/morteleks-fralsegard\/"}]}},"_links":{"self":[{"href":"https:\/\/blogg.atl.nu\/morteleks-fralsegard\/wp-json\/wp\/v2\/posts\/919"}],"collection":[{"href":"https:\/\/blogg.atl.nu\/morteleks-fralsegard\/wp-json\/wp\/v2\/posts"}],"about":[{"href":"https:\/\/blogg.atl.nu\/morteleks-fralsegard\/wp-json\/wp\/v2\/types\/post"}],"author":[{"embeddable":true,"href":"https:\/\/blogg.atl.nu\/morteleks-fralsegard\/wp-json\/wp\/v2\/users\/366"}],"replies":[{"embeddable":true,"href":"https:\/\/blogg.atl.nu\/morteleks-fralsegard\/wp-json\/wp\/v2\/comments?post=919"}],"version-history":[{"count":6,"href":"https:\/\/blogg.atl.nu\/morteleks-fralsegard\/wp-json\/wp\/v2\/posts\/919\/revisions"}],"predecessor-version":[{"id":935,"href":"https:\/\/blogg.atl.nu\/morteleks-fralsegard\/wp-json\/wp\/v2\/posts\/919\/revisions\/935"}],"wp:featuredmedia":[{"embeddable":true,"href":"https:\/\/blogg.atl.nu\/morteleks-fralsegard\/wp-json\/wp\/v2\/media\/927"}],"wp:attachment":[{"href":"https:\/\/blogg.atl.nu\/morteleks-fralsegard\/wp-json\/wp\/v2\/media?parent=919"}],"wp:term":[{"taxonomy":"category","embeddable":true,"href":"https:\/\/blogg.atl.nu\/morteleks-fralsegard\/wp-json\/wp\/v2\/categories?post=919"},{"taxonomy":"post_tag","embeddable":true,"href":"https:\/\/blogg.atl.nu\/morteleks-fralsegard\/wp-json\/wp\/v2\/tags?post=919"}],"curies":[{"name":"wp","href":"https:\/\/api.w.org\/{rel}","templated":true}]}}