{"id":936,"date":"2022-04-21T10:15:14","date_gmt":"2022-04-21T10:15:14","guid":{"rendered":"http:\/\/blogg.atl.nu\/morteleks-fralsegard\/?p=936"},"modified":"2022-04-21T10:15:14","modified_gmt":"2022-04-21T10:15:14","slug":"varstadning-lantbruksplast-insamling","status":"publish","type":"post","link":"https:\/\/blogg.atl.nu\/morteleks-fralsegard\/2022\/04\/21\/varstadning-lantbruksplast-insamling\/","title":{"rendered":"V\u00e5rst\u00e4dning -Lantbruksplast insamling"},"content":{"rendered":"<h2>Sommarens ensilagebalar som nu \u00e4r upp\u00e4tna, har l\u00e4mnat plasten efter sig&#8230;<\/h2>\n<h2><img loading=\"lazy\" class=\"alignnone size-medium wp-image-945\" style=\"font-size: 16px\" src=\"https:\/\/blogg.atl.nu\/morteleks-fralsegard\/wp-content\/uploads\/sites\/43\/2022\/04\/46D267A1-4C39-4027-8AB5-56E45CDC5874-300x225.jpeg\" alt=\"\" width=\"300\" height=\"225\" srcset=\"https:\/\/blogg.atl.nu\/morteleks-fralsegard\/wp-content\/uploads\/sites\/43\/2022\/04\/46D267A1-4C39-4027-8AB5-56E45CDC5874-300x225.jpeg 300w, https:\/\/blogg.atl.nu\/morteleks-fralsegard\/wp-content\/uploads\/sites\/43\/2022\/04\/46D267A1-4C39-4027-8AB5-56E45CDC5874-768x576.jpeg 768w, https:\/\/blogg.atl.nu\/morteleks-fralsegard\/wp-content\/uploads\/sites\/43\/2022\/04\/46D267A1-4C39-4027-8AB5-56E45CDC5874-1024x768.jpeg 1024w\" sizes=\"(max-width: 300px) 100vw, 300px\" \/><\/h2>\n<p><strong>F\u00f6rra \u00e5ret m\u00f6tte jag en kommuninv\u00e5nare som var uppr\u00f6rd \u00f6ver hur skr\u00e4pigt det var och att n\u00e5gon sl\u00e4ngt av en massa plast utanf\u00f6r \u00c4lghult och s\u00e5 kan vi ju inte ha det&#8230;.<\/strong><br \/>\n<strong><em>-Det m\u00e5ste vara lantbrukens plastinsamling du menar.<\/em><\/strong><br \/>\n<strong><em>-Va? Samlar lantbruken in sin plast?<\/em><\/strong><\/p>\n<p>Idag och imorgon \u00e4r det inl\u00e4mning av ensilageplast och n\u00e4t, i \u00c5seda och \u00c4lghult, och vi var n\u00e4stan f\u00f6rst p\u00e5 plats.<\/p>\n<p><img loading=\"lazy\" class=\"alignnone size-medium wp-image-942\" src=\"https:\/\/blogg.atl.nu\/morteleks-fralsegard\/wp-content\/uploads\/sites\/43\/2022\/04\/AAAF66FE-BAA0-4FA6-9FF9-B0FC4B50F6FD-300x225.jpeg\" alt=\"\" width=\"300\" height=\"225\" srcset=\"https:\/\/blogg.atl.nu\/morteleks-fralsegard\/wp-content\/uploads\/sites\/43\/2022\/04\/AAAF66FE-BAA0-4FA6-9FF9-B0FC4B50F6FD-300x225.jpeg 300w, https:\/\/blogg.atl.nu\/morteleks-fralsegard\/wp-content\/uploads\/sites\/43\/2022\/04\/AAAF66FE-BAA0-4FA6-9FF9-B0FC4B50F6FD-768x576.jpeg 768w, https:\/\/blogg.atl.nu\/morteleks-fralsegard\/wp-content\/uploads\/sites\/43\/2022\/04\/AAAF66FE-BAA0-4FA6-9FF9-B0FC4B50F6FD-1024x768.jpeg 1024w, https:\/\/blogg.atl.nu\/morteleks-fralsegard\/wp-content\/uploads\/sites\/43\/2022\/04\/AAAF66FE-BAA0-4FA6-9FF9-B0FC4B50F6FD.jpeg 1500w\" sizes=\"(max-width: 300px) 100vw, 300px\" \/><img loading=\"lazy\" class=\"alignnone size-medium wp-image-941\" src=\"https:\/\/blogg.atl.nu\/morteleks-fralsegard\/wp-content\/uploads\/sites\/43\/2022\/04\/C2464EA3-32A6-4D7F-97DD-F9C2C5006E4B-300x225.jpeg\" alt=\"\" width=\"300\" height=\"225\" srcset=\"https:\/\/blogg.atl.nu\/morteleks-fralsegard\/wp-content\/uploads\/sites\/43\/2022\/04\/C2464EA3-32A6-4D7F-97DD-F9C2C5006E4B-300x225.jpeg 300w, https:\/\/blogg.atl.nu\/morteleks-fralsegard\/wp-content\/uploads\/sites\/43\/2022\/04\/C2464EA3-32A6-4D7F-97DD-F9C2C5006E4B-768x576.jpeg 768w, https:\/\/blogg.atl.nu\/morteleks-fralsegard\/wp-content\/uploads\/sites\/43\/2022\/04\/C2464EA3-32A6-4D7F-97DD-F9C2C5006E4B-1024x768.jpeg 1024w\" sizes=\"(max-width: 300px) 100vw, 300px\" \/><\/p>\n<p>N\u00e4r alla har varit p\u00e5 plats och l\u00e4mnat \u00e4r det betydligt mer plast insamlat.<\/p>\n<p><img loading=\"lazy\" class=\"alignnone size-medium wp-image-940\" src=\"https:\/\/blogg.atl.nu\/morteleks-fralsegard\/wp-content\/uploads\/sites\/43\/2022\/04\/22E3D1AD-8C69-4623-B7ED-C599EC2B7AD1-300x225.jpeg\" alt=\"\" width=\"300\" height=\"225\" srcset=\"https:\/\/blogg.atl.nu\/morteleks-fralsegard\/wp-content\/uploads\/sites\/43\/2022\/04\/22E3D1AD-8C69-4623-B7ED-C599EC2B7AD1-300x225.jpeg 300w, https:\/\/blogg.atl.nu\/morteleks-fralsegard\/wp-content\/uploads\/sites\/43\/2022\/04\/22E3D1AD-8C69-4623-B7ED-C599EC2B7AD1-768x576.jpeg 768w, https:\/\/blogg.atl.nu\/morteleks-fralsegard\/wp-content\/uploads\/sites\/43\/2022\/04\/22E3D1AD-8C69-4623-B7ED-C599EC2B7AD1-1024x768.jpeg 1024w\" sizes=\"(max-width: 300px) 100vw, 300px\" \/><\/p>\n<p><a href=\"http:\/\/krsab.nu\/lantbruksplast\/\"><strong>Kretslopp &amp; Recycling i Sverige AB<\/strong><\/a> har uppdraget att samla in och hantera lantbrukens anv\u00e4nda plast i Sverige. 90% av den plast som lantbruken anv\u00e4nder, samlas in och av den material\u00e5tervinns \u00f6ver 90%.<\/p>\n<p>F\u00f6r att uppn\u00e5 en s\u00e5 h\u00f6g kvalitet som m\u00f6jligt \u00e4r det viktigt att plasten \u00e4r sorterad och s\u00e5 ren som m\u00f6jligt. Olika plast har olika egenskaper och kan d\u00e4rf\u00f6r inte blandas.<\/p>\n<p><img loading=\"lazy\" class=\"alignnone size-medium wp-image-944\" src=\"https:\/\/blogg.atl.nu\/morteleks-fralsegard\/wp-content\/uploads\/sites\/43\/2022\/04\/2805204F-8874-47DC-9F31-3E4ACFC42358-300x225.jpeg\" alt=\"\" width=\"300\" height=\"225\" srcset=\"https:\/\/blogg.atl.nu\/morteleks-fralsegard\/wp-content\/uploads\/sites\/43\/2022\/04\/2805204F-8874-47DC-9F31-3E4ACFC42358-300x225.jpeg 300w, https:\/\/blogg.atl.nu\/morteleks-fralsegard\/wp-content\/uploads\/sites\/43\/2022\/04\/2805204F-8874-47DC-9F31-3E4ACFC42358-768x576.jpeg 768w, https:\/\/blogg.atl.nu\/morteleks-fralsegard\/wp-content\/uploads\/sites\/43\/2022\/04\/2805204F-8874-47DC-9F31-3E4ACFC42358-1024x768.jpeg 1024w\" sizes=\"(max-width: 300px) 100vw, 300px\" \/><\/p>\n<p>Desto mer plast som kan \u00e5tervinnas betyder att det blir mindre milj\u00f6avgifter f\u00f6r den plast som k\u00f6ps in. <em>Tillsammans kan alla g\u00f6ra n\u00e5got.<\/em><\/p>\n<p>Sk\u00f6nt att kunna g\u00f6ra check p\u00e5 den!<\/p>\n<p>Skogliga h\u00e4lsningar fr\u00e5n M\u00f6rteleks Fr\u00e4lseg\u00e5rd <em>-En skogsg\u00e5rd mitt i Sm\u00e5land<\/em><\/p>\n<p>&nbsp;<\/p>\n<p>&nbsp;<\/p>\n","protected":false},"excerpt":{"rendered":"<p>Sommarens ensilagebalar som nu \u00e4r upp\u00e4tna, har l\u00e4mnat plasten efter sig&#8230; F\u00f6rra \u00e5ret m\u00f6tte jag en kommuninv\u00e5nare som var uppr\u00f6rd \u00f6ver hur skr\u00e4pigt det var och att n\u00e5gon sl\u00e4ngt av en massa plast utanf\u00f6r \u00c4lghult och s\u00e5 kan vi ju inte ha det&#8230;. -Det m\u00e5ste vara lantbrukens plastinsamling du menar. -Va? Samlar lantbruken in sin&#8230;<\/p>\n","protected":false},"author":366,"featured_media":946,"comment_status":"open","ping_status":"open","sticky":false,"template":"","format":"standard","meta":[],"categories":[1],"tags":[],"yoast_head":"<!-- This site is optimized with the Yoast SEO plugin v19.6 - https:\/\/yoast.com\/wordpress\/plugins\/seo\/ -->\n<title>V\u00e5rst\u00e4dning -Lantbruksplast insamling - M\u00f6rteleks Fr\u00e4lseg\u00e5rd<\/title>\n<meta name=\"robots\" content=\"index, follow, max-snippet:-1, max-image-preview:large, max-video-preview:-1\" \/>\n<link rel=\"canonical\" href=\"https:\/\/blogg.atl.nu\/morteleks-fralsegard\/2022\/04\/21\/varstadning-lantbruksplast-insamling\/\" \/>\n<meta property=\"og:locale\" content=\"sv_SE\" \/>\n<meta property=\"og:type\" content=\"article\" \/>\n<meta property=\"og:title\" content=\"V\u00e5rst\u00e4dning -Lantbruksplast insamling - M\u00f6rteleks Fr\u00e4lseg\u00e5rd\" \/>\n<meta property=\"og:description\" content=\"Sommarens ensilagebalar som nu \u00e4r upp\u00e4tna, har l\u00e4mnat plasten efter sig&#8230; F\u00f6rra \u00e5ret m\u00f6tte jag en kommuninv\u00e5nare som var uppr\u00f6rd \u00f6ver hur skr\u00e4pigt det var och att n\u00e5gon sl\u00e4ngt av en massa plast utanf\u00f6r \u00c4lghult och s\u00e5 kan vi ju inte ha det&#8230;. -Det m\u00e5ste vara lantbrukens plastinsamling du menar. -Va? Samlar lantbruken in sin...\" \/>\n<meta property=\"og:url\" content=\"https:\/\/blogg.atl.nu\/morteleks-fralsegard\/2022\/04\/21\/varstadning-lantbruksplast-insamling\/\" \/>\n<meta property=\"og:site_name\" content=\"M\u00f6rteleks Fr\u00e4lseg\u00e5rd\" \/>\n<meta property=\"article:published_time\" content=\"2022-04-21T10:15:14+00:00\" \/>\n<meta property=\"og:image\" content=\"https:\/\/blogg.atl.nu\/morteleks-fralsegard\/wp-content\/uploads\/sites\/43\/2022\/04\/8D5734F4-5108-49B7-B172-89AD202DAD0F.jpeg\" \/>\n\t<meta property=\"og:image:width\" content=\"828\" \/>\n\t<meta property=\"og:image:height\" content=\"622\" \/>\n\t<meta property=\"og:image:type\" content=\"image\/jpeg\" \/>\n<meta name=\"author\" content=\"Viktoria Birgersson\" \/>\n<meta name=\"twitter:card\" content=\"summary_large_image\" \/>\n<meta name=\"twitter:label1\" content=\"Skriven av\" \/>\n\t<meta name=\"twitter:data1\" content=\"Viktoria Birgersson\" \/>\n\t<meta name=\"twitter:label2\" content=\"Ber\u00e4knad l\u00e4stid\" \/>\n\t<meta name=\"twitter:data2\" content=\"1 minut\" \/>\n<script type=\"application\/ld+json\" class=\"yoast-schema-graph\">{\"@context\":\"https:\/\/schema.org\",\"@graph\":[{\"@type\":\"WebPage\",\"@id\":\"https:\/\/blogg.atl.nu\/morteleks-fralsegard\/2022\/04\/21\/varstadning-lantbruksplast-insamling\/\",\"url\":\"https:\/\/blogg.atl.nu\/morteleks-fralsegard\/2022\/04\/21\/varstadning-lantbruksplast-insamling\/\",\"name\":\"V\u00e5rst\u00e4dning -Lantbruksplast insamling - M\u00f6rteleks Fr\u00e4lseg\u00e5rd\",\"isPartOf\":{\"@id\":\"https:\/\/blogg.atl.nu\/morteleks-fralsegard\/#website\"},\"datePublished\":\"2022-04-21T10:15:14+00:00\",\"dateModified\":\"2022-04-21T10:15:14+00:00\",\"author\":{\"@id\":\"https:\/\/blogg.atl.nu\/morteleks-fralsegard\/#\/schema\/person\/0ab22364ef6b1e3febf26c41d4a32b53\"},\"breadcrumb\":{\"@id\":\"https:\/\/blogg.atl.nu\/morteleks-fralsegard\/2022\/04\/21\/varstadning-lantbruksplast-insamling\/#breadcrumb\"},\"inLanguage\":\"sv-SE\",\"potentialAction\":[{\"@type\":\"ReadAction\",\"target\":[\"https:\/\/blogg.atl.nu\/morteleks-fralsegard\/2022\/04\/21\/varstadning-lantbruksplast-insamling\/\"]}]},{\"@type\":\"BreadcrumbList\",\"@id\":\"https:\/\/blogg.atl.nu\/morteleks-fralsegard\/2022\/04\/21\/varstadning-lantbruksplast-insamling\/#breadcrumb\",\"itemListElement\":[{\"@type\":\"ListItem\",\"position\":1,\"name\":\"Home\",\"item\":\"https:\/\/blogg.atl.nu\/morteleks-fralsegard\/\"},{\"@type\":\"ListItem\",\"position\":2,\"name\":\"V\u00e5rst\u00e4dning -Lantbruksplast insamling\"}]},{\"@type\":\"WebSite\",\"@id\":\"https:\/\/blogg.atl.nu\/morteleks-fralsegard\/#website\",\"url\":\"https:\/\/blogg.atl.nu\/morteleks-fralsegard\/\",\"name\":\"M\u00f6rteleks Fr\u00e4lseg\u00e5rd\",\"description\":\"Viktoria Birgersson\",\"potentialAction\":[{\"@type\":\"SearchAction\",\"target\":{\"@type\":\"EntryPoint\",\"urlTemplate\":\"https:\/\/blogg.atl.nu\/morteleks-fralsegard\/?s={search_term_string}\"},\"query-input\":\"required name=search_term_string\"}],\"inLanguage\":\"sv-SE\"},{\"@type\":\"Person\",\"@id\":\"https:\/\/blogg.atl.nu\/morteleks-fralsegard\/#\/schema\/person\/0ab22364ef6b1e3febf26c41d4a32b53\",\"name\":\"Viktoria Birgersson\",\"image\":{\"@type\":\"ImageObject\",\"inLanguage\":\"sv-SE\",\"@id\":\"https:\/\/blogg.atl.nu\/morteleks-fralsegard\/#\/schema\/person\/image\/\",\"url\":\"https:\/\/secure.gravatar.com\/avatar\/66ee725962479e3acb970802c6913bd7?s=96&d=mm&r=g\",\"contentUrl\":\"https:\/\/secure.gravatar.com\/avatar\/66ee725962479e3acb970802c6913bd7?s=96&d=mm&r=g\",\"caption\":\"Viktoria Birgersson\"},\"url\":\"https:\/\/blogg.atl.nu\/morteleks-fralsegard\/author\/morteleks-fralsegard\/\"}]}<\/script>\n<!-- \/ Yoast SEO plugin. -->","yoast_head_json":{"title":"V\u00e5rst\u00e4dning -Lantbruksplast insamling - M\u00f6rteleks Fr\u00e4lseg\u00e5rd","robots":{"index":"index","follow":"follow","max-snippet":"max-snippet:-1","max-image-preview":"max-image-preview:large","max-video-preview":"max-video-preview:-1"},"canonical":"https:\/\/blogg.atl.nu\/morteleks-fralsegard\/2022\/04\/21\/varstadning-lantbruksplast-insamling\/","og_locale":"sv_SE","og_type":"article","og_title":"V\u00e5rst\u00e4dning -Lantbruksplast insamling - M\u00f6rteleks Fr\u00e4lseg\u00e5rd","og_description":"Sommarens ensilagebalar som nu \u00e4r upp\u00e4tna, har l\u00e4mnat plasten efter sig&#8230; F\u00f6rra \u00e5ret m\u00f6tte jag en kommuninv\u00e5nare som var uppr\u00f6rd \u00f6ver hur skr\u00e4pigt det var och att n\u00e5gon sl\u00e4ngt av en massa plast utanf\u00f6r \u00c4lghult och s\u00e5 kan vi ju inte ha det&#8230;. -Det m\u00e5ste vara lantbrukens plastinsamling du menar. -Va? Samlar lantbruken in sin...","og_url":"https:\/\/blogg.atl.nu\/morteleks-fralsegard\/2022\/04\/21\/varstadning-lantbruksplast-insamling\/","og_site_name":"M\u00f6rteleks Fr\u00e4lseg\u00e5rd","article_published_time":"2022-04-21T10:15:14+00:00","og_image":[{"width":828,"height":622,"url":"https:\/\/blogg.atl.nu\/morteleks-fralsegard\/wp-content\/uploads\/sites\/43\/2022\/04\/8D5734F4-5108-49B7-B172-89AD202DAD0F.jpeg","type":"image\/jpeg"}],"author":"Viktoria Birgersson","twitter_card":"summary_large_image","twitter_misc":{"Skriven av":"Viktoria Birgersson","Ber\u00e4knad l\u00e4stid":"1 minut"},"schema":{"@context":"https:\/\/schema.org","@graph":[{"@type":"WebPage","@id":"https:\/\/blogg.atl.nu\/morteleks-fralsegard\/2022\/04\/21\/varstadning-lantbruksplast-insamling\/","url":"https:\/\/blogg.atl.nu\/morteleks-fralsegard\/2022\/04\/21\/varstadning-lantbruksplast-insamling\/","name":"V\u00e5rst\u00e4dning -Lantbruksplast insamling - M\u00f6rteleks Fr\u00e4lseg\u00e5rd","isPartOf":{"@id":"https:\/\/blogg.atl.nu\/morteleks-fralsegard\/#website"},"datePublished":"2022-04-21T10:15:14+00:00","dateModified":"2022-04-21T10:15:14+00:00","author":{"@id":"https:\/\/blogg.atl.nu\/morteleks-fralsegard\/#\/schema\/person\/0ab22364ef6b1e3febf26c41d4a32b53"},"breadcrumb":{"@id":"https:\/\/blogg.atl.nu\/morteleks-fralsegard\/2022\/04\/21\/varstadning-lantbruksplast-insamling\/#breadcrumb"},"inLanguage":"sv-SE","potentialAction":[{"@type":"ReadAction","target":["https:\/\/blogg.atl.nu\/morteleks-fralsegard\/2022\/04\/21\/varstadning-lantbruksplast-insamling\/"]}]},{"@type":"BreadcrumbList","@id":"https:\/\/blogg.atl.nu\/morteleks-fralsegard\/2022\/04\/21\/varstadning-lantbruksplast-insamling\/#breadcrumb","itemListElement":[{"@type":"ListItem","position":1,"name":"Home","item":"https:\/\/blogg.atl.nu\/morteleks-fralsegard\/"},{"@type":"ListItem","position":2,"name":"V\u00e5rst\u00e4dning -Lantbruksplast insamling"}]},{"@type":"WebSite","@id":"https:\/\/blogg.atl.nu\/morteleks-fralsegard\/#website","url":"https:\/\/blogg.atl.nu\/morteleks-fralsegard\/","name":"M\u00f6rteleks Fr\u00e4lseg\u00e5rd","description":"Viktoria Birgersson","potentialAction":[{"@type":"SearchAction","target":{"@type":"EntryPoint","urlTemplate":"https:\/\/blogg.atl.nu\/morteleks-fralsegard\/?s={search_term_string}"},"query-input":"required name=search_term_string"}],"inLanguage":"sv-SE"},{"@type":"Person","@id":"https:\/\/blogg.atl.nu\/morteleks-fralsegard\/#\/schema\/person\/0ab22364ef6b1e3febf26c41d4a32b53","name":"Viktoria Birgersson","image":{"@type":"ImageObject","inLanguage":"sv-SE","@id":"https:\/\/blogg.atl.nu\/morteleks-fralsegard\/#\/schema\/person\/image\/","url":"https:\/\/secure.gravatar.com\/avatar\/66ee725962479e3acb970802c6913bd7?s=96&d=mm&r=g","contentUrl":"https:\/\/secure.gravatar.com\/avatar\/66ee725962479e3acb970802c6913bd7?s=96&d=mm&r=g","caption":"Viktoria Birgersson"},"url":"https:\/\/blogg.atl.nu\/morteleks-fralsegard\/author\/morteleks-fralsegard\/"}]}},"_links":{"self":[{"href":"https:\/\/blogg.atl.nu\/morteleks-fralsegard\/wp-json\/wp\/v2\/posts\/936"}],"collection":[{"href":"https:\/\/blogg.atl.nu\/morteleks-fralsegard\/wp-json\/wp\/v2\/posts"}],"about":[{"href":"https:\/\/blogg.atl.nu\/morteleks-fralsegard\/wp-json\/wp\/v2\/types\/post"}],"author":[{"embeddable":true,"href":"https:\/\/blogg.atl.nu\/morteleks-fralsegard\/wp-json\/wp\/v2\/users\/366"}],"replies":[{"embeddable":true,"href":"https:\/\/blogg.atl.nu\/morteleks-fralsegard\/wp-json\/wp\/v2\/comments?post=936"}],"version-history":[{"count":9,"href":"https:\/\/blogg.atl.nu\/morteleks-fralsegard\/wp-json\/wp\/v2\/posts\/936\/revisions"}],"predecessor-version":[{"id":955,"href":"https:\/\/blogg.atl.nu\/morteleks-fralsegard\/wp-json\/wp\/v2\/posts\/936\/revisions\/955"}],"wp:featuredmedia":[{"embeddable":true,"href":"https:\/\/blogg.atl.nu\/morteleks-fralsegard\/wp-json\/wp\/v2\/media\/946"}],"wp:attachment":[{"href":"https:\/\/blogg.atl.nu\/morteleks-fralsegard\/wp-json\/wp\/v2\/media?parent=936"}],"wp:term":[{"taxonomy":"category","embeddable":true,"href":"https:\/\/blogg.atl.nu\/morteleks-fralsegard\/wp-json\/wp\/v2\/categories?post=936"},{"taxonomy":"post_tag","embeddable":true,"href":"https:\/\/blogg.atl.nu\/morteleks-fralsegard\/wp-json\/wp\/v2\/tags?post=936"}],"curies":[{"name":"wp","href":"https:\/\/api.w.org\/{rel}","templated":true}]}}