{"id":213,"date":"2016-10-17T22:12:20","date_gmt":"2016-10-17T21:12:20","guid":{"rendered":"http:\/\/blogg.atl.nu\/?p=213"},"modified":"2016-10-17T22:12:20","modified_gmt":"2016-10-17T21:12:20","slug":"spadomar-och-elfel","status":"publish","type":"post","link":"https:\/\/blogg.atl.nu\/nysater\/2016\/10\/17\/spadomar-och-elfel\/","title":{"rendered":"Sp\u00e5domar och elfel"},"content":{"rendered":"<p><img loading=\"lazy\" class=\"alignnone size-full wp-image-215\" src=\"https:\/\/blogg.atl.nu\/app\/uploads\/2016\/10\/tjurar-srb.jpg\" alt=\"tjurar-srb\" width=\"960\" height=\"720\" \/><strong>En s\u00e5dan dag det var ig\u00e5r.<\/strong> Som jag v\u00e4ntade p\u00e5 katastrofer och olyckor utan att n\u00e5got h\u00e4nde \u00f6ver huvud taget! Inget v\u00e4rre \u00e4n vanligt i alla fall. En tur till stan utan pl\u00e5nbok r\u00e4knas ju liksom inte. Och inte heller det d\u00e4r med den trasiga mobilladdaren, \u00e4ven om det var jobbigt.<\/p>\n<p><strong>Men jag funderar p\u00e5 om det kanske kan vara s\u00e5 att mediet tog fel p\u00e5 dag bara? Att det inte var ig\u00e5r utan idag n\u00e5got jobbigt skulle h\u00e4nda?<br \/>\n<\/strong>Jag b\u00f6rjar n\u00e4stan misst\u00e4nka det f\u00f6r i kv\u00e4ll fick vi n\u00e4mligen allvarliga problem med v\u00e5r hjullastare. Den vill inte alls som vi vill l\u00e4ngre. Och jag tror det \u00e4r bra att jag har varit s\u00e5 noga med de d\u00e4r vitaminerna f\u00f6r det h\u00e4r kan nog bli riktigt p\u00e5frestande.<\/p>\n<p>Just innan den h\u00e4r lastmaskinen, en L45B, slutade fungera gick jag och t\u00e4nkte p\u00e5 hur jag ska l\u00e4gga upp jobbet den n\u00e4rmaste tiden. Jag anv\u00e4nder ju hjullastaren varje dag till allt som har med djursk\u00f6tseln att g\u00f6ra men just nu beh\u00f6ver Danne den ocks\u00e5. Han har precis b\u00f6rjat med fastg\u00f6dseln och m\u00e5ste s\u00e5klart ha n\u00e5got att lasta spridaren med. Och eftersom ingen annan traktor finns ledig \u00e5t mig f\u00e5r vi turas om helt enkelt. Det \u00e4r ett evigt byte mellan skopa och balgrip och man f\u00e5r skynda sig som sjutton f\u00f6r att inte spridaren ska beh\u00f6va v\u00e4nta. Lite stressande och ineffektivt k\u00e4nns det allt men s\u00e5 l\u00e4nge traktorn behagade fungera gick det ju bra!<\/p>\n<p>Nu st\u00e5r den h\u00e4r ute och sk\u00e4ms \u00f6ver natten, 45:an, och i morgon ska vi se vad det kan vara f\u00f6r fel. N\u00e5got elrelaterat \u00e4r visst den fr\u00e4msta misstanken och tja, jag vet inte om det \u00e4r bra eller d\u00e5ligt.<\/p>\n<p>Inga bilder p\u00e5 otyget har jag heller men jag bjuder p\u00e5 den h\u00e4r i st\u00e4llet. En tr\u00f6stande kopp kaffe framburen av Elias, eller baristan, som vi brukar kalla honom. Mycket seri\u00f6s n\u00e4r han \u00e4r i tj\u00e4nst som kaffeexpert och servit\u00f6r och som en liten twist i tillvaron har han enbart kalsonger (i b\u00e4sta fall) under det fina Svenskt K\u00f6tt-f\u00f6rkl\u00e4det!<\/p>\n<p><img loading=\"lazy\" class=\"alignnone size-full wp-image-214\" src=\"https:\/\/blogg.atl.nu\/app\/uploads\/2016\/10\/barista.jpg\" alt=\"barista\" width=\"720\" height=\"960\" \/><\/p>\n","protected":false},"excerpt":{"rendered":"<p>En s\u00e5dan dag det var ig\u00e5r. Som jag v\u00e4ntade p\u00e5 katastrofer och olyckor utan att n\u00e5got h\u00e4nde \u00f6ver huvud taget! Inget v\u00e4rre \u00e4n vanligt i alla fall. En tur till stan utan pl\u00e5nbok r\u00e4knas ju liksom inte. Och inte heller det d\u00e4r med den trasiga mobilladdaren, \u00e4ven om det var jobbigt. Men jag funderar p\u00e5&#8230;<\/p>\n","protected":false},"author":338,"featured_media":215,"comment_status":"open","ping_status":"open","sticky":false,"template":"","format":"standard","meta":[],"categories":[2],"tags":[12,3,6],"yoast_head":"<!-- This site is optimized with the Yoast SEO plugin v19.6 - https:\/\/yoast.com\/wordpress\/plugins\/seo\/ -->\n<title>Sp\u00e5domar och elfel - Nys\u00e4ter lantbruk<\/title>\n<meta name=\"robots\" content=\"index, follow, max-snippet:-1, max-image-preview:large, max-video-preview:-1\" \/>\n<link rel=\"canonical\" href=\"https:\/\/blogg.atl.nu\/nysater\/2016\/10\/17\/spadomar-och-elfel\/\" \/>\n<meta property=\"og:locale\" content=\"sv_SE\" \/>\n<meta property=\"og:type\" content=\"article\" \/>\n<meta property=\"og:title\" content=\"Sp\u00e5domar och elfel - Nys\u00e4ter lantbruk\" \/>\n<meta property=\"og:description\" content=\"En s\u00e5dan dag det var ig\u00e5r. Som jag v\u00e4ntade p\u00e5 katastrofer och olyckor utan att n\u00e5got h\u00e4nde \u00f6ver huvud taget! Inget v\u00e4rre \u00e4n vanligt i alla fall. En tur till stan utan pl\u00e5nbok r\u00e4knas ju liksom inte. Och inte heller det d\u00e4r med den trasiga mobilladdaren, \u00e4ven om det var jobbigt. Men jag funderar p\u00e5...\" \/>\n<meta property=\"og:url\" content=\"https:\/\/blogg.atl.nu\/nysater\/2016\/10\/17\/spadomar-och-elfel\/\" \/>\n<meta property=\"og:site_name\" content=\"Nys\u00e4ter lantbruk\" \/>\n<meta property=\"article:published_time\" content=\"2016-10-17T21:12:20+00:00\" \/>\n<meta name=\"author\" content=\"Elin Bergstr\u00f6m\" \/>\n<meta name=\"twitter:card\" content=\"summary\" \/>\n<meta name=\"twitter:label1\" content=\"Skriven av\" \/>\n\t<meta name=\"twitter:data1\" content=\"Elin Bergstr\u00f6m\" \/>\n\t<meta name=\"twitter:label2\" content=\"Ber\u00e4knad l\u00e4stid\" \/>\n\t<meta name=\"twitter:data2\" content=\"2 minuter\" \/>\n<script type=\"application\/ld+json\" class=\"yoast-schema-graph\">{\"@context\":\"https:\/\/schema.org\",\"@graph\":[{\"@type\":\"WebPage\",\"@id\":\"https:\/\/blogg.atl.nu\/nysater\/2016\/10\/17\/spadomar-och-elfel\/\",\"url\":\"https:\/\/blogg.atl.nu\/nysater\/2016\/10\/17\/spadomar-och-elfel\/\",\"name\":\"Sp\u00e5domar och elfel - Nys\u00e4ter lantbruk\",\"isPartOf\":{\"@id\":\"https:\/\/blogg.atl.nu\/nysater\/#website\"},\"datePublished\":\"2016-10-17T21:12:20+00:00\",\"dateModified\":\"2016-10-17T21:12:20+00:00\",\"author\":{\"@id\":\"https:\/\/blogg.atl.nu\/nysater\/#\/schema\/person\/44ec87efb92df15b0f3b0c68a84c7c0f\"},\"breadcrumb\":{\"@id\":\"https:\/\/blogg.atl.nu\/nysater\/2016\/10\/17\/spadomar-och-elfel\/#breadcrumb\"},\"inLanguage\":\"sv-SE\",\"potentialAction\":[{\"@type\":\"ReadAction\",\"target\":[\"https:\/\/blogg.atl.nu\/nysater\/2016\/10\/17\/spadomar-och-elfel\/\"]}]},{\"@type\":\"BreadcrumbList\",\"@id\":\"https:\/\/blogg.atl.nu\/nysater\/2016\/10\/17\/spadomar-och-elfel\/#breadcrumb\",\"itemListElement\":[{\"@type\":\"ListItem\",\"position\":1,\"name\":\"Hem\",\"item\":\"https:\/\/blogg.atl.nu\/nysater\/\"},{\"@type\":\"ListItem\",\"position\":2,\"name\":\"Sp\u00e5domar och elfel\"}]},{\"@type\":\"WebSite\",\"@id\":\"https:\/\/blogg.atl.nu\/nysater\/#website\",\"url\":\"https:\/\/blogg.atl.nu\/nysater\/\",\"name\":\"Nys\u00e4ter lantbruk\",\"description\":\"Elin Bergstr\u00f6m\",\"potentialAction\":[{\"@type\":\"SearchAction\",\"target\":{\"@type\":\"EntryPoint\",\"urlTemplate\":\"https:\/\/blogg.atl.nu\/nysater\/?s={search_term_string}\"},\"query-input\":\"required name=search_term_string\"}],\"inLanguage\":\"sv-SE\"},{\"@type\":\"Person\",\"@id\":\"https:\/\/blogg.atl.nu\/nysater\/#\/schema\/person\/44ec87efb92df15b0f3b0c68a84c7c0f\",\"name\":\"Elin Bergstr\u00f6m\",\"image\":{\"@type\":\"ImageObject\",\"inLanguage\":\"sv-SE\",\"@id\":\"https:\/\/blogg.atl.nu\/nysater\/#\/schema\/person\/image\/\",\"url\":\"https:\/\/secure.gravatar.com\/avatar\/c68fea4c0b5b10e41c5a9ecd1fb1b3c0?s=96&d=mm&r=g\",\"contentUrl\":\"https:\/\/secure.gravatar.com\/avatar\/c68fea4c0b5b10e41c5a9ecd1fb1b3c0?s=96&d=mm&r=g\",\"caption\":\"Elin Bergstr\u00f6m\"},\"url\":\"https:\/\/blogg.atl.nu\/nysater\/author\/elin\/\"}]}<\/script>\n<!-- \/ Yoast SEO plugin. -->","yoast_head_json":{"title":"Sp\u00e5domar och elfel - Nys\u00e4ter lantbruk","robots":{"index":"index","follow":"follow","max-snippet":"max-snippet:-1","max-image-preview":"max-image-preview:large","max-video-preview":"max-video-preview:-1"},"canonical":"https:\/\/blogg.atl.nu\/nysater\/2016\/10\/17\/spadomar-och-elfel\/","og_locale":"sv_SE","og_type":"article","og_title":"Sp\u00e5domar och elfel - Nys\u00e4ter lantbruk","og_description":"En s\u00e5dan dag det var ig\u00e5r. Som jag v\u00e4ntade p\u00e5 katastrofer och olyckor utan att n\u00e5got h\u00e4nde \u00f6ver huvud taget! Inget v\u00e4rre \u00e4n vanligt i alla fall. En tur till stan utan pl\u00e5nbok r\u00e4knas ju liksom inte. Och inte heller det d\u00e4r med den trasiga mobilladdaren, \u00e4ven om det var jobbigt. Men jag funderar p\u00e5...","og_url":"https:\/\/blogg.atl.nu\/nysater\/2016\/10\/17\/spadomar-och-elfel\/","og_site_name":"Nys\u00e4ter lantbruk","article_published_time":"2016-10-17T21:12:20+00:00","author":"Elin Bergstr\u00f6m","twitter_card":"summary","twitter_misc":{"Skriven av":"Elin Bergstr\u00f6m","Ber\u00e4knad l\u00e4stid":"2 minuter"},"schema":{"@context":"https:\/\/schema.org","@graph":[{"@type":"WebPage","@id":"https:\/\/blogg.atl.nu\/nysater\/2016\/10\/17\/spadomar-och-elfel\/","url":"https:\/\/blogg.atl.nu\/nysater\/2016\/10\/17\/spadomar-och-elfel\/","name":"Sp\u00e5domar och elfel - Nys\u00e4ter lantbruk","isPartOf":{"@id":"https:\/\/blogg.atl.nu\/nysater\/#website"},"datePublished":"2016-10-17T21:12:20+00:00","dateModified":"2016-10-17T21:12:20+00:00","author":{"@id":"https:\/\/blogg.atl.nu\/nysater\/#\/schema\/person\/44ec87efb92df15b0f3b0c68a84c7c0f"},"breadcrumb":{"@id":"https:\/\/blogg.atl.nu\/nysater\/2016\/10\/17\/spadomar-och-elfel\/#breadcrumb"},"inLanguage":"sv-SE","potentialAction":[{"@type":"ReadAction","target":["https:\/\/blogg.atl.nu\/nysater\/2016\/10\/17\/spadomar-och-elfel\/"]}]},{"@type":"BreadcrumbList","@id":"https:\/\/blogg.atl.nu\/nysater\/2016\/10\/17\/spadomar-och-elfel\/#breadcrumb","itemListElement":[{"@type":"ListItem","position":1,"name":"Hem","item":"https:\/\/blogg.atl.nu\/nysater\/"},{"@type":"ListItem","position":2,"name":"Sp\u00e5domar och elfel"}]},{"@type":"WebSite","@id":"https:\/\/blogg.atl.nu\/nysater\/#website","url":"https:\/\/blogg.atl.nu\/nysater\/","name":"Nys\u00e4ter lantbruk","description":"Elin Bergstr\u00f6m","potentialAction":[{"@type":"SearchAction","target":{"@type":"EntryPoint","urlTemplate":"https:\/\/blogg.atl.nu\/nysater\/?s={search_term_string}"},"query-input":"required name=search_term_string"}],"inLanguage":"sv-SE"},{"@type":"Person","@id":"https:\/\/blogg.atl.nu\/nysater\/#\/schema\/person\/44ec87efb92df15b0f3b0c68a84c7c0f","name":"Elin Bergstr\u00f6m","image":{"@type":"ImageObject","inLanguage":"sv-SE","@id":"https:\/\/blogg.atl.nu\/nysater\/#\/schema\/person\/image\/","url":"https:\/\/secure.gravatar.com\/avatar\/c68fea4c0b5b10e41c5a9ecd1fb1b3c0?s=96&d=mm&r=g","contentUrl":"https:\/\/secure.gravatar.com\/avatar\/c68fea4c0b5b10e41c5a9ecd1fb1b3c0?s=96&d=mm&r=g","caption":"Elin Bergstr\u00f6m"},"url":"https:\/\/blogg.atl.nu\/nysater\/author\/elin\/"}]}},"_links":{"self":[{"href":"https:\/\/blogg.atl.nu\/nysater\/wp-json\/wp\/v2\/posts\/213"}],"collection":[{"href":"https:\/\/blogg.atl.nu\/nysater\/wp-json\/wp\/v2\/posts"}],"about":[{"href":"https:\/\/blogg.atl.nu\/nysater\/wp-json\/wp\/v2\/types\/post"}],"author":[{"embeddable":true,"href":"https:\/\/blogg.atl.nu\/nysater\/wp-json\/wp\/v2\/users\/338"}],"replies":[{"embeddable":true,"href":"https:\/\/blogg.atl.nu\/nysater\/wp-json\/wp\/v2\/comments?post=213"}],"version-history":[{"count":0,"href":"https:\/\/blogg.atl.nu\/nysater\/wp-json\/wp\/v2\/posts\/213\/revisions"}],"wp:featuredmedia":[{"embeddable":true,"href":"https:\/\/blogg.atl.nu\/nysater\/wp-json\/"}],"wp:attachment":[{"href":"https:\/\/blogg.atl.nu\/nysater\/wp-json\/wp\/v2\/media?parent=213"}],"wp:term":[{"taxonomy":"category","embeddable":true,"href":"https:\/\/blogg.atl.nu\/nysater\/wp-json\/wp\/v2\/categories?post=213"},{"taxonomy":"post_tag","embeddable":true,"href":"https:\/\/blogg.atl.nu\/nysater\/wp-json\/wp\/v2\/tags?post=213"}],"curies":[{"name":"wp","href":"https:\/\/api.w.org\/{rel}","templated":true}]}}