{"id":218695,"date":"2017-04-03T19:28:57","date_gmt":"2017-04-03T18:28:57","guid":{"rendered":"http:\/\/blogg.atl.nu\/?p=218695"},"modified":"2017-04-03T19:28:57","modified_gmt":"2017-04-03T18:28:57","slug":"darfor-borde-jag-inte-jogga-morker","status":"publish","type":"post","link":"https:\/\/blogg.atl.nu\/nysater\/2017\/04\/03\/darfor-borde-jag-inte-jogga-morker\/","title":{"rendered":"D\u00e4rf\u00f6r borde jag inte jogga i m\u00f6rker"},"content":{"rendered":"<p><strong>Det finns saker som \u00e4r j\u00e4ttebra med att springa i m\u00f6rker.<\/strong> Som att man inte \u00e4r s\u00e5 l\u00e4tt att identifiera.<\/p>\n<p>Jag t\u00e4nker att det kan vara bra att alla inte vet att det \u00e4r jag som \u00e4r ute och joggar i l\u00e5ngkalsonger, ungarnas reflexv\u00e4st och Peltork\u00e5por. Men \u00e5 andra sidan, vem skulle vara den f\u00f6rsta folk gissade p\u00e5?<\/p>\n<p><strong>Men d\u00e5liga saker d\u00e5?<\/strong> Jo, f\u00f6rst och fr\u00e4mst lite samma som ovan, att man syns f\u00f6rj\u00e4vla d\u00e5ligt. Jag vet ju sj\u00e4lv hur irriterande det kan vara och hur r\u00e4dd man blir n\u00e4r man k\u00f6r bil och ser folk l\u00e4ngs v\u00e4gen i m\u00f6rkret. Nog f\u00f6r att jag har den d\u00e4r reflexv\u00e4sten men som bilf\u00f6rare biter man ju ihop k\u00e4karna stenh\u00e5rt n\u00e4r man ser en kv\u00e4llsjoggare och v\u00e4ser saker som <em>&#8221;&#8230;inget hem att g\u00e5 till?&#8230;&#8221;<\/em> och <em>&#8221;&#8230;j\u00e4vla s\u00e4tt&#8230;&#8221;<\/em> och <em>&#8221;&#8230;man vill v\u00e4l inte k\u00f6ra ihj\u00e4l folk&#8230;&#8221;<\/em> etc.<\/p>\n<p><strong>Men sen \u00e4r det ju inte bara det att bilf\u00f6rare kan ha sv\u00e5rt att se mig. Jag sj\u00e4lv har ju sv\u00e5rt att se var jag springer!<\/strong><\/p>\n<p>Ig\u00e5r sprang jag sent p\u00e5 kv\u00e4llen. Det var m\u00f6rkt och dessutom dimmigt. Det var inte m\u00e5nga bilar ute men det r\u00e4ckte med en f\u00f6r att det skulle bli besv\u00e4rligt.<\/p>\n<p><strong>Jag sprang och sprang och det gick hyfsat bra tyckte jag. Jag hade hittat en bra l\u00e5tlista p\u00e5 Spotify och peppade mig sj\u00e4lv med tankar p\u00e5 att om jag orkar dansa fyra timmar i str\u00e4ck s\u00e5 m\u00e5ste jag v\u00e4l kunna springa en halvtimme om jag f\u00e5r lyssna p\u00e5 bra musik samtidigt.<\/strong><\/p>\n<p>N\u00e5v\u00e4l, jag s\u00e5g att en bil kom emot mig p\u00e5 lite avst\u00e5nd och t\u00e4nkte att nu ska jag h\u00e5lla ut ordentligt eftersom jag kanske syns d\u00e5ligt och allt det d\u00e4r. Jaha, s\u00e5 jag drog mig \u00e5t v\u00e4nster och ut p\u00e5 v\u00e4grenen. Men s\u00e5 tog v\u00e4grenen slut! \u00a0Precis n\u00e4r bilen k\u00f6rde f\u00f6rbi mig ramlade jag handl\u00f6st ner i diket! Armar och ben \u00e5t alla h\u00e5ll, reflexv\u00e4sten p\u00e5 sned och k\u00e5porna tv\u00e4rs \u00f6ver \u00f6gonen! Klantiga, d\u00e5re till m\u00e4nniska, t\u00e4nkte jag, nu skyndar du dig upp igen! Inte bli kvar h\u00e4r som en padda!<br \/>\nBilen for f\u00f6rbi och jag hade f\u00e5tt ett uppskrapat kn\u00e4 men v\u00e4rre var det inte s\u00e5 jag var raskt uppe igen och fortsatte springa.<\/p>\n<p><strong>Pl\u00f6tsligt kom en bil upp bakom mig&#8230;<\/strong>\u00a0Men den k\u00f6rde inte f\u00f6rbi utan saktade ner&#8230; Till slut stannade den och jag fick g\u00e5 fram till f\u00f6rard\u00f6rren. Svettig och uppskrapad och med musiken d\u00e5nande ur k\u00e5porna. Det var samma bil som hade m\u00f6tt mig nyss. F\u00f6raren hade sett att jag rasade ner i diket och kravlade upp igen lika fort. Sedan hade han \u00e4ven sett en varningstriangel i n\u00e4rheten och t\u00e4nkt att \u00a0det kanske hade varit en olycka d\u00e4r eller n\u00e5got. Men det hade det ju inte utan jag fick f\u00f6rklara att nej, jag \u00e4r bara ute och motionerar lite h\u00e4r&#8230; Komma i form du vet&#8230; Br\u00e4nna bort lite aggressioner&#8230;.Och s\u00e5nt&#8230;<\/p>\n<p><strong>V\u00e4ldigt fint och medm\u00e4nskligt gjort att v\u00e4nda och kolla l\u00e4get men jag kan s\u00e4ga att jag k\u00e4nde mig som en riktig galning!<\/strong> Men s\u00e5 t\u00e4nkte jag p\u00e5 det jag skrev i b\u00f6rjan, att f\u00f6rhoppningsvis vet han v\u00e4l inte vem jag \u00e4r i alla fall. Men det gjorde han&#8230; F\u00f6r alla k\u00e4nner apan tydligen. Och apan \u00e4r visst jag!<\/p>\n<figure id=\"attachment_218701\" aria-describedby=\"caption-attachment-218701\" style=\"width: 1280px\" class=\"wp-caption alignnone\"><img loading=\"lazy\" class=\"wp-image-218701 size-full\" src=\"https:\/\/blogg.atl.nu\/app\/uploads\/2017\/04\/run-1.jpg\" width=\"1280\" height=\"851\" \/><figcaption id=\"caption-attachment-218701\" class=\"wp-caption-text\">Det h\u00e4r \u00e4r inte jag. N\u00e5gon dag n\u00e4r jag k\u00e4nner mig modig och har stor sj\u00e4lvdistans ska jag l\u00e4gga upp en l\u00f6parbild p\u00e5 mig sj\u00e4lv!<\/figcaption><\/figure>\n<p>&nbsp;<\/p>\n","protected":false},"excerpt":{"rendered":"<p>Det finns saker som \u00e4r j\u00e4ttebra med att springa i m\u00f6rker. Som att man inte \u00e4r s\u00e5 l\u00e4tt att identifiera. Jag t\u00e4nker att det kan vara bra att alla inte vet att det \u00e4r jag som \u00e4r ute och joggar i l\u00e5ngkalsonger, ungarnas reflexv\u00e4st och Peltork\u00e5por. Men \u00e5 andra sidan, vem skulle vara den f\u00f6rsta&#8230;<\/p>\n","protected":false},"author":338,"featured_media":218701,"comment_status":"open","ping_status":"open","sticky":false,"template":"","format":"standard","meta":[],"categories":[2],"tags":[4,70,41],"yoast_head":"<!-- This site is optimized with the Yoast SEO plugin v19.6 - https:\/\/yoast.com\/wordpress\/plugins\/seo\/ -->\n<title>D\u00e4rf\u00f6r borde jag inte jogga i m\u00f6rker - Nys\u00e4ter lantbruk<\/title>\n<meta name=\"robots\" content=\"index, follow, max-snippet:-1, max-image-preview:large, max-video-preview:-1\" \/>\n<link rel=\"canonical\" href=\"https:\/\/blogg.atl.nu\/nysater\/2017\/04\/03\/darfor-borde-jag-inte-jogga-morker\/\" \/>\n<meta property=\"og:locale\" content=\"sv_SE\" \/>\n<meta property=\"og:type\" content=\"article\" \/>\n<meta property=\"og:title\" content=\"D\u00e4rf\u00f6r borde jag inte jogga i m\u00f6rker - Nys\u00e4ter lantbruk\" \/>\n<meta property=\"og:description\" content=\"Det finns saker som \u00e4r j\u00e4ttebra med att springa i m\u00f6rker. Som att man inte \u00e4r s\u00e5 l\u00e4tt att identifiera. Jag t\u00e4nker att det kan vara bra att alla inte vet att det \u00e4r jag som \u00e4r ute och joggar i l\u00e5ngkalsonger, ungarnas reflexv\u00e4st och Peltork\u00e5por. Men \u00e5 andra sidan, vem skulle vara den f\u00f6rsta...\" \/>\n<meta property=\"og:url\" content=\"https:\/\/blogg.atl.nu\/nysater\/2017\/04\/03\/darfor-borde-jag-inte-jogga-morker\/\" \/>\n<meta property=\"og:site_name\" content=\"Nys\u00e4ter lantbruk\" \/>\n<meta property=\"article:published_time\" content=\"2017-04-03T18:28:57+00:00\" \/>\n<meta name=\"author\" content=\"Elin Bergstr\u00f6m\" \/>\n<meta name=\"twitter:card\" content=\"summary\" \/>\n<meta name=\"twitter:label1\" content=\"Skriven av\" \/>\n\t<meta name=\"twitter:data1\" content=\"Elin Bergstr\u00f6m\" \/>\n\t<meta name=\"twitter:label2\" content=\"Ber\u00e4knad l\u00e4stid\" \/>\n\t<meta name=\"twitter:data2\" content=\"3 minuter\" \/>\n<script type=\"application\/ld+json\" class=\"yoast-schema-graph\">{\"@context\":\"https:\/\/schema.org\",\"@graph\":[{\"@type\":\"WebPage\",\"@id\":\"https:\/\/blogg.atl.nu\/nysater\/2017\/04\/03\/darfor-borde-jag-inte-jogga-morker\/\",\"url\":\"https:\/\/blogg.atl.nu\/nysater\/2017\/04\/03\/darfor-borde-jag-inte-jogga-morker\/\",\"name\":\"D\u00e4rf\u00f6r borde jag inte jogga i m\u00f6rker - Nys\u00e4ter lantbruk\",\"isPartOf\":{\"@id\":\"https:\/\/blogg.atl.nu\/nysater\/#website\"},\"datePublished\":\"2017-04-03T18:28:57+00:00\",\"dateModified\":\"2017-04-03T18:28:57+00:00\",\"author\":{\"@id\":\"https:\/\/blogg.atl.nu\/nysater\/#\/schema\/person\/44ec87efb92df15b0f3b0c68a84c7c0f\"},\"breadcrumb\":{\"@id\":\"https:\/\/blogg.atl.nu\/nysater\/2017\/04\/03\/darfor-borde-jag-inte-jogga-morker\/#breadcrumb\"},\"inLanguage\":\"sv-SE\",\"potentialAction\":[{\"@type\":\"ReadAction\",\"target\":[\"https:\/\/blogg.atl.nu\/nysater\/2017\/04\/03\/darfor-borde-jag-inte-jogga-morker\/\"]}]},{\"@type\":\"BreadcrumbList\",\"@id\":\"https:\/\/blogg.atl.nu\/nysater\/2017\/04\/03\/darfor-borde-jag-inte-jogga-morker\/#breadcrumb\",\"itemListElement\":[{\"@type\":\"ListItem\",\"position\":1,\"name\":\"Hem\",\"item\":\"https:\/\/blogg.atl.nu\/nysater\/\"},{\"@type\":\"ListItem\",\"position\":2,\"name\":\"D\u00e4rf\u00f6r borde jag inte jogga i m\u00f6rker\"}]},{\"@type\":\"WebSite\",\"@id\":\"https:\/\/blogg.atl.nu\/nysater\/#website\",\"url\":\"https:\/\/blogg.atl.nu\/nysater\/\",\"name\":\"Nys\u00e4ter lantbruk\",\"description\":\"Elin Bergstr\u00f6m\",\"potentialAction\":[{\"@type\":\"SearchAction\",\"target\":{\"@type\":\"EntryPoint\",\"urlTemplate\":\"https:\/\/blogg.atl.nu\/nysater\/?s={search_term_string}\"},\"query-input\":\"required name=search_term_string\"}],\"inLanguage\":\"sv-SE\"},{\"@type\":\"Person\",\"@id\":\"https:\/\/blogg.atl.nu\/nysater\/#\/schema\/person\/44ec87efb92df15b0f3b0c68a84c7c0f\",\"name\":\"Elin Bergstr\u00f6m\",\"image\":{\"@type\":\"ImageObject\",\"inLanguage\":\"sv-SE\",\"@id\":\"https:\/\/blogg.atl.nu\/nysater\/#\/schema\/person\/image\/\",\"url\":\"https:\/\/secure.gravatar.com\/avatar\/c68fea4c0b5b10e41c5a9ecd1fb1b3c0?s=96&d=mm&r=g\",\"contentUrl\":\"https:\/\/secure.gravatar.com\/avatar\/c68fea4c0b5b10e41c5a9ecd1fb1b3c0?s=96&d=mm&r=g\",\"caption\":\"Elin Bergstr\u00f6m\"},\"url\":\"https:\/\/blogg.atl.nu\/nysater\/author\/elin\/\"}]}<\/script>\n<!-- \/ Yoast SEO plugin. -->","yoast_head_json":{"title":"D\u00e4rf\u00f6r borde jag inte jogga i m\u00f6rker - Nys\u00e4ter lantbruk","robots":{"index":"index","follow":"follow","max-snippet":"max-snippet:-1","max-image-preview":"max-image-preview:large","max-video-preview":"max-video-preview:-1"},"canonical":"https:\/\/blogg.atl.nu\/nysater\/2017\/04\/03\/darfor-borde-jag-inte-jogga-morker\/","og_locale":"sv_SE","og_type":"article","og_title":"D\u00e4rf\u00f6r borde jag inte jogga i m\u00f6rker - Nys\u00e4ter lantbruk","og_description":"Det finns saker som \u00e4r j\u00e4ttebra med att springa i m\u00f6rker. Som att man inte \u00e4r s\u00e5 l\u00e4tt att identifiera. Jag t\u00e4nker att det kan vara bra att alla inte vet att det \u00e4r jag som \u00e4r ute och joggar i l\u00e5ngkalsonger, ungarnas reflexv\u00e4st och Peltork\u00e5por. Men \u00e5 andra sidan, vem skulle vara den f\u00f6rsta...","og_url":"https:\/\/blogg.atl.nu\/nysater\/2017\/04\/03\/darfor-borde-jag-inte-jogga-morker\/","og_site_name":"Nys\u00e4ter lantbruk","article_published_time":"2017-04-03T18:28:57+00:00","author":"Elin Bergstr\u00f6m","twitter_card":"summary","twitter_misc":{"Skriven av":"Elin Bergstr\u00f6m","Ber\u00e4knad l\u00e4stid":"3 minuter"},"schema":{"@context":"https:\/\/schema.org","@graph":[{"@type":"WebPage","@id":"https:\/\/blogg.atl.nu\/nysater\/2017\/04\/03\/darfor-borde-jag-inte-jogga-morker\/","url":"https:\/\/blogg.atl.nu\/nysater\/2017\/04\/03\/darfor-borde-jag-inte-jogga-morker\/","name":"D\u00e4rf\u00f6r borde jag inte jogga i m\u00f6rker - Nys\u00e4ter lantbruk","isPartOf":{"@id":"https:\/\/blogg.atl.nu\/nysater\/#website"},"datePublished":"2017-04-03T18:28:57+00:00","dateModified":"2017-04-03T18:28:57+00:00","author":{"@id":"https:\/\/blogg.atl.nu\/nysater\/#\/schema\/person\/44ec87efb92df15b0f3b0c68a84c7c0f"},"breadcrumb":{"@id":"https:\/\/blogg.atl.nu\/nysater\/2017\/04\/03\/darfor-borde-jag-inte-jogga-morker\/#breadcrumb"},"inLanguage":"sv-SE","potentialAction":[{"@type":"ReadAction","target":["https:\/\/blogg.atl.nu\/nysater\/2017\/04\/03\/darfor-borde-jag-inte-jogga-morker\/"]}]},{"@type":"BreadcrumbList","@id":"https:\/\/blogg.atl.nu\/nysater\/2017\/04\/03\/darfor-borde-jag-inte-jogga-morker\/#breadcrumb","itemListElement":[{"@type":"ListItem","position":1,"name":"Hem","item":"https:\/\/blogg.atl.nu\/nysater\/"},{"@type":"ListItem","position":2,"name":"D\u00e4rf\u00f6r borde jag inte jogga i m\u00f6rker"}]},{"@type":"WebSite","@id":"https:\/\/blogg.atl.nu\/nysater\/#website","url":"https:\/\/blogg.atl.nu\/nysater\/","name":"Nys\u00e4ter lantbruk","description":"Elin Bergstr\u00f6m","potentialAction":[{"@type":"SearchAction","target":{"@type":"EntryPoint","urlTemplate":"https:\/\/blogg.atl.nu\/nysater\/?s={search_term_string}"},"query-input":"required name=search_term_string"}],"inLanguage":"sv-SE"},{"@type":"Person","@id":"https:\/\/blogg.atl.nu\/nysater\/#\/schema\/person\/44ec87efb92df15b0f3b0c68a84c7c0f","name":"Elin Bergstr\u00f6m","image":{"@type":"ImageObject","inLanguage":"sv-SE","@id":"https:\/\/blogg.atl.nu\/nysater\/#\/schema\/person\/image\/","url":"https:\/\/secure.gravatar.com\/avatar\/c68fea4c0b5b10e41c5a9ecd1fb1b3c0?s=96&d=mm&r=g","contentUrl":"https:\/\/secure.gravatar.com\/avatar\/c68fea4c0b5b10e41c5a9ecd1fb1b3c0?s=96&d=mm&r=g","caption":"Elin Bergstr\u00f6m"},"url":"https:\/\/blogg.atl.nu\/nysater\/author\/elin\/"}]}},"_links":{"self":[{"href":"https:\/\/blogg.atl.nu\/nysater\/wp-json\/wp\/v2\/posts\/218695"}],"collection":[{"href":"https:\/\/blogg.atl.nu\/nysater\/wp-json\/wp\/v2\/posts"}],"about":[{"href":"https:\/\/blogg.atl.nu\/nysater\/wp-json\/wp\/v2\/types\/post"}],"author":[{"embeddable":true,"href":"https:\/\/blogg.atl.nu\/nysater\/wp-json\/wp\/v2\/users\/338"}],"replies":[{"embeddable":true,"href":"https:\/\/blogg.atl.nu\/nysater\/wp-json\/wp\/v2\/comments?post=218695"}],"version-history":[{"count":0,"href":"https:\/\/blogg.atl.nu\/nysater\/wp-json\/wp\/v2\/posts\/218695\/revisions"}],"wp:featuredmedia":[{"embeddable":true,"href":"https:\/\/blogg.atl.nu\/nysater\/wp-json\/"}],"wp:attachment":[{"href":"https:\/\/blogg.atl.nu\/nysater\/wp-json\/wp\/v2\/media?parent=218695"}],"wp:term":[{"taxonomy":"category","embeddable":true,"href":"https:\/\/blogg.atl.nu\/nysater\/wp-json\/wp\/v2\/categories?post=218695"},{"taxonomy":"post_tag","embeddable":true,"href":"https:\/\/blogg.atl.nu\/nysater\/wp-json\/wp\/v2\/tags?post=218695"}],"curies":[{"name":"wp","href":"https:\/\/api.w.org\/{rel}","templated":true}]}}