{"id":218856,"date":"2017-04-26T20:23:29","date_gmt":"2017-04-26T19:23:29","guid":{"rendered":"http:\/\/blogg.atl.nu\/?p=218856"},"modified":"2017-04-26T20:23:29","modified_gmt":"2017-04-26T19:23:29","slug":"nar-man-behover-det-som-mest","status":"publish","type":"post","link":"https:\/\/blogg.atl.nu\/nysater\/2017\/04\/26\/nar-man-behover-det-som-mest\/","title":{"rendered":"N\u00e4r man beh\u00f6ver det som mest"},"content":{"rendered":"<p><strong>Just nu, just i kv\u00e4ll driver de mig till vansinne de h\u00e4r ungarna.<\/strong> De cirkulerar varv p\u00e5 varv i huset, det ska \u00e4tas flingor och sm\u00f6rjas in h\u00e4nder. Ingen kommer i s\u00e4ng och trafiken upp och ner f\u00f6r trappan tycks aldrig ta slut. Och karln h\u00e4r d\u00e5..! Han \u00e4r den sn\u00e4lle som svarar p\u00e5 alla tusen fr\u00e5gor och v\u00e4grar inse att de MANIPULERAR oss! Herregud, de st\u00e4ller v\u00e4l inte fr\u00e5gor om filmer, v\u00e4rldsl\u00e4get, pantflaskor och n\u00f6jesf\u00e4lt f\u00f6r att de vill ha svar! De vill ju bara f\u00f6rhala det h\u00e4r med s\u00e4ngg\u00e5endet!<\/p>\n<p>Jag \u00e4r den som f\u00f6rs\u00f6ker vara lite h\u00e5rd och ta f\u00f6r\u00e4ldraansvar. Men \u00e4r det n\u00e5gon som f\u00f6rst\u00e5r det?! Nej jag \u00e4r tydligen bara allm\u00e4nt ond!<\/p>\n<p>Jag tog p\u00e5 mig Peltork\u00e5porna h\u00e4r i soffan nyss. Och visade med en armr\u00f6relse hur jag st\u00e4ngde in mig i en imagin\u00e4r glaskupa. Det fungerar ibland. En stund i alla fall. Man hinner andas lite.<\/p>\n<p><strong>Om ett tag sover de trots allt.<\/strong> D\u00e5 kan man g\u00e5 och titta p\u00e5 dem d\u00e4r de ligger och pl\u00f6tsligt k\u00e4nns det annorlunda. Man mjuknar igen som den bl\u00f6diga lilla am\u00f6ba man \u00e4r. Man inser\u00a0hur fina och sn\u00e4lla de \u00e4r. Och att de kan vara v\u00e4ldigt bra att ha. Som n\u00e4r de kommer ut med fika helt spontant n\u00e4r man beh\u00f6ver det som allra mest.<\/p>\n<p>&nbsp;<\/p>\n<figure id=\"attachment_218857\" aria-describedby=\"caption-attachment-218857\" style=\"width: 960px\" class=\"wp-caption alignnone\"><img loading=\"lazy\" class=\"wp-image-218857 size-full\" src=\"https:\/\/blogg.atl.nu\/app\/uploads\/2017\/04\/fika.jpg\" width=\"960\" height=\"720\" \/><figcaption id=\"caption-attachment-218857\" class=\"wp-caption-text\">\u00c4lskade ungar<\/figcaption><\/figure>\n<p>&nbsp;<\/p>\n<p>&nbsp;<\/p>\n","protected":false},"excerpt":{"rendered":"<p>Just nu, just i kv\u00e4ll driver de mig till vansinne de h\u00e4r ungarna. De cirkulerar varv p\u00e5 varv i huset, det ska \u00e4tas flingor och sm\u00f6rjas in h\u00e4nder. Ingen kommer i s\u00e4ng och trafiken upp och ner f\u00f6r trappan tycks aldrig ta slut. Och karln h\u00e4r d\u00e5..! Han \u00e4r den sn\u00e4lle som svarar p\u00e5 alla&#8230;<\/p>\n","protected":false},"author":338,"featured_media":218857,"comment_status":"open","ping_status":"open","sticky":false,"template":"","format":"standard","meta":[],"categories":[2],"tags":[4,41,40],"yoast_head":"<!-- This site is optimized with the Yoast SEO plugin v19.6 - https:\/\/yoast.com\/wordpress\/plugins\/seo\/ -->\n<title>N\u00e4r man beh\u00f6ver det som mest - Nys\u00e4ter lantbruk<\/title>\n<meta name=\"robots\" content=\"index, follow, max-snippet:-1, max-image-preview:large, max-video-preview:-1\" \/>\n<link rel=\"canonical\" href=\"https:\/\/blogg.atl.nu\/nysater\/2017\/04\/26\/nar-man-behover-det-som-mest\/\" \/>\n<meta property=\"og:locale\" content=\"sv_SE\" \/>\n<meta property=\"og:type\" content=\"article\" \/>\n<meta property=\"og:title\" content=\"N\u00e4r man beh\u00f6ver det som mest - Nys\u00e4ter lantbruk\" \/>\n<meta property=\"og:description\" content=\"Just nu, just i kv\u00e4ll driver de mig till vansinne de h\u00e4r ungarna. De cirkulerar varv p\u00e5 varv i huset, det ska \u00e4tas flingor och sm\u00f6rjas in h\u00e4nder. Ingen kommer i s\u00e4ng och trafiken upp och ner f\u00f6r trappan tycks aldrig ta slut. Och karln h\u00e4r d\u00e5..! Han \u00e4r den sn\u00e4lle som svarar p\u00e5 alla...\" \/>\n<meta property=\"og:url\" content=\"https:\/\/blogg.atl.nu\/nysater\/2017\/04\/26\/nar-man-behover-det-som-mest\/\" \/>\n<meta property=\"og:site_name\" content=\"Nys\u00e4ter lantbruk\" \/>\n<meta property=\"article:published_time\" content=\"2017-04-26T19:23:29+00:00\" \/>\n<meta name=\"author\" content=\"Elin Bergstr\u00f6m\" \/>\n<meta name=\"twitter:card\" content=\"summary\" \/>\n<meta name=\"twitter:label1\" content=\"Skriven av\" \/>\n\t<meta name=\"twitter:data1\" content=\"Elin Bergstr\u00f6m\" \/>\n\t<meta name=\"twitter:label2\" content=\"Ber\u00e4knad l\u00e4stid\" \/>\n\t<meta name=\"twitter:data2\" content=\"1 minut\" \/>\n<script type=\"application\/ld+json\" class=\"yoast-schema-graph\">{\"@context\":\"https:\/\/schema.org\",\"@graph\":[{\"@type\":\"WebPage\",\"@id\":\"https:\/\/blogg.atl.nu\/nysater\/2017\/04\/26\/nar-man-behover-det-som-mest\/\",\"url\":\"https:\/\/blogg.atl.nu\/nysater\/2017\/04\/26\/nar-man-behover-det-som-mest\/\",\"name\":\"N\u00e4r man beh\u00f6ver det som mest - Nys\u00e4ter lantbruk\",\"isPartOf\":{\"@id\":\"https:\/\/blogg.atl.nu\/nysater\/#website\"},\"datePublished\":\"2017-04-26T19:23:29+00:00\",\"dateModified\":\"2017-04-26T19:23:29+00:00\",\"author\":{\"@id\":\"https:\/\/blogg.atl.nu\/nysater\/#\/schema\/person\/44ec87efb92df15b0f3b0c68a84c7c0f\"},\"breadcrumb\":{\"@id\":\"https:\/\/blogg.atl.nu\/nysater\/2017\/04\/26\/nar-man-behover-det-som-mest\/#breadcrumb\"},\"inLanguage\":\"sv-SE\",\"potentialAction\":[{\"@type\":\"ReadAction\",\"target\":[\"https:\/\/blogg.atl.nu\/nysater\/2017\/04\/26\/nar-man-behover-det-som-mest\/\"]}]},{\"@type\":\"BreadcrumbList\",\"@id\":\"https:\/\/blogg.atl.nu\/nysater\/2017\/04\/26\/nar-man-behover-det-som-mest\/#breadcrumb\",\"itemListElement\":[{\"@type\":\"ListItem\",\"position\":1,\"name\":\"Hem\",\"item\":\"https:\/\/blogg.atl.nu\/nysater\/\"},{\"@type\":\"ListItem\",\"position\":2,\"name\":\"N\u00e4r man beh\u00f6ver det som mest\"}]},{\"@type\":\"WebSite\",\"@id\":\"https:\/\/blogg.atl.nu\/nysater\/#website\",\"url\":\"https:\/\/blogg.atl.nu\/nysater\/\",\"name\":\"Nys\u00e4ter lantbruk\",\"description\":\"Elin Bergstr\u00f6m\",\"potentialAction\":[{\"@type\":\"SearchAction\",\"target\":{\"@type\":\"EntryPoint\",\"urlTemplate\":\"https:\/\/blogg.atl.nu\/nysater\/?s={search_term_string}\"},\"query-input\":\"required name=search_term_string\"}],\"inLanguage\":\"sv-SE\"},{\"@type\":\"Person\",\"@id\":\"https:\/\/blogg.atl.nu\/nysater\/#\/schema\/person\/44ec87efb92df15b0f3b0c68a84c7c0f\",\"name\":\"Elin Bergstr\u00f6m\",\"image\":{\"@type\":\"ImageObject\",\"inLanguage\":\"sv-SE\",\"@id\":\"https:\/\/blogg.atl.nu\/nysater\/#\/schema\/person\/image\/\",\"url\":\"https:\/\/secure.gravatar.com\/avatar\/c68fea4c0b5b10e41c5a9ecd1fb1b3c0?s=96&d=mm&r=g\",\"contentUrl\":\"https:\/\/secure.gravatar.com\/avatar\/c68fea4c0b5b10e41c5a9ecd1fb1b3c0?s=96&d=mm&r=g\",\"caption\":\"Elin Bergstr\u00f6m\"},\"url\":\"https:\/\/blogg.atl.nu\/nysater\/author\/elin\/\"}]}<\/script>\n<!-- \/ Yoast SEO plugin. -->","yoast_head_json":{"title":"N\u00e4r man beh\u00f6ver det som mest - Nys\u00e4ter lantbruk","robots":{"index":"index","follow":"follow","max-snippet":"max-snippet:-1","max-image-preview":"max-image-preview:large","max-video-preview":"max-video-preview:-1"},"canonical":"https:\/\/blogg.atl.nu\/nysater\/2017\/04\/26\/nar-man-behover-det-som-mest\/","og_locale":"sv_SE","og_type":"article","og_title":"N\u00e4r man beh\u00f6ver det som mest - Nys\u00e4ter lantbruk","og_description":"Just nu, just i kv\u00e4ll driver de mig till vansinne de h\u00e4r ungarna. De cirkulerar varv p\u00e5 varv i huset, det ska \u00e4tas flingor och sm\u00f6rjas in h\u00e4nder. Ingen kommer i s\u00e4ng och trafiken upp och ner f\u00f6r trappan tycks aldrig ta slut. Och karln h\u00e4r d\u00e5..! Han \u00e4r den sn\u00e4lle som svarar p\u00e5 alla...","og_url":"https:\/\/blogg.atl.nu\/nysater\/2017\/04\/26\/nar-man-behover-det-som-mest\/","og_site_name":"Nys\u00e4ter lantbruk","article_published_time":"2017-04-26T19:23:29+00:00","author":"Elin Bergstr\u00f6m","twitter_card":"summary","twitter_misc":{"Skriven av":"Elin Bergstr\u00f6m","Ber\u00e4knad l\u00e4stid":"1 minut"},"schema":{"@context":"https:\/\/schema.org","@graph":[{"@type":"WebPage","@id":"https:\/\/blogg.atl.nu\/nysater\/2017\/04\/26\/nar-man-behover-det-som-mest\/","url":"https:\/\/blogg.atl.nu\/nysater\/2017\/04\/26\/nar-man-behover-det-som-mest\/","name":"N\u00e4r man beh\u00f6ver det som mest - Nys\u00e4ter lantbruk","isPartOf":{"@id":"https:\/\/blogg.atl.nu\/nysater\/#website"},"datePublished":"2017-04-26T19:23:29+00:00","dateModified":"2017-04-26T19:23:29+00:00","author":{"@id":"https:\/\/blogg.atl.nu\/nysater\/#\/schema\/person\/44ec87efb92df15b0f3b0c68a84c7c0f"},"breadcrumb":{"@id":"https:\/\/blogg.atl.nu\/nysater\/2017\/04\/26\/nar-man-behover-det-som-mest\/#breadcrumb"},"inLanguage":"sv-SE","potentialAction":[{"@type":"ReadAction","target":["https:\/\/blogg.atl.nu\/nysater\/2017\/04\/26\/nar-man-behover-det-som-mest\/"]}]},{"@type":"BreadcrumbList","@id":"https:\/\/blogg.atl.nu\/nysater\/2017\/04\/26\/nar-man-behover-det-som-mest\/#breadcrumb","itemListElement":[{"@type":"ListItem","position":1,"name":"Hem","item":"https:\/\/blogg.atl.nu\/nysater\/"},{"@type":"ListItem","position":2,"name":"N\u00e4r man beh\u00f6ver det som mest"}]},{"@type":"WebSite","@id":"https:\/\/blogg.atl.nu\/nysater\/#website","url":"https:\/\/blogg.atl.nu\/nysater\/","name":"Nys\u00e4ter lantbruk","description":"Elin Bergstr\u00f6m","potentialAction":[{"@type":"SearchAction","target":{"@type":"EntryPoint","urlTemplate":"https:\/\/blogg.atl.nu\/nysater\/?s={search_term_string}"},"query-input":"required name=search_term_string"}],"inLanguage":"sv-SE"},{"@type":"Person","@id":"https:\/\/blogg.atl.nu\/nysater\/#\/schema\/person\/44ec87efb92df15b0f3b0c68a84c7c0f","name":"Elin Bergstr\u00f6m","image":{"@type":"ImageObject","inLanguage":"sv-SE","@id":"https:\/\/blogg.atl.nu\/nysater\/#\/schema\/person\/image\/","url":"https:\/\/secure.gravatar.com\/avatar\/c68fea4c0b5b10e41c5a9ecd1fb1b3c0?s=96&d=mm&r=g","contentUrl":"https:\/\/secure.gravatar.com\/avatar\/c68fea4c0b5b10e41c5a9ecd1fb1b3c0?s=96&d=mm&r=g","caption":"Elin Bergstr\u00f6m"},"url":"https:\/\/blogg.atl.nu\/nysater\/author\/elin\/"}]}},"_links":{"self":[{"href":"https:\/\/blogg.atl.nu\/nysater\/wp-json\/wp\/v2\/posts\/218856"}],"collection":[{"href":"https:\/\/blogg.atl.nu\/nysater\/wp-json\/wp\/v2\/posts"}],"about":[{"href":"https:\/\/blogg.atl.nu\/nysater\/wp-json\/wp\/v2\/types\/post"}],"author":[{"embeddable":true,"href":"https:\/\/blogg.atl.nu\/nysater\/wp-json\/wp\/v2\/users\/338"}],"replies":[{"embeddable":true,"href":"https:\/\/blogg.atl.nu\/nysater\/wp-json\/wp\/v2\/comments?post=218856"}],"version-history":[{"count":0,"href":"https:\/\/blogg.atl.nu\/nysater\/wp-json\/wp\/v2\/posts\/218856\/revisions"}],"wp:featuredmedia":[{"embeddable":true,"href":"https:\/\/blogg.atl.nu\/nysater\/wp-json\/"}],"wp:attachment":[{"href":"https:\/\/blogg.atl.nu\/nysater\/wp-json\/wp\/v2\/media?parent=218856"}],"wp:term":[{"taxonomy":"category","embeddable":true,"href":"https:\/\/blogg.atl.nu\/nysater\/wp-json\/wp\/v2\/categories?post=218856"},{"taxonomy":"post_tag","embeddable":true,"href":"https:\/\/blogg.atl.nu\/nysater\/wp-json\/wp\/v2\/tags?post=218856"}],"curies":[{"name":"wp","href":"https:\/\/api.w.org\/{rel}","templated":true}]}}