{"id":220539,"date":"2018-02-12T20:05:20","date_gmt":"2018-02-12T19:05:20","guid":{"rendered":"http:\/\/blogg.atl.nu\/nysater\/?p=220539"},"modified":"2018-02-12T20:14:14","modified_gmt":"2018-02-12T19:14:14","slug":"fange-pa-kontoret","status":"publish","type":"post","link":"https:\/\/blogg.atl.nu\/nysater\/2018\/02\/12\/fange-pa-kontoret\/","title":{"rendered":"F\u00e5nge p\u00e5 kontoret"},"content":{"rendered":"<p><strong>Ledig helg och en m\u00e5ndag med pappersarbete&#8230; Hj\u00e4lp, jag brinner upp!!!!<\/strong><\/p>\n<p>Moms i sista minuten och dessutom allt extrajobb som h\u00f6r decembers bokf\u00f6ring till. Avst\u00e4mningar och grejer och hundra timmars stillasittande k\u00e4nns det som. Gaaah!!<\/p>\n<p>Jag jobbade i ladug\u00e5rden i f\u00f6rmiddags och har varit i skolan p\u00e5 ett utvecklingssamtal. Sedan hj\u00e4lpte jag till och lastade av kalvar som Danne hade h\u00e4mtat och k\u00f6rde ut lite foder. Men det r\u00e4cker inte! Jag degar ihop fullst\u00e4ndigt h\u00e4r k\u00e4nns det som! M\u00e5ste nog ut och lyfta n\u00e5got tungt snart!<\/p>\n<p><strong>Ibland dr\u00f6mmer jag om just det h\u00e4r.<\/strong> Att f\u00e5 vara inomhus och sitta l\u00e4nge med kontorsjobb. L\u00e5ta kroppen varva ner och inte beh\u00f6va vara ute i sn\u00f6yran. \u00c4nd\u00e5 blir det s\u00e5 ofta helt motsatt effekt. Just nu g\u00f6r det ont \u00f6verallt. Det pirrar och kryper under skinner och jag k\u00e4nner mig osund, svag och tr\u00f6tt. Och s\u00e5 \u00e4r jag hungrig hela tiden. Fast inte p\u00e5 det d\u00e4r sk\u00f6na s\u00e4ttet som n\u00e4r man har jobbat med kroppen.<\/p>\n<p>Nej, jag har sagt det f\u00f6rr och jag s\u00e4ger det igen, jag beundrar verkligen folk som klarar av att ha stillasittande arbeten. Och det \u00e4r tur att vi \u00e4r olika.<\/p>\n<figure id=\"attachment_220540\" aria-describedby=\"caption-attachment-220540\" style=\"width: 300px\" class=\"wp-caption alignnone\"><img loading=\"lazy\" class=\"wp-image-220540 size-medium\" src=\"https:\/\/blogg.atl.nu\/nysater\/wp-content\/uploads\/sites\/26\/2018\/02\/Bild-2018-02-12-kl.-20.01-300x200.jpg\" alt=\"bild-2018-02-12-kl-20-01\" width=\"300\" height=\"200\" \/><figcaption id=\"caption-attachment-220540\" class=\"wp-caption-text\">&#8221;Jag kan bokf\u00f6ra, jag \u00e4r inte r\u00e4dd..!&#8221;<\/figcaption><\/figure>\n<p>Det jobbiga den h\u00e4r g\u00e5ngen \u00e4r att jag har hamnat efter igen. Fast jag verkligen f\u00f6rs\u00f6ker undvika det. Men det har ramlat p\u00e5 med s\u00e5 mycket annat (som vanligt) och det \u00e4r s\u00e5 f\u00f6rbannat l\u00e4tt att prioritera bort just kontoret.<\/p>\n<p><strong>Tanken \u00e4r att ha kontorstid en dag i veckan.<\/strong> Fast inte en hel dag f\u00f6r d\u00e5 blir jag ju s\u00e5h\u00e4r illam\u00e5ende. Nej, ett antal effektiva timmar p\u00e5 regelbunden basis, och vid sidan av det lite lagom struktur p\u00e5 alltihop. Papper p\u00e5 r\u00e4tt plats, sm\u00e5kvitton som h\u00e4ftas fast p\u00e5 n\u00e5got st\u00f6rre och s\u00e4tts in i r\u00e4tt p\u00e4rm, koll p\u00e5 post och r\u00e4kningar utan att allt beh\u00f6ver bli ett j\u00e4tteprojekt. Det m\u00e5ste bara g\u00e5!<\/p>\n<p>Hmm&#8230; det k\u00e4nns som att jag har sagt OCH skrivit det h\u00e4r ett antal g\u00e5nger f\u00f6rut&#8230; men vem vet? Pl\u00f6tsligt kanske det blir verklighet!<\/p>\n<p><strong>Nu kom jag i alla fall p\u00e5 vad jag ska g\u00f6ra f\u00f6r att f\u00e5 ett litet avbrott h\u00e4r.<\/strong><\/p>\n<p><img loading=\"lazy\" class=\"alignnone size-medium wp-image-220541\" src=\"https:\/\/blogg.atl.nu\/nysater\/wp-content\/uploads\/sites\/26\/2018\/02\/Bild-2018-02-12-kl.-19.59-300x200.jpg\" alt=\"bild-2018-02-12-kl-19-59\" width=\"300\" height=\"200\" srcset=\"https:\/\/blogg.atl.nu\/nysater\/wp-content\/uploads\/sites\/26\/2018\/02\/Bild-2018-02-12-kl.-19.59-300x200.jpg 300w, https:\/\/blogg.atl.nu\/nysater\/wp-content\/uploads\/sites\/26\/2018\/02\/Bild-2018-02-12-kl.-19.59-768x512.jpg 768w, https:\/\/blogg.atl.nu\/nysater\/wp-content\/uploads\/sites\/26\/2018\/02\/Bild-2018-02-12-kl.-19.59-1024x683.jpg 1024w, https:\/\/blogg.atl.nu\/nysater\/wp-content\/uploads\/sites\/26\/2018\/02\/Bild-2018-02-12-kl.-19.59.jpg 1080w\" sizes=\"(max-width: 300px) 100vw, 300px\" \/><\/p>\n<p><strong>\u00c5 vad kul det ska bli att skura golv!!!<\/strong><\/p>\n","protected":false},"excerpt":{"rendered":"<p>Ledig helg och en m\u00e5ndag med pappersarbete&#8230; Hj\u00e4lp, jag brinner upp!!!! Moms i sista minuten och dessutom allt extrajobb som h\u00f6r decembers bokf\u00f6ring till. Avst\u00e4mningar och grejer och hundra timmars stillasittande k\u00e4nns det som. Gaaah!! Jag jobbade i ladug\u00e5rden i f\u00f6rmiddags och har varit i skolan p\u00e5 ett utvecklingssamtal. Sedan hj\u00e4lpte jag till och lastade&#8230;<\/p>\n","protected":false},"author":338,"featured_media":220546,"comment_status":"open","ping_status":"open","sticky":false,"template":"","format":"standard","meta":[],"categories":[2],"tags":[131,3,6],"yoast_head":"<!-- This site is optimized with the Yoast SEO plugin v19.6 - https:\/\/yoast.com\/wordpress\/plugins\/seo\/ -->\n<title>F\u00e5nge p\u00e5 kontoret - Nys\u00e4ter lantbruk<\/title>\n<meta name=\"robots\" content=\"index, follow, max-snippet:-1, max-image-preview:large, max-video-preview:-1\" \/>\n<link rel=\"canonical\" href=\"https:\/\/blogg.atl.nu\/nysater\/2018\/02\/12\/fange-pa-kontoret\/\" \/>\n<meta property=\"og:locale\" content=\"sv_SE\" \/>\n<meta property=\"og:type\" content=\"article\" \/>\n<meta property=\"og:title\" content=\"F\u00e5nge p\u00e5 kontoret - Nys\u00e4ter lantbruk\" \/>\n<meta property=\"og:description\" content=\"Ledig helg och en m\u00e5ndag med pappersarbete&#8230; Hj\u00e4lp, jag brinner upp!!!! Moms i sista minuten och dessutom allt extrajobb som h\u00f6r decembers bokf\u00f6ring till. Avst\u00e4mningar och grejer och hundra timmars stillasittande k\u00e4nns det som. Gaaah!! Jag jobbade i ladug\u00e5rden i f\u00f6rmiddags och har varit i skolan p\u00e5 ett utvecklingssamtal. Sedan hj\u00e4lpte jag till och lastade...\" \/>\n<meta property=\"og:url\" content=\"https:\/\/blogg.atl.nu\/nysater\/2018\/02\/12\/fange-pa-kontoret\/\" \/>\n<meta property=\"og:site_name\" content=\"Nys\u00e4ter lantbruk\" \/>\n<meta property=\"article:published_time\" content=\"2018-02-12T19:05:20+00:00\" \/>\n<meta property=\"article:modified_time\" content=\"2018-02-12T19:14:14+00:00\" \/>\n<meta property=\"og:image\" content=\"https:\/\/blogg.atl.nu\/nysater\/wp-content\/uploads\/sites\/26\/2018\/02\/Bild-2018-02-12-kl.-20.08-3.jpg\" \/>\n\t<meta property=\"og:image:width\" content=\"1080\" \/>\n\t<meta property=\"og:image:height\" content=\"720\" \/>\n\t<meta property=\"og:image:type\" content=\"image\/jpeg\" \/>\n<meta name=\"author\" content=\"Elin Bergstr\u00f6m\" \/>\n<meta name=\"twitter:card\" content=\"summary\" \/>\n<meta name=\"twitter:label1\" content=\"Skriven av\" \/>\n\t<meta name=\"twitter:data1\" content=\"Elin Bergstr\u00f6m\" \/>\n\t<meta name=\"twitter:label2\" content=\"Ber\u00e4knad l\u00e4stid\" \/>\n\t<meta name=\"twitter:data2\" content=\"2 minuter\" \/>\n<script type=\"application\/ld+json\" class=\"yoast-schema-graph\">{\"@context\":\"https:\/\/schema.org\",\"@graph\":[{\"@type\":\"WebPage\",\"@id\":\"https:\/\/blogg.atl.nu\/nysater\/2018\/02\/12\/fange-pa-kontoret\/\",\"url\":\"https:\/\/blogg.atl.nu\/nysater\/2018\/02\/12\/fange-pa-kontoret\/\",\"name\":\"F\u00e5nge p\u00e5 kontoret - Nys\u00e4ter lantbruk\",\"isPartOf\":{\"@id\":\"https:\/\/blogg.atl.nu\/nysater\/#website\"},\"datePublished\":\"2018-02-12T19:05:20+00:00\",\"dateModified\":\"2018-02-12T19:14:14+00:00\",\"author\":{\"@id\":\"https:\/\/blogg.atl.nu\/nysater\/#\/schema\/person\/44ec87efb92df15b0f3b0c68a84c7c0f\"},\"breadcrumb\":{\"@id\":\"https:\/\/blogg.atl.nu\/nysater\/2018\/02\/12\/fange-pa-kontoret\/#breadcrumb\"},\"inLanguage\":\"sv-SE\",\"potentialAction\":[{\"@type\":\"ReadAction\",\"target\":[\"https:\/\/blogg.atl.nu\/nysater\/2018\/02\/12\/fange-pa-kontoret\/\"]}]},{\"@type\":\"BreadcrumbList\",\"@id\":\"https:\/\/blogg.atl.nu\/nysater\/2018\/02\/12\/fange-pa-kontoret\/#breadcrumb\",\"itemListElement\":[{\"@type\":\"ListItem\",\"position\":1,\"name\":\"Hem\",\"item\":\"https:\/\/blogg.atl.nu\/nysater\/\"},{\"@type\":\"ListItem\",\"position\":2,\"name\":\"F\u00e5nge p\u00e5 kontoret\"}]},{\"@type\":\"WebSite\",\"@id\":\"https:\/\/blogg.atl.nu\/nysater\/#website\",\"url\":\"https:\/\/blogg.atl.nu\/nysater\/\",\"name\":\"Nys\u00e4ter lantbruk\",\"description\":\"Elin Bergstr\u00f6m\",\"potentialAction\":[{\"@type\":\"SearchAction\",\"target\":{\"@type\":\"EntryPoint\",\"urlTemplate\":\"https:\/\/blogg.atl.nu\/nysater\/?s={search_term_string}\"},\"query-input\":\"required name=search_term_string\"}],\"inLanguage\":\"sv-SE\"},{\"@type\":\"Person\",\"@id\":\"https:\/\/blogg.atl.nu\/nysater\/#\/schema\/person\/44ec87efb92df15b0f3b0c68a84c7c0f\",\"name\":\"Elin Bergstr\u00f6m\",\"image\":{\"@type\":\"ImageObject\",\"inLanguage\":\"sv-SE\",\"@id\":\"https:\/\/blogg.atl.nu\/nysater\/#\/schema\/person\/image\/\",\"url\":\"https:\/\/secure.gravatar.com\/avatar\/c68fea4c0b5b10e41c5a9ecd1fb1b3c0?s=96&d=mm&r=g\",\"contentUrl\":\"https:\/\/secure.gravatar.com\/avatar\/c68fea4c0b5b10e41c5a9ecd1fb1b3c0?s=96&d=mm&r=g\",\"caption\":\"Elin Bergstr\u00f6m\"},\"url\":\"https:\/\/blogg.atl.nu\/nysater\/author\/elin\/\"}]}<\/script>\n<!-- \/ Yoast SEO plugin. -->","yoast_head_json":{"title":"F\u00e5nge p\u00e5 kontoret - Nys\u00e4ter lantbruk","robots":{"index":"index","follow":"follow","max-snippet":"max-snippet:-1","max-image-preview":"max-image-preview:large","max-video-preview":"max-video-preview:-1"},"canonical":"https:\/\/blogg.atl.nu\/nysater\/2018\/02\/12\/fange-pa-kontoret\/","og_locale":"sv_SE","og_type":"article","og_title":"F\u00e5nge p\u00e5 kontoret - Nys\u00e4ter lantbruk","og_description":"Ledig helg och en m\u00e5ndag med pappersarbete&#8230; Hj\u00e4lp, jag brinner upp!!!! Moms i sista minuten och dessutom allt extrajobb som h\u00f6r decembers bokf\u00f6ring till. Avst\u00e4mningar och grejer och hundra timmars stillasittande k\u00e4nns det som. Gaaah!! Jag jobbade i ladug\u00e5rden i f\u00f6rmiddags och har varit i skolan p\u00e5 ett utvecklingssamtal. Sedan hj\u00e4lpte jag till och lastade...","og_url":"https:\/\/blogg.atl.nu\/nysater\/2018\/02\/12\/fange-pa-kontoret\/","og_site_name":"Nys\u00e4ter lantbruk","article_published_time":"2018-02-12T19:05:20+00:00","article_modified_time":"2018-02-12T19:14:14+00:00","og_image":[{"width":1080,"height":720,"url":"https:\/\/blogg.atl.nu\/nysater\/wp-content\/uploads\/sites\/26\/2018\/02\/Bild-2018-02-12-kl.-20.08-3.jpg","type":"image\/jpeg"}],"author":"Elin Bergstr\u00f6m","twitter_card":"summary","twitter_misc":{"Skriven av":"Elin Bergstr\u00f6m","Ber\u00e4knad l\u00e4stid":"2 minuter"},"schema":{"@context":"https:\/\/schema.org","@graph":[{"@type":"WebPage","@id":"https:\/\/blogg.atl.nu\/nysater\/2018\/02\/12\/fange-pa-kontoret\/","url":"https:\/\/blogg.atl.nu\/nysater\/2018\/02\/12\/fange-pa-kontoret\/","name":"F\u00e5nge p\u00e5 kontoret - Nys\u00e4ter lantbruk","isPartOf":{"@id":"https:\/\/blogg.atl.nu\/nysater\/#website"},"datePublished":"2018-02-12T19:05:20+00:00","dateModified":"2018-02-12T19:14:14+00:00","author":{"@id":"https:\/\/blogg.atl.nu\/nysater\/#\/schema\/person\/44ec87efb92df15b0f3b0c68a84c7c0f"},"breadcrumb":{"@id":"https:\/\/blogg.atl.nu\/nysater\/2018\/02\/12\/fange-pa-kontoret\/#breadcrumb"},"inLanguage":"sv-SE","potentialAction":[{"@type":"ReadAction","target":["https:\/\/blogg.atl.nu\/nysater\/2018\/02\/12\/fange-pa-kontoret\/"]}]},{"@type":"BreadcrumbList","@id":"https:\/\/blogg.atl.nu\/nysater\/2018\/02\/12\/fange-pa-kontoret\/#breadcrumb","itemListElement":[{"@type":"ListItem","position":1,"name":"Hem","item":"https:\/\/blogg.atl.nu\/nysater\/"},{"@type":"ListItem","position":2,"name":"F\u00e5nge p\u00e5 kontoret"}]},{"@type":"WebSite","@id":"https:\/\/blogg.atl.nu\/nysater\/#website","url":"https:\/\/blogg.atl.nu\/nysater\/","name":"Nys\u00e4ter lantbruk","description":"Elin Bergstr\u00f6m","potentialAction":[{"@type":"SearchAction","target":{"@type":"EntryPoint","urlTemplate":"https:\/\/blogg.atl.nu\/nysater\/?s={search_term_string}"},"query-input":"required name=search_term_string"}],"inLanguage":"sv-SE"},{"@type":"Person","@id":"https:\/\/blogg.atl.nu\/nysater\/#\/schema\/person\/44ec87efb92df15b0f3b0c68a84c7c0f","name":"Elin Bergstr\u00f6m","image":{"@type":"ImageObject","inLanguage":"sv-SE","@id":"https:\/\/blogg.atl.nu\/nysater\/#\/schema\/person\/image\/","url":"https:\/\/secure.gravatar.com\/avatar\/c68fea4c0b5b10e41c5a9ecd1fb1b3c0?s=96&d=mm&r=g","contentUrl":"https:\/\/secure.gravatar.com\/avatar\/c68fea4c0b5b10e41c5a9ecd1fb1b3c0?s=96&d=mm&r=g","caption":"Elin Bergstr\u00f6m"},"url":"https:\/\/blogg.atl.nu\/nysater\/author\/elin\/"}]}},"_links":{"self":[{"href":"https:\/\/blogg.atl.nu\/nysater\/wp-json\/wp\/v2\/posts\/220539"}],"collection":[{"href":"https:\/\/blogg.atl.nu\/nysater\/wp-json\/wp\/v2\/posts"}],"about":[{"href":"https:\/\/blogg.atl.nu\/nysater\/wp-json\/wp\/v2\/types\/post"}],"author":[{"embeddable":true,"href":"https:\/\/blogg.atl.nu\/nysater\/wp-json\/wp\/v2\/users\/338"}],"replies":[{"embeddable":true,"href":"https:\/\/blogg.atl.nu\/nysater\/wp-json\/wp\/v2\/comments?post=220539"}],"version-history":[{"count":3,"href":"https:\/\/blogg.atl.nu\/nysater\/wp-json\/wp\/v2\/posts\/220539\/revisions"}],"predecessor-version":[{"id":220545,"href":"https:\/\/blogg.atl.nu\/nysater\/wp-json\/wp\/v2\/posts\/220539\/revisions\/220545"}],"wp:featuredmedia":[{"embeddable":true,"href":"https:\/\/blogg.atl.nu\/nysater\/wp-json\/wp\/v2\/media\/220546"}],"wp:attachment":[{"href":"https:\/\/blogg.atl.nu\/nysater\/wp-json\/wp\/v2\/media?parent=220539"}],"wp:term":[{"taxonomy":"category","embeddable":true,"href":"https:\/\/blogg.atl.nu\/nysater\/wp-json\/wp\/v2\/categories?post=220539"},{"taxonomy":"post_tag","embeddable":true,"href":"https:\/\/blogg.atl.nu\/nysater\/wp-json\/wp\/v2\/tags?post=220539"}],"curies":[{"name":"wp","href":"https:\/\/api.w.org\/{rel}","templated":true}]}}