{"id":221343,"date":"2018-07-06T00:31:53","date_gmt":"2018-07-05T22:31:53","guid":{"rendered":"https:\/\/blogg.atl.nu\/nysater\/?p=221343"},"modified":"2018-07-06T00:46:55","modified_gmt":"2018-07-05T22:46:55","slug":"lillkillen-ralf","status":"publish","type":"post","link":"https:\/\/blogg.atl.nu\/nysater\/2018\/07\/06\/lillkillen-ralf\/","title":{"rendered":"Lillkillen Ralf"},"content":{"rendered":"<p><strong>Det h\u00e4r \u00e4r fj\u00e4llkalven Ralf. Han \u00e4r dottern Linneas lilla tjur som hon har k\u00f6pt i \u00c5ngermanland.\u00a0<\/strong><\/p>\n<p><img loading=\"lazy\" class=\"alignnone size-medium wp-image-221344\" src=\"https:\/\/blogg.atl.nu\/nysater\/wp-content\/uploads\/sites\/26\/2018\/07\/ralf-300x225.jpg\" alt=\"\" width=\"300\" height=\"225\" srcset=\"https:\/\/blogg.atl.nu\/nysater\/wp-content\/uploads\/sites\/26\/2018\/07\/ralf-300x225.jpg 300w, https:\/\/blogg.atl.nu\/nysater\/wp-content\/uploads\/sites\/26\/2018\/07\/ralf-768x576.jpg 768w, https:\/\/blogg.atl.nu\/nysater\/wp-content\/uploads\/sites\/26\/2018\/07\/ralf.jpg 960w\" sizes=\"(max-width: 300px) 100vw, 300px\" \/><\/p>\n<p>Om allt g\u00e5r som det \u00e4r t\u00e4nkt ska han bet\u00e4cka kvigan Giklan n\u00e4sta \u00e5r s\u00e5 det blir en renrasig liten avkomma. Men \u00e4n s\u00e5 l\u00e4nge \u00e4r han f\u00f6r liten. Han \u00e4r inte ens avvand \u00e4n utan dricker mj\u00f6lk morgon och kv\u00e4ll. Hans kompis heter Ronja och hon tillh\u00f6r n\u00e4st \u00e4ldsta dottern Matilda.<\/p>\n<p>De tv\u00e5 bor i igloon och verkar trivas bra d\u00e4r.<\/p>\n<p><img loading=\"lazy\" class=\"alignnone size-medium wp-image-221346\" src=\"https:\/\/blogg.atl.nu\/nysater\/wp-content\/uploads\/sites\/26\/2018\/07\/ralf3-300x225.jpg\" alt=\"\" width=\"300\" height=\"225\" srcset=\"https:\/\/blogg.atl.nu\/nysater\/wp-content\/uploads\/sites\/26\/2018\/07\/ralf3-300x225.jpg 300w, https:\/\/blogg.atl.nu\/nysater\/wp-content\/uploads\/sites\/26\/2018\/07\/ralf3-768x576.jpg 768w, https:\/\/blogg.atl.nu\/nysater\/wp-content\/uploads\/sites\/26\/2018\/07\/ralf3.jpg 960w\" sizes=\"(max-width: 300px) 100vw, 300px\" \/><\/p>\n<p>Linnea brukar tr\u00e4na Ralf att att g\u00e5 i grimma ibland och det g\u00e5r ganska bra. Han \u00e4r sn\u00e4ll och nyfiken och sk\u00f6ter sig oftast. Utom f\u00f6rsta dagen han var h\u00e4r f\u00f6r d\u00e5 skr\u00e4mde han upp oss rej\u00e4lt. Han blev r\u00e4dd f\u00f6r en d\u00f6rr som sm\u00e4llde igen och lyckades rymma. Full fart bort till grannen och sen tillbaka igen. \u00d6ver g\u00e5rn och ut p\u00e5 \u00e5kern. Korsade den och drog rakt in i skogen!\u00a0Vi letade och letade. Linda och hennes man var till och med h\u00e4r med sina hundar och s\u00f6kte. Men r\u00e4tt som det var kom han trippande p\u00e5 g\u00e5rdsplan igen! Han hade hittat hem sj\u00e4lv den lille rackaren och tur var v\u00e4l det!<\/p>\n<p><strong>Nu h\u00e5lls han inom st\u00e4ngda grindar s\u00e5 vi har koll p\u00e5 honom. N\u00e4sta \u00e5r blir det bete och avelsjobb.<\/strong><\/p>\n<p>Jo, just det, en liten sak till. Den f\u00f6rsta bilden i inl\u00e4gget har Linda tagit. Tack, tack. Jag snodde den fr\u00e5n hennes Instagramkonto. Och p\u00e5 tal om det kan jag tipsa om att vi har ett konto f\u00f6r g\u00e5rden ocks\u00e5. P\u00e5 Insta allts\u00e5, som ungarna s\u00e4ger (man \u00e4r tydligen j\u00e4ttagammal om man s\u00e4ger InstaGRAM herregud). Hursomhelst, man kan f\u00f6lja oss d\u00e4r om man vill. Heter praktiskt nog <strong>nysaterlantbruk<\/strong> bara. Jag l\u00e4gger inte ut s\u00e5 mycket men ibland blir det n\u00e5gon liten bild. Och s\u00e5 tycker jag att det \u00e4r kul med s\u00e5 kallade hashtags. I f\u00f6rrg\u00e5r la jag ut v\u00e5rt f\u00f6rsta videoklipp ocks\u00e5. Med Linda som visar hur man hanterar en flugsm\u00e4lla p\u00e5 b\u00e4sta s\u00e4tt. Mycket respektingivande och aningen kittlande! In och kolla den som vill.<\/p>\n","protected":false},"excerpt":{"rendered":"<p>Det h\u00e4r \u00e4r fj\u00e4llkalven Ralf. Han \u00e4r dottern Linneas lilla tjur som hon har k\u00f6pt i \u00c5ngermanland.\u00a0 Om allt g\u00e5r som det \u00e4r t\u00e4nkt ska han bet\u00e4cka kvigan Giklan n\u00e4sta \u00e5r s\u00e5 det blir en renrasig liten avkomma. Men \u00e4n s\u00e5 l\u00e4nge \u00e4r han f\u00f6r liten. Han \u00e4r inte ens avvand \u00e4n utan dricker mj\u00f6lk&#8230;<\/p>\n","protected":false},"author":338,"featured_media":221345,"comment_status":"open","ping_status":"open","sticky":false,"template":"","format":"standard","meta":[],"categories":[2],"tags":[143,3,6],"yoast_head":"<!-- This site is optimized with the Yoast SEO plugin v19.6 - https:\/\/yoast.com\/wordpress\/plugins\/seo\/ -->\n<title>Lillkillen Ralf - Nys\u00e4ter lantbruk<\/title>\n<meta name=\"robots\" content=\"index, follow, max-snippet:-1, max-image-preview:large, max-video-preview:-1\" \/>\n<link rel=\"canonical\" href=\"https:\/\/blogg.atl.nu\/nysater\/2018\/07\/06\/lillkillen-ralf\/\" \/>\n<meta property=\"og:locale\" content=\"sv_SE\" \/>\n<meta property=\"og:type\" content=\"article\" \/>\n<meta property=\"og:title\" content=\"Lillkillen Ralf - Nys\u00e4ter lantbruk\" \/>\n<meta property=\"og:description\" content=\"Det h\u00e4r \u00e4r fj\u00e4llkalven Ralf. Han \u00e4r dottern Linneas lilla tjur som hon har k\u00f6pt i \u00c5ngermanland.\u00a0 Om allt g\u00e5r som det \u00e4r t\u00e4nkt ska han bet\u00e4cka kvigan Giklan n\u00e4sta \u00e5r s\u00e5 det blir en renrasig liten avkomma. Men \u00e4n s\u00e5 l\u00e4nge \u00e4r han f\u00f6r liten. Han \u00e4r inte ens avvand \u00e4n utan dricker mj\u00f6lk...\" \/>\n<meta property=\"og:url\" content=\"https:\/\/blogg.atl.nu\/nysater\/2018\/07\/06\/lillkillen-ralf\/\" \/>\n<meta property=\"og:site_name\" content=\"Nys\u00e4ter lantbruk\" \/>\n<meta property=\"article:published_time\" content=\"2018-07-05T22:31:53+00:00\" \/>\n<meta property=\"article:modified_time\" content=\"2018-07-05T22:46:55+00:00\" \/>\n<meta property=\"og:image\" content=\"https:\/\/blogg.atl.nu\/nysater\/wp-content\/uploads\/sites\/26\/2018\/07\/ralf2.jpg\" \/>\n\t<meta property=\"og:image:width\" content=\"960\" \/>\n\t<meta property=\"og:image:height\" content=\"943\" \/>\n\t<meta property=\"og:image:type\" content=\"image\/jpeg\" \/>\n<meta name=\"author\" content=\"Elin Bergstr\u00f6m\" \/>\n<meta name=\"twitter:card\" content=\"summary\" \/>\n<meta name=\"twitter:label1\" content=\"Skriven av\" \/>\n\t<meta name=\"twitter:data1\" content=\"Elin Bergstr\u00f6m\" \/>\n\t<meta name=\"twitter:label2\" content=\"Ber\u00e4knad l\u00e4stid\" \/>\n\t<meta name=\"twitter:data2\" content=\"2 minuter\" \/>\n<script type=\"application\/ld+json\" class=\"yoast-schema-graph\">{\"@context\":\"https:\/\/schema.org\",\"@graph\":[{\"@type\":\"WebPage\",\"@id\":\"https:\/\/blogg.atl.nu\/nysater\/2018\/07\/06\/lillkillen-ralf\/\",\"url\":\"https:\/\/blogg.atl.nu\/nysater\/2018\/07\/06\/lillkillen-ralf\/\",\"name\":\"Lillkillen Ralf - Nys\u00e4ter lantbruk\",\"isPartOf\":{\"@id\":\"https:\/\/blogg.atl.nu\/nysater\/#website\"},\"datePublished\":\"2018-07-05T22:31:53+00:00\",\"dateModified\":\"2018-07-05T22:46:55+00:00\",\"author\":{\"@id\":\"https:\/\/blogg.atl.nu\/nysater\/#\/schema\/person\/44ec87efb92df15b0f3b0c68a84c7c0f\"},\"breadcrumb\":{\"@id\":\"https:\/\/blogg.atl.nu\/nysater\/2018\/07\/06\/lillkillen-ralf\/#breadcrumb\"},\"inLanguage\":\"sv-SE\",\"potentialAction\":[{\"@type\":\"ReadAction\",\"target\":[\"https:\/\/blogg.atl.nu\/nysater\/2018\/07\/06\/lillkillen-ralf\/\"]}]},{\"@type\":\"BreadcrumbList\",\"@id\":\"https:\/\/blogg.atl.nu\/nysater\/2018\/07\/06\/lillkillen-ralf\/#breadcrumb\",\"itemListElement\":[{\"@type\":\"ListItem\",\"position\":1,\"name\":\"Hem\",\"item\":\"https:\/\/blogg.atl.nu\/nysater\/\"},{\"@type\":\"ListItem\",\"position\":2,\"name\":\"Lillkillen Ralf\"}]},{\"@type\":\"WebSite\",\"@id\":\"https:\/\/blogg.atl.nu\/nysater\/#website\",\"url\":\"https:\/\/blogg.atl.nu\/nysater\/\",\"name\":\"Nys\u00e4ter lantbruk\",\"description\":\"Elin Bergstr\u00f6m\",\"potentialAction\":[{\"@type\":\"SearchAction\",\"target\":{\"@type\":\"EntryPoint\",\"urlTemplate\":\"https:\/\/blogg.atl.nu\/nysater\/?s={search_term_string}\"},\"query-input\":\"required name=search_term_string\"}],\"inLanguage\":\"sv-SE\"},{\"@type\":\"Person\",\"@id\":\"https:\/\/blogg.atl.nu\/nysater\/#\/schema\/person\/44ec87efb92df15b0f3b0c68a84c7c0f\",\"name\":\"Elin Bergstr\u00f6m\",\"image\":{\"@type\":\"ImageObject\",\"inLanguage\":\"sv-SE\",\"@id\":\"https:\/\/blogg.atl.nu\/nysater\/#\/schema\/person\/image\/\",\"url\":\"https:\/\/secure.gravatar.com\/avatar\/c68fea4c0b5b10e41c5a9ecd1fb1b3c0?s=96&d=mm&r=g\",\"contentUrl\":\"https:\/\/secure.gravatar.com\/avatar\/c68fea4c0b5b10e41c5a9ecd1fb1b3c0?s=96&d=mm&r=g\",\"caption\":\"Elin Bergstr\u00f6m\"},\"url\":\"https:\/\/blogg.atl.nu\/nysater\/author\/elin\/\"}]}<\/script>\n<!-- \/ Yoast SEO plugin. -->","yoast_head_json":{"title":"Lillkillen Ralf - Nys\u00e4ter lantbruk","robots":{"index":"index","follow":"follow","max-snippet":"max-snippet:-1","max-image-preview":"max-image-preview:large","max-video-preview":"max-video-preview:-1"},"canonical":"https:\/\/blogg.atl.nu\/nysater\/2018\/07\/06\/lillkillen-ralf\/","og_locale":"sv_SE","og_type":"article","og_title":"Lillkillen Ralf - Nys\u00e4ter lantbruk","og_description":"Det h\u00e4r \u00e4r fj\u00e4llkalven Ralf. Han \u00e4r dottern Linneas lilla tjur som hon har k\u00f6pt i \u00c5ngermanland.\u00a0 Om allt g\u00e5r som det \u00e4r t\u00e4nkt ska han bet\u00e4cka kvigan Giklan n\u00e4sta \u00e5r s\u00e5 det blir en renrasig liten avkomma. Men \u00e4n s\u00e5 l\u00e4nge \u00e4r han f\u00f6r liten. Han \u00e4r inte ens avvand \u00e4n utan dricker mj\u00f6lk...","og_url":"https:\/\/blogg.atl.nu\/nysater\/2018\/07\/06\/lillkillen-ralf\/","og_site_name":"Nys\u00e4ter lantbruk","article_published_time":"2018-07-05T22:31:53+00:00","article_modified_time":"2018-07-05T22:46:55+00:00","og_image":[{"width":960,"height":943,"url":"https:\/\/blogg.atl.nu\/nysater\/wp-content\/uploads\/sites\/26\/2018\/07\/ralf2.jpg","type":"image\/jpeg"}],"author":"Elin Bergstr\u00f6m","twitter_card":"summary","twitter_misc":{"Skriven av":"Elin Bergstr\u00f6m","Ber\u00e4knad l\u00e4stid":"2 minuter"},"schema":{"@context":"https:\/\/schema.org","@graph":[{"@type":"WebPage","@id":"https:\/\/blogg.atl.nu\/nysater\/2018\/07\/06\/lillkillen-ralf\/","url":"https:\/\/blogg.atl.nu\/nysater\/2018\/07\/06\/lillkillen-ralf\/","name":"Lillkillen Ralf - Nys\u00e4ter lantbruk","isPartOf":{"@id":"https:\/\/blogg.atl.nu\/nysater\/#website"},"datePublished":"2018-07-05T22:31:53+00:00","dateModified":"2018-07-05T22:46:55+00:00","author":{"@id":"https:\/\/blogg.atl.nu\/nysater\/#\/schema\/person\/44ec87efb92df15b0f3b0c68a84c7c0f"},"breadcrumb":{"@id":"https:\/\/blogg.atl.nu\/nysater\/2018\/07\/06\/lillkillen-ralf\/#breadcrumb"},"inLanguage":"sv-SE","potentialAction":[{"@type":"ReadAction","target":["https:\/\/blogg.atl.nu\/nysater\/2018\/07\/06\/lillkillen-ralf\/"]}]},{"@type":"BreadcrumbList","@id":"https:\/\/blogg.atl.nu\/nysater\/2018\/07\/06\/lillkillen-ralf\/#breadcrumb","itemListElement":[{"@type":"ListItem","position":1,"name":"Hem","item":"https:\/\/blogg.atl.nu\/nysater\/"},{"@type":"ListItem","position":2,"name":"Lillkillen Ralf"}]},{"@type":"WebSite","@id":"https:\/\/blogg.atl.nu\/nysater\/#website","url":"https:\/\/blogg.atl.nu\/nysater\/","name":"Nys\u00e4ter lantbruk","description":"Elin Bergstr\u00f6m","potentialAction":[{"@type":"SearchAction","target":{"@type":"EntryPoint","urlTemplate":"https:\/\/blogg.atl.nu\/nysater\/?s={search_term_string}"},"query-input":"required name=search_term_string"}],"inLanguage":"sv-SE"},{"@type":"Person","@id":"https:\/\/blogg.atl.nu\/nysater\/#\/schema\/person\/44ec87efb92df15b0f3b0c68a84c7c0f","name":"Elin Bergstr\u00f6m","image":{"@type":"ImageObject","inLanguage":"sv-SE","@id":"https:\/\/blogg.atl.nu\/nysater\/#\/schema\/person\/image\/","url":"https:\/\/secure.gravatar.com\/avatar\/c68fea4c0b5b10e41c5a9ecd1fb1b3c0?s=96&d=mm&r=g","contentUrl":"https:\/\/secure.gravatar.com\/avatar\/c68fea4c0b5b10e41c5a9ecd1fb1b3c0?s=96&d=mm&r=g","caption":"Elin Bergstr\u00f6m"},"url":"https:\/\/blogg.atl.nu\/nysater\/author\/elin\/"}]}},"_links":{"self":[{"href":"https:\/\/blogg.atl.nu\/nysater\/wp-json\/wp\/v2\/posts\/221343"}],"collection":[{"href":"https:\/\/blogg.atl.nu\/nysater\/wp-json\/wp\/v2\/posts"}],"about":[{"href":"https:\/\/blogg.atl.nu\/nysater\/wp-json\/wp\/v2\/types\/post"}],"author":[{"embeddable":true,"href":"https:\/\/blogg.atl.nu\/nysater\/wp-json\/wp\/v2\/users\/338"}],"replies":[{"embeddable":true,"href":"https:\/\/blogg.atl.nu\/nysater\/wp-json\/wp\/v2\/comments?post=221343"}],"version-history":[{"count":8,"href":"https:\/\/blogg.atl.nu\/nysater\/wp-json\/wp\/v2\/posts\/221343\/revisions"}],"predecessor-version":[{"id":221354,"href":"https:\/\/blogg.atl.nu\/nysater\/wp-json\/wp\/v2\/posts\/221343\/revisions\/221354"}],"wp:featuredmedia":[{"embeddable":true,"href":"https:\/\/blogg.atl.nu\/nysater\/wp-json\/wp\/v2\/media\/221345"}],"wp:attachment":[{"href":"https:\/\/blogg.atl.nu\/nysater\/wp-json\/wp\/v2\/media?parent=221343"}],"wp:term":[{"taxonomy":"category","embeddable":true,"href":"https:\/\/blogg.atl.nu\/nysater\/wp-json\/wp\/v2\/categories?post=221343"},{"taxonomy":"post_tag","embeddable":true,"href":"https:\/\/blogg.atl.nu\/nysater\/wp-json\/wp\/v2\/tags?post=221343"}],"curies":[{"name":"wp","href":"https:\/\/api.w.org\/{rel}","templated":true}]}}