{"id":221428,"date":"2018-07-29T02:54:02","date_gmt":"2018-07-29T00:54:02","guid":{"rendered":"https:\/\/blogg.atl.nu\/nysater\/?p=221428"},"modified":"2018-07-30T22:15:34","modified_gmt":"2018-07-30T20:15:34","slug":"flugjavlar-och-svart-att-sova","status":"publish","type":"post","link":"https:\/\/blogg.atl.nu\/nysater\/2018\/07\/29\/flugjavlar-och-svart-att-sova\/","title":{"rendered":"Flugj\u00e4vlar och sv\u00e5rt att sova"},"content":{"rendered":"<p><strong>Ingen id\u00e9 att tycka synd om sin sj\u00e4lv men lite j\u00e4vla irriterande \u00e4r det v\u00e4l \u00e4nd\u00e5 n\u00e4r man inte kan sova p\u00e5 n\u00e4tterna!?\u00a0<\/strong><\/p>\n<p>Det \u00e4r varmt och svettigt och flugorna surrar \u00f6verallt. En nackdel med att bo p\u00e5 sin arbetsplats, om arbetsplatsen r\u00e5kar vara ett jordbruk, \u00e4r dessa flugj\u00e4vlar. Som finns i tusental! \u00c4ckligt och irriterande.<\/p>\n<p>Jag trodde jag skulle somna gott inatt f\u00f6r vi har haft en bra men intensiv l\u00f6rdag. Vi blev bjudna p\u00e5 finmiddag av trevliga bondekollegor p\u00e5 kv\u00e4llen och f\u00f6re det var det namngivning f\u00f6r en liten Vidar. Jag var s\u00e5 himla tr\u00f6tt n\u00e4r vi kom hem s\u00e5 jag trodde att jag skulle svimma. Men lyckades man somna? N\u00e4\u00e4\u00e4eer\u00e5! Jag har testat det mesta nu och hade varken \u00e5ksjuketabletter eller allergipiller hemma (det ska visst vara effektivt enligt s\u00e4kra k\u00e4llor), s\u00e5 nu fick det vara nog.<br \/>\nNu sitter jag p\u00e5 altan&#8217; d\u00e4r det \u00e4r lite svalare, insvept i ett p\u00e5slakan och funderar p\u00e5 livet. Och v\u00e4ntar p\u00e5 regn som inte kommer.<\/p>\n<p>R\u00e4tt m\u00f6rkt \u00e4r det. Men det ljusnar v\u00e4l snart. D\u00e5 kanske jag somnar.<\/p>\n","protected":false},"excerpt":{"rendered":"<p>Ingen id\u00e9 att tycka synd om sin sj\u00e4lv men lite j\u00e4vla irriterande \u00e4r det v\u00e4l \u00e4nd\u00e5 n\u00e4r man inte kan sova p\u00e5 n\u00e4tterna!?\u00a0 Det \u00e4r varmt och svettigt och flugorna surrar \u00f6verallt. En nackdel med att bo p\u00e5 sin arbetsplats, om arbetsplatsen r\u00e5kar vara ett jordbruk, \u00e4r dessa flugj\u00e4vlar. Som finns i tusental! \u00c4ckligt och&#8230;<\/p>\n","protected":false},"author":338,"featured_media":221429,"comment_status":"open","ping_status":"open","sticky":false,"template":"","format":"standard","meta":[],"categories":[2],"tags":[3],"yoast_head":"<!-- This site is optimized with the Yoast SEO plugin v19.6 - https:\/\/yoast.com\/wordpress\/plugins\/seo\/ -->\n<title>Flugj\u00e4vlar och sv\u00e5rt att sova - Nys\u00e4ter lantbruk<\/title>\n<meta name=\"robots\" content=\"index, follow, max-snippet:-1, max-image-preview:large, max-video-preview:-1\" \/>\n<link rel=\"canonical\" href=\"https:\/\/blogg.atl.nu\/nysater\/2018\/07\/29\/flugjavlar-och-svart-att-sova\/\" \/>\n<meta property=\"og:locale\" content=\"sv_SE\" \/>\n<meta property=\"og:type\" content=\"article\" \/>\n<meta property=\"og:title\" content=\"Flugj\u00e4vlar och sv\u00e5rt att sova - Nys\u00e4ter lantbruk\" \/>\n<meta property=\"og:description\" content=\"Ingen id\u00e9 att tycka synd om sin sj\u00e4lv men lite j\u00e4vla irriterande \u00e4r det v\u00e4l \u00e4nd\u00e5 n\u00e4r man inte kan sova p\u00e5 n\u00e4tterna!?\u00a0 Det \u00e4r varmt och svettigt och flugorna surrar \u00f6verallt. En nackdel med att bo p\u00e5 sin arbetsplats, om arbetsplatsen r\u00e5kar vara ett jordbruk, \u00e4r dessa flugj\u00e4vlar. Som finns i tusental! \u00c4ckligt och...\" \/>\n<meta property=\"og:url\" content=\"https:\/\/blogg.atl.nu\/nysater\/2018\/07\/29\/flugjavlar-och-svart-att-sova\/\" \/>\n<meta property=\"og:site_name\" content=\"Nys\u00e4ter lantbruk\" \/>\n<meta property=\"article:published_time\" content=\"2018-07-29T00:54:02+00:00\" \/>\n<meta property=\"article:modified_time\" content=\"2018-07-30T20:15:34+00:00\" \/>\n<meta property=\"og:image\" content=\"https:\/\/blogg.atl.nu\/nysater\/wp-content\/uploads\/sites\/26\/2018\/07\/fluga.jpg\" \/>\n\t<meta property=\"og:image:width\" content=\"1280\" \/>\n\t<meta property=\"og:image:height\" content=\"867\" \/>\n\t<meta property=\"og:image:type\" content=\"image\/jpeg\" \/>\n<meta name=\"author\" content=\"Elin Bergstr\u00f6m\" \/>\n<meta name=\"twitter:card\" content=\"summary\" \/>\n<meta name=\"twitter:label1\" content=\"Skriven av\" \/>\n\t<meta name=\"twitter:data1\" content=\"Elin Bergstr\u00f6m\" \/>\n\t<meta name=\"twitter:label2\" content=\"Ber\u00e4knad l\u00e4stid\" \/>\n\t<meta name=\"twitter:data2\" content=\"1 minut\" \/>\n<script type=\"application\/ld+json\" class=\"yoast-schema-graph\">{\"@context\":\"https:\/\/schema.org\",\"@graph\":[{\"@type\":\"WebPage\",\"@id\":\"https:\/\/blogg.atl.nu\/nysater\/2018\/07\/29\/flugjavlar-och-svart-att-sova\/\",\"url\":\"https:\/\/blogg.atl.nu\/nysater\/2018\/07\/29\/flugjavlar-och-svart-att-sova\/\",\"name\":\"Flugj\u00e4vlar och sv\u00e5rt att sova - Nys\u00e4ter lantbruk\",\"isPartOf\":{\"@id\":\"https:\/\/blogg.atl.nu\/nysater\/#website\"},\"datePublished\":\"2018-07-29T00:54:02+00:00\",\"dateModified\":\"2018-07-30T20:15:34+00:00\",\"author\":{\"@id\":\"https:\/\/blogg.atl.nu\/nysater\/#\/schema\/person\/44ec87efb92df15b0f3b0c68a84c7c0f\"},\"breadcrumb\":{\"@id\":\"https:\/\/blogg.atl.nu\/nysater\/2018\/07\/29\/flugjavlar-och-svart-att-sova\/#breadcrumb\"},\"inLanguage\":\"sv-SE\",\"potentialAction\":[{\"@type\":\"ReadAction\",\"target\":[\"https:\/\/blogg.atl.nu\/nysater\/2018\/07\/29\/flugjavlar-och-svart-att-sova\/\"]}]},{\"@type\":\"BreadcrumbList\",\"@id\":\"https:\/\/blogg.atl.nu\/nysater\/2018\/07\/29\/flugjavlar-och-svart-att-sova\/#breadcrumb\",\"itemListElement\":[{\"@type\":\"ListItem\",\"position\":1,\"name\":\"Hem\",\"item\":\"https:\/\/blogg.atl.nu\/nysater\/\"},{\"@type\":\"ListItem\",\"position\":2,\"name\":\"Flugj\u00e4vlar och sv\u00e5rt att sova\"}]},{\"@type\":\"WebSite\",\"@id\":\"https:\/\/blogg.atl.nu\/nysater\/#website\",\"url\":\"https:\/\/blogg.atl.nu\/nysater\/\",\"name\":\"Nys\u00e4ter lantbruk\",\"description\":\"Elin Bergstr\u00f6m\",\"potentialAction\":[{\"@type\":\"SearchAction\",\"target\":{\"@type\":\"EntryPoint\",\"urlTemplate\":\"https:\/\/blogg.atl.nu\/nysater\/?s={search_term_string}\"},\"query-input\":\"required name=search_term_string\"}],\"inLanguage\":\"sv-SE\"},{\"@type\":\"Person\",\"@id\":\"https:\/\/blogg.atl.nu\/nysater\/#\/schema\/person\/44ec87efb92df15b0f3b0c68a84c7c0f\",\"name\":\"Elin Bergstr\u00f6m\",\"image\":{\"@type\":\"ImageObject\",\"inLanguage\":\"sv-SE\",\"@id\":\"https:\/\/blogg.atl.nu\/nysater\/#\/schema\/person\/image\/\",\"url\":\"https:\/\/secure.gravatar.com\/avatar\/c68fea4c0b5b10e41c5a9ecd1fb1b3c0?s=96&d=mm&r=g\",\"contentUrl\":\"https:\/\/secure.gravatar.com\/avatar\/c68fea4c0b5b10e41c5a9ecd1fb1b3c0?s=96&d=mm&r=g\",\"caption\":\"Elin Bergstr\u00f6m\"},\"url\":\"https:\/\/blogg.atl.nu\/nysater\/author\/elin\/\"}]}<\/script>\n<!-- \/ Yoast SEO plugin. -->","yoast_head_json":{"title":"Flugj\u00e4vlar och sv\u00e5rt att sova - Nys\u00e4ter lantbruk","robots":{"index":"index","follow":"follow","max-snippet":"max-snippet:-1","max-image-preview":"max-image-preview:large","max-video-preview":"max-video-preview:-1"},"canonical":"https:\/\/blogg.atl.nu\/nysater\/2018\/07\/29\/flugjavlar-och-svart-att-sova\/","og_locale":"sv_SE","og_type":"article","og_title":"Flugj\u00e4vlar och sv\u00e5rt att sova - Nys\u00e4ter lantbruk","og_description":"Ingen id\u00e9 att tycka synd om sin sj\u00e4lv men lite j\u00e4vla irriterande \u00e4r det v\u00e4l \u00e4nd\u00e5 n\u00e4r man inte kan sova p\u00e5 n\u00e4tterna!?\u00a0 Det \u00e4r varmt och svettigt och flugorna surrar \u00f6verallt. En nackdel med att bo p\u00e5 sin arbetsplats, om arbetsplatsen r\u00e5kar vara ett jordbruk, \u00e4r dessa flugj\u00e4vlar. Som finns i tusental! \u00c4ckligt och...","og_url":"https:\/\/blogg.atl.nu\/nysater\/2018\/07\/29\/flugjavlar-och-svart-att-sova\/","og_site_name":"Nys\u00e4ter lantbruk","article_published_time":"2018-07-29T00:54:02+00:00","article_modified_time":"2018-07-30T20:15:34+00:00","og_image":[{"width":1280,"height":867,"url":"https:\/\/blogg.atl.nu\/nysater\/wp-content\/uploads\/sites\/26\/2018\/07\/fluga.jpg","type":"image\/jpeg"}],"author":"Elin Bergstr\u00f6m","twitter_card":"summary","twitter_misc":{"Skriven av":"Elin Bergstr\u00f6m","Ber\u00e4knad l\u00e4stid":"1 minut"},"schema":{"@context":"https:\/\/schema.org","@graph":[{"@type":"WebPage","@id":"https:\/\/blogg.atl.nu\/nysater\/2018\/07\/29\/flugjavlar-och-svart-att-sova\/","url":"https:\/\/blogg.atl.nu\/nysater\/2018\/07\/29\/flugjavlar-och-svart-att-sova\/","name":"Flugj\u00e4vlar och sv\u00e5rt att sova - Nys\u00e4ter lantbruk","isPartOf":{"@id":"https:\/\/blogg.atl.nu\/nysater\/#website"},"datePublished":"2018-07-29T00:54:02+00:00","dateModified":"2018-07-30T20:15:34+00:00","author":{"@id":"https:\/\/blogg.atl.nu\/nysater\/#\/schema\/person\/44ec87efb92df15b0f3b0c68a84c7c0f"},"breadcrumb":{"@id":"https:\/\/blogg.atl.nu\/nysater\/2018\/07\/29\/flugjavlar-och-svart-att-sova\/#breadcrumb"},"inLanguage":"sv-SE","potentialAction":[{"@type":"ReadAction","target":["https:\/\/blogg.atl.nu\/nysater\/2018\/07\/29\/flugjavlar-och-svart-att-sova\/"]}]},{"@type":"BreadcrumbList","@id":"https:\/\/blogg.atl.nu\/nysater\/2018\/07\/29\/flugjavlar-och-svart-att-sova\/#breadcrumb","itemListElement":[{"@type":"ListItem","position":1,"name":"Hem","item":"https:\/\/blogg.atl.nu\/nysater\/"},{"@type":"ListItem","position":2,"name":"Flugj\u00e4vlar och sv\u00e5rt att sova"}]},{"@type":"WebSite","@id":"https:\/\/blogg.atl.nu\/nysater\/#website","url":"https:\/\/blogg.atl.nu\/nysater\/","name":"Nys\u00e4ter lantbruk","description":"Elin Bergstr\u00f6m","potentialAction":[{"@type":"SearchAction","target":{"@type":"EntryPoint","urlTemplate":"https:\/\/blogg.atl.nu\/nysater\/?s={search_term_string}"},"query-input":"required name=search_term_string"}],"inLanguage":"sv-SE"},{"@type":"Person","@id":"https:\/\/blogg.atl.nu\/nysater\/#\/schema\/person\/44ec87efb92df15b0f3b0c68a84c7c0f","name":"Elin Bergstr\u00f6m","image":{"@type":"ImageObject","inLanguage":"sv-SE","@id":"https:\/\/blogg.atl.nu\/nysater\/#\/schema\/person\/image\/","url":"https:\/\/secure.gravatar.com\/avatar\/c68fea4c0b5b10e41c5a9ecd1fb1b3c0?s=96&d=mm&r=g","contentUrl":"https:\/\/secure.gravatar.com\/avatar\/c68fea4c0b5b10e41c5a9ecd1fb1b3c0?s=96&d=mm&r=g","caption":"Elin Bergstr\u00f6m"},"url":"https:\/\/blogg.atl.nu\/nysater\/author\/elin\/"}]}},"_links":{"self":[{"href":"https:\/\/blogg.atl.nu\/nysater\/wp-json\/wp\/v2\/posts\/221428"}],"collection":[{"href":"https:\/\/blogg.atl.nu\/nysater\/wp-json\/wp\/v2\/posts"}],"about":[{"href":"https:\/\/blogg.atl.nu\/nysater\/wp-json\/wp\/v2\/types\/post"}],"author":[{"embeddable":true,"href":"https:\/\/blogg.atl.nu\/nysater\/wp-json\/wp\/v2\/users\/338"}],"replies":[{"embeddable":true,"href":"https:\/\/blogg.atl.nu\/nysater\/wp-json\/wp\/v2\/comments?post=221428"}],"version-history":[{"count":5,"href":"https:\/\/blogg.atl.nu\/nysater\/wp-json\/wp\/v2\/posts\/221428\/revisions"}],"predecessor-version":[{"id":221460,"href":"https:\/\/blogg.atl.nu\/nysater\/wp-json\/wp\/v2\/posts\/221428\/revisions\/221460"}],"wp:featuredmedia":[{"embeddable":true,"href":"https:\/\/blogg.atl.nu\/nysater\/wp-json\/wp\/v2\/media\/221429"}],"wp:attachment":[{"href":"https:\/\/blogg.atl.nu\/nysater\/wp-json\/wp\/v2\/media?parent=221428"}],"wp:term":[{"taxonomy":"category","embeddable":true,"href":"https:\/\/blogg.atl.nu\/nysater\/wp-json\/wp\/v2\/categories?post=221428"},{"taxonomy":"post_tag","embeddable":true,"href":"https:\/\/blogg.atl.nu\/nysater\/wp-json\/wp\/v2\/tags?post=221428"}],"curies":[{"name":"wp","href":"https:\/\/api.w.org\/{rel}","templated":true}]}}