{"id":221712,"date":"2018-09-27T20:51:06","date_gmt":"2018-09-27T18:51:06","guid":{"rendered":"https:\/\/blogg.atl.nu\/nysater\/?p=221712"},"modified":"2018-09-27T21:00:18","modified_gmt":"2018-09-27T19:00:18","slug":"vallskord-och-den-varsta-tanken","status":"publish","type":"post","link":"https:\/\/blogg.atl.nu\/nysater\/2018\/09\/27\/vallskord-och-den-varsta-tanken\/","title":{"rendered":"Vallsk\u00f6rd och den v\u00e4rsta tanken"},"content":{"rendered":"<p><strong>Snart \u00e4r vallsk\u00f6rden klar f\u00f6r i \u00e5r. Det k\u00e4nns bra. En grej till att bocka av p\u00e5 listan.\u00a0<\/strong><\/p>\n<p>Den h\u00e4r gula plasten \u00e4r lite dyrare \u00e4n den vanliga vita. Men n\u00e4r man k\u00f6per den av Lantm\u00e4nnen g\u00e5r en del av pengarna till barncancerfonden. Det tycker jag \u00e4r bra. V\u00e4ldigt bra.<br \/>\nSom de flesta vet sk\u00e4nks det \u00e4ven pengar till forskning om br\u00f6stcancer (rosa balar) och prostatacancer (bl\u00e5 balar). Det \u00e4r fint att kunna vara med och bidra.<\/p>\n<p><img loading=\"lazy\" class=\"alignnone wp-image-221715 size-full\" src=\"https:\/\/blogg.atl.nu\/nysater\/wp-content\/uploads\/sites\/26\/2018\/09\/gul3.jpg\" alt=\"\" width=\"960\" height=\"720\" srcset=\"https:\/\/blogg.atl.nu\/nysater\/wp-content\/uploads\/sites\/26\/2018\/09\/gul3.jpg 960w, https:\/\/blogg.atl.nu\/nysater\/wp-content\/uploads\/sites\/26\/2018\/09\/gul3-300x225.jpg 300w, https:\/\/blogg.atl.nu\/nysater\/wp-content\/uploads\/sites\/26\/2018\/09\/gul3-768x576.jpg 768w\" sizes=\"(max-width: 960px) 100vw, 960px\" \/><\/p>\n<p><strong>Hur det \u00e4r att ha sv\u00e5rt sjuka barn vet jag inget om. <\/strong>S\u00e5 jag t\u00e4nker inte skriva om det. Bara att det \u00e4r en av mina v\u00e4rsta tankar&#8230; S\u00e5 hemsk att jag n\u00e4stan f\u00e5r sv\u00e5rt att andas&#8230;<\/p>\n<p><img loading=\"lazy\" class=\"alignnone wp-image-221714 size-full\" src=\"https:\/\/blogg.atl.nu\/nysater\/wp-content\/uploads\/sites\/26\/2018\/09\/gul2.jpg\" alt=\"\" width=\"960\" height=\"720\" srcset=\"https:\/\/blogg.atl.nu\/nysater\/wp-content\/uploads\/sites\/26\/2018\/09\/gul2.jpg 960w, https:\/\/blogg.atl.nu\/nysater\/wp-content\/uploads\/sites\/26\/2018\/09\/gul2-300x225.jpg 300w, https:\/\/blogg.atl.nu\/nysater\/wp-content\/uploads\/sites\/26\/2018\/09\/gul2-768x576.jpg 768w\" sizes=\"(max-width: 960px) 100vw, 960px\" \/><\/p>\n<p>Ta mig ist\u00e4llet, jag \u00e4r n\u00e4stan beredd, men ta f\u00f6r fan inte dem. H\u00e5ll dig borta fr\u00e5n folks barn, cancerj\u00e4vel.<\/p>\n","protected":false},"excerpt":{"rendered":"<p>Snart \u00e4r vallsk\u00f6rden klar f\u00f6r i \u00e5r. Det k\u00e4nns bra. En grej till att bocka av p\u00e5 listan.\u00a0 Den h\u00e4r gula plasten \u00e4r lite dyrare \u00e4n den vanliga vita. Men n\u00e4r man k\u00f6per den av Lantm\u00e4nnen g\u00e5r en del av pengarna till barncancerfonden. Det tycker jag \u00e4r bra. V\u00e4ldigt bra. Som de flesta vet sk\u00e4nks&#8230;<\/p>\n","protected":false},"author":338,"featured_media":221713,"comment_status":"open","ping_status":"open","sticky":false,"template":"","format":"standard","meta":[],"categories":[2],"tags":[176,28,3,6],"yoast_head":"<!-- This site is optimized with the Yoast SEO plugin v19.6 - https:\/\/yoast.com\/wordpress\/plugins\/seo\/ -->\n<title>Vallsk\u00f6rd och den v\u00e4rsta tanken - Nys\u00e4ter lantbruk<\/title>\n<meta name=\"robots\" content=\"index, follow, max-snippet:-1, max-image-preview:large, max-video-preview:-1\" \/>\n<link rel=\"canonical\" href=\"https:\/\/blogg.atl.nu\/nysater\/2018\/09\/27\/vallskord-och-den-varsta-tanken\/\" \/>\n<meta property=\"og:locale\" content=\"sv_SE\" \/>\n<meta property=\"og:type\" content=\"article\" \/>\n<meta property=\"og:title\" content=\"Vallsk\u00f6rd och den v\u00e4rsta tanken - Nys\u00e4ter lantbruk\" \/>\n<meta property=\"og:description\" content=\"Snart \u00e4r vallsk\u00f6rden klar f\u00f6r i \u00e5r. Det k\u00e4nns bra. En grej till att bocka av p\u00e5 listan.\u00a0 Den h\u00e4r gula plasten \u00e4r lite dyrare \u00e4n den vanliga vita. Men n\u00e4r man k\u00f6per den av Lantm\u00e4nnen g\u00e5r en del av pengarna till barncancerfonden. Det tycker jag \u00e4r bra. V\u00e4ldigt bra. Som de flesta vet sk\u00e4nks...\" \/>\n<meta property=\"og:url\" content=\"https:\/\/blogg.atl.nu\/nysater\/2018\/09\/27\/vallskord-och-den-varsta-tanken\/\" \/>\n<meta property=\"og:site_name\" content=\"Nys\u00e4ter lantbruk\" \/>\n<meta property=\"article:published_time\" content=\"2018-09-27T18:51:06+00:00\" \/>\n<meta property=\"article:modified_time\" content=\"2018-09-27T19:00:18+00:00\" \/>\n<meta property=\"og:image\" content=\"https:\/\/blogg.atl.nu\/nysater\/wp-content\/uploads\/sites\/26\/2018\/09\/gul.jpg\" \/>\n\t<meta property=\"og:image:width\" content=\"960\" \/>\n\t<meta property=\"og:image:height\" content=\"720\" \/>\n\t<meta property=\"og:image:type\" content=\"image\/jpeg\" \/>\n<meta name=\"author\" content=\"Elin Bergstr\u00f6m\" \/>\n<meta name=\"twitter:card\" content=\"summary\" \/>\n<meta name=\"twitter:label1\" content=\"Skriven av\" \/>\n\t<meta name=\"twitter:data1\" content=\"Elin Bergstr\u00f6m\" \/>\n\t<meta name=\"twitter:label2\" content=\"Ber\u00e4knad l\u00e4stid\" \/>\n\t<meta name=\"twitter:data2\" content=\"1 minut\" \/>\n<script type=\"application\/ld+json\" class=\"yoast-schema-graph\">{\"@context\":\"https:\/\/schema.org\",\"@graph\":[{\"@type\":\"WebPage\",\"@id\":\"https:\/\/blogg.atl.nu\/nysater\/2018\/09\/27\/vallskord-och-den-varsta-tanken\/\",\"url\":\"https:\/\/blogg.atl.nu\/nysater\/2018\/09\/27\/vallskord-och-den-varsta-tanken\/\",\"name\":\"Vallsk\u00f6rd och den v\u00e4rsta tanken - Nys\u00e4ter lantbruk\",\"isPartOf\":{\"@id\":\"https:\/\/blogg.atl.nu\/nysater\/#website\"},\"datePublished\":\"2018-09-27T18:51:06+00:00\",\"dateModified\":\"2018-09-27T19:00:18+00:00\",\"author\":{\"@id\":\"https:\/\/blogg.atl.nu\/nysater\/#\/schema\/person\/44ec87efb92df15b0f3b0c68a84c7c0f\"},\"breadcrumb\":{\"@id\":\"https:\/\/blogg.atl.nu\/nysater\/2018\/09\/27\/vallskord-och-den-varsta-tanken\/#breadcrumb\"},\"inLanguage\":\"sv-SE\",\"potentialAction\":[{\"@type\":\"ReadAction\",\"target\":[\"https:\/\/blogg.atl.nu\/nysater\/2018\/09\/27\/vallskord-och-den-varsta-tanken\/\"]}]},{\"@type\":\"BreadcrumbList\",\"@id\":\"https:\/\/blogg.atl.nu\/nysater\/2018\/09\/27\/vallskord-och-den-varsta-tanken\/#breadcrumb\",\"itemListElement\":[{\"@type\":\"ListItem\",\"position\":1,\"name\":\"Hem\",\"item\":\"https:\/\/blogg.atl.nu\/nysater\/\"},{\"@type\":\"ListItem\",\"position\":2,\"name\":\"Vallsk\u00f6rd och den v\u00e4rsta tanken\"}]},{\"@type\":\"WebSite\",\"@id\":\"https:\/\/blogg.atl.nu\/nysater\/#website\",\"url\":\"https:\/\/blogg.atl.nu\/nysater\/\",\"name\":\"Nys\u00e4ter lantbruk\",\"description\":\"Elin Bergstr\u00f6m\",\"potentialAction\":[{\"@type\":\"SearchAction\",\"target\":{\"@type\":\"EntryPoint\",\"urlTemplate\":\"https:\/\/blogg.atl.nu\/nysater\/?s={search_term_string}\"},\"query-input\":\"required name=search_term_string\"}],\"inLanguage\":\"sv-SE\"},{\"@type\":\"Person\",\"@id\":\"https:\/\/blogg.atl.nu\/nysater\/#\/schema\/person\/44ec87efb92df15b0f3b0c68a84c7c0f\",\"name\":\"Elin Bergstr\u00f6m\",\"image\":{\"@type\":\"ImageObject\",\"inLanguage\":\"sv-SE\",\"@id\":\"https:\/\/blogg.atl.nu\/nysater\/#\/schema\/person\/image\/\",\"url\":\"https:\/\/secure.gravatar.com\/avatar\/c68fea4c0b5b10e41c5a9ecd1fb1b3c0?s=96&d=mm&r=g\",\"contentUrl\":\"https:\/\/secure.gravatar.com\/avatar\/c68fea4c0b5b10e41c5a9ecd1fb1b3c0?s=96&d=mm&r=g\",\"caption\":\"Elin Bergstr\u00f6m\"},\"url\":\"https:\/\/blogg.atl.nu\/nysater\/author\/elin\/\"}]}<\/script>\n<!-- \/ Yoast SEO plugin. -->","yoast_head_json":{"title":"Vallsk\u00f6rd och den v\u00e4rsta tanken - Nys\u00e4ter lantbruk","robots":{"index":"index","follow":"follow","max-snippet":"max-snippet:-1","max-image-preview":"max-image-preview:large","max-video-preview":"max-video-preview:-1"},"canonical":"https:\/\/blogg.atl.nu\/nysater\/2018\/09\/27\/vallskord-och-den-varsta-tanken\/","og_locale":"sv_SE","og_type":"article","og_title":"Vallsk\u00f6rd och den v\u00e4rsta tanken - Nys\u00e4ter lantbruk","og_description":"Snart \u00e4r vallsk\u00f6rden klar f\u00f6r i \u00e5r. Det k\u00e4nns bra. En grej till att bocka av p\u00e5 listan.\u00a0 Den h\u00e4r gula plasten \u00e4r lite dyrare \u00e4n den vanliga vita. Men n\u00e4r man k\u00f6per den av Lantm\u00e4nnen g\u00e5r en del av pengarna till barncancerfonden. Det tycker jag \u00e4r bra. V\u00e4ldigt bra. Som de flesta vet sk\u00e4nks...","og_url":"https:\/\/blogg.atl.nu\/nysater\/2018\/09\/27\/vallskord-och-den-varsta-tanken\/","og_site_name":"Nys\u00e4ter lantbruk","article_published_time":"2018-09-27T18:51:06+00:00","article_modified_time":"2018-09-27T19:00:18+00:00","og_image":[{"width":960,"height":720,"url":"https:\/\/blogg.atl.nu\/nysater\/wp-content\/uploads\/sites\/26\/2018\/09\/gul.jpg","type":"image\/jpeg"}],"author":"Elin Bergstr\u00f6m","twitter_card":"summary","twitter_misc":{"Skriven av":"Elin Bergstr\u00f6m","Ber\u00e4knad l\u00e4stid":"1 minut"},"schema":{"@context":"https:\/\/schema.org","@graph":[{"@type":"WebPage","@id":"https:\/\/blogg.atl.nu\/nysater\/2018\/09\/27\/vallskord-och-den-varsta-tanken\/","url":"https:\/\/blogg.atl.nu\/nysater\/2018\/09\/27\/vallskord-och-den-varsta-tanken\/","name":"Vallsk\u00f6rd och den v\u00e4rsta tanken - Nys\u00e4ter lantbruk","isPartOf":{"@id":"https:\/\/blogg.atl.nu\/nysater\/#website"},"datePublished":"2018-09-27T18:51:06+00:00","dateModified":"2018-09-27T19:00:18+00:00","author":{"@id":"https:\/\/blogg.atl.nu\/nysater\/#\/schema\/person\/44ec87efb92df15b0f3b0c68a84c7c0f"},"breadcrumb":{"@id":"https:\/\/blogg.atl.nu\/nysater\/2018\/09\/27\/vallskord-och-den-varsta-tanken\/#breadcrumb"},"inLanguage":"sv-SE","potentialAction":[{"@type":"ReadAction","target":["https:\/\/blogg.atl.nu\/nysater\/2018\/09\/27\/vallskord-och-den-varsta-tanken\/"]}]},{"@type":"BreadcrumbList","@id":"https:\/\/blogg.atl.nu\/nysater\/2018\/09\/27\/vallskord-och-den-varsta-tanken\/#breadcrumb","itemListElement":[{"@type":"ListItem","position":1,"name":"Hem","item":"https:\/\/blogg.atl.nu\/nysater\/"},{"@type":"ListItem","position":2,"name":"Vallsk\u00f6rd och den v\u00e4rsta tanken"}]},{"@type":"WebSite","@id":"https:\/\/blogg.atl.nu\/nysater\/#website","url":"https:\/\/blogg.atl.nu\/nysater\/","name":"Nys\u00e4ter lantbruk","description":"Elin Bergstr\u00f6m","potentialAction":[{"@type":"SearchAction","target":{"@type":"EntryPoint","urlTemplate":"https:\/\/blogg.atl.nu\/nysater\/?s={search_term_string}"},"query-input":"required name=search_term_string"}],"inLanguage":"sv-SE"},{"@type":"Person","@id":"https:\/\/blogg.atl.nu\/nysater\/#\/schema\/person\/44ec87efb92df15b0f3b0c68a84c7c0f","name":"Elin Bergstr\u00f6m","image":{"@type":"ImageObject","inLanguage":"sv-SE","@id":"https:\/\/blogg.atl.nu\/nysater\/#\/schema\/person\/image\/","url":"https:\/\/secure.gravatar.com\/avatar\/c68fea4c0b5b10e41c5a9ecd1fb1b3c0?s=96&d=mm&r=g","contentUrl":"https:\/\/secure.gravatar.com\/avatar\/c68fea4c0b5b10e41c5a9ecd1fb1b3c0?s=96&d=mm&r=g","caption":"Elin Bergstr\u00f6m"},"url":"https:\/\/blogg.atl.nu\/nysater\/author\/elin\/"}]}},"_links":{"self":[{"href":"https:\/\/blogg.atl.nu\/nysater\/wp-json\/wp\/v2\/posts\/221712"}],"collection":[{"href":"https:\/\/blogg.atl.nu\/nysater\/wp-json\/wp\/v2\/posts"}],"about":[{"href":"https:\/\/blogg.atl.nu\/nysater\/wp-json\/wp\/v2\/types\/post"}],"author":[{"embeddable":true,"href":"https:\/\/blogg.atl.nu\/nysater\/wp-json\/wp\/v2\/users\/338"}],"replies":[{"embeddable":true,"href":"https:\/\/blogg.atl.nu\/nysater\/wp-json\/wp\/v2\/comments?post=221712"}],"version-history":[{"count":9,"href":"https:\/\/blogg.atl.nu\/nysater\/wp-json\/wp\/v2\/posts\/221712\/revisions"}],"predecessor-version":[{"id":221725,"href":"https:\/\/blogg.atl.nu\/nysater\/wp-json\/wp\/v2\/posts\/221712\/revisions\/221725"}],"wp:featuredmedia":[{"embeddable":true,"href":"https:\/\/blogg.atl.nu\/nysater\/wp-json\/wp\/v2\/media\/221713"}],"wp:attachment":[{"href":"https:\/\/blogg.atl.nu\/nysater\/wp-json\/wp\/v2\/media?parent=221712"}],"wp:term":[{"taxonomy":"category","embeddable":true,"href":"https:\/\/blogg.atl.nu\/nysater\/wp-json\/wp\/v2\/categories?post=221712"},{"taxonomy":"post_tag","embeddable":true,"href":"https:\/\/blogg.atl.nu\/nysater\/wp-json\/wp\/v2\/tags?post=221712"}],"curies":[{"name":"wp","href":"https:\/\/api.w.org\/{rel}","templated":true}]}}