{"id":221810,"date":"2018-10-21T20:03:40","date_gmt":"2018-10-21T18:03:40","guid":{"rendered":"https:\/\/blogg.atl.nu\/nysater\/?p=221810"},"modified":"2018-10-21T20:12:39","modified_gmt":"2018-10-21T18:12:39","slug":"trevligt-men-febrigt-och-lite-bittert","status":"publish","type":"post","link":"https:\/\/blogg.atl.nu\/nysater\/2018\/10\/21\/trevligt-men-febrigt-och-lite-bittert\/","title":{"rendered":"Trevligt men febrigt och lite bittert"},"content":{"rendered":"<p><strong>Brottning i Ume\u00e5 i helgen och jag m\u00e5r inte s\u00e5 bra. Har haft feber och varit allm\u00e4nt risig hela tiden och det \u00e4r inte s\u00e5 roligt n\u00e4r man f\u00f6r en g\u00e5ngs skull kommer iv\u00e4g hela familjen. <\/strong>Bitter och j\u00e4vlig \u00e4r jag, k\u00e4nner jag, och det ska man inte vara. Att vara bitter \u00e4r som att dricka gift har jag l\u00e4st&#8230;.och s\u00e5 var det n\u00e5got mer som jag inte kommer\u00a0ih\u00e5g. Men hur som helst \u00e4r det nog inte s\u00e5 bra s\u00e5 det \u00e4r v\u00e4l b\u00e4st att sluta med det d\u00e5.<\/p>\n<p><strong>Det var roligt i helgen ocks\u00e5, det var det verkligen.<\/strong> Det gick bra f\u00f6r de t\u00e4vlande d\u00f6ttrarna, och f\u00f6r hela klubben, och det var trevligt att komma hemifr\u00e5n och vara tillsammans allihop. Maten p\u00e5 hotellet var god som tusan, bara en s\u00e5dan sak, s\u00e5 man ska egentligen inte klaga alls.<\/p>\n<p><img loading=\"lazy\" class=\"alignnone wp-image-221811 size-full\" src=\"https:\/\/blogg.atl.nu\/nysater\/wp-content\/uploads\/sites\/26\/2018\/10\/saik.jpg\" alt=\"\" width=\"960\" height=\"720\" srcset=\"https:\/\/blogg.atl.nu\/nysater\/wp-content\/uploads\/sites\/26\/2018\/10\/saik.jpg 960w, https:\/\/blogg.atl.nu\/nysater\/wp-content\/uploads\/sites\/26\/2018\/10\/saik-300x225.jpg 300w, https:\/\/blogg.atl.nu\/nysater\/wp-content\/uploads\/sites\/26\/2018\/10\/saik-768x576.jpg 768w\" sizes=\"(max-width: 960px) 100vw, 960px\" \/><\/p>\n<p><strong>Det var fint att komma hem sedan,<\/strong> och f\u00e5 slappna av igen och h\u00e4lsa p\u00e5 n\u00e5gra nya kalvar som kom n\u00e4r vi var borta. Linda fick mig som vanligt att skratta och hon har sk\u00f6tt allt s\u00e5 bra h\u00e4r att jag inte kan l\u00e5ta bli att bli glad igen riktigt snart.<\/p>\n<p><img loading=\"lazy\" class=\"alignnone wp-image-221814 size-large\" src=\"https:\/\/blogg.atl.nu\/nysater\/wp-content\/uploads\/sites\/26\/2018\/10\/l\u00e5na-768x1024.jpg\" alt=\"\" width=\"768\" height=\"1024\" srcset=\"https:\/\/blogg.atl.nu\/nysater\/wp-content\/uploads\/sites\/26\/2018\/10\/l\u00e5na-768x1024.jpg 768w, https:\/\/blogg.atl.nu\/nysater\/wp-content\/uploads\/sites\/26\/2018\/10\/l\u00e5na-225x300.jpg 225w, https:\/\/blogg.atl.nu\/nysater\/wp-content\/uploads\/sites\/26\/2018\/10\/l\u00e5na.jpg 1080w\" sizes=\"(max-width: 768px) 100vw, 768px\" \/><br \/>\nMaten \u00e4r serverad killar!<\/p>\n<p><img loading=\"lazy\" class=\"alignnone wp-image-221815 size-full\" src=\"https:\/\/blogg.atl.nu\/nysater\/wp-content\/uploads\/sites\/26\/2018\/10\/l\u00e5na2.jpg\" alt=\"\" width=\"720\" height=\"960\" srcset=\"https:\/\/blogg.atl.nu\/nysater\/wp-content\/uploads\/sites\/26\/2018\/10\/l\u00e5na2.jpg 720w, https:\/\/blogg.atl.nu\/nysater\/wp-content\/uploads\/sites\/26\/2018\/10\/l\u00e5na2-225x300.jpg 225w\" sizes=\"(max-width: 720px) 100vw, 720px\" \/><br \/>\nAlltid n\u00e5gon som inte \u00e4r riktigt n\u00f6jd! <em>&#8221;Muuuu! Det \u00e4r f\u00f6r lite korn i blandningen!&#8221;<\/em><\/p>\n<p><strong>Nu ska det bli tidig kv\u00e4ll.<\/strong> Jag ska f\u00f6rs\u00f6ka sova bort febern och snoret f\u00f6r i morgon \u00e4r det nya tag. Jag ser fram emot att g\u00e5 ut och jobba med djuren \u00e4ven om jag \u00e4r tr\u00f6tt som ett as. \u00c4r jag konstig d\u00e5? Ja, jag \u00e4r v\u00e4l det. Jag brukar vara det. Konstig.<\/p>\n<p><strong>P\u00e5 tal om konstig s\u00e5 har jag en ny dr\u00f6m. Jag har kommit p\u00e5 att jag skulle vilja testa att k\u00f6ra folkrace! Vi f\u00e5r v\u00e4l se hur det blir med den saken. God natt.\u00a0<\/strong><\/p>\n<p>&nbsp;<\/p>\n<p>&nbsp;<\/p>\n<p>&nbsp;<\/p>\n<p>&nbsp;<\/p>\n","protected":false},"excerpt":{"rendered":"<p>Brottning i Ume\u00e5 i helgen och jag m\u00e5r inte s\u00e5 bra. Har haft feber och varit allm\u00e4nt risig hela tiden och det \u00e4r inte s\u00e5 roligt n\u00e4r man f\u00f6r en g\u00e5ngs skull kommer iv\u00e4g hela familjen. Bitter och j\u00e4vlig \u00e4r jag, k\u00e4nner jag, och det ska man inte vara. Att vara bitter \u00e4r som att&#8230;<\/p>\n","protected":false},"author":338,"featured_media":221814,"comment_status":"open","ping_status":"open","sticky":false,"template":"","format":"standard","meta":[],"categories":[2],"tags":[4,3],"yoast_head":"<!-- This site is optimized with the Yoast SEO plugin v19.6 - https:\/\/yoast.com\/wordpress\/plugins\/seo\/ -->\n<title>Trevligt men febrigt och lite bittert - Nys\u00e4ter lantbruk<\/title>\n<meta name=\"robots\" content=\"index, follow, max-snippet:-1, max-image-preview:large, max-video-preview:-1\" \/>\n<link rel=\"canonical\" href=\"https:\/\/blogg.atl.nu\/nysater\/2018\/10\/21\/trevligt-men-febrigt-och-lite-bittert\/\" \/>\n<meta property=\"og:locale\" content=\"sv_SE\" \/>\n<meta property=\"og:type\" content=\"article\" \/>\n<meta property=\"og:title\" content=\"Trevligt men febrigt och lite bittert - Nys\u00e4ter lantbruk\" \/>\n<meta property=\"og:description\" content=\"Brottning i Ume\u00e5 i helgen och jag m\u00e5r inte s\u00e5 bra. Har haft feber och varit allm\u00e4nt risig hela tiden och det \u00e4r inte s\u00e5 roligt n\u00e4r man f\u00f6r en g\u00e5ngs skull kommer iv\u00e4g hela familjen. Bitter och j\u00e4vlig \u00e4r jag, k\u00e4nner jag, och det ska man inte vara. Att vara bitter \u00e4r som att...\" \/>\n<meta property=\"og:url\" content=\"https:\/\/blogg.atl.nu\/nysater\/2018\/10\/21\/trevligt-men-febrigt-och-lite-bittert\/\" \/>\n<meta property=\"og:site_name\" content=\"Nys\u00e4ter lantbruk\" \/>\n<meta property=\"article:published_time\" content=\"2018-10-21T18:03:40+00:00\" \/>\n<meta property=\"article:modified_time\" content=\"2018-10-21T18:12:39+00:00\" \/>\n<meta property=\"og:image\" content=\"https:\/\/blogg.atl.nu\/nysater\/wp-content\/uploads\/sites\/26\/2018\/10\/l\u00e5na.jpg\" \/>\n\t<meta property=\"og:image:width\" content=\"1080\" \/>\n\t<meta property=\"og:image:height\" content=\"1440\" \/>\n\t<meta property=\"og:image:type\" content=\"image\/jpeg\" \/>\n<meta name=\"author\" content=\"Elin Bergstr\u00f6m\" \/>\n<meta name=\"twitter:card\" content=\"summary\" \/>\n<meta name=\"twitter:label1\" content=\"Skriven av\" \/>\n\t<meta name=\"twitter:data1\" content=\"Elin Bergstr\u00f6m\" \/>\n\t<meta name=\"twitter:label2\" content=\"Ber\u00e4knad l\u00e4stid\" \/>\n\t<meta name=\"twitter:data2\" content=\"2 minuter\" \/>\n<script type=\"application\/ld+json\" class=\"yoast-schema-graph\">{\"@context\":\"https:\/\/schema.org\",\"@graph\":[{\"@type\":\"WebPage\",\"@id\":\"https:\/\/blogg.atl.nu\/nysater\/2018\/10\/21\/trevligt-men-febrigt-och-lite-bittert\/\",\"url\":\"https:\/\/blogg.atl.nu\/nysater\/2018\/10\/21\/trevligt-men-febrigt-och-lite-bittert\/\",\"name\":\"Trevligt men febrigt och lite bittert - Nys\u00e4ter lantbruk\",\"isPartOf\":{\"@id\":\"https:\/\/blogg.atl.nu\/nysater\/#website\"},\"datePublished\":\"2018-10-21T18:03:40+00:00\",\"dateModified\":\"2018-10-21T18:12:39+00:00\",\"author\":{\"@id\":\"https:\/\/blogg.atl.nu\/nysater\/#\/schema\/person\/44ec87efb92df15b0f3b0c68a84c7c0f\"},\"breadcrumb\":{\"@id\":\"https:\/\/blogg.atl.nu\/nysater\/2018\/10\/21\/trevligt-men-febrigt-och-lite-bittert\/#breadcrumb\"},\"inLanguage\":\"sv-SE\",\"potentialAction\":[{\"@type\":\"ReadAction\",\"target\":[\"https:\/\/blogg.atl.nu\/nysater\/2018\/10\/21\/trevligt-men-febrigt-och-lite-bittert\/\"]}]},{\"@type\":\"BreadcrumbList\",\"@id\":\"https:\/\/blogg.atl.nu\/nysater\/2018\/10\/21\/trevligt-men-febrigt-och-lite-bittert\/#breadcrumb\",\"itemListElement\":[{\"@type\":\"ListItem\",\"position\":1,\"name\":\"Hem\",\"item\":\"https:\/\/blogg.atl.nu\/nysater\/\"},{\"@type\":\"ListItem\",\"position\":2,\"name\":\"Trevligt men febrigt och lite bittert\"}]},{\"@type\":\"WebSite\",\"@id\":\"https:\/\/blogg.atl.nu\/nysater\/#website\",\"url\":\"https:\/\/blogg.atl.nu\/nysater\/\",\"name\":\"Nys\u00e4ter lantbruk\",\"description\":\"Elin Bergstr\u00f6m\",\"potentialAction\":[{\"@type\":\"SearchAction\",\"target\":{\"@type\":\"EntryPoint\",\"urlTemplate\":\"https:\/\/blogg.atl.nu\/nysater\/?s={search_term_string}\"},\"query-input\":\"required name=search_term_string\"}],\"inLanguage\":\"sv-SE\"},{\"@type\":\"Person\",\"@id\":\"https:\/\/blogg.atl.nu\/nysater\/#\/schema\/person\/44ec87efb92df15b0f3b0c68a84c7c0f\",\"name\":\"Elin Bergstr\u00f6m\",\"image\":{\"@type\":\"ImageObject\",\"inLanguage\":\"sv-SE\",\"@id\":\"https:\/\/blogg.atl.nu\/nysater\/#\/schema\/person\/image\/\",\"url\":\"https:\/\/secure.gravatar.com\/avatar\/c68fea4c0b5b10e41c5a9ecd1fb1b3c0?s=96&d=mm&r=g\",\"contentUrl\":\"https:\/\/secure.gravatar.com\/avatar\/c68fea4c0b5b10e41c5a9ecd1fb1b3c0?s=96&d=mm&r=g\",\"caption\":\"Elin Bergstr\u00f6m\"},\"url\":\"https:\/\/blogg.atl.nu\/nysater\/author\/elin\/\"}]}<\/script>\n<!-- \/ Yoast SEO plugin. -->","yoast_head_json":{"title":"Trevligt men febrigt och lite bittert - Nys\u00e4ter lantbruk","robots":{"index":"index","follow":"follow","max-snippet":"max-snippet:-1","max-image-preview":"max-image-preview:large","max-video-preview":"max-video-preview:-1"},"canonical":"https:\/\/blogg.atl.nu\/nysater\/2018\/10\/21\/trevligt-men-febrigt-och-lite-bittert\/","og_locale":"sv_SE","og_type":"article","og_title":"Trevligt men febrigt och lite bittert - Nys\u00e4ter lantbruk","og_description":"Brottning i Ume\u00e5 i helgen och jag m\u00e5r inte s\u00e5 bra. Har haft feber och varit allm\u00e4nt risig hela tiden och det \u00e4r inte s\u00e5 roligt n\u00e4r man f\u00f6r en g\u00e5ngs skull kommer iv\u00e4g hela familjen. Bitter och j\u00e4vlig \u00e4r jag, k\u00e4nner jag, och det ska man inte vara. Att vara bitter \u00e4r som att...","og_url":"https:\/\/blogg.atl.nu\/nysater\/2018\/10\/21\/trevligt-men-febrigt-och-lite-bittert\/","og_site_name":"Nys\u00e4ter lantbruk","article_published_time":"2018-10-21T18:03:40+00:00","article_modified_time":"2018-10-21T18:12:39+00:00","og_image":[{"width":1080,"height":1440,"url":"https:\/\/blogg.atl.nu\/nysater\/wp-content\/uploads\/sites\/26\/2018\/10\/l\u00e5na.jpg","type":"image\/jpeg"}],"author":"Elin Bergstr\u00f6m","twitter_card":"summary","twitter_misc":{"Skriven av":"Elin Bergstr\u00f6m","Ber\u00e4knad l\u00e4stid":"2 minuter"},"schema":{"@context":"https:\/\/schema.org","@graph":[{"@type":"WebPage","@id":"https:\/\/blogg.atl.nu\/nysater\/2018\/10\/21\/trevligt-men-febrigt-och-lite-bittert\/","url":"https:\/\/blogg.atl.nu\/nysater\/2018\/10\/21\/trevligt-men-febrigt-och-lite-bittert\/","name":"Trevligt men febrigt och lite bittert - Nys\u00e4ter lantbruk","isPartOf":{"@id":"https:\/\/blogg.atl.nu\/nysater\/#website"},"datePublished":"2018-10-21T18:03:40+00:00","dateModified":"2018-10-21T18:12:39+00:00","author":{"@id":"https:\/\/blogg.atl.nu\/nysater\/#\/schema\/person\/44ec87efb92df15b0f3b0c68a84c7c0f"},"breadcrumb":{"@id":"https:\/\/blogg.atl.nu\/nysater\/2018\/10\/21\/trevligt-men-febrigt-och-lite-bittert\/#breadcrumb"},"inLanguage":"sv-SE","potentialAction":[{"@type":"ReadAction","target":["https:\/\/blogg.atl.nu\/nysater\/2018\/10\/21\/trevligt-men-febrigt-och-lite-bittert\/"]}]},{"@type":"BreadcrumbList","@id":"https:\/\/blogg.atl.nu\/nysater\/2018\/10\/21\/trevligt-men-febrigt-och-lite-bittert\/#breadcrumb","itemListElement":[{"@type":"ListItem","position":1,"name":"Hem","item":"https:\/\/blogg.atl.nu\/nysater\/"},{"@type":"ListItem","position":2,"name":"Trevligt men febrigt och lite bittert"}]},{"@type":"WebSite","@id":"https:\/\/blogg.atl.nu\/nysater\/#website","url":"https:\/\/blogg.atl.nu\/nysater\/","name":"Nys\u00e4ter lantbruk","description":"Elin Bergstr\u00f6m","potentialAction":[{"@type":"SearchAction","target":{"@type":"EntryPoint","urlTemplate":"https:\/\/blogg.atl.nu\/nysater\/?s={search_term_string}"},"query-input":"required name=search_term_string"}],"inLanguage":"sv-SE"},{"@type":"Person","@id":"https:\/\/blogg.atl.nu\/nysater\/#\/schema\/person\/44ec87efb92df15b0f3b0c68a84c7c0f","name":"Elin Bergstr\u00f6m","image":{"@type":"ImageObject","inLanguage":"sv-SE","@id":"https:\/\/blogg.atl.nu\/nysater\/#\/schema\/person\/image\/","url":"https:\/\/secure.gravatar.com\/avatar\/c68fea4c0b5b10e41c5a9ecd1fb1b3c0?s=96&d=mm&r=g","contentUrl":"https:\/\/secure.gravatar.com\/avatar\/c68fea4c0b5b10e41c5a9ecd1fb1b3c0?s=96&d=mm&r=g","caption":"Elin Bergstr\u00f6m"},"url":"https:\/\/blogg.atl.nu\/nysater\/author\/elin\/"}]}},"_links":{"self":[{"href":"https:\/\/blogg.atl.nu\/nysater\/wp-json\/wp\/v2\/posts\/221810"}],"collection":[{"href":"https:\/\/blogg.atl.nu\/nysater\/wp-json\/wp\/v2\/posts"}],"about":[{"href":"https:\/\/blogg.atl.nu\/nysater\/wp-json\/wp\/v2\/types\/post"}],"author":[{"embeddable":true,"href":"https:\/\/blogg.atl.nu\/nysater\/wp-json\/wp\/v2\/users\/338"}],"replies":[{"embeddable":true,"href":"https:\/\/blogg.atl.nu\/nysater\/wp-json\/wp\/v2\/comments?post=221810"}],"version-history":[{"count":4,"href":"https:\/\/blogg.atl.nu\/nysater\/wp-json\/wp\/v2\/posts\/221810\/revisions"}],"predecessor-version":[{"id":221817,"href":"https:\/\/blogg.atl.nu\/nysater\/wp-json\/wp\/v2\/posts\/221810\/revisions\/221817"}],"wp:featuredmedia":[{"embeddable":true,"href":"https:\/\/blogg.atl.nu\/nysater\/wp-json\/wp\/v2\/media\/221814"}],"wp:attachment":[{"href":"https:\/\/blogg.atl.nu\/nysater\/wp-json\/wp\/v2\/media?parent=221810"}],"wp:term":[{"taxonomy":"category","embeddable":true,"href":"https:\/\/blogg.atl.nu\/nysater\/wp-json\/wp\/v2\/categories?post=221810"},{"taxonomy":"post_tag","embeddable":true,"href":"https:\/\/blogg.atl.nu\/nysater\/wp-json\/wp\/v2\/tags?post=221810"}],"curies":[{"name":"wp","href":"https:\/\/api.w.org\/{rel}","templated":true}]}}