{"id":222632,"date":"2019-02-14T20:43:36","date_gmt":"2019-02-14T19:43:36","guid":{"rendered":"https:\/\/blogg.atl.nu\/nysater\/?p=222632"},"modified":"2019-03-19T22:25:55","modified_gmt":"2019-03-19T21:25:55","slug":"ar-det-alla-hjartans-dag-sa-ar-det","status":"publish","type":"post","link":"https:\/\/blogg.atl.nu\/nysater\/2019\/02\/14\/ar-det-alla-hjartans-dag-sa-ar-det\/","title":{"rendered":"\u00c4r det Alla hj\u00e4rtans dag s\u00e5 \u00e4r det!"},"content":{"rendered":"<p><strong>Idag \u00e4r det Alla hj\u00e4rtans dag och Linda och jag har firat. I brist p\u00e5 \u00e4ktenskaplig romantik (Danne har jag bara sett som hastigast och Lindas man jobbar visst 23 timmar om dygnet nuf\u00f6rtiden) fick vi\u00a0skapa lite romantik och k\u00e4rleksfull st\u00e4mning sj\u00e4lva h\u00e4r p\u00e5 jobbet.<\/strong><\/p>\n<p>Vi fikade gel\u00e9hj\u00e4rtan och After Eigth och hade p\u00e5 oss v\u00e5ra finaste h\u00e5ngeltr\u00f6jor!<\/p>\n<p><img loading=\"lazy\" class=\"alignnone wp-image-222635 size-full\" src=\"https:\/\/blogg.atl.nu\/nysater\/wp-content\/uploads\/sites\/26\/2019\/02\/h\u00e5ngel3.jpg\" alt=\"\" width=\"960\" height=\"934\" srcset=\"https:\/\/blogg.atl.nu\/nysater\/wp-content\/uploads\/sites\/26\/2019\/02\/h\u00e5ngel3.jpg 960w, https:\/\/blogg.atl.nu\/nysater\/wp-content\/uploads\/sites\/26\/2019\/02\/h\u00e5ngel3-300x292.jpg 300w, https:\/\/blogg.atl.nu\/nysater\/wp-content\/uploads\/sites\/26\/2019\/02\/h\u00e5ngel3-768x747.jpg 768w\" sizes=\"(max-width: 960px) 100vw, 960px\" \/><\/p>\n<p>Dessutom har vi gosat med kalvar n\u00e4stan hela dagen. Det innefattade ryktning, avlusning (\u00e4ven idag) och klafsande i skit och lera men det gjorde ingenting, vi var extremt produktiva och arbetsglada. Bra dag!<\/p>\n<p><img loading=\"lazy\" class=\"alignnone wp-image-222639 size-full\" src=\"https:\/\/blogg.atl.nu\/nysater\/wp-content\/uploads\/sites\/26\/2019\/02\/h\u00e5ngel6.jpg\" alt=\"\" width=\"939\" height=\"960\" srcset=\"https:\/\/blogg.atl.nu\/nysater\/wp-content\/uploads\/sites\/26\/2019\/02\/h\u00e5ngel6.jpg 939w, https:\/\/blogg.atl.nu\/nysater\/wp-content\/uploads\/sites\/26\/2019\/02\/h\u00e5ngel6-293x300.jpg 293w, https:\/\/blogg.atl.nu\/nysater\/wp-content\/uploads\/sites\/26\/2019\/02\/h\u00e5ngel6-768x785.jpg 768w\" sizes=\"(max-width: 939px) 100vw, 939px\" \/><\/p>\n<p><img loading=\"lazy\" class=\"alignnone wp-image-222638 size-large\" src=\"https:\/\/blogg.atl.nu\/nysater\/wp-content\/uploads\/sites\/26\/2019\/02\/h\u00e5ngel4-1024x768.jpg\" alt=\"\" width=\"1024\" height=\"768\" srcset=\"https:\/\/blogg.atl.nu\/nysater\/wp-content\/uploads\/sites\/26\/2019\/02\/h\u00e5ngel4-1024x768.jpg 1024w, https:\/\/blogg.atl.nu\/nysater\/wp-content\/uploads\/sites\/26\/2019\/02\/h\u00e5ngel4-300x225.jpg 300w, https:\/\/blogg.atl.nu\/nysater\/wp-content\/uploads\/sites\/26\/2019\/02\/h\u00e5ngel4-768x576.jpg 768w, https:\/\/blogg.atl.nu\/nysater\/wp-content\/uploads\/sites\/26\/2019\/02\/h\u00e5ngel4.jpg 2048w\" sizes=\"(max-width: 1024px) 100vw, 1024px\" \/><\/p>\n<p>H\u00e4r skulle vi hoppa samtidigt men jag sj\u00f6nk ner ist\u00e4llet f\u00f6r att flyga upp! Lovisa var dagens fotograf och hon fick sig ett gott skratt i alla fall. Och vi med!<\/p>\n","protected":false},"excerpt":{"rendered":"<p>Idag \u00e4r det Alla hj\u00e4rtans dag och Linda och jag har firat. I brist p\u00e5 \u00e4ktenskaplig romantik (Danne har jag bara sett som hastigast och Lindas man jobbar visst 23 timmar om dygnet nuf\u00f6rtiden) fick vi\u00a0skapa lite romantik och k\u00e4rleksfull st\u00e4mning sj\u00e4lva h\u00e4r p\u00e5 jobbet. Vi fikade gel\u00e9hj\u00e4rtan och After Eigth och hade p\u00e5 oss&#8230;<\/p>\n","protected":false},"author":338,"featured_media":222633,"comment_status":"open","ping_status":"open","sticky":false,"template":"","format":"standard","meta":[],"categories":[1],"tags":[57,21,3,6,47],"yoast_head":"<!-- This site is optimized with the Yoast SEO plugin v19.6 - https:\/\/yoast.com\/wordpress\/plugins\/seo\/ -->\n<title>\u00c4r det Alla hj\u00e4rtans dag s\u00e5 \u00e4r det! - Nys\u00e4ter lantbruk<\/title>\n<meta name=\"robots\" content=\"index, follow, max-snippet:-1, max-image-preview:large, max-video-preview:-1\" \/>\n<link rel=\"canonical\" href=\"https:\/\/blogg.atl.nu\/nysater\/2019\/02\/14\/ar-det-alla-hjartans-dag-sa-ar-det\/\" \/>\n<meta property=\"og:locale\" content=\"sv_SE\" \/>\n<meta property=\"og:type\" content=\"article\" \/>\n<meta property=\"og:title\" content=\"\u00c4r det Alla hj\u00e4rtans dag s\u00e5 \u00e4r det! - Nys\u00e4ter lantbruk\" \/>\n<meta property=\"og:description\" content=\"Idag \u00e4r det Alla hj\u00e4rtans dag och Linda och jag har firat. I brist p\u00e5 \u00e4ktenskaplig romantik (Danne har jag bara sett som hastigast och Lindas man jobbar visst 23 timmar om dygnet nuf\u00f6rtiden) fick vi\u00a0skapa lite romantik och k\u00e4rleksfull st\u00e4mning sj\u00e4lva h\u00e4r p\u00e5 jobbet. Vi fikade gel\u00e9hj\u00e4rtan och After Eigth och hade p\u00e5 oss...\" \/>\n<meta property=\"og:url\" content=\"https:\/\/blogg.atl.nu\/nysater\/2019\/02\/14\/ar-det-alla-hjartans-dag-sa-ar-det\/\" \/>\n<meta property=\"og:site_name\" content=\"Nys\u00e4ter lantbruk\" \/>\n<meta property=\"article:published_time\" content=\"2019-02-14T19:43:36+00:00\" \/>\n<meta property=\"article:modified_time\" content=\"2019-03-19T21:25:55+00:00\" \/>\n<meta property=\"og:image\" content=\"https:\/\/blogg.atl.nu\/nysater\/wp-content\/uploads\/sites\/26\/2019\/02\/h\u00e5ngel.jpg\" \/>\n\t<meta property=\"og:image:width\" content=\"2048\" \/>\n\t<meta property=\"og:image:height\" content=\"1536\" \/>\n\t<meta property=\"og:image:type\" content=\"image\/jpeg\" \/>\n<meta name=\"author\" content=\"Elin Bergstr\u00f6m\" \/>\n<meta name=\"twitter:card\" content=\"summary\" \/>\n<meta name=\"twitter:label1\" content=\"Skriven av\" \/>\n\t<meta name=\"twitter:data1\" content=\"Elin Bergstr\u00f6m\" \/>\n\t<meta name=\"twitter:label2\" content=\"Ber\u00e4knad l\u00e4stid\" \/>\n\t<meta name=\"twitter:data2\" content=\"1 minut\" \/>\n<script type=\"application\/ld+json\" class=\"yoast-schema-graph\">{\"@context\":\"https:\/\/schema.org\",\"@graph\":[{\"@type\":\"WebPage\",\"@id\":\"https:\/\/blogg.atl.nu\/nysater\/2019\/02\/14\/ar-det-alla-hjartans-dag-sa-ar-det\/\",\"url\":\"https:\/\/blogg.atl.nu\/nysater\/2019\/02\/14\/ar-det-alla-hjartans-dag-sa-ar-det\/\",\"name\":\"\u00c4r det Alla hj\u00e4rtans dag s\u00e5 \u00e4r det! - Nys\u00e4ter lantbruk\",\"isPartOf\":{\"@id\":\"https:\/\/blogg.atl.nu\/nysater\/#website\"},\"datePublished\":\"2019-02-14T19:43:36+00:00\",\"dateModified\":\"2019-03-19T21:25:55+00:00\",\"author\":{\"@id\":\"https:\/\/blogg.atl.nu\/nysater\/#\/schema\/person\/44ec87efb92df15b0f3b0c68a84c7c0f\"},\"breadcrumb\":{\"@id\":\"https:\/\/blogg.atl.nu\/nysater\/2019\/02\/14\/ar-det-alla-hjartans-dag-sa-ar-det\/#breadcrumb\"},\"inLanguage\":\"sv-SE\",\"potentialAction\":[{\"@type\":\"ReadAction\",\"target\":[\"https:\/\/blogg.atl.nu\/nysater\/2019\/02\/14\/ar-det-alla-hjartans-dag-sa-ar-det\/\"]}]},{\"@type\":\"BreadcrumbList\",\"@id\":\"https:\/\/blogg.atl.nu\/nysater\/2019\/02\/14\/ar-det-alla-hjartans-dag-sa-ar-det\/#breadcrumb\",\"itemListElement\":[{\"@type\":\"ListItem\",\"position\":1,\"name\":\"Hem\",\"item\":\"https:\/\/blogg.atl.nu\/nysater\/\"},{\"@type\":\"ListItem\",\"position\":2,\"name\":\"\u00c4r det Alla hj\u00e4rtans dag s\u00e5 \u00e4r det!\"}]},{\"@type\":\"WebSite\",\"@id\":\"https:\/\/blogg.atl.nu\/nysater\/#website\",\"url\":\"https:\/\/blogg.atl.nu\/nysater\/\",\"name\":\"Nys\u00e4ter lantbruk\",\"description\":\"Elin Bergstr\u00f6m\",\"potentialAction\":[{\"@type\":\"SearchAction\",\"target\":{\"@type\":\"EntryPoint\",\"urlTemplate\":\"https:\/\/blogg.atl.nu\/nysater\/?s={search_term_string}\"},\"query-input\":\"required name=search_term_string\"}],\"inLanguage\":\"sv-SE\"},{\"@type\":\"Person\",\"@id\":\"https:\/\/blogg.atl.nu\/nysater\/#\/schema\/person\/44ec87efb92df15b0f3b0c68a84c7c0f\",\"name\":\"Elin Bergstr\u00f6m\",\"image\":{\"@type\":\"ImageObject\",\"inLanguage\":\"sv-SE\",\"@id\":\"https:\/\/blogg.atl.nu\/nysater\/#\/schema\/person\/image\/\",\"url\":\"https:\/\/secure.gravatar.com\/avatar\/c68fea4c0b5b10e41c5a9ecd1fb1b3c0?s=96&d=mm&r=g\",\"contentUrl\":\"https:\/\/secure.gravatar.com\/avatar\/c68fea4c0b5b10e41c5a9ecd1fb1b3c0?s=96&d=mm&r=g\",\"caption\":\"Elin Bergstr\u00f6m\"},\"url\":\"https:\/\/blogg.atl.nu\/nysater\/author\/elin\/\"}]}<\/script>\n<!-- \/ Yoast SEO plugin. -->","yoast_head_json":{"title":"\u00c4r det Alla hj\u00e4rtans dag s\u00e5 \u00e4r det! - Nys\u00e4ter lantbruk","robots":{"index":"index","follow":"follow","max-snippet":"max-snippet:-1","max-image-preview":"max-image-preview:large","max-video-preview":"max-video-preview:-1"},"canonical":"https:\/\/blogg.atl.nu\/nysater\/2019\/02\/14\/ar-det-alla-hjartans-dag-sa-ar-det\/","og_locale":"sv_SE","og_type":"article","og_title":"\u00c4r det Alla hj\u00e4rtans dag s\u00e5 \u00e4r det! - Nys\u00e4ter lantbruk","og_description":"Idag \u00e4r det Alla hj\u00e4rtans dag och Linda och jag har firat. I brist p\u00e5 \u00e4ktenskaplig romantik (Danne har jag bara sett som hastigast och Lindas man jobbar visst 23 timmar om dygnet nuf\u00f6rtiden) fick vi\u00a0skapa lite romantik och k\u00e4rleksfull st\u00e4mning sj\u00e4lva h\u00e4r p\u00e5 jobbet. Vi fikade gel\u00e9hj\u00e4rtan och After Eigth och hade p\u00e5 oss...","og_url":"https:\/\/blogg.atl.nu\/nysater\/2019\/02\/14\/ar-det-alla-hjartans-dag-sa-ar-det\/","og_site_name":"Nys\u00e4ter lantbruk","article_published_time":"2019-02-14T19:43:36+00:00","article_modified_time":"2019-03-19T21:25:55+00:00","og_image":[{"width":2048,"height":1536,"url":"https:\/\/blogg.atl.nu\/nysater\/wp-content\/uploads\/sites\/26\/2019\/02\/h\u00e5ngel.jpg","type":"image\/jpeg"}],"author":"Elin Bergstr\u00f6m","twitter_card":"summary","twitter_misc":{"Skriven av":"Elin Bergstr\u00f6m","Ber\u00e4knad l\u00e4stid":"1 minut"},"schema":{"@context":"https:\/\/schema.org","@graph":[{"@type":"WebPage","@id":"https:\/\/blogg.atl.nu\/nysater\/2019\/02\/14\/ar-det-alla-hjartans-dag-sa-ar-det\/","url":"https:\/\/blogg.atl.nu\/nysater\/2019\/02\/14\/ar-det-alla-hjartans-dag-sa-ar-det\/","name":"\u00c4r det Alla hj\u00e4rtans dag s\u00e5 \u00e4r det! - Nys\u00e4ter lantbruk","isPartOf":{"@id":"https:\/\/blogg.atl.nu\/nysater\/#website"},"datePublished":"2019-02-14T19:43:36+00:00","dateModified":"2019-03-19T21:25:55+00:00","author":{"@id":"https:\/\/blogg.atl.nu\/nysater\/#\/schema\/person\/44ec87efb92df15b0f3b0c68a84c7c0f"},"breadcrumb":{"@id":"https:\/\/blogg.atl.nu\/nysater\/2019\/02\/14\/ar-det-alla-hjartans-dag-sa-ar-det\/#breadcrumb"},"inLanguage":"sv-SE","potentialAction":[{"@type":"ReadAction","target":["https:\/\/blogg.atl.nu\/nysater\/2019\/02\/14\/ar-det-alla-hjartans-dag-sa-ar-det\/"]}]},{"@type":"BreadcrumbList","@id":"https:\/\/blogg.atl.nu\/nysater\/2019\/02\/14\/ar-det-alla-hjartans-dag-sa-ar-det\/#breadcrumb","itemListElement":[{"@type":"ListItem","position":1,"name":"Hem","item":"https:\/\/blogg.atl.nu\/nysater\/"},{"@type":"ListItem","position":2,"name":"\u00c4r det Alla hj\u00e4rtans dag s\u00e5 \u00e4r det!"}]},{"@type":"WebSite","@id":"https:\/\/blogg.atl.nu\/nysater\/#website","url":"https:\/\/blogg.atl.nu\/nysater\/","name":"Nys\u00e4ter lantbruk","description":"Elin Bergstr\u00f6m","potentialAction":[{"@type":"SearchAction","target":{"@type":"EntryPoint","urlTemplate":"https:\/\/blogg.atl.nu\/nysater\/?s={search_term_string}"},"query-input":"required name=search_term_string"}],"inLanguage":"sv-SE"},{"@type":"Person","@id":"https:\/\/blogg.atl.nu\/nysater\/#\/schema\/person\/44ec87efb92df15b0f3b0c68a84c7c0f","name":"Elin Bergstr\u00f6m","image":{"@type":"ImageObject","inLanguage":"sv-SE","@id":"https:\/\/blogg.atl.nu\/nysater\/#\/schema\/person\/image\/","url":"https:\/\/secure.gravatar.com\/avatar\/c68fea4c0b5b10e41c5a9ecd1fb1b3c0?s=96&d=mm&r=g","contentUrl":"https:\/\/secure.gravatar.com\/avatar\/c68fea4c0b5b10e41c5a9ecd1fb1b3c0?s=96&d=mm&r=g","caption":"Elin Bergstr\u00f6m"},"url":"https:\/\/blogg.atl.nu\/nysater\/author\/elin\/"}]}},"_links":{"self":[{"href":"https:\/\/blogg.atl.nu\/nysater\/wp-json\/wp\/v2\/posts\/222632"}],"collection":[{"href":"https:\/\/blogg.atl.nu\/nysater\/wp-json\/wp\/v2\/posts"}],"about":[{"href":"https:\/\/blogg.atl.nu\/nysater\/wp-json\/wp\/v2\/types\/post"}],"author":[{"embeddable":true,"href":"https:\/\/blogg.atl.nu\/nysater\/wp-json\/wp\/v2\/users\/338"}],"replies":[{"embeddable":true,"href":"https:\/\/blogg.atl.nu\/nysater\/wp-json\/wp\/v2\/comments?post=222632"}],"version-history":[{"count":8,"href":"https:\/\/blogg.atl.nu\/nysater\/wp-json\/wp\/v2\/posts\/222632\/revisions"}],"predecessor-version":[{"id":222818,"href":"https:\/\/blogg.atl.nu\/nysater\/wp-json\/wp\/v2\/posts\/222632\/revisions\/222818"}],"wp:featuredmedia":[{"embeddable":true,"href":"https:\/\/blogg.atl.nu\/nysater\/wp-json\/wp\/v2\/media\/222633"}],"wp:attachment":[{"href":"https:\/\/blogg.atl.nu\/nysater\/wp-json\/wp\/v2\/media?parent=222632"}],"wp:term":[{"taxonomy":"category","embeddable":true,"href":"https:\/\/blogg.atl.nu\/nysater\/wp-json\/wp\/v2\/categories?post=222632"},{"taxonomy":"post_tag","embeddable":true,"href":"https:\/\/blogg.atl.nu\/nysater\/wp-json\/wp\/v2\/tags?post=222632"}],"curies":[{"name":"wp","href":"https:\/\/api.w.org\/{rel}","templated":true}]}}