{"id":222664,"date":"2019-02-20T21:26:58","date_gmt":"2019-02-20T20:26:58","guid":{"rendered":"https:\/\/blogg.atl.nu\/nysater\/?p=222664"},"modified":"2019-02-20T21:29:29","modified_gmt":"2019-02-20T20:29:29","slug":"pungkulor-horn-och-blamarken","status":"publish","type":"post","link":"https:\/\/blogg.atl.nu\/nysater\/2019\/02\/20\/pungkulor-horn-och-blamarken\/","title":{"rendered":"Pungkulor, horn och bl\u00e5m\u00e4rken"},"content":{"rendered":"<p><strong>T\u00e4nk vad stilla det kan bli p\u00e5 g\u00e5rden ibland. Vi s\u00e5g inte r\u00f6ken av en enda karl h\u00e4r f\u00f6rr\u00e4n Danne sm\u00f6g hem framp\u00e5 eftermiddagen. Inga lastbilsleverenser, inga grannar, inga kaffeg\u00e4ster och inga litauiska kraftledningsbyggare. Blir det s\u00e5 n\u00e4r man hotar med att det ska sk\u00e4ras bort pungkulor?\u00a0<\/strong><\/p>\n<p>N\u00e4, jag skojar f\u00f6rst\u00e5s men det brukar faktiskt stryka runt fler m\u00e4n h\u00e4r. Det var ovanligt tomt.<br \/>\nDen som blev av med v\u00e4sentliga delar av sin manlighet var dock bara katten Fjompen. Han har vuxit p\u00e5 sig bra och nu var han redo f\u00f6r kastrering. Idag har han varit lite tr\u00f6tt men annars m\u00e5tt bra.<\/p>\n<p><img loading=\"lazy\" class=\"alignnone wp-image-222665 size-full\" src=\"https:\/\/blogg.atl.nu\/nysater\/wp-content\/uploads\/sites\/26\/2019\/02\/fjompen.jpg\" alt=\"\" width=\"960\" height=\"833\" srcset=\"https:\/\/blogg.atl.nu\/nysater\/wp-content\/uploads\/sites\/26\/2019\/02\/fjompen.jpg 960w, https:\/\/blogg.atl.nu\/nysater\/wp-content\/uploads\/sites\/26\/2019\/02\/fjompen-300x260.jpg 300w, https:\/\/blogg.atl.nu\/nysater\/wp-content\/uploads\/sites\/26\/2019\/02\/fjompen-768x666.jpg 768w\" sizes=\"(max-width: 960px) 100vw, 960px\" \/><\/p>\n<p>Tjurkalvarna kastrerar vi inte men d\u00e4remot blev de avhornade. Och medan hon jobbade ber\u00e4ttade v\u00e5r veterin\u00e4r Ellinor om sina resor till Afrika. Det l\u00e4t j\u00e4ttesp\u00e4nnande och jag skulle ocks\u00e5 vilja \u00e5ka dit n\u00e5gon g\u00e5ng.<\/p>\n<p><img loading=\"lazy\" class=\"alignnone wp-image-222667 \" src=\"https:\/\/blogg.atl.nu\/nysater\/wp-content\/uploads\/sites\/26\/2019\/02\/avhorning2.jpg\" alt=\"\" width=\"933\" height=\"960\" srcset=\"https:\/\/blogg.atl.nu\/nysater\/wp-content\/uploads\/sites\/26\/2019\/02\/avhorning2.jpg 933w, https:\/\/blogg.atl.nu\/nysater\/wp-content\/uploads\/sites\/26\/2019\/02\/avhorning2-292x300.jpg 292w, https:\/\/blogg.atl.nu\/nysater\/wp-content\/uploads\/sites\/26\/2019\/02\/avhorning2-768x790.jpg 768w\" sizes=\"(max-width: 933px) 100vw, 933px\" \/><br \/>\n<em>Hornanlaget br\u00e4nns bort medan kalven \u00e4r sederad och lokalbed\u00f6vad<\/em><\/p>\n<p><img loading=\"lazy\" class=\"alignnone wp-image-222666 size-full\" src=\"https:\/\/blogg.atl.nu\/nysater\/wp-content\/uploads\/sites\/26\/2019\/02\/avhorning.jpg\" alt=\"\" width=\"960\" height=\"720\" srcset=\"https:\/\/blogg.atl.nu\/nysater\/wp-content\/uploads\/sites\/26\/2019\/02\/avhorning.jpg 960w, https:\/\/blogg.atl.nu\/nysater\/wp-content\/uploads\/sites\/26\/2019\/02\/avhorning-300x225.jpg 300w, https:\/\/blogg.atl.nu\/nysater\/wp-content\/uploads\/sites\/26\/2019\/02\/avhorning-768x576.jpg 768w\" sizes=\"(max-width: 960px) 100vw, 960px\" \/><br \/>\n<em>Sm\u00e4rtstillande Metacam f\u00f6r att de inte ska ha ont n\u00e4r de vaknar upp fr\u00e5n sederingen.<\/em><\/p>\n<p><strong>Sedan st\u00e4mde vi av<\/strong> \u00e5tg\u00e5ngen p\u00e5 l\u00e4kemedel och gjorde en rundvandring p\u00e5 g\u00e5rden och tittade till alla djur. Vi g\u00f6r alltid det n\u00e4r vi har veterin\u00e4rbes\u00f6k. G\u00e5r en runda och tittar, resonerar om h\u00e4lsa, foder, tillv\u00e4xt och en massa annat. Det \u00e4r bra tycker jag, det \u00e4r viktigt f\u00f6r oss att ha en veterin\u00e4r som \u00e4r intresserad av hela bilden.<\/p>\n<p><strong>Arbetsdagen slutade f\u00f6r min del med ett rej\u00e4lt bl\u00e5m\u00e4rke p\u00e5 insidan av kn\u00e4t.<\/strong> Just d\u00e5 var dikorna billiga kan jag lova! En av dem sparkade till mig n\u00e4r jag klippte henne. Tror hon var lite kittlig. Men det \u00e4r ingen urs\u00e4kt! Sparka inte det kn\u00e4 som f\u00f6der dig, ko!<\/p>\n","protected":false},"excerpt":{"rendered":"<p>T\u00e4nk vad stilla det kan bli p\u00e5 g\u00e5rden ibland. Vi s\u00e5g inte r\u00f6ken av en enda karl h\u00e4r f\u00f6rr\u00e4n Danne sm\u00f6g hem framp\u00e5 eftermiddagen. Inga lastbilsleverenser, inga grannar, inga kaffeg\u00e4ster och inga litauiska kraftledningsbyggare. Blir det s\u00e5 n\u00e4r man hotar med att det ska sk\u00e4ras bort pungkulor?\u00a0 N\u00e4, jag skojar f\u00f6rst\u00e5s men det brukar faktiskt&#8230;<\/p>\n","protected":false},"author":338,"featured_media":222667,"comment_status":"open","ping_status":"open","sticky":false,"template":"","format":"standard","meta":[],"categories":[1],"tags":[77,21,3,6,47],"yoast_head":"<!-- This site is optimized with the Yoast SEO plugin v19.6 - https:\/\/yoast.com\/wordpress\/plugins\/seo\/ -->\n<title>Pungkulor, horn och bl\u00e5m\u00e4rken - Nys\u00e4ter lantbruk<\/title>\n<meta name=\"robots\" content=\"index, follow, max-snippet:-1, max-image-preview:large, max-video-preview:-1\" \/>\n<link rel=\"canonical\" href=\"https:\/\/blogg.atl.nu\/nysater\/2019\/02\/20\/pungkulor-horn-och-blamarken\/\" \/>\n<meta property=\"og:locale\" content=\"sv_SE\" \/>\n<meta property=\"og:type\" content=\"article\" \/>\n<meta property=\"og:title\" content=\"Pungkulor, horn och bl\u00e5m\u00e4rken - Nys\u00e4ter lantbruk\" \/>\n<meta property=\"og:description\" content=\"T\u00e4nk vad stilla det kan bli p\u00e5 g\u00e5rden ibland. Vi s\u00e5g inte r\u00f6ken av en enda karl h\u00e4r f\u00f6rr\u00e4n Danne sm\u00f6g hem framp\u00e5 eftermiddagen. Inga lastbilsleverenser, inga grannar, inga kaffeg\u00e4ster och inga litauiska kraftledningsbyggare. Blir det s\u00e5 n\u00e4r man hotar med att det ska sk\u00e4ras bort pungkulor?\u00a0 N\u00e4, jag skojar f\u00f6rst\u00e5s men det brukar faktiskt...\" \/>\n<meta property=\"og:url\" content=\"https:\/\/blogg.atl.nu\/nysater\/2019\/02\/20\/pungkulor-horn-och-blamarken\/\" \/>\n<meta property=\"og:site_name\" content=\"Nys\u00e4ter lantbruk\" \/>\n<meta property=\"article:published_time\" content=\"2019-02-20T20:26:58+00:00\" \/>\n<meta property=\"article:modified_time\" content=\"2019-02-20T20:29:29+00:00\" \/>\n<meta property=\"og:image\" content=\"https:\/\/blogg.atl.nu\/nysater\/wp-content\/uploads\/sites\/26\/2019\/02\/avhorning2.jpg\" \/>\n\t<meta property=\"og:image:width\" content=\"933\" \/>\n\t<meta property=\"og:image:height\" content=\"960\" \/>\n\t<meta property=\"og:image:type\" content=\"image\/jpeg\" \/>\n<meta name=\"author\" content=\"Elin Bergstr\u00f6m\" \/>\n<meta name=\"twitter:card\" content=\"summary\" \/>\n<meta name=\"twitter:label1\" content=\"Skriven av\" \/>\n\t<meta name=\"twitter:data1\" content=\"Elin Bergstr\u00f6m\" \/>\n\t<meta name=\"twitter:label2\" content=\"Ber\u00e4knad l\u00e4stid\" \/>\n\t<meta name=\"twitter:data2\" content=\"2 minuter\" \/>\n<script type=\"application\/ld+json\" class=\"yoast-schema-graph\">{\"@context\":\"https:\/\/schema.org\",\"@graph\":[{\"@type\":\"WebPage\",\"@id\":\"https:\/\/blogg.atl.nu\/nysater\/2019\/02\/20\/pungkulor-horn-och-blamarken\/\",\"url\":\"https:\/\/blogg.atl.nu\/nysater\/2019\/02\/20\/pungkulor-horn-och-blamarken\/\",\"name\":\"Pungkulor, horn och bl\u00e5m\u00e4rken - Nys\u00e4ter lantbruk\",\"isPartOf\":{\"@id\":\"https:\/\/blogg.atl.nu\/nysater\/#website\"},\"datePublished\":\"2019-02-20T20:26:58+00:00\",\"dateModified\":\"2019-02-20T20:29:29+00:00\",\"author\":{\"@id\":\"https:\/\/blogg.atl.nu\/nysater\/#\/schema\/person\/44ec87efb92df15b0f3b0c68a84c7c0f\"},\"breadcrumb\":{\"@id\":\"https:\/\/blogg.atl.nu\/nysater\/2019\/02\/20\/pungkulor-horn-och-blamarken\/#breadcrumb\"},\"inLanguage\":\"sv-SE\",\"potentialAction\":[{\"@type\":\"ReadAction\",\"target\":[\"https:\/\/blogg.atl.nu\/nysater\/2019\/02\/20\/pungkulor-horn-och-blamarken\/\"]}]},{\"@type\":\"BreadcrumbList\",\"@id\":\"https:\/\/blogg.atl.nu\/nysater\/2019\/02\/20\/pungkulor-horn-och-blamarken\/#breadcrumb\",\"itemListElement\":[{\"@type\":\"ListItem\",\"position\":1,\"name\":\"Hem\",\"item\":\"https:\/\/blogg.atl.nu\/nysater\/\"},{\"@type\":\"ListItem\",\"position\":2,\"name\":\"Pungkulor, horn och bl\u00e5m\u00e4rken\"}]},{\"@type\":\"WebSite\",\"@id\":\"https:\/\/blogg.atl.nu\/nysater\/#website\",\"url\":\"https:\/\/blogg.atl.nu\/nysater\/\",\"name\":\"Nys\u00e4ter lantbruk\",\"description\":\"Elin Bergstr\u00f6m\",\"potentialAction\":[{\"@type\":\"SearchAction\",\"target\":{\"@type\":\"EntryPoint\",\"urlTemplate\":\"https:\/\/blogg.atl.nu\/nysater\/?s={search_term_string}\"},\"query-input\":\"required name=search_term_string\"}],\"inLanguage\":\"sv-SE\"},{\"@type\":\"Person\",\"@id\":\"https:\/\/blogg.atl.nu\/nysater\/#\/schema\/person\/44ec87efb92df15b0f3b0c68a84c7c0f\",\"name\":\"Elin Bergstr\u00f6m\",\"image\":{\"@type\":\"ImageObject\",\"inLanguage\":\"sv-SE\",\"@id\":\"https:\/\/blogg.atl.nu\/nysater\/#\/schema\/person\/image\/\",\"url\":\"https:\/\/secure.gravatar.com\/avatar\/c68fea4c0b5b10e41c5a9ecd1fb1b3c0?s=96&d=mm&r=g\",\"contentUrl\":\"https:\/\/secure.gravatar.com\/avatar\/c68fea4c0b5b10e41c5a9ecd1fb1b3c0?s=96&d=mm&r=g\",\"caption\":\"Elin Bergstr\u00f6m\"},\"url\":\"https:\/\/blogg.atl.nu\/nysater\/author\/elin\/\"}]}<\/script>\n<!-- \/ Yoast SEO plugin. -->","yoast_head_json":{"title":"Pungkulor, horn och bl\u00e5m\u00e4rken - Nys\u00e4ter lantbruk","robots":{"index":"index","follow":"follow","max-snippet":"max-snippet:-1","max-image-preview":"max-image-preview:large","max-video-preview":"max-video-preview:-1"},"canonical":"https:\/\/blogg.atl.nu\/nysater\/2019\/02\/20\/pungkulor-horn-och-blamarken\/","og_locale":"sv_SE","og_type":"article","og_title":"Pungkulor, horn och bl\u00e5m\u00e4rken - Nys\u00e4ter lantbruk","og_description":"T\u00e4nk vad stilla det kan bli p\u00e5 g\u00e5rden ibland. Vi s\u00e5g inte r\u00f6ken av en enda karl h\u00e4r f\u00f6rr\u00e4n Danne sm\u00f6g hem framp\u00e5 eftermiddagen. Inga lastbilsleverenser, inga grannar, inga kaffeg\u00e4ster och inga litauiska kraftledningsbyggare. Blir det s\u00e5 n\u00e4r man hotar med att det ska sk\u00e4ras bort pungkulor?\u00a0 N\u00e4, jag skojar f\u00f6rst\u00e5s men det brukar faktiskt...","og_url":"https:\/\/blogg.atl.nu\/nysater\/2019\/02\/20\/pungkulor-horn-och-blamarken\/","og_site_name":"Nys\u00e4ter lantbruk","article_published_time":"2019-02-20T20:26:58+00:00","article_modified_time":"2019-02-20T20:29:29+00:00","og_image":[{"width":933,"height":960,"url":"https:\/\/blogg.atl.nu\/nysater\/wp-content\/uploads\/sites\/26\/2019\/02\/avhorning2.jpg","type":"image\/jpeg"}],"author":"Elin Bergstr\u00f6m","twitter_card":"summary","twitter_misc":{"Skriven av":"Elin Bergstr\u00f6m","Ber\u00e4knad l\u00e4stid":"2 minuter"},"schema":{"@context":"https:\/\/schema.org","@graph":[{"@type":"WebPage","@id":"https:\/\/blogg.atl.nu\/nysater\/2019\/02\/20\/pungkulor-horn-och-blamarken\/","url":"https:\/\/blogg.atl.nu\/nysater\/2019\/02\/20\/pungkulor-horn-och-blamarken\/","name":"Pungkulor, horn och bl\u00e5m\u00e4rken - Nys\u00e4ter lantbruk","isPartOf":{"@id":"https:\/\/blogg.atl.nu\/nysater\/#website"},"datePublished":"2019-02-20T20:26:58+00:00","dateModified":"2019-02-20T20:29:29+00:00","author":{"@id":"https:\/\/blogg.atl.nu\/nysater\/#\/schema\/person\/44ec87efb92df15b0f3b0c68a84c7c0f"},"breadcrumb":{"@id":"https:\/\/blogg.atl.nu\/nysater\/2019\/02\/20\/pungkulor-horn-och-blamarken\/#breadcrumb"},"inLanguage":"sv-SE","potentialAction":[{"@type":"ReadAction","target":["https:\/\/blogg.atl.nu\/nysater\/2019\/02\/20\/pungkulor-horn-och-blamarken\/"]}]},{"@type":"BreadcrumbList","@id":"https:\/\/blogg.atl.nu\/nysater\/2019\/02\/20\/pungkulor-horn-och-blamarken\/#breadcrumb","itemListElement":[{"@type":"ListItem","position":1,"name":"Hem","item":"https:\/\/blogg.atl.nu\/nysater\/"},{"@type":"ListItem","position":2,"name":"Pungkulor, horn och bl\u00e5m\u00e4rken"}]},{"@type":"WebSite","@id":"https:\/\/blogg.atl.nu\/nysater\/#website","url":"https:\/\/blogg.atl.nu\/nysater\/","name":"Nys\u00e4ter lantbruk","description":"Elin Bergstr\u00f6m","potentialAction":[{"@type":"SearchAction","target":{"@type":"EntryPoint","urlTemplate":"https:\/\/blogg.atl.nu\/nysater\/?s={search_term_string}"},"query-input":"required name=search_term_string"}],"inLanguage":"sv-SE"},{"@type":"Person","@id":"https:\/\/blogg.atl.nu\/nysater\/#\/schema\/person\/44ec87efb92df15b0f3b0c68a84c7c0f","name":"Elin Bergstr\u00f6m","image":{"@type":"ImageObject","inLanguage":"sv-SE","@id":"https:\/\/blogg.atl.nu\/nysater\/#\/schema\/person\/image\/","url":"https:\/\/secure.gravatar.com\/avatar\/c68fea4c0b5b10e41c5a9ecd1fb1b3c0?s=96&d=mm&r=g","contentUrl":"https:\/\/secure.gravatar.com\/avatar\/c68fea4c0b5b10e41c5a9ecd1fb1b3c0?s=96&d=mm&r=g","caption":"Elin Bergstr\u00f6m"},"url":"https:\/\/blogg.atl.nu\/nysater\/author\/elin\/"}]}},"_links":{"self":[{"href":"https:\/\/blogg.atl.nu\/nysater\/wp-json\/wp\/v2\/posts\/222664"}],"collection":[{"href":"https:\/\/blogg.atl.nu\/nysater\/wp-json\/wp\/v2\/posts"}],"about":[{"href":"https:\/\/blogg.atl.nu\/nysater\/wp-json\/wp\/v2\/types\/post"}],"author":[{"embeddable":true,"href":"https:\/\/blogg.atl.nu\/nysater\/wp-json\/wp\/v2\/users\/338"}],"replies":[{"embeddable":true,"href":"https:\/\/blogg.atl.nu\/nysater\/wp-json\/wp\/v2\/comments?post=222664"}],"version-history":[{"count":3,"href":"https:\/\/blogg.atl.nu\/nysater\/wp-json\/wp\/v2\/posts\/222664\/revisions"}],"predecessor-version":[{"id":222670,"href":"https:\/\/blogg.atl.nu\/nysater\/wp-json\/wp\/v2\/posts\/222664\/revisions\/222670"}],"wp:featuredmedia":[{"embeddable":true,"href":"https:\/\/blogg.atl.nu\/nysater\/wp-json\/wp\/v2\/media\/222667"}],"wp:attachment":[{"href":"https:\/\/blogg.atl.nu\/nysater\/wp-json\/wp\/v2\/media?parent=222664"}],"wp:term":[{"taxonomy":"category","embeddable":true,"href":"https:\/\/blogg.atl.nu\/nysater\/wp-json\/wp\/v2\/categories?post=222664"},{"taxonomy":"post_tag","embeddable":true,"href":"https:\/\/blogg.atl.nu\/nysater\/wp-json\/wp\/v2\/tags?post=222664"}],"curies":[{"name":"wp","href":"https:\/\/api.w.org\/{rel}","templated":true}]}}