{"id":222755,"date":"2019-03-09T20:33:38","date_gmt":"2019-03-09T19:33:38","guid":{"rendered":"https:\/\/blogg.atl.nu\/nysater\/?p=222755"},"modified":"2019-03-13T22:30:51","modified_gmt":"2019-03-13T21:30:51","slug":"vilken-helg","status":"publish","type":"post","link":"https:\/\/blogg.atl.nu\/nysater\/2019\/03\/09\/vilken-helg\/","title":{"rendered":"Vilken helg!"},"content":{"rendered":"<p><strong>De som f\u00f6ljer v\u00e5r g\u00e5rd p\u00e5 Instagram har redan sett bilden h\u00e4r ovanf\u00f6r men jag passar p\u00e5 att bjuda p\u00e5 den h\u00e4r p\u00e5 boggen ocks\u00e5. Och med den \u00f6nskar jag alla en fortsatt trevlig helg!<\/strong><\/p>\n<p>Brottare har ju tajta, sm\u00e5 trik\u00e5er p\u00e5 sig men brottarf\u00f6r\u00e4ldrar ska uppenbarligen g\u00e5 i bara underkl\u00e4derna numer. Jag skyndade mig att ta bilden alldeles innan Danne packade in Linnea och Lovisa i bilen och drog till Falk\u00f6ping p\u00e5 t\u00e4vling. Undrar om han strosar runt p\u00e5 arenan i samma utstyrsel?<\/p>\n<p><strong>Sj\u00e4lv f\u00f6rs\u00f6ker jag just nu \u00e5terh\u00e4mta mig fr\u00e5n g\u00e5rdagens kv\u00e4lls\u00e4ventyr.<\/strong> Vi hade After Lag\u00e5rd med en massa trevliga m\u00e4nniskor och det var j\u00e4ttekul. Rekommenderas! En enkel after work med fina kollegor av olika slag. Alla tog med egen dryck och s\u00e5 k\u00f6pte vi pizza tillsammans.<\/p>\n<p>Dock ledde ett efterf\u00f6ljande krogbes\u00f6k till att jag inte riktigt har m\u00e5tt s\u00e5 bra idag&#8230; M\u00e5ste vara n\u00e5 virus jag har dragit p\u00e5 mig. Eller s\u00e5 \u00e4r jag ovan vid stadens smog och sprakande neonljus.<\/p>\n<p>F\u00f6r inte kan det v\u00e4l ha haft n\u00e5got med alkohol att g\u00f6ra??<\/p>\n<p><iframe loading=\"lazy\" width=\"500\" height=\"375\" src=\"https:\/\/www.youtube.com\/embed\/gbDfif0EAEE?feature=oembed\" frameborder=\"0\" allow=\"accelerometer; autoplay; encrypted-media; gyroscope; picture-in-picture\" allowfullscreen><\/iframe><\/p>\n<p><strong>Nu ska jag se Fr\u00f6ken Frimans Krig<\/strong> tillsammans med unga flickor. Det passar ju ypperligt nu n\u00e4r det har varit internationella kvinnodagen och allt. V\u00e4ldigt intressant att resonera med tv\u00e5 tretton\u00e5ringar om j\u00e4mst\u00e4lldhet, relationer, historia och samh\u00e4llsutveckling. Det g\u00f6r sig liksom av sig sj\u00e4lvt n\u00e4r man tittar p\u00e5 den h\u00e4r serien.<\/p>\n","protected":false},"excerpt":{"rendered":"<p>De som f\u00f6ljer v\u00e5r g\u00e5rd p\u00e5 Instagram har redan sett bilden h\u00e4r ovanf\u00f6r men jag passar p\u00e5 att bjuda p\u00e5 den h\u00e4r p\u00e5 boggen ocks\u00e5. Och med den \u00f6nskar jag alla en fortsatt trevlig helg! Brottare har ju tajta, sm\u00e5 trik\u00e5er p\u00e5 sig men brottarf\u00f6r\u00e4ldrar ska uppenbarligen g\u00e5 i bara underkl\u00e4derna numer. Jag skyndade mig&#8230;<\/p>\n","protected":false},"author":338,"featured_media":222757,"comment_status":"open","ping_status":"open","sticky":false,"template":"","format":"standard","meta":[],"categories":[1],"tags":[4,3,6],"yoast_head":"<!-- This site is optimized with the Yoast SEO plugin v19.6 - https:\/\/yoast.com\/wordpress\/plugins\/seo\/ -->\n<title>Vilken helg! - Nys\u00e4ter lantbruk<\/title>\n<meta name=\"robots\" content=\"index, follow, max-snippet:-1, max-image-preview:large, max-video-preview:-1\" \/>\n<link rel=\"canonical\" href=\"https:\/\/blogg.atl.nu\/nysater\/2019\/03\/09\/vilken-helg\/\" \/>\n<meta property=\"og:locale\" content=\"sv_SE\" \/>\n<meta property=\"og:type\" content=\"article\" \/>\n<meta property=\"og:title\" content=\"Vilken helg! - Nys\u00e4ter lantbruk\" \/>\n<meta property=\"og:description\" content=\"De som f\u00f6ljer v\u00e5r g\u00e5rd p\u00e5 Instagram har redan sett bilden h\u00e4r ovanf\u00f6r men jag passar p\u00e5 att bjuda p\u00e5 den h\u00e4r p\u00e5 boggen ocks\u00e5. Och med den \u00f6nskar jag alla en fortsatt trevlig helg! Brottare har ju tajta, sm\u00e5 trik\u00e5er p\u00e5 sig men brottarf\u00f6r\u00e4ldrar ska uppenbarligen g\u00e5 i bara underkl\u00e4derna numer. Jag skyndade mig...\" \/>\n<meta property=\"og:url\" content=\"https:\/\/blogg.atl.nu\/nysater\/2019\/03\/09\/vilken-helg\/\" \/>\n<meta property=\"og:site_name\" content=\"Nys\u00e4ter lantbruk\" \/>\n<meta property=\"article:published_time\" content=\"2019-03-09T19:33:38+00:00\" \/>\n<meta property=\"article:modified_time\" content=\"2019-03-13T21:30:51+00:00\" \/>\n<meta property=\"og:image\" content=\"https:\/\/blogg.atl.nu\/nysater\/wp-content\/uploads\/sites\/26\/2019\/03\/naken.jpg\" \/>\n\t<meta property=\"og:image:width\" content=\"960\" \/>\n\t<meta property=\"og:image:height\" content=\"882\" \/>\n\t<meta property=\"og:image:type\" content=\"image\/jpeg\" \/>\n<meta name=\"author\" content=\"Elin Bergstr\u00f6m\" \/>\n<meta name=\"twitter:card\" content=\"summary\" \/>\n<meta name=\"twitter:label1\" content=\"Skriven av\" \/>\n\t<meta name=\"twitter:data1\" content=\"Elin Bergstr\u00f6m\" \/>\n\t<meta name=\"twitter:label2\" content=\"Ber\u00e4knad l\u00e4stid\" \/>\n\t<meta name=\"twitter:data2\" content=\"1 minut\" \/>\n<script type=\"application\/ld+json\" class=\"yoast-schema-graph\">{\"@context\":\"https:\/\/schema.org\",\"@graph\":[{\"@type\":\"WebPage\",\"@id\":\"https:\/\/blogg.atl.nu\/nysater\/2019\/03\/09\/vilken-helg\/\",\"url\":\"https:\/\/blogg.atl.nu\/nysater\/2019\/03\/09\/vilken-helg\/\",\"name\":\"Vilken helg! - Nys\u00e4ter lantbruk\",\"isPartOf\":{\"@id\":\"https:\/\/blogg.atl.nu\/nysater\/#website\"},\"datePublished\":\"2019-03-09T19:33:38+00:00\",\"dateModified\":\"2019-03-13T21:30:51+00:00\",\"author\":{\"@id\":\"https:\/\/blogg.atl.nu\/nysater\/#\/schema\/person\/44ec87efb92df15b0f3b0c68a84c7c0f\"},\"breadcrumb\":{\"@id\":\"https:\/\/blogg.atl.nu\/nysater\/2019\/03\/09\/vilken-helg\/#breadcrumb\"},\"inLanguage\":\"sv-SE\",\"potentialAction\":[{\"@type\":\"ReadAction\",\"target\":[\"https:\/\/blogg.atl.nu\/nysater\/2019\/03\/09\/vilken-helg\/\"]}]},{\"@type\":\"BreadcrumbList\",\"@id\":\"https:\/\/blogg.atl.nu\/nysater\/2019\/03\/09\/vilken-helg\/#breadcrumb\",\"itemListElement\":[{\"@type\":\"ListItem\",\"position\":1,\"name\":\"Hem\",\"item\":\"https:\/\/blogg.atl.nu\/nysater\/\"},{\"@type\":\"ListItem\",\"position\":2,\"name\":\"Vilken helg!\"}]},{\"@type\":\"WebSite\",\"@id\":\"https:\/\/blogg.atl.nu\/nysater\/#website\",\"url\":\"https:\/\/blogg.atl.nu\/nysater\/\",\"name\":\"Nys\u00e4ter lantbruk\",\"description\":\"Elin Bergstr\u00f6m\",\"potentialAction\":[{\"@type\":\"SearchAction\",\"target\":{\"@type\":\"EntryPoint\",\"urlTemplate\":\"https:\/\/blogg.atl.nu\/nysater\/?s={search_term_string}\"},\"query-input\":\"required name=search_term_string\"}],\"inLanguage\":\"sv-SE\"},{\"@type\":\"Person\",\"@id\":\"https:\/\/blogg.atl.nu\/nysater\/#\/schema\/person\/44ec87efb92df15b0f3b0c68a84c7c0f\",\"name\":\"Elin Bergstr\u00f6m\",\"image\":{\"@type\":\"ImageObject\",\"inLanguage\":\"sv-SE\",\"@id\":\"https:\/\/blogg.atl.nu\/nysater\/#\/schema\/person\/image\/\",\"url\":\"https:\/\/secure.gravatar.com\/avatar\/c68fea4c0b5b10e41c5a9ecd1fb1b3c0?s=96&d=mm&r=g\",\"contentUrl\":\"https:\/\/secure.gravatar.com\/avatar\/c68fea4c0b5b10e41c5a9ecd1fb1b3c0?s=96&d=mm&r=g\",\"caption\":\"Elin Bergstr\u00f6m\"},\"url\":\"https:\/\/blogg.atl.nu\/nysater\/author\/elin\/\"}]}<\/script>\n<!-- \/ Yoast SEO plugin. -->","yoast_head_json":{"title":"Vilken helg! - Nys\u00e4ter lantbruk","robots":{"index":"index","follow":"follow","max-snippet":"max-snippet:-1","max-image-preview":"max-image-preview:large","max-video-preview":"max-video-preview:-1"},"canonical":"https:\/\/blogg.atl.nu\/nysater\/2019\/03\/09\/vilken-helg\/","og_locale":"sv_SE","og_type":"article","og_title":"Vilken helg! - Nys\u00e4ter lantbruk","og_description":"De som f\u00f6ljer v\u00e5r g\u00e5rd p\u00e5 Instagram har redan sett bilden h\u00e4r ovanf\u00f6r men jag passar p\u00e5 att bjuda p\u00e5 den h\u00e4r p\u00e5 boggen ocks\u00e5. Och med den \u00f6nskar jag alla en fortsatt trevlig helg! Brottare har ju tajta, sm\u00e5 trik\u00e5er p\u00e5 sig men brottarf\u00f6r\u00e4ldrar ska uppenbarligen g\u00e5 i bara underkl\u00e4derna numer. Jag skyndade mig...","og_url":"https:\/\/blogg.atl.nu\/nysater\/2019\/03\/09\/vilken-helg\/","og_site_name":"Nys\u00e4ter lantbruk","article_published_time":"2019-03-09T19:33:38+00:00","article_modified_time":"2019-03-13T21:30:51+00:00","og_image":[{"width":960,"height":882,"url":"https:\/\/blogg.atl.nu\/nysater\/wp-content\/uploads\/sites\/26\/2019\/03\/naken.jpg","type":"image\/jpeg"}],"author":"Elin Bergstr\u00f6m","twitter_card":"summary","twitter_misc":{"Skriven av":"Elin Bergstr\u00f6m","Ber\u00e4knad l\u00e4stid":"1 minut"},"schema":{"@context":"https:\/\/schema.org","@graph":[{"@type":"WebPage","@id":"https:\/\/blogg.atl.nu\/nysater\/2019\/03\/09\/vilken-helg\/","url":"https:\/\/blogg.atl.nu\/nysater\/2019\/03\/09\/vilken-helg\/","name":"Vilken helg! - Nys\u00e4ter lantbruk","isPartOf":{"@id":"https:\/\/blogg.atl.nu\/nysater\/#website"},"datePublished":"2019-03-09T19:33:38+00:00","dateModified":"2019-03-13T21:30:51+00:00","author":{"@id":"https:\/\/blogg.atl.nu\/nysater\/#\/schema\/person\/44ec87efb92df15b0f3b0c68a84c7c0f"},"breadcrumb":{"@id":"https:\/\/blogg.atl.nu\/nysater\/2019\/03\/09\/vilken-helg\/#breadcrumb"},"inLanguage":"sv-SE","potentialAction":[{"@type":"ReadAction","target":["https:\/\/blogg.atl.nu\/nysater\/2019\/03\/09\/vilken-helg\/"]}]},{"@type":"BreadcrumbList","@id":"https:\/\/blogg.atl.nu\/nysater\/2019\/03\/09\/vilken-helg\/#breadcrumb","itemListElement":[{"@type":"ListItem","position":1,"name":"Hem","item":"https:\/\/blogg.atl.nu\/nysater\/"},{"@type":"ListItem","position":2,"name":"Vilken helg!"}]},{"@type":"WebSite","@id":"https:\/\/blogg.atl.nu\/nysater\/#website","url":"https:\/\/blogg.atl.nu\/nysater\/","name":"Nys\u00e4ter lantbruk","description":"Elin Bergstr\u00f6m","potentialAction":[{"@type":"SearchAction","target":{"@type":"EntryPoint","urlTemplate":"https:\/\/blogg.atl.nu\/nysater\/?s={search_term_string}"},"query-input":"required name=search_term_string"}],"inLanguage":"sv-SE"},{"@type":"Person","@id":"https:\/\/blogg.atl.nu\/nysater\/#\/schema\/person\/44ec87efb92df15b0f3b0c68a84c7c0f","name":"Elin Bergstr\u00f6m","image":{"@type":"ImageObject","inLanguage":"sv-SE","@id":"https:\/\/blogg.atl.nu\/nysater\/#\/schema\/person\/image\/","url":"https:\/\/secure.gravatar.com\/avatar\/c68fea4c0b5b10e41c5a9ecd1fb1b3c0?s=96&d=mm&r=g","contentUrl":"https:\/\/secure.gravatar.com\/avatar\/c68fea4c0b5b10e41c5a9ecd1fb1b3c0?s=96&d=mm&r=g","caption":"Elin Bergstr\u00f6m"},"url":"https:\/\/blogg.atl.nu\/nysater\/author\/elin\/"}]}},"_links":{"self":[{"href":"https:\/\/blogg.atl.nu\/nysater\/wp-json\/wp\/v2\/posts\/222755"}],"collection":[{"href":"https:\/\/blogg.atl.nu\/nysater\/wp-json\/wp\/v2\/posts"}],"about":[{"href":"https:\/\/blogg.atl.nu\/nysater\/wp-json\/wp\/v2\/types\/post"}],"author":[{"embeddable":true,"href":"https:\/\/blogg.atl.nu\/nysater\/wp-json\/wp\/v2\/users\/338"}],"replies":[{"embeddable":true,"href":"https:\/\/blogg.atl.nu\/nysater\/wp-json\/wp\/v2\/comments?post=222755"}],"version-history":[{"count":4,"href":"https:\/\/blogg.atl.nu\/nysater\/wp-json\/wp\/v2\/posts\/222755\/revisions"}],"predecessor-version":[{"id":222783,"href":"https:\/\/blogg.atl.nu\/nysater\/wp-json\/wp\/v2\/posts\/222755\/revisions\/222783"}],"wp:featuredmedia":[{"embeddable":true,"href":"https:\/\/blogg.atl.nu\/nysater\/wp-json\/wp\/v2\/media\/222757"}],"wp:attachment":[{"href":"https:\/\/blogg.atl.nu\/nysater\/wp-json\/wp\/v2\/media?parent=222755"}],"wp:term":[{"taxonomy":"category","embeddable":true,"href":"https:\/\/blogg.atl.nu\/nysater\/wp-json\/wp\/v2\/categories?post=222755"},{"taxonomy":"post_tag","embeddable":true,"href":"https:\/\/blogg.atl.nu\/nysater\/wp-json\/wp\/v2\/tags?post=222755"}],"curies":[{"name":"wp","href":"https:\/\/api.w.org\/{rel}","templated":true}]}}