{"id":222840,"date":"2019-03-22T22:46:47","date_gmt":"2019-03-22T21:46:47","guid":{"rendered":"https:\/\/blogg.atl.nu\/nysater\/?p=222840"},"modified":"2019-03-22T23:11:22","modified_gmt":"2019-03-22T22:11:22","slug":"titta-vad-jag-har-fatt","status":"publish","type":"post","link":"https:\/\/blogg.atl.nu\/nysater\/2019\/03\/22\/titta-vad-jag-har-fatt\/","title":{"rendered":"Titta vad jag har f\u00e5tt!"},"content":{"rendered":"<p><strong>Utan l\u00e4sare, ingen blogg. D\u00e4rf\u00f6r vill jag visa det h\u00e4r och tacka alla som kommer hit och l\u00e4ser. Utan er skulle det inte blir n\u00e5got alls. S\u00e4rskilt inga fina utm\u00e4rkelser f\u00f6r skrivande och kommunikation.\u00a0<\/strong><\/p>\n<p>Idag fick jag \u00c5rets kommunikationspris av LRF V\u00e4sternorrland och jag blev fantastiskt glad. S\u00e5 glad att jag nog framstod om lite speedad till och med. Och det var jag ocks\u00e5.<\/p>\n<p><img loading=\"lazy\" class=\"alignnone wp-image-222841 size-full\" src=\"https:\/\/blogg.atl.nu\/nysater\/wp-content\/uploads\/sites\/26\/2019\/03\/diplom2.jpg\" alt=\"\" width=\"960\" height=\"922\" srcset=\"https:\/\/blogg.atl.nu\/nysater\/wp-content\/uploads\/sites\/26\/2019\/03\/diplom2.jpg 960w, https:\/\/blogg.atl.nu\/nysater\/wp-content\/uploads\/sites\/26\/2019\/03\/diplom2-300x288.jpg 300w, https:\/\/blogg.atl.nu\/nysater\/wp-content\/uploads\/sites\/26\/2019\/03\/diplom2-768x738.jpg 768w\" sizes=\"(max-width: 960px) 100vw, 960px\" \/><\/p>\n<p><strong>Jag\u00a0blev\u00a0inbjuden<\/strong> till \u00e5rets regionst\u00e4mma och n\u00e4r jag v\u00e4l hittade till Parkaden, H\u00e4rn\u00f6sands Folkets hus ungef\u00e4r, fick jag vara med p\u00e5 en v\u00e4lordnad och intressant st\u00e4mma med m\u00e5nga motioner och stort engagemang. Det var b\u00e5de kul och l\u00e4rorikt. Och s\u00e5 tr\u00e4ffade jag m\u00e5nga trevliga m\u00e4nniskor p\u00e5 en och samma plats. Bland annat Marianne som jag hade saknat. Titta vad suddiga vi \u00e4r! Det ser n\u00e4stan ut som att vi \u00e4r p\u00e5 n\u00e5gon annan slags tillst\u00e4llning. P\u00e5 en pub kanske?<\/p>\n<p><img loading=\"lazy\" class=\"alignnone wp-image-222849 size-full\" src=\"https:\/\/blogg.atl.nu\/nysater\/wp-content\/uploads\/sites\/26\/2019\/03\/marianne.jpg\" alt=\"\" width=\"960\" height=\"720\" srcset=\"https:\/\/blogg.atl.nu\/nysater\/wp-content\/uploads\/sites\/26\/2019\/03\/marianne.jpg 960w, https:\/\/blogg.atl.nu\/nysater\/wp-content\/uploads\/sites\/26\/2019\/03\/marianne-300x225.jpg 300w, https:\/\/blogg.atl.nu\/nysater\/wp-content\/uploads\/sites\/26\/2019\/03\/marianne-768x576.jpg 768w\" sizes=\"(max-width: 960px) 100vw, 960px\" \/><\/p>\n<p><strong>Trevligt var det i alla fall och det var inte bara jag som fick pris.<\/strong> Silvern\u00e5lar delades ut liksom ungdomspris och stipendium f\u00f6r klimatsmart lantbruk bland annat.<\/p>\n<p>Visst m\u00e5ste jag f\u00e5 visa vad det st\u00e5r p\u00e5 mitt diplom? Det var en oerh\u00f6rt fin och genomarbetad motivering tycker jag.<\/p>\n<p><img loading=\"lazy\" class=\"alignnone wp-image-222842 size-full\" src=\"https:\/\/blogg.atl.nu\/nysater\/wp-content\/uploads\/sites\/26\/2019\/03\/diplom.jpg\" alt=\"\" width=\"720\" height=\"960\" srcset=\"https:\/\/blogg.atl.nu\/nysater\/wp-content\/uploads\/sites\/26\/2019\/03\/diplom.jpg 720w, https:\/\/blogg.atl.nu\/nysater\/wp-content\/uploads\/sites\/26\/2019\/03\/diplom-225x300.jpg 225w\" sizes=\"(max-width: 720px) 100vw, 720px\" \/><\/p>\n<p>T\u00e4nk att det kan bli s\u00e5h\u00e4r trots att jag skriver om s\u00e5 mycket som bara \u00e4r vanlig vardag? Underbart!<\/p>\n<p><strong>Tusen tack! Tack LRF och \u00e5terigen, tack alla ni som l\u00e4ser!\u00a0<\/strong><\/p>\n","protected":false},"excerpt":{"rendered":"<p>Utan l\u00e4sare, ingen blogg. D\u00e4rf\u00f6r vill jag visa det h\u00e4r och tacka alla som kommer hit och l\u00e4ser. Utan er skulle det inte blir n\u00e5got alls. S\u00e4rskilt inga fina utm\u00e4rkelser f\u00f6r skrivande och kommunikation.\u00a0 Idag fick jag \u00c5rets kommunikationspris av LRF V\u00e4sternorrland och jag blev fantastiskt glad. S\u00e5 glad att jag nog framstod om lite&#8230;<\/p>\n","protected":false},"author":338,"featured_media":222843,"comment_status":"open","ping_status":"open","sticky":false,"template":"","format":"standard","meta":[],"categories":[1],"tags":[27,120,3,6,242],"yoast_head":"<!-- This site is optimized with the Yoast SEO plugin v19.6 - https:\/\/yoast.com\/wordpress\/plugins\/seo\/ -->\n<title>Titta vad jag har f\u00e5tt! - Nys\u00e4ter lantbruk<\/title>\n<meta name=\"robots\" content=\"index, follow, max-snippet:-1, max-image-preview:large, max-video-preview:-1\" \/>\n<link rel=\"canonical\" href=\"https:\/\/blogg.atl.nu\/nysater\/2019\/03\/22\/titta-vad-jag-har-fatt\/\" \/>\n<meta property=\"og:locale\" content=\"sv_SE\" \/>\n<meta property=\"og:type\" content=\"article\" \/>\n<meta property=\"og:title\" content=\"Titta vad jag har f\u00e5tt! - Nys\u00e4ter lantbruk\" \/>\n<meta property=\"og:description\" content=\"Utan l\u00e4sare, ingen blogg. D\u00e4rf\u00f6r vill jag visa det h\u00e4r och tacka alla som kommer hit och l\u00e4ser. Utan er skulle det inte blir n\u00e5got alls. S\u00e4rskilt inga fina utm\u00e4rkelser f\u00f6r skrivande och kommunikation.\u00a0 Idag fick jag \u00c5rets kommunikationspris av LRF V\u00e4sternorrland och jag blev fantastiskt glad. S\u00e5 glad att jag nog framstod om lite...\" \/>\n<meta property=\"og:url\" content=\"https:\/\/blogg.atl.nu\/nysater\/2019\/03\/22\/titta-vad-jag-har-fatt\/\" \/>\n<meta property=\"og:site_name\" content=\"Nys\u00e4ter lantbruk\" \/>\n<meta property=\"article:published_time\" content=\"2019-03-22T21:46:47+00:00\" \/>\n<meta property=\"article:modified_time\" content=\"2019-03-22T22:11:22+00:00\" \/>\n<meta property=\"og:image\" content=\"https:\/\/blogg.atl.nu\/nysater\/wp-content\/uploads\/sites\/26\/2019\/03\/diplom1.jpg\" \/>\n\t<meta property=\"og:image:width\" content=\"960\" \/>\n\t<meta property=\"og:image:height\" content=\"719\" \/>\n\t<meta property=\"og:image:type\" content=\"image\/jpeg\" \/>\n<meta name=\"author\" content=\"Elin Bergstr\u00f6m\" \/>\n<meta name=\"twitter:card\" content=\"summary\" \/>\n<meta name=\"twitter:label1\" content=\"Skriven av\" \/>\n\t<meta name=\"twitter:data1\" content=\"Elin Bergstr\u00f6m\" \/>\n\t<meta name=\"twitter:label2\" content=\"Ber\u00e4knad l\u00e4stid\" \/>\n\t<meta name=\"twitter:data2\" content=\"1 minut\" \/>\n<script type=\"application\/ld+json\" class=\"yoast-schema-graph\">{\"@context\":\"https:\/\/schema.org\",\"@graph\":[{\"@type\":\"WebPage\",\"@id\":\"https:\/\/blogg.atl.nu\/nysater\/2019\/03\/22\/titta-vad-jag-har-fatt\/\",\"url\":\"https:\/\/blogg.atl.nu\/nysater\/2019\/03\/22\/titta-vad-jag-har-fatt\/\",\"name\":\"Titta vad jag har f\u00e5tt! - Nys\u00e4ter lantbruk\",\"isPartOf\":{\"@id\":\"https:\/\/blogg.atl.nu\/nysater\/#website\"},\"datePublished\":\"2019-03-22T21:46:47+00:00\",\"dateModified\":\"2019-03-22T22:11:22+00:00\",\"author\":{\"@id\":\"https:\/\/blogg.atl.nu\/nysater\/#\/schema\/person\/44ec87efb92df15b0f3b0c68a84c7c0f\"},\"breadcrumb\":{\"@id\":\"https:\/\/blogg.atl.nu\/nysater\/2019\/03\/22\/titta-vad-jag-har-fatt\/#breadcrumb\"},\"inLanguage\":\"sv-SE\",\"potentialAction\":[{\"@type\":\"ReadAction\",\"target\":[\"https:\/\/blogg.atl.nu\/nysater\/2019\/03\/22\/titta-vad-jag-har-fatt\/\"]}]},{\"@type\":\"BreadcrumbList\",\"@id\":\"https:\/\/blogg.atl.nu\/nysater\/2019\/03\/22\/titta-vad-jag-har-fatt\/#breadcrumb\",\"itemListElement\":[{\"@type\":\"ListItem\",\"position\":1,\"name\":\"Hem\",\"item\":\"https:\/\/blogg.atl.nu\/nysater\/\"},{\"@type\":\"ListItem\",\"position\":2,\"name\":\"Titta vad jag har f\u00e5tt!\"}]},{\"@type\":\"WebSite\",\"@id\":\"https:\/\/blogg.atl.nu\/nysater\/#website\",\"url\":\"https:\/\/blogg.atl.nu\/nysater\/\",\"name\":\"Nys\u00e4ter lantbruk\",\"description\":\"Elin Bergstr\u00f6m\",\"potentialAction\":[{\"@type\":\"SearchAction\",\"target\":{\"@type\":\"EntryPoint\",\"urlTemplate\":\"https:\/\/blogg.atl.nu\/nysater\/?s={search_term_string}\"},\"query-input\":\"required name=search_term_string\"}],\"inLanguage\":\"sv-SE\"},{\"@type\":\"Person\",\"@id\":\"https:\/\/blogg.atl.nu\/nysater\/#\/schema\/person\/44ec87efb92df15b0f3b0c68a84c7c0f\",\"name\":\"Elin Bergstr\u00f6m\",\"image\":{\"@type\":\"ImageObject\",\"inLanguage\":\"sv-SE\",\"@id\":\"https:\/\/blogg.atl.nu\/nysater\/#\/schema\/person\/image\/\",\"url\":\"https:\/\/secure.gravatar.com\/avatar\/c68fea4c0b5b10e41c5a9ecd1fb1b3c0?s=96&d=mm&r=g\",\"contentUrl\":\"https:\/\/secure.gravatar.com\/avatar\/c68fea4c0b5b10e41c5a9ecd1fb1b3c0?s=96&d=mm&r=g\",\"caption\":\"Elin Bergstr\u00f6m\"},\"url\":\"https:\/\/blogg.atl.nu\/nysater\/author\/elin\/\"}]}<\/script>\n<!-- \/ Yoast SEO plugin. -->","yoast_head_json":{"title":"Titta vad jag har f\u00e5tt! - Nys\u00e4ter lantbruk","robots":{"index":"index","follow":"follow","max-snippet":"max-snippet:-1","max-image-preview":"max-image-preview:large","max-video-preview":"max-video-preview:-1"},"canonical":"https:\/\/blogg.atl.nu\/nysater\/2019\/03\/22\/titta-vad-jag-har-fatt\/","og_locale":"sv_SE","og_type":"article","og_title":"Titta vad jag har f\u00e5tt! - Nys\u00e4ter lantbruk","og_description":"Utan l\u00e4sare, ingen blogg. D\u00e4rf\u00f6r vill jag visa det h\u00e4r och tacka alla som kommer hit och l\u00e4ser. Utan er skulle det inte blir n\u00e5got alls. S\u00e4rskilt inga fina utm\u00e4rkelser f\u00f6r skrivande och kommunikation.\u00a0 Idag fick jag \u00c5rets kommunikationspris av LRF V\u00e4sternorrland och jag blev fantastiskt glad. S\u00e5 glad att jag nog framstod om lite...","og_url":"https:\/\/blogg.atl.nu\/nysater\/2019\/03\/22\/titta-vad-jag-har-fatt\/","og_site_name":"Nys\u00e4ter lantbruk","article_published_time":"2019-03-22T21:46:47+00:00","article_modified_time":"2019-03-22T22:11:22+00:00","og_image":[{"width":960,"height":719,"url":"https:\/\/blogg.atl.nu\/nysater\/wp-content\/uploads\/sites\/26\/2019\/03\/diplom1.jpg","type":"image\/jpeg"}],"author":"Elin Bergstr\u00f6m","twitter_card":"summary","twitter_misc":{"Skriven av":"Elin Bergstr\u00f6m","Ber\u00e4knad l\u00e4stid":"1 minut"},"schema":{"@context":"https:\/\/schema.org","@graph":[{"@type":"WebPage","@id":"https:\/\/blogg.atl.nu\/nysater\/2019\/03\/22\/titta-vad-jag-har-fatt\/","url":"https:\/\/blogg.atl.nu\/nysater\/2019\/03\/22\/titta-vad-jag-har-fatt\/","name":"Titta vad jag har f\u00e5tt! - Nys\u00e4ter lantbruk","isPartOf":{"@id":"https:\/\/blogg.atl.nu\/nysater\/#website"},"datePublished":"2019-03-22T21:46:47+00:00","dateModified":"2019-03-22T22:11:22+00:00","author":{"@id":"https:\/\/blogg.atl.nu\/nysater\/#\/schema\/person\/44ec87efb92df15b0f3b0c68a84c7c0f"},"breadcrumb":{"@id":"https:\/\/blogg.atl.nu\/nysater\/2019\/03\/22\/titta-vad-jag-har-fatt\/#breadcrumb"},"inLanguage":"sv-SE","potentialAction":[{"@type":"ReadAction","target":["https:\/\/blogg.atl.nu\/nysater\/2019\/03\/22\/titta-vad-jag-har-fatt\/"]}]},{"@type":"BreadcrumbList","@id":"https:\/\/blogg.atl.nu\/nysater\/2019\/03\/22\/titta-vad-jag-har-fatt\/#breadcrumb","itemListElement":[{"@type":"ListItem","position":1,"name":"Hem","item":"https:\/\/blogg.atl.nu\/nysater\/"},{"@type":"ListItem","position":2,"name":"Titta vad jag har f\u00e5tt!"}]},{"@type":"WebSite","@id":"https:\/\/blogg.atl.nu\/nysater\/#website","url":"https:\/\/blogg.atl.nu\/nysater\/","name":"Nys\u00e4ter lantbruk","description":"Elin Bergstr\u00f6m","potentialAction":[{"@type":"SearchAction","target":{"@type":"EntryPoint","urlTemplate":"https:\/\/blogg.atl.nu\/nysater\/?s={search_term_string}"},"query-input":"required name=search_term_string"}],"inLanguage":"sv-SE"},{"@type":"Person","@id":"https:\/\/blogg.atl.nu\/nysater\/#\/schema\/person\/44ec87efb92df15b0f3b0c68a84c7c0f","name":"Elin Bergstr\u00f6m","image":{"@type":"ImageObject","inLanguage":"sv-SE","@id":"https:\/\/blogg.atl.nu\/nysater\/#\/schema\/person\/image\/","url":"https:\/\/secure.gravatar.com\/avatar\/c68fea4c0b5b10e41c5a9ecd1fb1b3c0?s=96&d=mm&r=g","contentUrl":"https:\/\/secure.gravatar.com\/avatar\/c68fea4c0b5b10e41c5a9ecd1fb1b3c0?s=96&d=mm&r=g","caption":"Elin Bergstr\u00f6m"},"url":"https:\/\/blogg.atl.nu\/nysater\/author\/elin\/"}]}},"_links":{"self":[{"href":"https:\/\/blogg.atl.nu\/nysater\/wp-json\/wp\/v2\/posts\/222840"}],"collection":[{"href":"https:\/\/blogg.atl.nu\/nysater\/wp-json\/wp\/v2\/posts"}],"about":[{"href":"https:\/\/blogg.atl.nu\/nysater\/wp-json\/wp\/v2\/types\/post"}],"author":[{"embeddable":true,"href":"https:\/\/blogg.atl.nu\/nysater\/wp-json\/wp\/v2\/users\/338"}],"replies":[{"embeddable":true,"href":"https:\/\/blogg.atl.nu\/nysater\/wp-json\/wp\/v2\/comments?post=222840"}],"version-history":[{"count":8,"href":"https:\/\/blogg.atl.nu\/nysater\/wp-json\/wp\/v2\/posts\/222840\/revisions"}],"predecessor-version":[{"id":222853,"href":"https:\/\/blogg.atl.nu\/nysater\/wp-json\/wp\/v2\/posts\/222840\/revisions\/222853"}],"wp:featuredmedia":[{"embeddable":true,"href":"https:\/\/blogg.atl.nu\/nysater\/wp-json\/wp\/v2\/media\/222843"}],"wp:attachment":[{"href":"https:\/\/blogg.atl.nu\/nysater\/wp-json\/wp\/v2\/media?parent=222840"}],"wp:term":[{"taxonomy":"category","embeddable":true,"href":"https:\/\/blogg.atl.nu\/nysater\/wp-json\/wp\/v2\/categories?post=222840"},{"taxonomy":"post_tag","embeddable":true,"href":"https:\/\/blogg.atl.nu\/nysater\/wp-json\/wp\/v2\/tags?post=222840"}],"curies":[{"name":"wp","href":"https:\/\/api.w.org\/{rel}","templated":true}]}}