{"id":222964,"date":"2019-04-09T22:13:20","date_gmt":"2019-04-09T20:13:20","guid":{"rendered":"https:\/\/blogg.atl.nu\/nysater\/?p=222964"},"modified":"2019-04-15T14:25:28","modified_gmt":"2019-04-15T12:25:28","slug":"sahar-kanns-det","status":"publish","type":"post","link":"https:\/\/blogg.atl.nu\/nysater\/2019\/04\/09\/sahar-kanns-det\/","title":{"rendered":"S\u00e5h\u00e4r k\u00e4nns det"},"content":{"rendered":"<p><strong>Jag k\u00e4nner mig som den utslagna kalven med huvudet ned\u00e5t. Tr\u00f6tt \u00e4r bara f\u00f6rnamnet. Jag \u00e4r f\u00f6rkyld p\u00e5 n\u00e5got konstigt s\u00e4tt men det bryter liksom inte ut\u00a0riktigt.\u00a0<\/strong><\/p>\n<p><strong>Jag kurerar mig med Gammeldansk just nu f\u00f6r det har en klok man l\u00e4rt mig att man ska g\u00f6ra.<\/strong> Dessutom smakar det n\u00e4stan exakt som naturmedicinen mamma tillverkade n\u00e4r vi var sm\u00e5, den som gjorde att vi hade minimalt med sjukdagar i skolan, s\u00e5 jag tror att det kan vara ett vinnande koncept. Varm om f\u00f6tterna blir man i alla fall, och man riktigt k\u00e4nner hur bakterierna br\u00e4nns bort fr\u00e5n halsen och \u00e4nda ner i magen. Rej\u00e4la grejer.<\/p>\n<p><strong>I morgon ska jag sitta still inomhus.<\/strong> Tror det kan vara en bra id\u00e9. Jag har f\u00e5tt f\u00f6rm\u00e5nen att delta i en utbildningsdag p\u00e5 mitt andra jobb och jag \u00e4r v\u00e4ldigt glad och tacksam f\u00f6r det. Det ska bli intressant och som vanligt \u00e4r det roligt att l\u00e4ra sig mer.<\/p>\n<p>Det ska bli sk\u00f6nt att slippa sn\u00e5lbl\u00e5st och bl\u00f6ta handskar ocks\u00e5 om jag ska vara \u00e4rlig. Nu n\u00e4r jag inte m\u00e5r riktigt bra k\u00e4nns det s\u00e5 sjukt frustrerande att inte ha min vanlig kraft och ork i jobbet. Det har varit intensivt \u00f6ver lag ett tag ocks\u00e5 k\u00e4nns det som. Med kalvningar och allt m\u00f6jligt. Jag \u00e4r ju inte van! Blir helt slut av att vara dikobonde.<br \/>\nNej, Danne och Linda f\u00e5r h\u00e5lla st\u00e4llningarna h\u00e4r p\u00e5 farmen i morgon. S\u00e5 drar jag iv\u00e4g och blir inspirerad och energitankad p\u00e5 annat h\u00e5ll. \u00a0Tror det blir en win-win till sist.<\/p>\n<p><strong>Hoppas alla har en bra vecka s\u00e5 h\u00e4r l\u00e5ngt<\/strong> och tack f\u00f6r alla fina mail och Facebookkommentarer efter mina kycklinginl\u00e4gg. Det \u00e4r s\u00e5 kul n\u00e4r folk bryr sig om vad de \u00e4ter.<\/p>\n","protected":false},"excerpt":{"rendered":"<p>Jag k\u00e4nner mig som den utslagna kalven med huvudet ned\u00e5t. Tr\u00f6tt \u00e4r bara f\u00f6rnamnet. Jag \u00e4r f\u00f6rkyld p\u00e5 n\u00e5got konstigt s\u00e4tt men det bryter liksom inte ut\u00a0riktigt.\u00a0 Jag kurerar mig med Gammeldansk just nu f\u00f6r det har en klok man l\u00e4rt mig att man ska g\u00f6ra. Dessutom smakar det n\u00e4stan exakt som naturmedicinen mamma tillverkade&#8230;<\/p>\n","protected":false},"author":338,"featured_media":222966,"comment_status":"open","ping_status":"open","sticky":false,"template":"","format":"standard","meta":[],"categories":[1],"tags":[77,252,3,6],"yoast_head":"<!-- This site is optimized with the Yoast SEO plugin v19.6 - https:\/\/yoast.com\/wordpress\/plugins\/seo\/ -->\n<title>S\u00e5h\u00e4r k\u00e4nns det - Nys\u00e4ter lantbruk<\/title>\n<meta name=\"robots\" content=\"index, follow, max-snippet:-1, max-image-preview:large, max-video-preview:-1\" \/>\n<link rel=\"canonical\" href=\"https:\/\/blogg.atl.nu\/nysater\/2019\/04\/09\/sahar-kanns-det\/\" \/>\n<meta property=\"og:locale\" content=\"sv_SE\" \/>\n<meta property=\"og:type\" content=\"article\" \/>\n<meta property=\"og:title\" content=\"S\u00e5h\u00e4r k\u00e4nns det - Nys\u00e4ter lantbruk\" \/>\n<meta property=\"og:description\" content=\"Jag k\u00e4nner mig som den utslagna kalven med huvudet ned\u00e5t. Tr\u00f6tt \u00e4r bara f\u00f6rnamnet. Jag \u00e4r f\u00f6rkyld p\u00e5 n\u00e5got konstigt s\u00e4tt men det bryter liksom inte ut\u00a0riktigt.\u00a0 Jag kurerar mig med Gammeldansk just nu f\u00f6r det har en klok man l\u00e4rt mig att man ska g\u00f6ra. Dessutom smakar det n\u00e4stan exakt som naturmedicinen mamma tillverkade...\" \/>\n<meta property=\"og:url\" content=\"https:\/\/blogg.atl.nu\/nysater\/2019\/04\/09\/sahar-kanns-det\/\" \/>\n<meta property=\"og:site_name\" content=\"Nys\u00e4ter lantbruk\" \/>\n<meta property=\"article:published_time\" content=\"2019-04-09T20:13:20+00:00\" \/>\n<meta property=\"article:modified_time\" content=\"2019-04-15T12:25:28+00:00\" \/>\n<meta property=\"og:image\" content=\"https:\/\/blogg.atl.nu\/nysater\/wp-content\/uploads\/sites\/26\/2019\/04\/tr\u00f6ttast.jpg\" \/>\n\t<meta property=\"og:image:width\" content=\"960\" \/>\n\t<meta property=\"og:image:height\" content=\"920\" \/>\n\t<meta property=\"og:image:type\" content=\"image\/jpeg\" \/>\n<meta name=\"author\" content=\"Elin Bergstr\u00f6m\" \/>\n<meta name=\"twitter:card\" content=\"summary\" \/>\n<meta name=\"twitter:label1\" content=\"Skriven av\" \/>\n\t<meta name=\"twitter:data1\" content=\"Elin Bergstr\u00f6m\" \/>\n\t<meta name=\"twitter:label2\" content=\"Ber\u00e4knad l\u00e4stid\" \/>\n\t<meta name=\"twitter:data2\" content=\"2 minuter\" \/>\n<script type=\"application\/ld+json\" class=\"yoast-schema-graph\">{\"@context\":\"https:\/\/schema.org\",\"@graph\":[{\"@type\":\"WebPage\",\"@id\":\"https:\/\/blogg.atl.nu\/nysater\/2019\/04\/09\/sahar-kanns-det\/\",\"url\":\"https:\/\/blogg.atl.nu\/nysater\/2019\/04\/09\/sahar-kanns-det\/\",\"name\":\"S\u00e5h\u00e4r k\u00e4nns det - Nys\u00e4ter lantbruk\",\"isPartOf\":{\"@id\":\"https:\/\/blogg.atl.nu\/nysater\/#website\"},\"datePublished\":\"2019-04-09T20:13:20+00:00\",\"dateModified\":\"2019-04-15T12:25:28+00:00\",\"author\":{\"@id\":\"https:\/\/blogg.atl.nu\/nysater\/#\/schema\/person\/44ec87efb92df15b0f3b0c68a84c7c0f\"},\"breadcrumb\":{\"@id\":\"https:\/\/blogg.atl.nu\/nysater\/2019\/04\/09\/sahar-kanns-det\/#breadcrumb\"},\"inLanguage\":\"sv-SE\",\"potentialAction\":[{\"@type\":\"ReadAction\",\"target\":[\"https:\/\/blogg.atl.nu\/nysater\/2019\/04\/09\/sahar-kanns-det\/\"]}]},{\"@type\":\"BreadcrumbList\",\"@id\":\"https:\/\/blogg.atl.nu\/nysater\/2019\/04\/09\/sahar-kanns-det\/#breadcrumb\",\"itemListElement\":[{\"@type\":\"ListItem\",\"position\":1,\"name\":\"Hem\",\"item\":\"https:\/\/blogg.atl.nu\/nysater\/\"},{\"@type\":\"ListItem\",\"position\":2,\"name\":\"S\u00e5h\u00e4r k\u00e4nns det\"}]},{\"@type\":\"WebSite\",\"@id\":\"https:\/\/blogg.atl.nu\/nysater\/#website\",\"url\":\"https:\/\/blogg.atl.nu\/nysater\/\",\"name\":\"Nys\u00e4ter lantbruk\",\"description\":\"Elin Bergstr\u00f6m\",\"potentialAction\":[{\"@type\":\"SearchAction\",\"target\":{\"@type\":\"EntryPoint\",\"urlTemplate\":\"https:\/\/blogg.atl.nu\/nysater\/?s={search_term_string}\"},\"query-input\":\"required name=search_term_string\"}],\"inLanguage\":\"sv-SE\"},{\"@type\":\"Person\",\"@id\":\"https:\/\/blogg.atl.nu\/nysater\/#\/schema\/person\/44ec87efb92df15b0f3b0c68a84c7c0f\",\"name\":\"Elin Bergstr\u00f6m\",\"image\":{\"@type\":\"ImageObject\",\"inLanguage\":\"sv-SE\",\"@id\":\"https:\/\/blogg.atl.nu\/nysater\/#\/schema\/person\/image\/\",\"url\":\"https:\/\/secure.gravatar.com\/avatar\/c68fea4c0b5b10e41c5a9ecd1fb1b3c0?s=96&d=mm&r=g\",\"contentUrl\":\"https:\/\/secure.gravatar.com\/avatar\/c68fea4c0b5b10e41c5a9ecd1fb1b3c0?s=96&d=mm&r=g\",\"caption\":\"Elin Bergstr\u00f6m\"},\"url\":\"https:\/\/blogg.atl.nu\/nysater\/author\/elin\/\"}]}<\/script>\n<!-- \/ Yoast SEO plugin. -->","yoast_head_json":{"title":"S\u00e5h\u00e4r k\u00e4nns det - Nys\u00e4ter lantbruk","robots":{"index":"index","follow":"follow","max-snippet":"max-snippet:-1","max-image-preview":"max-image-preview:large","max-video-preview":"max-video-preview:-1"},"canonical":"https:\/\/blogg.atl.nu\/nysater\/2019\/04\/09\/sahar-kanns-det\/","og_locale":"sv_SE","og_type":"article","og_title":"S\u00e5h\u00e4r k\u00e4nns det - Nys\u00e4ter lantbruk","og_description":"Jag k\u00e4nner mig som den utslagna kalven med huvudet ned\u00e5t. Tr\u00f6tt \u00e4r bara f\u00f6rnamnet. Jag \u00e4r f\u00f6rkyld p\u00e5 n\u00e5got konstigt s\u00e4tt men det bryter liksom inte ut\u00a0riktigt.\u00a0 Jag kurerar mig med Gammeldansk just nu f\u00f6r det har en klok man l\u00e4rt mig att man ska g\u00f6ra. Dessutom smakar det n\u00e4stan exakt som naturmedicinen mamma tillverkade...","og_url":"https:\/\/blogg.atl.nu\/nysater\/2019\/04\/09\/sahar-kanns-det\/","og_site_name":"Nys\u00e4ter lantbruk","article_published_time":"2019-04-09T20:13:20+00:00","article_modified_time":"2019-04-15T12:25:28+00:00","og_image":[{"width":960,"height":920,"url":"https:\/\/blogg.atl.nu\/nysater\/wp-content\/uploads\/sites\/26\/2019\/04\/tr\u00f6ttast.jpg","type":"image\/jpeg"}],"author":"Elin Bergstr\u00f6m","twitter_card":"summary","twitter_misc":{"Skriven av":"Elin Bergstr\u00f6m","Ber\u00e4knad l\u00e4stid":"2 minuter"},"schema":{"@context":"https:\/\/schema.org","@graph":[{"@type":"WebPage","@id":"https:\/\/blogg.atl.nu\/nysater\/2019\/04\/09\/sahar-kanns-det\/","url":"https:\/\/blogg.atl.nu\/nysater\/2019\/04\/09\/sahar-kanns-det\/","name":"S\u00e5h\u00e4r k\u00e4nns det - Nys\u00e4ter lantbruk","isPartOf":{"@id":"https:\/\/blogg.atl.nu\/nysater\/#website"},"datePublished":"2019-04-09T20:13:20+00:00","dateModified":"2019-04-15T12:25:28+00:00","author":{"@id":"https:\/\/blogg.atl.nu\/nysater\/#\/schema\/person\/44ec87efb92df15b0f3b0c68a84c7c0f"},"breadcrumb":{"@id":"https:\/\/blogg.atl.nu\/nysater\/2019\/04\/09\/sahar-kanns-det\/#breadcrumb"},"inLanguage":"sv-SE","potentialAction":[{"@type":"ReadAction","target":["https:\/\/blogg.atl.nu\/nysater\/2019\/04\/09\/sahar-kanns-det\/"]}]},{"@type":"BreadcrumbList","@id":"https:\/\/blogg.atl.nu\/nysater\/2019\/04\/09\/sahar-kanns-det\/#breadcrumb","itemListElement":[{"@type":"ListItem","position":1,"name":"Hem","item":"https:\/\/blogg.atl.nu\/nysater\/"},{"@type":"ListItem","position":2,"name":"S\u00e5h\u00e4r k\u00e4nns det"}]},{"@type":"WebSite","@id":"https:\/\/blogg.atl.nu\/nysater\/#website","url":"https:\/\/blogg.atl.nu\/nysater\/","name":"Nys\u00e4ter lantbruk","description":"Elin Bergstr\u00f6m","potentialAction":[{"@type":"SearchAction","target":{"@type":"EntryPoint","urlTemplate":"https:\/\/blogg.atl.nu\/nysater\/?s={search_term_string}"},"query-input":"required name=search_term_string"}],"inLanguage":"sv-SE"},{"@type":"Person","@id":"https:\/\/blogg.atl.nu\/nysater\/#\/schema\/person\/44ec87efb92df15b0f3b0c68a84c7c0f","name":"Elin Bergstr\u00f6m","image":{"@type":"ImageObject","inLanguage":"sv-SE","@id":"https:\/\/blogg.atl.nu\/nysater\/#\/schema\/person\/image\/","url":"https:\/\/secure.gravatar.com\/avatar\/c68fea4c0b5b10e41c5a9ecd1fb1b3c0?s=96&d=mm&r=g","contentUrl":"https:\/\/secure.gravatar.com\/avatar\/c68fea4c0b5b10e41c5a9ecd1fb1b3c0?s=96&d=mm&r=g","caption":"Elin Bergstr\u00f6m"},"url":"https:\/\/blogg.atl.nu\/nysater\/author\/elin\/"}]}},"_links":{"self":[{"href":"https:\/\/blogg.atl.nu\/nysater\/wp-json\/wp\/v2\/posts\/222964"}],"collection":[{"href":"https:\/\/blogg.atl.nu\/nysater\/wp-json\/wp\/v2\/posts"}],"about":[{"href":"https:\/\/blogg.atl.nu\/nysater\/wp-json\/wp\/v2\/types\/post"}],"author":[{"embeddable":true,"href":"https:\/\/blogg.atl.nu\/nysater\/wp-json\/wp\/v2\/users\/338"}],"replies":[{"embeddable":true,"href":"https:\/\/blogg.atl.nu\/nysater\/wp-json\/wp\/v2\/comments?post=222964"}],"version-history":[{"count":3,"href":"https:\/\/blogg.atl.nu\/nysater\/wp-json\/wp\/v2\/posts\/222964\/revisions"}],"predecessor-version":[{"id":222988,"href":"https:\/\/blogg.atl.nu\/nysater\/wp-json\/wp\/v2\/posts\/222964\/revisions\/222988"}],"wp:featuredmedia":[{"embeddable":true,"href":"https:\/\/blogg.atl.nu\/nysater\/wp-json\/wp\/v2\/media\/222966"}],"wp:attachment":[{"href":"https:\/\/blogg.atl.nu\/nysater\/wp-json\/wp\/v2\/media?parent=222964"}],"wp:term":[{"taxonomy":"category","embeddable":true,"href":"https:\/\/blogg.atl.nu\/nysater\/wp-json\/wp\/v2\/categories?post=222964"},{"taxonomy":"post_tag","embeddable":true,"href":"https:\/\/blogg.atl.nu\/nysater\/wp-json\/wp\/v2\/tags?post=222964"}],"curies":[{"name":"wp","href":"https:\/\/api.w.org\/{rel}","templated":true}]}}