{"id":223020,"date":"2019-04-24T06:33:48","date_gmt":"2019-04-24T04:33:48","guid":{"rendered":"https:\/\/blogg.atl.nu\/nysater\/?p=223020"},"modified":"2019-04-25T23:45:50","modified_gmt":"2019-04-25T21:45:50","slug":"olidligt-spannande","status":"publish","type":"post","link":"https:\/\/blogg.atl.nu\/nysater\/2019\/04\/24\/olidligt-spannande\/","title":{"rendered":"Olidligt sp\u00e4nnande!"},"content":{"rendered":"<p><strong>I slutet av mars k\u00e4ndes det s\u00e5 l\u00e5ngt till 26\/4 men nu \u00e4r det bara ett par dagar kvar. En m\u00e5nad har g\u00e5tt, det gick fort p\u00e5 slutet fast det var segt i b\u00f6rjan.<br \/>\nNu \u00e4r det \u00e4r onsdag. P\u00e5 fredag g\u00e4ller det! Gaaah, t\u00e4nk om inget h\u00e4nder!?<\/strong><\/p>\n<p>Undrar varf\u00f6r jag inte har ber\u00e4ttat f\u00f6r s\u00e5 m\u00e5nga? F\u00f6r att det k\u00e4nns som att det inte ska bli av om jag pratar om det? Ja, jag tror jag har varit lite vidskeplig. Men s\u00e5 funkar det ju inte. Eller?! Haha, skojar. Eller g\u00f6r jag?<\/p>\n<p>S\u00e5h\u00e4r \u00e4r det. Jag v\u00e4ntar p\u00e5 ett besked som ska komma senast den 26:e. Kanske borde det redan ha kommit men jag t\u00e4nker i alla fall hoppas \u00e4nda fram till sista dagen.<\/p>\n<h2><strong>Jag har ans\u00f6kt om att f\u00e5 \u00e5ka till Zambia med We Effect!<\/strong><\/h2>\n<p><strong>Hur coolt?! Svar,\u00a0<\/strong><b>supercoolt!<\/b><\/p>\n<p><strong>We Effekt hette tidigare Kooperation utan gr\u00e4nser<\/strong> och \u00e4r en bist\u00e5ndsorganisation som man kan l\u00e4sa mer om <a href=\"https:\/\/weeffect.se\">H\u00c4R<\/a>. De har m\u00e4ngder av projekt ute i v\u00e4rlden och arbetar med att skapa l\u00e5ngsiktiga f\u00f6r\u00e4ndringar f\u00f6r m\u00e4nniskor som beh\u00f6ver det allra mest. M\u00e4nniskor som lever i sv\u00e5r fattigdom och saknar mycket av det vi i Sverige bara tar f\u00f6r givet.<\/p>\n<p><img loading=\"lazy\" class=\"alignnone wp-image-223022 size-large\" src=\"https:\/\/blogg.atl.nu\/nysater\/wp-content\/uploads\/sites\/26\/2019\/04\/zambia2-1024x684.jpg\" alt=\"\" width=\"1024\" height=\"684\" srcset=\"https:\/\/blogg.atl.nu\/nysater\/wp-content\/uploads\/sites\/26\/2019\/04\/zambia2-1024x684.jpg 1024w, https:\/\/blogg.atl.nu\/nysater\/wp-content\/uploads\/sites\/26\/2019\/04\/zambia2-300x200.jpg 300w, https:\/\/blogg.atl.nu\/nysater\/wp-content\/uploads\/sites\/26\/2019\/04\/zambia2-768x513.jpg 768w, https:\/\/blogg.atl.nu\/nysater\/wp-content\/uploads\/sites\/26\/2019\/04\/zambia2.jpg 1280w\" sizes=\"(max-width: 1024px) 100vw, 1024px\" \/><\/p>\n<p><strong>Tanken p\u00e5 bist\u00e5ndsarbete har lockat mig sedan jag var liten.<\/strong> Men det har varit en vilande tanke p\u00e5 m\u00e5nga s\u00e4tt. En s\u00e5dan d\u00e4r &#8221;kanske n\u00e5gon g\u00e5ng..&#8221; eller &#8221;en dag n\u00e4r livet ser annorlunda ut..&#8221; &#8211; sorts tanke.<\/p>\n<p>Jag skulle vilja se mer av v\u00e4rlden och f\u00e5 nya perspektiv. L\u00e4ra mig helt andra saker, om helt andra kulturer, och f\u00e5 m\u00f6jlighet att sprida kunskap. Kanske, kanske kan jag f\u00e5 g\u00f6ra lite av det redan nu? Kan jag bli en av de som f\u00e5r se hur en bist\u00e5ndsorganisation jobbar p\u00e5 plats i Afrika?<\/p>\n<p><strong>Jag har ans\u00f6kt och nu v\u00e4ntar jag p\u00e5 svar.<\/strong> Som ska komma senast 26\/4 (pirr, pirr, f\u00f6rs\u00f6ker undvika att bita ner naglarna till skelettet). Det \u00e4r en kort och v\u00e4ldigt l\u00e4mplig tripp f\u00f6r en person som mig s\u00e5 jag s\u00f6kte direkt n\u00e4r jag \u00a0fick tipset. Jag kan inte vara borta s\u00e5 l\u00e4nge och jag \u00e4r inte heller s\u00e5 resvan. Men en veckas studieresa till Zambia! S\u00e5 perfekt!<\/p>\n<p>Det skulle vara fantastiskt roligt att f\u00e5 komma med. Och t\u00e4nk vilken annorlunda blogg det skulle bli ett tag. \u00a0Bondebloggen fr\u00e5n Afrika&#8230;!<\/p>\n<p><img loading=\"lazy\" class=\"alignnone wp-image-223021 size-large\" src=\"https:\/\/blogg.atl.nu\/nysater\/wp-content\/uploads\/sites\/26\/2019\/04\/zambia-1024x682.jpg\" alt=\"\" width=\"1024\" height=\"682\" srcset=\"https:\/\/blogg.atl.nu\/nysater\/wp-content\/uploads\/sites\/26\/2019\/04\/zambia-1024x682.jpg 1024w, https:\/\/blogg.atl.nu\/nysater\/wp-content\/uploads\/sites\/26\/2019\/04\/zambia-300x200.jpg 300w, https:\/\/blogg.atl.nu\/nysater\/wp-content\/uploads\/sites\/26\/2019\/04\/zambia-768x512.jpg 768w, https:\/\/blogg.atl.nu\/nysater\/wp-content\/uploads\/sites\/26\/2019\/04\/zambia.jpg 1280w\" sizes=\"(max-width: 1024px) 100vw, 1024px\" \/><\/p>\n<p><strong>H\u00e5ll g\u00e4rna tummarna f\u00f6r mig nu de h\u00e4r sista dagarna. P\u00e5 fredag vet vi!<\/strong><\/p>\n<p>&nbsp;<\/p>\n<p>&nbsp;<\/p>\n","protected":false},"excerpt":{"rendered":"<p>I slutet av mars k\u00e4ndes det s\u00e5 l\u00e5ngt till 26\/4 men nu \u00e4r det bara ett par dagar kvar. En m\u00e5nad har g\u00e5tt, det gick fort p\u00e5 slutet fast det var segt i b\u00f6rjan. Nu \u00e4r det \u00e4r onsdag. P\u00e5 fredag g\u00e4ller det! Gaaah, t\u00e4nk om inget h\u00e4nder!? Undrar varf\u00f6r jag inte har ber\u00e4ttat f\u00f6r&#8230;<\/p>\n","protected":false},"author":338,"featured_media":223023,"comment_status":"open","ping_status":"open","sticky":false,"template":"","format":"standard","meta":[],"categories":[1],"tags":[260,3,258,259],"yoast_head":"<!-- This site is optimized with the Yoast SEO plugin v19.6 - https:\/\/yoast.com\/wordpress\/plugins\/seo\/ -->\n<title>Olidligt sp\u00e4nnande! - Nys\u00e4ter lantbruk<\/title>\n<meta name=\"robots\" content=\"index, follow, max-snippet:-1, max-image-preview:large, max-video-preview:-1\" \/>\n<link rel=\"canonical\" href=\"https:\/\/blogg.atl.nu\/nysater\/2019\/04\/24\/olidligt-spannande\/\" \/>\n<meta property=\"og:locale\" content=\"sv_SE\" \/>\n<meta property=\"og:type\" content=\"article\" \/>\n<meta property=\"og:title\" content=\"Olidligt sp\u00e4nnande! - Nys\u00e4ter lantbruk\" \/>\n<meta property=\"og:description\" content=\"I slutet av mars k\u00e4ndes det s\u00e5 l\u00e5ngt till 26\/4 men nu \u00e4r det bara ett par dagar kvar. En m\u00e5nad har g\u00e5tt, det gick fort p\u00e5 slutet fast det var segt i b\u00f6rjan. Nu \u00e4r det \u00e4r onsdag. P\u00e5 fredag g\u00e4ller det! Gaaah, t\u00e4nk om inget h\u00e4nder!? Undrar varf\u00f6r jag inte har ber\u00e4ttat f\u00f6r...\" \/>\n<meta property=\"og:url\" content=\"https:\/\/blogg.atl.nu\/nysater\/2019\/04\/24\/olidligt-spannande\/\" \/>\n<meta property=\"og:site_name\" content=\"Nys\u00e4ter lantbruk\" \/>\n<meta property=\"article:published_time\" content=\"2019-04-24T04:33:48+00:00\" \/>\n<meta property=\"article:modified_time\" content=\"2019-04-25T21:45:50+00:00\" \/>\n<meta property=\"og:image\" content=\"https:\/\/blogg.atl.nu\/nysater\/wp-content\/uploads\/sites\/26\/2019\/04\/Zambia3.jpg\" \/>\n\t<meta property=\"og:image:width\" content=\"660\" \/>\n\t<meta property=\"og:image:height\" content=\"960\" \/>\n\t<meta property=\"og:image:type\" content=\"image\/jpeg\" \/>\n<meta name=\"author\" content=\"Elin Bergstr\u00f6m\" \/>\n<meta name=\"twitter:card\" content=\"summary\" \/>\n<meta name=\"twitter:label1\" content=\"Skriven av\" \/>\n\t<meta name=\"twitter:data1\" content=\"Elin Bergstr\u00f6m\" \/>\n\t<meta name=\"twitter:label2\" content=\"Ber\u00e4knad l\u00e4stid\" \/>\n\t<meta name=\"twitter:data2\" content=\"2 minuter\" \/>\n<script type=\"application\/ld+json\" class=\"yoast-schema-graph\">{\"@context\":\"https:\/\/schema.org\",\"@graph\":[{\"@type\":\"WebPage\",\"@id\":\"https:\/\/blogg.atl.nu\/nysater\/2019\/04\/24\/olidligt-spannande\/\",\"url\":\"https:\/\/blogg.atl.nu\/nysater\/2019\/04\/24\/olidligt-spannande\/\",\"name\":\"Olidligt sp\u00e4nnande! - Nys\u00e4ter lantbruk\",\"isPartOf\":{\"@id\":\"https:\/\/blogg.atl.nu\/nysater\/#website\"},\"datePublished\":\"2019-04-24T04:33:48+00:00\",\"dateModified\":\"2019-04-25T21:45:50+00:00\",\"author\":{\"@id\":\"https:\/\/blogg.atl.nu\/nysater\/#\/schema\/person\/44ec87efb92df15b0f3b0c68a84c7c0f\"},\"breadcrumb\":{\"@id\":\"https:\/\/blogg.atl.nu\/nysater\/2019\/04\/24\/olidligt-spannande\/#breadcrumb\"},\"inLanguage\":\"sv-SE\",\"potentialAction\":[{\"@type\":\"ReadAction\",\"target\":[\"https:\/\/blogg.atl.nu\/nysater\/2019\/04\/24\/olidligt-spannande\/\"]}]},{\"@type\":\"BreadcrumbList\",\"@id\":\"https:\/\/blogg.atl.nu\/nysater\/2019\/04\/24\/olidligt-spannande\/#breadcrumb\",\"itemListElement\":[{\"@type\":\"ListItem\",\"position\":1,\"name\":\"Hem\",\"item\":\"https:\/\/blogg.atl.nu\/nysater\/\"},{\"@type\":\"ListItem\",\"position\":2,\"name\":\"Olidligt sp\u00e4nnande!\"}]},{\"@type\":\"WebSite\",\"@id\":\"https:\/\/blogg.atl.nu\/nysater\/#website\",\"url\":\"https:\/\/blogg.atl.nu\/nysater\/\",\"name\":\"Nys\u00e4ter lantbruk\",\"description\":\"Elin Bergstr\u00f6m\",\"potentialAction\":[{\"@type\":\"SearchAction\",\"target\":{\"@type\":\"EntryPoint\",\"urlTemplate\":\"https:\/\/blogg.atl.nu\/nysater\/?s={search_term_string}\"},\"query-input\":\"required name=search_term_string\"}],\"inLanguage\":\"sv-SE\"},{\"@type\":\"Person\",\"@id\":\"https:\/\/blogg.atl.nu\/nysater\/#\/schema\/person\/44ec87efb92df15b0f3b0c68a84c7c0f\",\"name\":\"Elin Bergstr\u00f6m\",\"image\":{\"@type\":\"ImageObject\",\"inLanguage\":\"sv-SE\",\"@id\":\"https:\/\/blogg.atl.nu\/nysater\/#\/schema\/person\/image\/\",\"url\":\"https:\/\/secure.gravatar.com\/avatar\/c68fea4c0b5b10e41c5a9ecd1fb1b3c0?s=96&d=mm&r=g\",\"contentUrl\":\"https:\/\/secure.gravatar.com\/avatar\/c68fea4c0b5b10e41c5a9ecd1fb1b3c0?s=96&d=mm&r=g\",\"caption\":\"Elin Bergstr\u00f6m\"},\"url\":\"https:\/\/blogg.atl.nu\/nysater\/author\/elin\/\"}]}<\/script>\n<!-- \/ Yoast SEO plugin. -->","yoast_head_json":{"title":"Olidligt sp\u00e4nnande! - Nys\u00e4ter lantbruk","robots":{"index":"index","follow":"follow","max-snippet":"max-snippet:-1","max-image-preview":"max-image-preview:large","max-video-preview":"max-video-preview:-1"},"canonical":"https:\/\/blogg.atl.nu\/nysater\/2019\/04\/24\/olidligt-spannande\/","og_locale":"sv_SE","og_type":"article","og_title":"Olidligt sp\u00e4nnande! - Nys\u00e4ter lantbruk","og_description":"I slutet av mars k\u00e4ndes det s\u00e5 l\u00e5ngt till 26\/4 men nu \u00e4r det bara ett par dagar kvar. En m\u00e5nad har g\u00e5tt, det gick fort p\u00e5 slutet fast det var segt i b\u00f6rjan. Nu \u00e4r det \u00e4r onsdag. P\u00e5 fredag g\u00e4ller det! Gaaah, t\u00e4nk om inget h\u00e4nder!? Undrar varf\u00f6r jag inte har ber\u00e4ttat f\u00f6r...","og_url":"https:\/\/blogg.atl.nu\/nysater\/2019\/04\/24\/olidligt-spannande\/","og_site_name":"Nys\u00e4ter lantbruk","article_published_time":"2019-04-24T04:33:48+00:00","article_modified_time":"2019-04-25T21:45:50+00:00","og_image":[{"width":660,"height":960,"url":"https:\/\/blogg.atl.nu\/nysater\/wp-content\/uploads\/sites\/26\/2019\/04\/Zambia3.jpg","type":"image\/jpeg"}],"author":"Elin Bergstr\u00f6m","twitter_card":"summary","twitter_misc":{"Skriven av":"Elin Bergstr\u00f6m","Ber\u00e4knad l\u00e4stid":"2 minuter"},"schema":{"@context":"https:\/\/schema.org","@graph":[{"@type":"WebPage","@id":"https:\/\/blogg.atl.nu\/nysater\/2019\/04\/24\/olidligt-spannande\/","url":"https:\/\/blogg.atl.nu\/nysater\/2019\/04\/24\/olidligt-spannande\/","name":"Olidligt sp\u00e4nnande! - Nys\u00e4ter lantbruk","isPartOf":{"@id":"https:\/\/blogg.atl.nu\/nysater\/#website"},"datePublished":"2019-04-24T04:33:48+00:00","dateModified":"2019-04-25T21:45:50+00:00","author":{"@id":"https:\/\/blogg.atl.nu\/nysater\/#\/schema\/person\/44ec87efb92df15b0f3b0c68a84c7c0f"},"breadcrumb":{"@id":"https:\/\/blogg.atl.nu\/nysater\/2019\/04\/24\/olidligt-spannande\/#breadcrumb"},"inLanguage":"sv-SE","potentialAction":[{"@type":"ReadAction","target":["https:\/\/blogg.atl.nu\/nysater\/2019\/04\/24\/olidligt-spannande\/"]}]},{"@type":"BreadcrumbList","@id":"https:\/\/blogg.atl.nu\/nysater\/2019\/04\/24\/olidligt-spannande\/#breadcrumb","itemListElement":[{"@type":"ListItem","position":1,"name":"Hem","item":"https:\/\/blogg.atl.nu\/nysater\/"},{"@type":"ListItem","position":2,"name":"Olidligt sp\u00e4nnande!"}]},{"@type":"WebSite","@id":"https:\/\/blogg.atl.nu\/nysater\/#website","url":"https:\/\/blogg.atl.nu\/nysater\/","name":"Nys\u00e4ter lantbruk","description":"Elin Bergstr\u00f6m","potentialAction":[{"@type":"SearchAction","target":{"@type":"EntryPoint","urlTemplate":"https:\/\/blogg.atl.nu\/nysater\/?s={search_term_string}"},"query-input":"required name=search_term_string"}],"inLanguage":"sv-SE"},{"@type":"Person","@id":"https:\/\/blogg.atl.nu\/nysater\/#\/schema\/person\/44ec87efb92df15b0f3b0c68a84c7c0f","name":"Elin Bergstr\u00f6m","image":{"@type":"ImageObject","inLanguage":"sv-SE","@id":"https:\/\/blogg.atl.nu\/nysater\/#\/schema\/person\/image\/","url":"https:\/\/secure.gravatar.com\/avatar\/c68fea4c0b5b10e41c5a9ecd1fb1b3c0?s=96&d=mm&r=g","contentUrl":"https:\/\/secure.gravatar.com\/avatar\/c68fea4c0b5b10e41c5a9ecd1fb1b3c0?s=96&d=mm&r=g","caption":"Elin Bergstr\u00f6m"},"url":"https:\/\/blogg.atl.nu\/nysater\/author\/elin\/"}]}},"_links":{"self":[{"href":"https:\/\/blogg.atl.nu\/nysater\/wp-json\/wp\/v2\/posts\/223020"}],"collection":[{"href":"https:\/\/blogg.atl.nu\/nysater\/wp-json\/wp\/v2\/posts"}],"about":[{"href":"https:\/\/blogg.atl.nu\/nysater\/wp-json\/wp\/v2\/types\/post"}],"author":[{"embeddable":true,"href":"https:\/\/blogg.atl.nu\/nysater\/wp-json\/wp\/v2\/users\/338"}],"replies":[{"embeddable":true,"href":"https:\/\/blogg.atl.nu\/nysater\/wp-json\/wp\/v2\/comments?post=223020"}],"version-history":[{"count":4,"href":"https:\/\/blogg.atl.nu\/nysater\/wp-json\/wp\/v2\/posts\/223020\/revisions"}],"predecessor-version":[{"id":223027,"href":"https:\/\/blogg.atl.nu\/nysater\/wp-json\/wp\/v2\/posts\/223020\/revisions\/223027"}],"wp:featuredmedia":[{"embeddable":true,"href":"https:\/\/blogg.atl.nu\/nysater\/wp-json\/wp\/v2\/media\/223023"}],"wp:attachment":[{"href":"https:\/\/blogg.atl.nu\/nysater\/wp-json\/wp\/v2\/media?parent=223020"}],"wp:term":[{"taxonomy":"category","embeddable":true,"href":"https:\/\/blogg.atl.nu\/nysater\/wp-json\/wp\/v2\/categories?post=223020"},{"taxonomy":"post_tag","embeddable":true,"href":"https:\/\/blogg.atl.nu\/nysater\/wp-json\/wp\/v2\/tags?post=223020"}],"curies":[{"name":"wp","href":"https:\/\/api.w.org\/{rel}","templated":true}]}}