{"id":225172,"date":"2020-04-21T06:34:03","date_gmt":"2020-04-21T04:34:03","guid":{"rendered":"https:\/\/blogg.atl.nu\/nysater\/?p=225172"},"modified":"2020-04-21T14:08:34","modified_gmt":"2020-04-21T12:08:34","slug":"ett-eget-krypin","status":"publish","type":"post","link":"https:\/\/blogg.atl.nu\/nysater\/2020\/04\/21\/ett-eget-krypin\/","title":{"rendered":"Ett eget krypin"},"content":{"rendered":"<p><strong>En sak som vi har l\u00e4rt oss h\u00e4r i dikobranschen \u00e4r att man ganska tidigt kan ha nytta av en kalvg\u00f6mma. Eller i alla fall ett eget litet h\u00f6rn till sm\u00e5kalvarna. Korna vill ju ha det som ute i naturen d\u00e4r de g\u00f6mmer undan sina kalvar medan de sj\u00e4lva g\u00e5r och \u00e4ter. Samma sak blir det p\u00e5 v\u00e5r str\u00f6b\u00e4dd. Kalvg\u00f6mman skapar lugn i flocken och har \u00e4ven en s\u00e4kerhetsfunktion.\u00a0<\/strong><\/p>\n<p><strong>Ganska tidigt<\/strong> s\u00f6ker sig kalvarna till varandra och det tror jag att korna \u00e4r glada f\u00f6r. Nyfikna sm\u00e5ttingar som ska vidga sina vyer kan ju vara ganska p\u00e5frestande f\u00f6r en mor. De busar allt de orkar, sedan l\u00e4gger de sig och vilar medan mammorna g\u00f6r sin grej, dvs \u00e4ter sig \u00e4nnu fetare \u00e4n de redan \u00e4r.<\/p>\n<p><img loading=\"lazy\" class=\"alignnone size-large wp-image-225178\" src=\"https:\/\/blogg.atl.nu\/nysater\/wp-content\/uploads\/sites\/26\/2020\/04\/g\u00f6mman4-1024x768.jpg\" alt=\"\" width=\"1024\" height=\"768\" srcset=\"https:\/\/blogg.atl.nu\/nysater\/wp-content\/uploads\/sites\/26\/2020\/04\/g\u00f6mman4-1024x768.jpg 1024w, https:\/\/blogg.atl.nu\/nysater\/wp-content\/uploads\/sites\/26\/2020\/04\/g\u00f6mman4-300x225.jpg 300w, https:\/\/blogg.atl.nu\/nysater\/wp-content\/uploads\/sites\/26\/2020\/04\/g\u00f6mman4-768x576.jpg 768w, https:\/\/blogg.atl.nu\/nysater\/wp-content\/uploads\/sites\/26\/2020\/04\/g\u00f6mman4.jpg 2048w\" sizes=\"(max-width: 1024px) 100vw, 1024px\" \/><\/p>\n<p>Vi har sett att det blir lugnt och trevligt med en kalvg\u00f6mma inne i l\u00f6sdriftshallen s\u00e5 vi ordnade en med hj\u00e4lp av vanliga grindar.<\/p>\n<p><img loading=\"lazy\" class=\"alignnone size-large wp-image-225177\" src=\"https:\/\/blogg.atl.nu\/nysater\/wp-content\/uploads\/sites\/26\/2020\/04\/g\u00f6mman3-1024x768.jpg\" alt=\"\" width=\"1024\" height=\"768\" srcset=\"https:\/\/blogg.atl.nu\/nysater\/wp-content\/uploads\/sites\/26\/2020\/04\/g\u00f6mman3-1024x768.jpg 1024w, https:\/\/blogg.atl.nu\/nysater\/wp-content\/uploads\/sites\/26\/2020\/04\/g\u00f6mman3-300x225.jpg 300w, https:\/\/blogg.atl.nu\/nysater\/wp-content\/uploads\/sites\/26\/2020\/04\/g\u00f6mman3-768x576.jpg 768w, https:\/\/blogg.atl.nu\/nysater\/wp-content\/uploads\/sites\/26\/2020\/04\/g\u00f6mman3.jpg 2048w\" sizes=\"(max-width: 1024px) 100vw, 1024px\" \/><\/p>\n<p>Hallen \u00e4r uppdelad i tv\u00e5 delar och i mitten gjorde vi en f\u00e5lla mot v\u00e4ggen. En grind med d\u00f6rr fick fungera som in- och utg\u00e5ng och den sp\u00e4rrades fast med st\u00e4llningskopplingar och tv\u00e5 r\u00f6r.<\/p>\n<p><img loading=\"lazy\" class=\"alignnone size-large wp-image-225175\" src=\"https:\/\/blogg.atl.nu\/nysater\/wp-content\/uploads\/sites\/26\/2020\/04\/g\u00f6mman-1024x768.jpg\" alt=\"\" width=\"1024\" height=\"768\" srcset=\"https:\/\/blogg.atl.nu\/nysater\/wp-content\/uploads\/sites\/26\/2020\/04\/g\u00f6mman-1024x768.jpg 1024w, https:\/\/blogg.atl.nu\/nysater\/wp-content\/uploads\/sites\/26\/2020\/04\/g\u00f6mman-300x225.jpg 300w, https:\/\/blogg.atl.nu\/nysater\/wp-content\/uploads\/sites\/26\/2020\/04\/g\u00f6mman-768x576.jpg 768w, https:\/\/blogg.atl.nu\/nysater\/wp-content\/uploads\/sites\/26\/2020\/04\/g\u00f6mman.jpg 2048w\" sizes=\"(max-width: 1024px) 100vw, 1024px\" \/><\/p>\n<p><strong>Kalvarna kommer in men inte korna.<\/strong> Det tog n\u00e5got dygn men sedan f\u00f6rstod de. Nu ligger det alltid n\u00e5gra sm\u00e5 d\u00e4r inne och myser. H\u00e4r kan man \u00e4ven servera kraftfoder eller n\u00e5got annat tillskott om det beh\u00f6vs, s\u00e5dant som man inte vill att korna ska \u00e4ta upp, men \u00e4n s\u00e5 l\u00e4nge fungerar den bara som en v\u00e4lbes\u00f6kt h\u00f6rna f\u00f6r vila.<\/p>\n<p>Kalvarna beh\u00f6ver lugn och ro och de sover en hel del \u00e4ven p\u00e5 dagarna. Undrar hur mycket egentligen? N\u00e5gon som vet?<\/p>\n<p><img loading=\"lazy\" class=\"alignnone size-large wp-image-225174\" src=\"https:\/\/blogg.atl.nu\/nysater\/wp-content\/uploads\/sites\/26\/2020\/04\/IMG_1687-1024x768.jpg\" alt=\"\" width=\"1024\" height=\"768\" srcset=\"https:\/\/blogg.atl.nu\/nysater\/wp-content\/uploads\/sites\/26\/2020\/04\/IMG_1687-1024x768.jpg 1024w, https:\/\/blogg.atl.nu\/nysater\/wp-content\/uploads\/sites\/26\/2020\/04\/IMG_1687-300x225.jpg 300w, https:\/\/blogg.atl.nu\/nysater\/wp-content\/uploads\/sites\/26\/2020\/04\/IMG_1687-768x576.jpg 768w, https:\/\/blogg.atl.nu\/nysater\/wp-content\/uploads\/sites\/26\/2020\/04\/IMG_1687.jpg 2048w\" sizes=\"(max-width: 1024px) 100vw, 1024px\" \/><\/p>\n<p><strong>Kalvg\u00f6mman \u00e4r \u00e4ven bra<\/strong>\u00a0n\u00e4r man ska m\u00e4rka kalvarna eller g\u00f6ra n\u00e5got annat som kr\u00e4ver att man f\u00e5r vara ifred f\u00f6r korna. Man kan passa p\u00e5 n\u00e4r sm\u00e5ttingarna \u00e4r d\u00e4r inne, d\u00e5 beh\u00f6ver man inte oroa sig f\u00f6r att n\u00e5gon morsa kommer och \u00e4r \u00f6verbeskyddande. De kan st\u00e5 utanf\u00f6r och vara lite misst\u00e4nksamma om de vill men de kan ju inte komma in.<\/p>\n<p><img loading=\"lazy\" class=\"alignnone size-large wp-image-225173\" src=\"https:\/\/blogg.atl.nu\/nysater\/wp-content\/uploads\/sites\/26\/2020\/04\/IMG_1685-1024x812.jpg\" alt=\"\" width=\"1024\" height=\"812\" srcset=\"https:\/\/blogg.atl.nu\/nysater\/wp-content\/uploads\/sites\/26\/2020\/04\/IMG_1685-1024x812.jpg 1024w, https:\/\/blogg.atl.nu\/nysater\/wp-content\/uploads\/sites\/26\/2020\/04\/IMG_1685-300x238.jpg 300w, https:\/\/blogg.atl.nu\/nysater\/wp-content\/uploads\/sites\/26\/2020\/04\/IMG_1685-768x609.jpg 768w, https:\/\/blogg.atl.nu\/nysater\/wp-content\/uploads\/sites\/26\/2020\/04\/IMG_1685.jpg 2048w\" sizes=\"(max-width: 1024px) 100vw, 1024px\" \/><\/p>\n","protected":false},"excerpt":{"rendered":"<p>En sak som vi har l\u00e4rt oss h\u00e4r i dikobranschen \u00e4r att man ganska tidigt kan ha nytta av en kalvg\u00f6mma. Eller i alla fall ett eget litet h\u00f6rn till sm\u00e5kalvarna. Korna vill ju ha det som ute i naturen d\u00e4r de g\u00f6mmer undan sina kalvar medan de sj\u00e4lva g\u00e5r och \u00e4ter. Samma sak blir&#8230;<\/p>\n","protected":false},"author":338,"featured_media":225176,"comment_status":"open","ping_status":"open","sticky":false,"template":"","format":"standard","meta":[],"categories":[1],"tags":[77,21,292,3,56,10,6],"yoast_head":"<!-- This site is optimized with the Yoast SEO plugin v19.6 - https:\/\/yoast.com\/wordpress\/plugins\/seo\/ -->\n<title>Ett eget krypin - Nys\u00e4ter lantbruk<\/title>\n<meta name=\"robots\" content=\"index, follow, max-snippet:-1, max-image-preview:large, max-video-preview:-1\" \/>\n<link rel=\"canonical\" href=\"https:\/\/blogg.atl.nu\/nysater\/2020\/04\/21\/ett-eget-krypin\/\" \/>\n<meta property=\"og:locale\" content=\"sv_SE\" \/>\n<meta property=\"og:type\" content=\"article\" \/>\n<meta property=\"og:title\" content=\"Ett eget krypin - Nys\u00e4ter lantbruk\" \/>\n<meta property=\"og:description\" content=\"En sak som vi har l\u00e4rt oss h\u00e4r i dikobranschen \u00e4r att man ganska tidigt kan ha nytta av en kalvg\u00f6mma. Eller i alla fall ett eget litet h\u00f6rn till sm\u00e5kalvarna. Korna vill ju ha det som ute i naturen d\u00e4r de g\u00f6mmer undan sina kalvar medan de sj\u00e4lva g\u00e5r och \u00e4ter. Samma sak blir...\" \/>\n<meta property=\"og:url\" content=\"https:\/\/blogg.atl.nu\/nysater\/2020\/04\/21\/ett-eget-krypin\/\" \/>\n<meta property=\"og:site_name\" content=\"Nys\u00e4ter lantbruk\" \/>\n<meta property=\"article:published_time\" content=\"2020-04-21T04:34:03+00:00\" \/>\n<meta property=\"article:modified_time\" content=\"2020-04-21T12:08:34+00:00\" \/>\n<meta property=\"og:image\" content=\"https:\/\/blogg.atl.nu\/nysater\/wp-content\/uploads\/sites\/26\/2020\/04\/g\u00f6mman2.jpg\" \/>\n\t<meta property=\"og:image:width\" content=\"2048\" \/>\n\t<meta property=\"og:image:height\" content=\"1536\" \/>\n\t<meta property=\"og:image:type\" content=\"image\/jpeg\" \/>\n<meta name=\"author\" content=\"Elin Bergstr\u00f6m\" \/>\n<meta name=\"twitter:card\" content=\"summary\" \/>\n<meta name=\"twitter:label1\" content=\"Skriven av\" \/>\n\t<meta name=\"twitter:data1\" content=\"Elin Bergstr\u00f6m\" \/>\n\t<meta name=\"twitter:label2\" content=\"Ber\u00e4knad l\u00e4stid\" \/>\n\t<meta name=\"twitter:data2\" content=\"2 minuter\" \/>\n<script type=\"application\/ld+json\" class=\"yoast-schema-graph\">{\"@context\":\"https:\/\/schema.org\",\"@graph\":[{\"@type\":\"WebPage\",\"@id\":\"https:\/\/blogg.atl.nu\/nysater\/2020\/04\/21\/ett-eget-krypin\/\",\"url\":\"https:\/\/blogg.atl.nu\/nysater\/2020\/04\/21\/ett-eget-krypin\/\",\"name\":\"Ett eget krypin - Nys\u00e4ter lantbruk\",\"isPartOf\":{\"@id\":\"https:\/\/blogg.atl.nu\/nysater\/#website\"},\"datePublished\":\"2020-04-21T04:34:03+00:00\",\"dateModified\":\"2020-04-21T12:08:34+00:00\",\"author\":{\"@id\":\"https:\/\/blogg.atl.nu\/nysater\/#\/schema\/person\/44ec87efb92df15b0f3b0c68a84c7c0f\"},\"breadcrumb\":{\"@id\":\"https:\/\/blogg.atl.nu\/nysater\/2020\/04\/21\/ett-eget-krypin\/#breadcrumb\"},\"inLanguage\":\"sv-SE\",\"potentialAction\":[{\"@type\":\"ReadAction\",\"target\":[\"https:\/\/blogg.atl.nu\/nysater\/2020\/04\/21\/ett-eget-krypin\/\"]}]},{\"@type\":\"BreadcrumbList\",\"@id\":\"https:\/\/blogg.atl.nu\/nysater\/2020\/04\/21\/ett-eget-krypin\/#breadcrumb\",\"itemListElement\":[{\"@type\":\"ListItem\",\"position\":1,\"name\":\"Hem\",\"item\":\"https:\/\/blogg.atl.nu\/nysater\/\"},{\"@type\":\"ListItem\",\"position\":2,\"name\":\"Ett eget krypin\"}]},{\"@type\":\"WebSite\",\"@id\":\"https:\/\/blogg.atl.nu\/nysater\/#website\",\"url\":\"https:\/\/blogg.atl.nu\/nysater\/\",\"name\":\"Nys\u00e4ter lantbruk\",\"description\":\"Elin Bergstr\u00f6m\",\"potentialAction\":[{\"@type\":\"SearchAction\",\"target\":{\"@type\":\"EntryPoint\",\"urlTemplate\":\"https:\/\/blogg.atl.nu\/nysater\/?s={search_term_string}\"},\"query-input\":\"required name=search_term_string\"}],\"inLanguage\":\"sv-SE\"},{\"@type\":\"Person\",\"@id\":\"https:\/\/blogg.atl.nu\/nysater\/#\/schema\/person\/44ec87efb92df15b0f3b0c68a84c7c0f\",\"name\":\"Elin Bergstr\u00f6m\",\"image\":{\"@type\":\"ImageObject\",\"inLanguage\":\"sv-SE\",\"@id\":\"https:\/\/blogg.atl.nu\/nysater\/#\/schema\/person\/image\/\",\"url\":\"https:\/\/secure.gravatar.com\/avatar\/c68fea4c0b5b10e41c5a9ecd1fb1b3c0?s=96&d=mm&r=g\",\"contentUrl\":\"https:\/\/secure.gravatar.com\/avatar\/c68fea4c0b5b10e41c5a9ecd1fb1b3c0?s=96&d=mm&r=g\",\"caption\":\"Elin Bergstr\u00f6m\"},\"url\":\"https:\/\/blogg.atl.nu\/nysater\/author\/elin\/\"}]}<\/script>\n<!-- \/ Yoast SEO plugin. -->","yoast_head_json":{"title":"Ett eget krypin - Nys\u00e4ter lantbruk","robots":{"index":"index","follow":"follow","max-snippet":"max-snippet:-1","max-image-preview":"max-image-preview:large","max-video-preview":"max-video-preview:-1"},"canonical":"https:\/\/blogg.atl.nu\/nysater\/2020\/04\/21\/ett-eget-krypin\/","og_locale":"sv_SE","og_type":"article","og_title":"Ett eget krypin - Nys\u00e4ter lantbruk","og_description":"En sak som vi har l\u00e4rt oss h\u00e4r i dikobranschen \u00e4r att man ganska tidigt kan ha nytta av en kalvg\u00f6mma. Eller i alla fall ett eget litet h\u00f6rn till sm\u00e5kalvarna. Korna vill ju ha det som ute i naturen d\u00e4r de g\u00f6mmer undan sina kalvar medan de sj\u00e4lva g\u00e5r och \u00e4ter. Samma sak blir...","og_url":"https:\/\/blogg.atl.nu\/nysater\/2020\/04\/21\/ett-eget-krypin\/","og_site_name":"Nys\u00e4ter lantbruk","article_published_time":"2020-04-21T04:34:03+00:00","article_modified_time":"2020-04-21T12:08:34+00:00","og_image":[{"width":2048,"height":1536,"url":"https:\/\/blogg.atl.nu\/nysater\/wp-content\/uploads\/sites\/26\/2020\/04\/g\u00f6mman2.jpg","type":"image\/jpeg"}],"author":"Elin Bergstr\u00f6m","twitter_card":"summary","twitter_misc":{"Skriven av":"Elin Bergstr\u00f6m","Ber\u00e4knad l\u00e4stid":"2 minuter"},"schema":{"@context":"https:\/\/schema.org","@graph":[{"@type":"WebPage","@id":"https:\/\/blogg.atl.nu\/nysater\/2020\/04\/21\/ett-eget-krypin\/","url":"https:\/\/blogg.atl.nu\/nysater\/2020\/04\/21\/ett-eget-krypin\/","name":"Ett eget krypin - Nys\u00e4ter lantbruk","isPartOf":{"@id":"https:\/\/blogg.atl.nu\/nysater\/#website"},"datePublished":"2020-04-21T04:34:03+00:00","dateModified":"2020-04-21T12:08:34+00:00","author":{"@id":"https:\/\/blogg.atl.nu\/nysater\/#\/schema\/person\/44ec87efb92df15b0f3b0c68a84c7c0f"},"breadcrumb":{"@id":"https:\/\/blogg.atl.nu\/nysater\/2020\/04\/21\/ett-eget-krypin\/#breadcrumb"},"inLanguage":"sv-SE","potentialAction":[{"@type":"ReadAction","target":["https:\/\/blogg.atl.nu\/nysater\/2020\/04\/21\/ett-eget-krypin\/"]}]},{"@type":"BreadcrumbList","@id":"https:\/\/blogg.atl.nu\/nysater\/2020\/04\/21\/ett-eget-krypin\/#breadcrumb","itemListElement":[{"@type":"ListItem","position":1,"name":"Hem","item":"https:\/\/blogg.atl.nu\/nysater\/"},{"@type":"ListItem","position":2,"name":"Ett eget krypin"}]},{"@type":"WebSite","@id":"https:\/\/blogg.atl.nu\/nysater\/#website","url":"https:\/\/blogg.atl.nu\/nysater\/","name":"Nys\u00e4ter lantbruk","description":"Elin Bergstr\u00f6m","potentialAction":[{"@type":"SearchAction","target":{"@type":"EntryPoint","urlTemplate":"https:\/\/blogg.atl.nu\/nysater\/?s={search_term_string}"},"query-input":"required name=search_term_string"}],"inLanguage":"sv-SE"},{"@type":"Person","@id":"https:\/\/blogg.atl.nu\/nysater\/#\/schema\/person\/44ec87efb92df15b0f3b0c68a84c7c0f","name":"Elin Bergstr\u00f6m","image":{"@type":"ImageObject","inLanguage":"sv-SE","@id":"https:\/\/blogg.atl.nu\/nysater\/#\/schema\/person\/image\/","url":"https:\/\/secure.gravatar.com\/avatar\/c68fea4c0b5b10e41c5a9ecd1fb1b3c0?s=96&d=mm&r=g","contentUrl":"https:\/\/secure.gravatar.com\/avatar\/c68fea4c0b5b10e41c5a9ecd1fb1b3c0?s=96&d=mm&r=g","caption":"Elin Bergstr\u00f6m"},"url":"https:\/\/blogg.atl.nu\/nysater\/author\/elin\/"}]}},"_links":{"self":[{"href":"https:\/\/blogg.atl.nu\/nysater\/wp-json\/wp\/v2\/posts\/225172"}],"collection":[{"href":"https:\/\/blogg.atl.nu\/nysater\/wp-json\/wp\/v2\/posts"}],"about":[{"href":"https:\/\/blogg.atl.nu\/nysater\/wp-json\/wp\/v2\/types\/post"}],"author":[{"embeddable":true,"href":"https:\/\/blogg.atl.nu\/nysater\/wp-json\/wp\/v2\/users\/338"}],"replies":[{"embeddable":true,"href":"https:\/\/blogg.atl.nu\/nysater\/wp-json\/wp\/v2\/comments?post=225172"}],"version-history":[{"count":6,"href":"https:\/\/blogg.atl.nu\/nysater\/wp-json\/wp\/v2\/posts\/225172\/revisions"}],"predecessor-version":[{"id":225184,"href":"https:\/\/blogg.atl.nu\/nysater\/wp-json\/wp\/v2\/posts\/225172\/revisions\/225184"}],"wp:featuredmedia":[{"embeddable":true,"href":"https:\/\/blogg.atl.nu\/nysater\/wp-json\/wp\/v2\/media\/225176"}],"wp:attachment":[{"href":"https:\/\/blogg.atl.nu\/nysater\/wp-json\/wp\/v2\/media?parent=225172"}],"wp:term":[{"taxonomy":"category","embeddable":true,"href":"https:\/\/blogg.atl.nu\/nysater\/wp-json\/wp\/v2\/categories?post=225172"},{"taxonomy":"post_tag","embeddable":true,"href":"https:\/\/blogg.atl.nu\/nysater\/wp-json\/wp\/v2\/tags?post=225172"}],"curies":[{"name":"wp","href":"https:\/\/api.w.org\/{rel}","templated":true}]}}