{"id":225461,"date":"2020-05-31T19:00:10","date_gmt":"2020-05-31T17:00:10","guid":{"rendered":"https:\/\/blogg.atl.nu\/nysater\/?p=225461"},"modified":"2020-05-31T19:03:33","modified_gmt":"2020-05-31T17:03:33","slug":"slutet-gott","status":"publish","type":"post","link":"https:\/\/blogg.atl.nu\/nysater\/2020\/05\/31\/slutet-gott\/","title":{"rendered":"Slutet gott"},"content":{"rendered":"<p><b>S\u00e5 var det klart f\u00f6r i \u00e5r. Lika roligt och sp\u00e4nnande som n\u00e4r det b\u00f6rjar, n\u00e4stan lika sk\u00f6nt \u00e4r det n\u00e4r det \u00e4r f\u00e4rdigkalvat och alla sm\u00e5ttingar \u00e4r ute i v\u00e4rlden och m\u00e5r bra.<\/b><\/p>\n<p>Ig\u00e5r f\u00f6ddes v\u00e5r sista kalv. En stor, fin tjur och vi hj\u00e4lpte till litegrann vid f\u00f6dseln. Ytterst lite men det k\u00e4ndes bra att kvigan som f\u00f6dde honom inte beh\u00f6vde slita s\u00e5 h\u00e5rt.<br \/>\nN\u00e4sta g\u00e5ng hon f\u00e5r en kalv g\u00e5r det s\u00e4kert hur l\u00e4tt som helst.<\/p>\n<p><img loading=\"lazy\" class=\"alignnone size-full wp-image-225463\" src=\"https:\/\/blogg.atl.nu\/nysater\/wp-content\/uploads\/sites\/26\/2020\/05\/32FCC41C-B0A7-4B80-AF8C-B10F098B1DD4.jpeg\" alt=\"\" width=\"750\" height=\"526\" srcset=\"https:\/\/blogg.atl.nu\/nysater\/wp-content\/uploads\/sites\/26\/2020\/05\/32FCC41C-B0A7-4B80-AF8C-B10F098B1DD4.jpeg 750w, https:\/\/blogg.atl.nu\/nysater\/wp-content\/uploads\/sites\/26\/2020\/05\/32FCC41C-B0A7-4B80-AF8C-B10F098B1DD4-300x210.jpeg 300w\" sizes=\"(max-width: 750px) 100vw, 750px\" \/><br \/>\nNu n\u00e4r sista kalven \u00e4r h\u00e4r kan vi andas ut och sl\u00e4ppa oron f\u00f6r att n\u00e5got g\u00e5r fel n\u00e4r vi inte \u00e4r p\u00e5 plats.<br \/>\n\u00c4ven om man har duktiga kor och naturen l\u00f6ser det mesta vill man ju helst ha st\u00e4ndig koll \u00a0under den h\u00e4r perioden. En rolig tid men ocks\u00e5 extra ansvarskr\u00e4vande.<\/p>\n<p><img loading=\"lazy\" class=\"alignnone size-full wp-image-225464\" src=\"https:\/\/blogg.atl.nu\/nysater\/wp-content\/uploads\/sites\/26\/2020\/05\/00D4D3E8-4332-4398-80D9-F0515EDE46A3.jpeg\" alt=\"\" width=\"750\" height=\"624\" srcset=\"https:\/\/blogg.atl.nu\/nysater\/wp-content\/uploads\/sites\/26\/2020\/05\/00D4D3E8-4332-4398-80D9-F0515EDE46A3.jpeg 750w, https:\/\/blogg.atl.nu\/nysater\/wp-content\/uploads\/sites\/26\/2020\/05\/00D4D3E8-4332-4398-80D9-F0515EDE46A3-300x250.jpeg 300w\" sizes=\"(max-width: 750px) 100vw, 750px\" \/><\/p>\n<p>En fin final m\u00e5ste jag s\u00e4ga. En kraftig kille och mamman \u00e4r duktig och omh\u00e4ndertagande.<\/p>\n<p>Slutet gott. Allting gott.<\/p>\n","protected":false},"excerpt":{"rendered":"<p>S\u00e5 var det klart f\u00f6r i \u00e5r. Lika roligt och sp\u00e4nnande som n\u00e4r det b\u00f6rjar, n\u00e4stan lika sk\u00f6nt \u00e4r det n\u00e4r det \u00e4r f\u00e4rdigkalvat och alla sm\u00e5ttingar \u00e4r ute i v\u00e4rlden och m\u00e5r bra. Ig\u00e5r f\u00f6ddes v\u00e5r sista kalv. En stor, fin tjur och vi hj\u00e4lpte till litegrann vid f\u00f6dseln. Ytterst lite men det k\u00e4ndes&#8230;<\/p>\n","protected":false},"author":338,"featured_media":225465,"comment_status":"open","ping_status":"open","sticky":false,"template":"","format":"standard","meta":[],"categories":[1],"tags":[],"yoast_head":"<!-- This site is optimized with the Yoast SEO plugin v19.6 - https:\/\/yoast.com\/wordpress\/plugins\/seo\/ -->\n<title>Slutet gott - Nys\u00e4ter lantbruk<\/title>\n<meta name=\"robots\" content=\"index, follow, max-snippet:-1, max-image-preview:large, max-video-preview:-1\" \/>\n<link rel=\"canonical\" href=\"https:\/\/blogg.atl.nu\/nysater\/2020\/05\/31\/slutet-gott\/\" \/>\n<meta property=\"og:locale\" content=\"sv_SE\" \/>\n<meta property=\"og:type\" content=\"article\" \/>\n<meta property=\"og:title\" content=\"Slutet gott - Nys\u00e4ter lantbruk\" \/>\n<meta property=\"og:description\" content=\"S\u00e5 var det klart f\u00f6r i \u00e5r. Lika roligt och sp\u00e4nnande som n\u00e4r det b\u00f6rjar, n\u00e4stan lika sk\u00f6nt \u00e4r det n\u00e4r det \u00e4r f\u00e4rdigkalvat och alla sm\u00e5ttingar \u00e4r ute i v\u00e4rlden och m\u00e5r bra. Ig\u00e5r f\u00f6ddes v\u00e5r sista kalv. En stor, fin tjur och vi hj\u00e4lpte till litegrann vid f\u00f6dseln. Ytterst lite men det k\u00e4ndes...\" \/>\n<meta property=\"og:url\" content=\"https:\/\/blogg.atl.nu\/nysater\/2020\/05\/31\/slutet-gott\/\" \/>\n<meta property=\"og:site_name\" content=\"Nys\u00e4ter lantbruk\" \/>\n<meta property=\"article:published_time\" content=\"2020-05-31T17:00:10+00:00\" \/>\n<meta property=\"article:modified_time\" content=\"2020-05-31T17:03:33+00:00\" \/>\n<meta property=\"og:image\" content=\"https:\/\/blogg.atl.nu\/nysater\/wp-content\/uploads\/sites\/26\/2020\/05\/7474D3CD-D55C-4041-8D71-59D90CD8DE94.jpeg\" \/>\n\t<meta property=\"og:image:width\" content=\"750\" \/>\n\t<meta property=\"og:image:height\" content=\"534\" \/>\n\t<meta property=\"og:image:type\" content=\"image\/jpeg\" \/>\n<meta name=\"author\" content=\"Elin Bergstr\u00f6m\" \/>\n<meta name=\"twitter:card\" content=\"summary\" \/>\n<meta name=\"twitter:label1\" content=\"Skriven av\" \/>\n\t<meta name=\"twitter:data1\" content=\"Elin Bergstr\u00f6m\" \/>\n\t<meta name=\"twitter:label2\" content=\"Ber\u00e4knad l\u00e4stid\" \/>\n\t<meta name=\"twitter:data2\" content=\"1 minut\" \/>\n<script type=\"application\/ld+json\" class=\"yoast-schema-graph\">{\"@context\":\"https:\/\/schema.org\",\"@graph\":[{\"@type\":\"WebPage\",\"@id\":\"https:\/\/blogg.atl.nu\/nysater\/2020\/05\/31\/slutet-gott\/\",\"url\":\"https:\/\/blogg.atl.nu\/nysater\/2020\/05\/31\/slutet-gott\/\",\"name\":\"Slutet gott - Nys\u00e4ter lantbruk\",\"isPartOf\":{\"@id\":\"https:\/\/blogg.atl.nu\/nysater\/#website\"},\"datePublished\":\"2020-05-31T17:00:10+00:00\",\"dateModified\":\"2020-05-31T17:03:33+00:00\",\"author\":{\"@id\":\"https:\/\/blogg.atl.nu\/nysater\/#\/schema\/person\/44ec87efb92df15b0f3b0c68a84c7c0f\"},\"breadcrumb\":{\"@id\":\"https:\/\/blogg.atl.nu\/nysater\/2020\/05\/31\/slutet-gott\/#breadcrumb\"},\"inLanguage\":\"sv-SE\",\"potentialAction\":[{\"@type\":\"ReadAction\",\"target\":[\"https:\/\/blogg.atl.nu\/nysater\/2020\/05\/31\/slutet-gott\/\"]}]},{\"@type\":\"BreadcrumbList\",\"@id\":\"https:\/\/blogg.atl.nu\/nysater\/2020\/05\/31\/slutet-gott\/#breadcrumb\",\"itemListElement\":[{\"@type\":\"ListItem\",\"position\":1,\"name\":\"Hem\",\"item\":\"https:\/\/blogg.atl.nu\/nysater\/\"},{\"@type\":\"ListItem\",\"position\":2,\"name\":\"Slutet gott\"}]},{\"@type\":\"WebSite\",\"@id\":\"https:\/\/blogg.atl.nu\/nysater\/#website\",\"url\":\"https:\/\/blogg.atl.nu\/nysater\/\",\"name\":\"Nys\u00e4ter lantbruk\",\"description\":\"Elin Bergstr\u00f6m\",\"potentialAction\":[{\"@type\":\"SearchAction\",\"target\":{\"@type\":\"EntryPoint\",\"urlTemplate\":\"https:\/\/blogg.atl.nu\/nysater\/?s={search_term_string}\"},\"query-input\":\"required name=search_term_string\"}],\"inLanguage\":\"sv-SE\"},{\"@type\":\"Person\",\"@id\":\"https:\/\/blogg.atl.nu\/nysater\/#\/schema\/person\/44ec87efb92df15b0f3b0c68a84c7c0f\",\"name\":\"Elin Bergstr\u00f6m\",\"image\":{\"@type\":\"ImageObject\",\"inLanguage\":\"sv-SE\",\"@id\":\"https:\/\/blogg.atl.nu\/nysater\/#\/schema\/person\/image\/\",\"url\":\"https:\/\/secure.gravatar.com\/avatar\/c68fea4c0b5b10e41c5a9ecd1fb1b3c0?s=96&d=mm&r=g\",\"contentUrl\":\"https:\/\/secure.gravatar.com\/avatar\/c68fea4c0b5b10e41c5a9ecd1fb1b3c0?s=96&d=mm&r=g\",\"caption\":\"Elin Bergstr\u00f6m\"},\"url\":\"https:\/\/blogg.atl.nu\/nysater\/author\/elin\/\"}]}<\/script>\n<!-- \/ Yoast SEO plugin. -->","yoast_head_json":{"title":"Slutet gott - Nys\u00e4ter lantbruk","robots":{"index":"index","follow":"follow","max-snippet":"max-snippet:-1","max-image-preview":"max-image-preview:large","max-video-preview":"max-video-preview:-1"},"canonical":"https:\/\/blogg.atl.nu\/nysater\/2020\/05\/31\/slutet-gott\/","og_locale":"sv_SE","og_type":"article","og_title":"Slutet gott - Nys\u00e4ter lantbruk","og_description":"S\u00e5 var det klart f\u00f6r i \u00e5r. Lika roligt och sp\u00e4nnande som n\u00e4r det b\u00f6rjar, n\u00e4stan lika sk\u00f6nt \u00e4r det n\u00e4r det \u00e4r f\u00e4rdigkalvat och alla sm\u00e5ttingar \u00e4r ute i v\u00e4rlden och m\u00e5r bra. Ig\u00e5r f\u00f6ddes v\u00e5r sista kalv. En stor, fin tjur och vi hj\u00e4lpte till litegrann vid f\u00f6dseln. Ytterst lite men det k\u00e4ndes...","og_url":"https:\/\/blogg.atl.nu\/nysater\/2020\/05\/31\/slutet-gott\/","og_site_name":"Nys\u00e4ter lantbruk","article_published_time":"2020-05-31T17:00:10+00:00","article_modified_time":"2020-05-31T17:03:33+00:00","og_image":[{"width":750,"height":534,"url":"https:\/\/blogg.atl.nu\/nysater\/wp-content\/uploads\/sites\/26\/2020\/05\/7474D3CD-D55C-4041-8D71-59D90CD8DE94.jpeg","type":"image\/jpeg"}],"author":"Elin Bergstr\u00f6m","twitter_card":"summary","twitter_misc":{"Skriven av":"Elin Bergstr\u00f6m","Ber\u00e4knad l\u00e4stid":"1 minut"},"schema":{"@context":"https:\/\/schema.org","@graph":[{"@type":"WebPage","@id":"https:\/\/blogg.atl.nu\/nysater\/2020\/05\/31\/slutet-gott\/","url":"https:\/\/blogg.atl.nu\/nysater\/2020\/05\/31\/slutet-gott\/","name":"Slutet gott - Nys\u00e4ter lantbruk","isPartOf":{"@id":"https:\/\/blogg.atl.nu\/nysater\/#website"},"datePublished":"2020-05-31T17:00:10+00:00","dateModified":"2020-05-31T17:03:33+00:00","author":{"@id":"https:\/\/blogg.atl.nu\/nysater\/#\/schema\/person\/44ec87efb92df15b0f3b0c68a84c7c0f"},"breadcrumb":{"@id":"https:\/\/blogg.atl.nu\/nysater\/2020\/05\/31\/slutet-gott\/#breadcrumb"},"inLanguage":"sv-SE","potentialAction":[{"@type":"ReadAction","target":["https:\/\/blogg.atl.nu\/nysater\/2020\/05\/31\/slutet-gott\/"]}]},{"@type":"BreadcrumbList","@id":"https:\/\/blogg.atl.nu\/nysater\/2020\/05\/31\/slutet-gott\/#breadcrumb","itemListElement":[{"@type":"ListItem","position":1,"name":"Hem","item":"https:\/\/blogg.atl.nu\/nysater\/"},{"@type":"ListItem","position":2,"name":"Slutet gott"}]},{"@type":"WebSite","@id":"https:\/\/blogg.atl.nu\/nysater\/#website","url":"https:\/\/blogg.atl.nu\/nysater\/","name":"Nys\u00e4ter lantbruk","description":"Elin Bergstr\u00f6m","potentialAction":[{"@type":"SearchAction","target":{"@type":"EntryPoint","urlTemplate":"https:\/\/blogg.atl.nu\/nysater\/?s={search_term_string}"},"query-input":"required name=search_term_string"}],"inLanguage":"sv-SE"},{"@type":"Person","@id":"https:\/\/blogg.atl.nu\/nysater\/#\/schema\/person\/44ec87efb92df15b0f3b0c68a84c7c0f","name":"Elin Bergstr\u00f6m","image":{"@type":"ImageObject","inLanguage":"sv-SE","@id":"https:\/\/blogg.atl.nu\/nysater\/#\/schema\/person\/image\/","url":"https:\/\/secure.gravatar.com\/avatar\/c68fea4c0b5b10e41c5a9ecd1fb1b3c0?s=96&d=mm&r=g","contentUrl":"https:\/\/secure.gravatar.com\/avatar\/c68fea4c0b5b10e41c5a9ecd1fb1b3c0?s=96&d=mm&r=g","caption":"Elin Bergstr\u00f6m"},"url":"https:\/\/blogg.atl.nu\/nysater\/author\/elin\/"}]}},"_links":{"self":[{"href":"https:\/\/blogg.atl.nu\/nysater\/wp-json\/wp\/v2\/posts\/225461"}],"collection":[{"href":"https:\/\/blogg.atl.nu\/nysater\/wp-json\/wp\/v2\/posts"}],"about":[{"href":"https:\/\/blogg.atl.nu\/nysater\/wp-json\/wp\/v2\/types\/post"}],"author":[{"embeddable":true,"href":"https:\/\/blogg.atl.nu\/nysater\/wp-json\/wp\/v2\/users\/338"}],"replies":[{"embeddable":true,"href":"https:\/\/blogg.atl.nu\/nysater\/wp-json\/wp\/v2\/comments?post=225461"}],"version-history":[{"count":4,"href":"https:\/\/blogg.atl.nu\/nysater\/wp-json\/wp\/v2\/posts\/225461\/revisions"}],"predecessor-version":[{"id":225468,"href":"https:\/\/blogg.atl.nu\/nysater\/wp-json\/wp\/v2\/posts\/225461\/revisions\/225468"}],"wp:featuredmedia":[{"embeddable":true,"href":"https:\/\/blogg.atl.nu\/nysater\/wp-json\/wp\/v2\/media\/225465"}],"wp:attachment":[{"href":"https:\/\/blogg.atl.nu\/nysater\/wp-json\/wp\/v2\/media?parent=225461"}],"wp:term":[{"taxonomy":"category","embeddable":true,"href":"https:\/\/blogg.atl.nu\/nysater\/wp-json\/wp\/v2\/categories?post=225461"},{"taxonomy":"post_tag","embeddable":true,"href":"https:\/\/blogg.atl.nu\/nysater\/wp-json\/wp\/v2\/tags?post=225461"}],"curies":[{"name":"wp","href":"https:\/\/api.w.org\/{rel}","templated":true}]}}