{"id":225710,"date":"2020-07-05T06:38:58","date_gmt":"2020-07-05T04:38:58","guid":{"rendered":"https:\/\/blogg.atl.nu\/nysater\/?p=225710"},"modified":"2020-07-05T06:40:24","modified_gmt":"2020-07-05T04:40:24","slug":"vi-gratulerar-och-funderar","status":"publish","type":"post","link":"https:\/\/blogg.atl.nu\/nysater\/2020\/07\/05\/vi-gratulerar-och-funderar\/","title":{"rendered":"Vi gratulerar och funderar"},"content":{"rendered":"<p><b>Ig\u00e5r firade vi Danne som fyllde 42 \u00e5r.<\/b><\/p>\n<p><b>Lovisa<\/b> br\u00e4nde av en konfettikanon \u00f6ver honom, och \u00f6ver hela sovrummet, och s\u00e5 \u00e5t vi traditionsenlig jordgubbst\u00e5rta.<\/p>\n<p><b>Familjens f\u00f6delsedagar<\/b> \u00e4r ganska utspridda \u00f6ver \u00e5ret och det \u00e4r bra. Man hinner bli lagom sugen p\u00e5 firande och t\u00e5rt\u00e4tning mellan varven. N\u00e4st p\u00e5 tur \u00e4r Matilda som fyller fjorton i b\u00f6rjan av augusti och sedan kommer Linnea i oktober. Henne kommer det dock att bli lite sv\u00e5rt att fira p\u00e5 riktigt eftersom hon kommer att bo i Sk\u00e5ne d\u00e5. Hon ska flytta till Klippan och g\u00e5 brottargymnasiet.<\/p>\n<p><img loading=\"lazy\" class=\"alignnone size-large wp-image-225711\" src=\"https:\/\/blogg.atl.nu\/nysater\/wp-content\/uploads\/sites\/26\/2020\/07\/4AFD7709-7712-4D29-8611-DBEEFE18BCCD-1024x768.jpeg\" alt=\"\" width=\"1024\" height=\"768\" srcset=\"https:\/\/blogg.atl.nu\/nysater\/wp-content\/uploads\/sites\/26\/2020\/07\/4AFD7709-7712-4D29-8611-DBEEFE18BCCD-1024x768.jpeg 1024w, https:\/\/blogg.atl.nu\/nysater\/wp-content\/uploads\/sites\/26\/2020\/07\/4AFD7709-7712-4D29-8611-DBEEFE18BCCD-300x225.jpeg 300w, https:\/\/blogg.atl.nu\/nysater\/wp-content\/uploads\/sites\/26\/2020\/07\/4AFD7709-7712-4D29-8611-DBEEFE18BCCD-768x576.jpeg 768w, https:\/\/blogg.atl.nu\/nysater\/wp-content\/uploads\/sites\/26\/2020\/07\/4AFD7709-7712-4D29-8611-DBEEFE18BCCD.jpeg 2048w\" sizes=\"(max-width: 1024px) 100vw, 1024px\" \/><\/p>\n<p><b>H\u00e4r p\u00e5 g\u00e5rden<\/b> fortskrider det dagliga arbetet blandat med funderingar om framtiden. Hur ska man ha det egentligen? Vart vill man? Hur ska det g\u00e5 till? Och var b\u00f6rjar man? Eller \u00e4r det ganska bra som det \u00e4r?<\/p>\n<p><b>Jag \u00e4r s\u00e5 nyfiken<\/b> p\u00e5 hur andra gjort som drivit f\u00f6retag och fortsatt utvecklats . Gasat fram\u00e5t. Eller bromsat in, f\u00f6r det kan ju ocks\u00e5 vara en form av utveckling.<br \/>\nVad h\u00e4nde? Hur var det f\u00f6r er? Var det av egen vilja eller p\u00e5 grund av yttre omst\u00e4ndigheter? Hur s\u00e5g era v\u00e4gsk\u00e4l ut och hur valde ni?<\/p>\n<p>Skriv g\u00e4rna en rad och ber\u00e4tta.<\/p>\n","protected":false},"excerpt":{"rendered":"<p>Ig\u00e5r firade vi Danne som fyllde 42 \u00e5r. Lovisa br\u00e4nde av en konfettikanon \u00f6ver honom, och \u00f6ver hela sovrummet, och s\u00e5 \u00e5t vi traditionsenlig jordgubbst\u00e5rta. Familjens f\u00f6delsedagar \u00e4r ganska utspridda \u00f6ver \u00e5ret och det \u00e4r bra. Man hinner bli lagom sugen p\u00e5 firande och t\u00e5rt\u00e4tning mellan varven. N\u00e4st p\u00e5 tur \u00e4r Matilda som fyller fjorton&#8230;<\/p>\n","protected":false},"author":338,"featured_media":225712,"comment_status":"open","ping_status":"open","sticky":false,"template":"","format":"standard","meta":[],"categories":[1],"tags":[],"yoast_head":"<!-- This site is optimized with the Yoast SEO plugin v19.6 - https:\/\/yoast.com\/wordpress\/plugins\/seo\/ -->\n<title>Vi gratulerar och funderar - Nys\u00e4ter lantbruk<\/title>\n<meta name=\"robots\" content=\"index, follow, max-snippet:-1, max-image-preview:large, max-video-preview:-1\" \/>\n<link rel=\"canonical\" href=\"https:\/\/blogg.atl.nu\/nysater\/2020\/07\/05\/vi-gratulerar-och-funderar\/\" \/>\n<meta property=\"og:locale\" content=\"sv_SE\" \/>\n<meta property=\"og:type\" content=\"article\" \/>\n<meta property=\"og:title\" content=\"Vi gratulerar och funderar - Nys\u00e4ter lantbruk\" \/>\n<meta property=\"og:description\" content=\"Ig\u00e5r firade vi Danne som fyllde 42 \u00e5r. Lovisa br\u00e4nde av en konfettikanon \u00f6ver honom, och \u00f6ver hela sovrummet, och s\u00e5 \u00e5t vi traditionsenlig jordgubbst\u00e5rta. Familjens f\u00f6delsedagar \u00e4r ganska utspridda \u00f6ver \u00e5ret och det \u00e4r bra. Man hinner bli lagom sugen p\u00e5 firande och t\u00e5rt\u00e4tning mellan varven. N\u00e4st p\u00e5 tur \u00e4r Matilda som fyller fjorton...\" \/>\n<meta property=\"og:url\" content=\"https:\/\/blogg.atl.nu\/nysater\/2020\/07\/05\/vi-gratulerar-och-funderar\/\" \/>\n<meta property=\"og:site_name\" content=\"Nys\u00e4ter lantbruk\" \/>\n<meta property=\"article:published_time\" content=\"2020-07-05T04:38:58+00:00\" \/>\n<meta property=\"article:modified_time\" content=\"2020-07-05T04:40:24+00:00\" \/>\n<meta property=\"og:image\" content=\"https:\/\/blogg.atl.nu\/nysater\/wp-content\/uploads\/sites\/26\/2020\/07\/76935C04-4C9D-448C-9300-56F073548560.jpeg\" \/>\n\t<meta property=\"og:image:width\" content=\"2048\" \/>\n\t<meta property=\"og:image:height\" content=\"1536\" \/>\n\t<meta property=\"og:image:type\" content=\"image\/jpeg\" \/>\n<meta name=\"author\" content=\"Elin Bergstr\u00f6m\" \/>\n<meta name=\"twitter:card\" content=\"summary\" \/>\n<meta name=\"twitter:label1\" content=\"Skriven av\" \/>\n\t<meta name=\"twitter:data1\" content=\"Elin Bergstr\u00f6m\" \/>\n\t<meta name=\"twitter:label2\" content=\"Ber\u00e4knad l\u00e4stid\" \/>\n\t<meta name=\"twitter:data2\" content=\"1 minut\" \/>\n<script type=\"application\/ld+json\" class=\"yoast-schema-graph\">{\"@context\":\"https:\/\/schema.org\",\"@graph\":[{\"@type\":\"WebPage\",\"@id\":\"https:\/\/blogg.atl.nu\/nysater\/2020\/07\/05\/vi-gratulerar-och-funderar\/\",\"url\":\"https:\/\/blogg.atl.nu\/nysater\/2020\/07\/05\/vi-gratulerar-och-funderar\/\",\"name\":\"Vi gratulerar och funderar - Nys\u00e4ter lantbruk\",\"isPartOf\":{\"@id\":\"https:\/\/blogg.atl.nu\/nysater\/#website\"},\"datePublished\":\"2020-07-05T04:38:58+00:00\",\"dateModified\":\"2020-07-05T04:40:24+00:00\",\"author\":{\"@id\":\"https:\/\/blogg.atl.nu\/nysater\/#\/schema\/person\/44ec87efb92df15b0f3b0c68a84c7c0f\"},\"breadcrumb\":{\"@id\":\"https:\/\/blogg.atl.nu\/nysater\/2020\/07\/05\/vi-gratulerar-och-funderar\/#breadcrumb\"},\"inLanguage\":\"sv-SE\",\"potentialAction\":[{\"@type\":\"ReadAction\",\"target\":[\"https:\/\/blogg.atl.nu\/nysater\/2020\/07\/05\/vi-gratulerar-och-funderar\/\"]}]},{\"@type\":\"BreadcrumbList\",\"@id\":\"https:\/\/blogg.atl.nu\/nysater\/2020\/07\/05\/vi-gratulerar-och-funderar\/#breadcrumb\",\"itemListElement\":[{\"@type\":\"ListItem\",\"position\":1,\"name\":\"Hem\",\"item\":\"https:\/\/blogg.atl.nu\/nysater\/\"},{\"@type\":\"ListItem\",\"position\":2,\"name\":\"Vi gratulerar och funderar\"}]},{\"@type\":\"WebSite\",\"@id\":\"https:\/\/blogg.atl.nu\/nysater\/#website\",\"url\":\"https:\/\/blogg.atl.nu\/nysater\/\",\"name\":\"Nys\u00e4ter lantbruk\",\"description\":\"Elin Bergstr\u00f6m\",\"potentialAction\":[{\"@type\":\"SearchAction\",\"target\":{\"@type\":\"EntryPoint\",\"urlTemplate\":\"https:\/\/blogg.atl.nu\/nysater\/?s={search_term_string}\"},\"query-input\":\"required name=search_term_string\"}],\"inLanguage\":\"sv-SE\"},{\"@type\":\"Person\",\"@id\":\"https:\/\/blogg.atl.nu\/nysater\/#\/schema\/person\/44ec87efb92df15b0f3b0c68a84c7c0f\",\"name\":\"Elin Bergstr\u00f6m\",\"image\":{\"@type\":\"ImageObject\",\"inLanguage\":\"sv-SE\",\"@id\":\"https:\/\/blogg.atl.nu\/nysater\/#\/schema\/person\/image\/\",\"url\":\"https:\/\/secure.gravatar.com\/avatar\/c68fea4c0b5b10e41c5a9ecd1fb1b3c0?s=96&d=mm&r=g\",\"contentUrl\":\"https:\/\/secure.gravatar.com\/avatar\/c68fea4c0b5b10e41c5a9ecd1fb1b3c0?s=96&d=mm&r=g\",\"caption\":\"Elin Bergstr\u00f6m\"},\"url\":\"https:\/\/blogg.atl.nu\/nysater\/author\/elin\/\"}]}<\/script>\n<!-- \/ Yoast SEO plugin. -->","yoast_head_json":{"title":"Vi gratulerar och funderar - Nys\u00e4ter lantbruk","robots":{"index":"index","follow":"follow","max-snippet":"max-snippet:-1","max-image-preview":"max-image-preview:large","max-video-preview":"max-video-preview:-1"},"canonical":"https:\/\/blogg.atl.nu\/nysater\/2020\/07\/05\/vi-gratulerar-och-funderar\/","og_locale":"sv_SE","og_type":"article","og_title":"Vi gratulerar och funderar - Nys\u00e4ter lantbruk","og_description":"Ig\u00e5r firade vi Danne som fyllde 42 \u00e5r. Lovisa br\u00e4nde av en konfettikanon \u00f6ver honom, och \u00f6ver hela sovrummet, och s\u00e5 \u00e5t vi traditionsenlig jordgubbst\u00e5rta. Familjens f\u00f6delsedagar \u00e4r ganska utspridda \u00f6ver \u00e5ret och det \u00e4r bra. Man hinner bli lagom sugen p\u00e5 firande och t\u00e5rt\u00e4tning mellan varven. N\u00e4st p\u00e5 tur \u00e4r Matilda som fyller fjorton...","og_url":"https:\/\/blogg.atl.nu\/nysater\/2020\/07\/05\/vi-gratulerar-och-funderar\/","og_site_name":"Nys\u00e4ter lantbruk","article_published_time":"2020-07-05T04:38:58+00:00","article_modified_time":"2020-07-05T04:40:24+00:00","og_image":[{"width":2048,"height":1536,"url":"https:\/\/blogg.atl.nu\/nysater\/wp-content\/uploads\/sites\/26\/2020\/07\/76935C04-4C9D-448C-9300-56F073548560.jpeg","type":"image\/jpeg"}],"author":"Elin Bergstr\u00f6m","twitter_card":"summary","twitter_misc":{"Skriven av":"Elin Bergstr\u00f6m","Ber\u00e4knad l\u00e4stid":"1 minut"},"schema":{"@context":"https:\/\/schema.org","@graph":[{"@type":"WebPage","@id":"https:\/\/blogg.atl.nu\/nysater\/2020\/07\/05\/vi-gratulerar-och-funderar\/","url":"https:\/\/blogg.atl.nu\/nysater\/2020\/07\/05\/vi-gratulerar-och-funderar\/","name":"Vi gratulerar och funderar - Nys\u00e4ter lantbruk","isPartOf":{"@id":"https:\/\/blogg.atl.nu\/nysater\/#website"},"datePublished":"2020-07-05T04:38:58+00:00","dateModified":"2020-07-05T04:40:24+00:00","author":{"@id":"https:\/\/blogg.atl.nu\/nysater\/#\/schema\/person\/44ec87efb92df15b0f3b0c68a84c7c0f"},"breadcrumb":{"@id":"https:\/\/blogg.atl.nu\/nysater\/2020\/07\/05\/vi-gratulerar-och-funderar\/#breadcrumb"},"inLanguage":"sv-SE","potentialAction":[{"@type":"ReadAction","target":["https:\/\/blogg.atl.nu\/nysater\/2020\/07\/05\/vi-gratulerar-och-funderar\/"]}]},{"@type":"BreadcrumbList","@id":"https:\/\/blogg.atl.nu\/nysater\/2020\/07\/05\/vi-gratulerar-och-funderar\/#breadcrumb","itemListElement":[{"@type":"ListItem","position":1,"name":"Hem","item":"https:\/\/blogg.atl.nu\/nysater\/"},{"@type":"ListItem","position":2,"name":"Vi gratulerar och funderar"}]},{"@type":"WebSite","@id":"https:\/\/blogg.atl.nu\/nysater\/#website","url":"https:\/\/blogg.atl.nu\/nysater\/","name":"Nys\u00e4ter lantbruk","description":"Elin Bergstr\u00f6m","potentialAction":[{"@type":"SearchAction","target":{"@type":"EntryPoint","urlTemplate":"https:\/\/blogg.atl.nu\/nysater\/?s={search_term_string}"},"query-input":"required name=search_term_string"}],"inLanguage":"sv-SE"},{"@type":"Person","@id":"https:\/\/blogg.atl.nu\/nysater\/#\/schema\/person\/44ec87efb92df15b0f3b0c68a84c7c0f","name":"Elin Bergstr\u00f6m","image":{"@type":"ImageObject","inLanguage":"sv-SE","@id":"https:\/\/blogg.atl.nu\/nysater\/#\/schema\/person\/image\/","url":"https:\/\/secure.gravatar.com\/avatar\/c68fea4c0b5b10e41c5a9ecd1fb1b3c0?s=96&d=mm&r=g","contentUrl":"https:\/\/secure.gravatar.com\/avatar\/c68fea4c0b5b10e41c5a9ecd1fb1b3c0?s=96&d=mm&r=g","caption":"Elin Bergstr\u00f6m"},"url":"https:\/\/blogg.atl.nu\/nysater\/author\/elin\/"}]}},"_links":{"self":[{"href":"https:\/\/blogg.atl.nu\/nysater\/wp-json\/wp\/v2\/posts\/225710"}],"collection":[{"href":"https:\/\/blogg.atl.nu\/nysater\/wp-json\/wp\/v2\/posts"}],"about":[{"href":"https:\/\/blogg.atl.nu\/nysater\/wp-json\/wp\/v2\/types\/post"}],"author":[{"embeddable":true,"href":"https:\/\/blogg.atl.nu\/nysater\/wp-json\/wp\/v2\/users\/338"}],"replies":[{"embeddable":true,"href":"https:\/\/blogg.atl.nu\/nysater\/wp-json\/wp\/v2\/comments?post=225710"}],"version-history":[{"count":2,"href":"https:\/\/blogg.atl.nu\/nysater\/wp-json\/wp\/v2\/posts\/225710\/revisions"}],"predecessor-version":[{"id":225714,"href":"https:\/\/blogg.atl.nu\/nysater\/wp-json\/wp\/v2\/posts\/225710\/revisions\/225714"}],"wp:featuredmedia":[{"embeddable":true,"href":"https:\/\/blogg.atl.nu\/nysater\/wp-json\/wp\/v2\/media\/225712"}],"wp:attachment":[{"href":"https:\/\/blogg.atl.nu\/nysater\/wp-json\/wp\/v2\/media?parent=225710"}],"wp:term":[{"taxonomy":"category","embeddable":true,"href":"https:\/\/blogg.atl.nu\/nysater\/wp-json\/wp\/v2\/categories?post=225710"},{"taxonomy":"post_tag","embeddable":true,"href":"https:\/\/blogg.atl.nu\/nysater\/wp-json\/wp\/v2\/tags?post=225710"}],"curies":[{"name":"wp","href":"https:\/\/api.w.org\/{rel}","templated":true}]}}