{"id":226146,"date":"2020-09-08T00:21:13","date_gmt":"2020-09-07T22:21:13","guid":{"rendered":"https:\/\/blogg.atl.nu\/nysater\/?p=226146"},"modified":"2020-09-08T00:48:34","modified_gmt":"2020-09-07T22:48:34","slug":"planerna-for-veckan","status":"publish","type":"post","link":"https:\/\/blogg.atl.nu\/nysater\/2020\/09\/08\/planerna-for-veckan\/","title":{"rendered":"Planerna f\u00f6r veckan"},"content":{"rendered":"<p><strong>Nu \u00e4r det ny vecka och en hel del g\u00f6rom\u00e5l st\u00e5r p\u00e5 agendan. V\u00e4dret best\u00e4mmer \u00f6ver arbetsordningen men vi har vissa planer som vi hoppas kunna genomf\u00f6ra. H\u00e4r \u00e4r de.\u00a0<\/strong><\/p>\n<p><strong><span style=\"text-decoration: underline\">Fendten ska \u00e5terupplivas.\u00a0<\/span><\/strong><br \/>\nNy turbo har kommit nu och en lokal firma ryckte in f\u00f6r montering redan idag. Kylarproblematiken kvarst\u00e5r och m\u00e5ste ocks\u00e5 l\u00f6sas.<\/p>\n<p><img loading=\"lazy\" class=\"alignnone size-large wp-image-226112\" src=\"https:\/\/blogg.atl.nu\/nysater\/wp-content\/uploads\/sites\/26\/2020\/09\/21CDE9E7-F050-46CF-8967-0A25A826F60D-1024x768.jpeg\" alt=\"\" width=\"1024\" height=\"768\" srcset=\"https:\/\/blogg.atl.nu\/nysater\/wp-content\/uploads\/sites\/26\/2020\/09\/21CDE9E7-F050-46CF-8967-0A25A826F60D-1024x768.jpeg 1024w, https:\/\/blogg.atl.nu\/nysater\/wp-content\/uploads\/sites\/26\/2020\/09\/21CDE9E7-F050-46CF-8967-0A25A826F60D-300x225.jpeg 300w, https:\/\/blogg.atl.nu\/nysater\/wp-content\/uploads\/sites\/26\/2020\/09\/21CDE9E7-F050-46CF-8967-0A25A826F60D-768x576.jpeg 768w, https:\/\/blogg.atl.nu\/nysater\/wp-content\/uploads\/sites\/26\/2020\/09\/21CDE9E7-F050-46CF-8967-0A25A826F60D.jpeg 2048w\" sizes=\"(max-width: 1024px) 100vw, 1024px\" \/><br \/>\n<em>H\u00e4r hade det ju varit kul med en f\u00e4rsk bild i st\u00e4llet f\u00f6r samma gamla foto som i tidigare inl\u00e4gg, men som man brukar s\u00e4ga, man kan inte f\u00e5 allt h\u00e4r i v\u00e4rlden.<\/em><\/p>\n<p><strong><span style=\"text-decoration: underline\">Spannm\u00e5lslagringen ska f\u00f6rberedas.<\/span><\/strong><br \/>\nKorvpackaren har flyttat vidare och nu \u00e4r det syrning och planlagring som g\u00e4ller f\u00f6r resten av sk\u00f6rden. H\u00e4r ligger vi bra till. Danne har kopplat syrapumpen och \u00e4ven f\u00e5tt den att fungera, kors i taket, samt burit fram faten med propionsyra s\u00e5 att allt \u00e4r klart att dra ig\u00e5ng.<br \/>\n<img loading=\"lazy\" class=\"alignnone size-full wp-image-226147\" src=\"https:\/\/blogg.atl.nu\/nysater\/wp-content\/uploads\/sites\/26\/2020\/09\/syra2.jpg\" alt=\"\" width=\"960\" height=\"720\" srcset=\"https:\/\/blogg.atl.nu\/nysater\/wp-content\/uploads\/sites\/26\/2020\/09\/syra2.jpg 960w, https:\/\/blogg.atl.nu\/nysater\/wp-content\/uploads\/sites\/26\/2020\/09\/syra2-300x225.jpg 300w, https:\/\/blogg.atl.nu\/nysater\/wp-content\/uploads\/sites\/26\/2020\/09\/syra2-768x576.jpg 768w\" sizes=\"(max-width: 960px) 100vw, 960px\" \/><br \/>\n<em>Titta h\u00e4r, nu gick jag ig\u00e5ng lite p\u00e5 det d\u00e4r med gamla bilder. H\u00e4r \u00e4r en fr\u00e5n 2018 och det kommer att se ungef\u00e4r likadant ut inom kort om allt g\u00e5r som det ska.<\/em><\/p>\n<p><strong><span style=\"text-decoration: underline\">Fortsatt tr\u00f6skning.<\/span><\/strong><br \/>\nN\u00e4sta etapp n\u00e4r det g\u00e4ller tr\u00f6skningen \u00e4r Birsta. Tyv\u00e4rr har v\u00e4dret varit lite lynnigt och bl\u00f6tt s\u00e5 vi har inte kommit ig\u00e5ng som vi hade t\u00e4nkt \u00e4n. Men i morgon borde det g\u00e5. Det ska bli riktigt sk\u00f6nt att f\u00e5 undan fler bitar av den h\u00e4r sk\u00f6rdekakan och k\u00e4nna att man r\u00f6r sig hem\u00e5t p\u00e5 riktigt. Efter Birsta\u00e5krarna som ligger ungef\u00e4r tre mil fr\u00e5n g\u00e5rden blir det mycket l\u00e4ttare tack vare kortare avst\u00e5nd. H\u00e4r hemma \u00e4r det dock ganska omoget fortfarande s\u00e5 det g\u00e5r nog inte att k\u00f6ra den n\u00e4rmaste veckan.<\/p>\n<p><img loading=\"lazy\" class=\"alignnone size-full wp-image-226150\" src=\"https:\/\/blogg.atl.nu\/nysater\/wp-content\/uploads\/sites\/26\/2020\/09\/lexia.jpg\" alt=\"\" width=\"960\" height=\"720\" srcset=\"https:\/\/blogg.atl.nu\/nysater\/wp-content\/uploads\/sites\/26\/2020\/09\/lexia.jpg 960w, https:\/\/blogg.atl.nu\/nysater\/wp-content\/uploads\/sites\/26\/2020\/09\/lexia-300x225.jpg 300w, https:\/\/blogg.atl.nu\/nysater\/wp-content\/uploads\/sites\/26\/2020\/09\/lexia-768x576.jpg 768w\" sizes=\"(max-width: 960px) 100vw, 960px\" \/><br \/>\n<em>Utkik genom Lexias framruta. S\u00e5 h\u00e4r s\u00e5g det ut f\u00f6rra \u00e5ret.\u00a0<\/em><\/p>\n<p><strong><span style=\"text-decoration: underline\">H\u00e4mtning av kalvar.<\/span><\/strong><br \/>\nEtt lass kalvar i Kvarnsveden v\u00e4ntar p\u00e5 att f\u00e5 flytta in hos oss och egentligen borde de redan ha varit h\u00e4mtade. Det \u00e4r alltid roligt att fylla p\u00e5 och den h\u00e4r g\u00e5ngen \u00e4r det avvanda kalvar. Det k\u00e4nns bra eftersom vi har lite diarr\u00e9 bland n\u00e5gra sm\u00e5ttingar och og\u00e4rna vill s\u00e4tta in fler mj\u00f6lkdrickare just nu.<\/p>\n<p><img loading=\"lazy\" class=\"alignnone size-large wp-image-225905\" src=\"https:\/\/blogg.atl.nu\/nysater\/wp-content\/uploads\/sites\/26\/2020\/08\/8D9EEF86-0F5F-4BAD-91B0-92780CEA544F-1024x768.jpeg\" alt=\"\" width=\"1024\" height=\"768\" srcset=\"https:\/\/blogg.atl.nu\/nysater\/wp-content\/uploads\/sites\/26\/2020\/08\/8D9EEF86-0F5F-4BAD-91B0-92780CEA544F-1024x768.jpeg 1024w, https:\/\/blogg.atl.nu\/nysater\/wp-content\/uploads\/sites\/26\/2020\/08\/8D9EEF86-0F5F-4BAD-91B0-92780CEA544F-300x225.jpeg 300w, https:\/\/blogg.atl.nu\/nysater\/wp-content\/uploads\/sites\/26\/2020\/08\/8D9EEF86-0F5F-4BAD-91B0-92780CEA544F-768x576.jpeg 768w, https:\/\/blogg.atl.nu\/nysater\/wp-content\/uploads\/sites\/26\/2020\/08\/8D9EEF86-0F5F-4BAD-91B0-92780CEA544F.jpeg 2048w\" sizes=\"(max-width: 1024px) 100vw, 1024px\" \/><br \/>\n<em>Glada minidjur fr\u00e5n i v\u00e5ras.<\/em><\/p>\n<p><strong><span style=\"text-decoration: underline\">Hemk\u00f6rning av balar.\u00a0<\/span><\/strong><br \/>\nNever ending story. Nu \u00e4r det str\u00f6balar som ska hem fr\u00e5n Bergs\u00e5ker.<\/p>\n<p><img loading=\"lazy\" class=\"alignnone size-large wp-image-225684\" src=\"https:\/\/blogg.atl.nu\/nysater\/wp-content\/uploads\/sites\/26\/2020\/06\/IMG_2992-1024x768.jpg\" alt=\"\" width=\"1024\" height=\"768\" srcset=\"https:\/\/blogg.atl.nu\/nysater\/wp-content\/uploads\/sites\/26\/2020\/06\/IMG_2992-1024x768.jpg 1024w, https:\/\/blogg.atl.nu\/nysater\/wp-content\/uploads\/sites\/26\/2020\/06\/IMG_2992-300x225.jpg 300w, https:\/\/blogg.atl.nu\/nysater\/wp-content\/uploads\/sites\/26\/2020\/06\/IMG_2992-768x576.jpg 768w, https:\/\/blogg.atl.nu\/nysater\/wp-content\/uploads\/sites\/26\/2020\/06\/IMG_2992.jpg 2048w\" sizes=\"(max-width: 1024px) 100vw, 1024px\" \/><br \/>\n<em>Det k\u00e4nns som att vi alltid har haft den h\u00e4r fina vagnen men det \u00e4r ju faktiskt bara n\u00e5gra m\u00e5nader sedan vi skaffade den.\u00a0<\/em><\/p>\n<p><strong><span style=\"text-decoration: underline\">Planering fram\u00e5t.\u00a0<\/span><\/strong><br \/>\nOm det g\u00e5r att pressa in i schemat skulle jag g\u00e4rna vilja f\u00e5 till ett mindre r\u00e5dgivningsm\u00f6te den h\u00e4r veckan. Vi m\u00e5ste staka ut v\u00e4gen fram och dryfta olika saker med personer utanf\u00f6r g\u00e5rden. Hoppas det g\u00e5r att hitta tid och m\u00f6jlighet till det.<\/p>\n<p><img loading=\"lazy\" class=\"alignnone size-large wp-image-225598\" src=\"https:\/\/blogg.atl.nu\/nysater\/wp-content\/uploads\/sites\/26\/2020\/06\/F98B793A-701C-4169-8A3F-514C5BB14049-465x1024.jpeg\" alt=\"\" width=\"465\" height=\"1024\" srcset=\"https:\/\/blogg.atl.nu\/nysater\/wp-content\/uploads\/sites\/26\/2020\/06\/F98B793A-701C-4169-8A3F-514C5BB14049-465x1024.jpeg 465w, https:\/\/blogg.atl.nu\/nysater\/wp-content\/uploads\/sites\/26\/2020\/06\/F98B793A-701C-4169-8A3F-514C5BB14049-136x300.jpeg 136w, https:\/\/blogg.atl.nu\/nysater\/wp-content\/uploads\/sites\/26\/2020\/06\/F98B793A-701C-4169-8A3F-514C5BB14049.jpeg 624w\" sizes=\"(max-width: 465px) 100vw, 465px\" \/><br \/>\n<em>Kul att rota bland bilder och hitta den h\u00e4r fina. Den passar ju lite varsomhelst. Trevlig att vila \u00f6gonen p\u00e5 om inte annat och den \u00e4r tagen i kornas beteshage.\u00a0<\/em><\/p>\n<p><strong><span style=\"text-decoration: underline\">Bokf\u00f6ring.\u00a0<\/span><\/strong><br \/>\nKontorstid ska avs\u00e4ttas. M\u00e5ste avs\u00e4ttas. F\u00f6rutom den vanliga, l\u00f6pande bokf\u00f6ringen m\u00e5ste jag styra upp en grej kring e-fakturor som jag tror att jag har r\u00e5kat st\u00f6ka till. Ganska motigt men det ska g\u00f6ras. Sk\u00f6nt n\u00e4r det \u00e4r klart och d\u00e5 kan man ju fira med n\u00e5got gott.<\/p>\n<p><img loading=\"lazy\" class=\"alignnone size-full wp-image-221868\" src=\"https:\/\/blogg.atl.nu\/nysater\/wp-content\/uploads\/sites\/26\/2018\/11\/bokf\u00f6ring.jpg\" alt=\"\" width=\"960\" height=\"720\" srcset=\"https:\/\/blogg.atl.nu\/nysater\/wp-content\/uploads\/sites\/26\/2018\/11\/bokf\u00f6ring.jpg 960w, https:\/\/blogg.atl.nu\/nysater\/wp-content\/uploads\/sites\/26\/2018\/11\/bokf\u00f6ring-300x225.jpg 300w, https:\/\/blogg.atl.nu\/nysater\/wp-content\/uploads\/sites\/26\/2018\/11\/bokf\u00f6ring-768x576.jpg 768w\" sizes=\"(max-width: 960px) 100vw, 960px\" \/><br \/>\n<em>Det h\u00e4r var lite intressant. S\u00f6kte en kontorsbild och hittade den h\u00e4r men kan inte minnas var \u00e4r den tagen? Inte \u00e4r det hemma i alla fall. Kan det ha varit n\u00e4r jag bokf\u00f6rde p\u00e5 kaf\u00e9 och orsakade en eldsv\u00e5da?\u00a0<\/em><\/p>\n<p><strong><span style=\"text-decoration: underline\">Annat sm\u00e5tt och gott, s\u00e5 kallade egna \u00f6nskem\u00e5l.<\/span><\/strong><br \/>\nF\u00f6r \u00f6vrigt, eftersom livet inte bara \u00e4r arbete, skulle jag g\u00e4rna vilja g\u00e5 till skogen och plocka lingon n\u00e5gon kv\u00e4ll. Och sitta i soffan med familjen. Jag har \u00e4ven \u00f6nskem\u00e5l om att \u00e4ta kantarelltoast och dricka ett par klunkar r\u00f6dvin. Kanske kan det bli av fram\u00e5t helgen. Och s\u00e5 ska jag sk\u00f6ta om lillkroppen min har jag best\u00e4mt. Med b\u00e5de tr\u00e4ning och vila. Den f\u00f6rtj\u00e4nar det. Den \u00e4r stark men lite tr\u00f6tt. Den k\u00e4mpar p\u00e5 och b\u00e4r omkring mig s\u00e5 bra men den borde f\u00e5 lite mer cred och omtanke.<\/p>\n<p><img loading=\"lazy\" class=\"alignnone size-large wp-image-226153\" src=\"https:\/\/blogg.atl.nu\/nysater\/wp-content\/uploads\/sites\/26\/2020\/09\/18F511CE-8C7D-4612-A282-B18C0228B279-768x1024.jpeg\" alt=\"\" width=\"768\" height=\"1024\" srcset=\"https:\/\/blogg.atl.nu\/nysater\/wp-content\/uploads\/sites\/26\/2020\/09\/18F511CE-8C7D-4612-A282-B18C0228B279-768x1024.jpeg 768w, https:\/\/blogg.atl.nu\/nysater\/wp-content\/uploads\/sites\/26\/2020\/09\/18F511CE-8C7D-4612-A282-B18C0228B279-225x300.jpeg 225w, https:\/\/blogg.atl.nu\/nysater\/wp-content\/uploads\/sites\/26\/2020\/09\/18F511CE-8C7D-4612-A282-B18C0228B279.jpeg 1536w\" sizes=\"(max-width: 768px) 100vw, 768px\" \/><br \/>\n<em>En enda ny bild bland alla gamla h\u00e4r i inl\u00e4gget.<\/em><\/p>\n<p>Hoppas alla har haft en bra m\u00e5ndag. Jag avslutade min med styrkeyoga varvat med extremt sl\u00f6 seriekoll.<\/p>\n<p>&nbsp;<\/p>\n","protected":false},"excerpt":{"rendered":"<p>Nu \u00e4r det ny vecka och en hel del g\u00f6rom\u00e5l st\u00e5r p\u00e5 agendan. V\u00e4dret best\u00e4mmer \u00f6ver arbetsordningen men vi har vissa planer som vi hoppas kunna genomf\u00f6ra. H\u00e4r \u00e4r de.\u00a0 Fendten ska \u00e5terupplivas.\u00a0 Ny turbo har kommit nu och en lokal firma ryckte in f\u00f6r montering redan idag. Kylarproblematiken kvarst\u00e5r och m\u00e5ste ocks\u00e5 l\u00f6sas. H\u00e4r&#8230;<\/p>\n","protected":false},"author":338,"featured_media":225067,"comment_status":"open","ping_status":"open","sticky":false,"template":"","format":"standard","meta":[],"categories":[1],"tags":[25,21,3,93,5,6],"yoast_head":"<!-- This site is optimized with the Yoast SEO plugin v19.6 - https:\/\/yoast.com\/wordpress\/plugins\/seo\/ -->\n<title>Planerna f\u00f6r veckan - Nys\u00e4ter lantbruk<\/title>\n<meta name=\"robots\" content=\"index, follow, max-snippet:-1, max-image-preview:large, max-video-preview:-1\" \/>\n<link rel=\"canonical\" href=\"https:\/\/blogg.atl.nu\/nysater\/2020\/09\/08\/planerna-for-veckan\/\" \/>\n<meta property=\"og:locale\" content=\"sv_SE\" \/>\n<meta property=\"og:type\" content=\"article\" \/>\n<meta property=\"og:title\" content=\"Planerna f\u00f6r veckan - Nys\u00e4ter lantbruk\" \/>\n<meta property=\"og:description\" content=\"Nu \u00e4r det ny vecka och en hel del g\u00f6rom\u00e5l st\u00e5r p\u00e5 agendan. V\u00e4dret best\u00e4mmer \u00f6ver arbetsordningen men vi har vissa planer som vi hoppas kunna genomf\u00f6ra. H\u00e4r \u00e4r de.\u00a0 Fendten ska \u00e5terupplivas.\u00a0 Ny turbo har kommit nu och en lokal firma ryckte in f\u00f6r montering redan idag. Kylarproblematiken kvarst\u00e5r och m\u00e5ste ocks\u00e5 l\u00f6sas. H\u00e4r...\" \/>\n<meta property=\"og:url\" content=\"https:\/\/blogg.atl.nu\/nysater\/2020\/09\/08\/planerna-for-veckan\/\" \/>\n<meta property=\"og:site_name\" content=\"Nys\u00e4ter lantbruk\" \/>\n<meta property=\"article:published_time\" content=\"2020-09-07T22:21:13+00:00\" \/>\n<meta property=\"article:modified_time\" content=\"2020-09-07T22:48:34+00:00\" \/>\n<meta property=\"og:image\" content=\"https:\/\/blogg.atl.nu\/nysater\/wp-content\/uploads\/sites\/26\/2020\/04\/D2CAFE85-9453-47D0-958C-E507A2C8CAAC.jpeg\" \/>\n\t<meta property=\"og:image:width\" content=\"4032\" \/>\n\t<meta property=\"og:image:height\" content=\"3024\" \/>\n\t<meta property=\"og:image:type\" content=\"image\/jpeg\" \/>\n<meta name=\"author\" content=\"Elin Bergstr\u00f6m\" \/>\n<meta name=\"twitter:card\" content=\"summary\" \/>\n<meta name=\"twitter:label1\" content=\"Skriven av\" \/>\n\t<meta name=\"twitter:data1\" content=\"Elin Bergstr\u00f6m\" \/>\n\t<meta name=\"twitter:label2\" content=\"Ber\u00e4knad l\u00e4stid\" \/>\n\t<meta name=\"twitter:data2\" content=\"4 minuter\" \/>\n<script type=\"application\/ld+json\" class=\"yoast-schema-graph\">{\"@context\":\"https:\/\/schema.org\",\"@graph\":[{\"@type\":\"WebPage\",\"@id\":\"https:\/\/blogg.atl.nu\/nysater\/2020\/09\/08\/planerna-for-veckan\/\",\"url\":\"https:\/\/blogg.atl.nu\/nysater\/2020\/09\/08\/planerna-for-veckan\/\",\"name\":\"Planerna f\u00f6r veckan - Nys\u00e4ter lantbruk\",\"isPartOf\":{\"@id\":\"https:\/\/blogg.atl.nu\/nysater\/#website\"},\"datePublished\":\"2020-09-07T22:21:13+00:00\",\"dateModified\":\"2020-09-07T22:48:34+00:00\",\"author\":{\"@id\":\"https:\/\/blogg.atl.nu\/nysater\/#\/schema\/person\/44ec87efb92df15b0f3b0c68a84c7c0f\"},\"breadcrumb\":{\"@id\":\"https:\/\/blogg.atl.nu\/nysater\/2020\/09\/08\/planerna-for-veckan\/#breadcrumb\"},\"inLanguage\":\"sv-SE\",\"potentialAction\":[{\"@type\":\"ReadAction\",\"target\":[\"https:\/\/blogg.atl.nu\/nysater\/2020\/09\/08\/planerna-for-veckan\/\"]}]},{\"@type\":\"BreadcrumbList\",\"@id\":\"https:\/\/blogg.atl.nu\/nysater\/2020\/09\/08\/planerna-for-veckan\/#breadcrumb\",\"itemListElement\":[{\"@type\":\"ListItem\",\"position\":1,\"name\":\"Hem\",\"item\":\"https:\/\/blogg.atl.nu\/nysater\/\"},{\"@type\":\"ListItem\",\"position\":2,\"name\":\"Planerna f\u00f6r veckan\"}]},{\"@type\":\"WebSite\",\"@id\":\"https:\/\/blogg.atl.nu\/nysater\/#website\",\"url\":\"https:\/\/blogg.atl.nu\/nysater\/\",\"name\":\"Nys\u00e4ter lantbruk\",\"description\":\"Elin Bergstr\u00f6m\",\"potentialAction\":[{\"@type\":\"SearchAction\",\"target\":{\"@type\":\"EntryPoint\",\"urlTemplate\":\"https:\/\/blogg.atl.nu\/nysater\/?s={search_term_string}\"},\"query-input\":\"required name=search_term_string\"}],\"inLanguage\":\"sv-SE\"},{\"@type\":\"Person\",\"@id\":\"https:\/\/blogg.atl.nu\/nysater\/#\/schema\/person\/44ec87efb92df15b0f3b0c68a84c7c0f\",\"name\":\"Elin Bergstr\u00f6m\",\"image\":{\"@type\":\"ImageObject\",\"inLanguage\":\"sv-SE\",\"@id\":\"https:\/\/blogg.atl.nu\/nysater\/#\/schema\/person\/image\/\",\"url\":\"https:\/\/secure.gravatar.com\/avatar\/c68fea4c0b5b10e41c5a9ecd1fb1b3c0?s=96&d=mm&r=g\",\"contentUrl\":\"https:\/\/secure.gravatar.com\/avatar\/c68fea4c0b5b10e41c5a9ecd1fb1b3c0?s=96&d=mm&r=g\",\"caption\":\"Elin Bergstr\u00f6m\"},\"url\":\"https:\/\/blogg.atl.nu\/nysater\/author\/elin\/\"}]}<\/script>\n<!-- \/ Yoast SEO plugin. -->","yoast_head_json":{"title":"Planerna f\u00f6r veckan - Nys\u00e4ter lantbruk","robots":{"index":"index","follow":"follow","max-snippet":"max-snippet:-1","max-image-preview":"max-image-preview:large","max-video-preview":"max-video-preview:-1"},"canonical":"https:\/\/blogg.atl.nu\/nysater\/2020\/09\/08\/planerna-for-veckan\/","og_locale":"sv_SE","og_type":"article","og_title":"Planerna f\u00f6r veckan - Nys\u00e4ter lantbruk","og_description":"Nu \u00e4r det ny vecka och en hel del g\u00f6rom\u00e5l st\u00e5r p\u00e5 agendan. V\u00e4dret best\u00e4mmer \u00f6ver arbetsordningen men vi har vissa planer som vi hoppas kunna genomf\u00f6ra. H\u00e4r \u00e4r de.\u00a0 Fendten ska \u00e5terupplivas.\u00a0 Ny turbo har kommit nu och en lokal firma ryckte in f\u00f6r montering redan idag. Kylarproblematiken kvarst\u00e5r och m\u00e5ste ocks\u00e5 l\u00f6sas. H\u00e4r...","og_url":"https:\/\/blogg.atl.nu\/nysater\/2020\/09\/08\/planerna-for-veckan\/","og_site_name":"Nys\u00e4ter lantbruk","article_published_time":"2020-09-07T22:21:13+00:00","article_modified_time":"2020-09-07T22:48:34+00:00","og_image":[{"width":4032,"height":3024,"url":"https:\/\/blogg.atl.nu\/nysater\/wp-content\/uploads\/sites\/26\/2020\/04\/D2CAFE85-9453-47D0-958C-E507A2C8CAAC.jpeg","type":"image\/jpeg"}],"author":"Elin Bergstr\u00f6m","twitter_card":"summary","twitter_misc":{"Skriven av":"Elin Bergstr\u00f6m","Ber\u00e4knad l\u00e4stid":"4 minuter"},"schema":{"@context":"https:\/\/schema.org","@graph":[{"@type":"WebPage","@id":"https:\/\/blogg.atl.nu\/nysater\/2020\/09\/08\/planerna-for-veckan\/","url":"https:\/\/blogg.atl.nu\/nysater\/2020\/09\/08\/planerna-for-veckan\/","name":"Planerna f\u00f6r veckan - Nys\u00e4ter lantbruk","isPartOf":{"@id":"https:\/\/blogg.atl.nu\/nysater\/#website"},"datePublished":"2020-09-07T22:21:13+00:00","dateModified":"2020-09-07T22:48:34+00:00","author":{"@id":"https:\/\/blogg.atl.nu\/nysater\/#\/schema\/person\/44ec87efb92df15b0f3b0c68a84c7c0f"},"breadcrumb":{"@id":"https:\/\/blogg.atl.nu\/nysater\/2020\/09\/08\/planerna-for-veckan\/#breadcrumb"},"inLanguage":"sv-SE","potentialAction":[{"@type":"ReadAction","target":["https:\/\/blogg.atl.nu\/nysater\/2020\/09\/08\/planerna-for-veckan\/"]}]},{"@type":"BreadcrumbList","@id":"https:\/\/blogg.atl.nu\/nysater\/2020\/09\/08\/planerna-for-veckan\/#breadcrumb","itemListElement":[{"@type":"ListItem","position":1,"name":"Hem","item":"https:\/\/blogg.atl.nu\/nysater\/"},{"@type":"ListItem","position":2,"name":"Planerna f\u00f6r veckan"}]},{"@type":"WebSite","@id":"https:\/\/blogg.atl.nu\/nysater\/#website","url":"https:\/\/blogg.atl.nu\/nysater\/","name":"Nys\u00e4ter lantbruk","description":"Elin Bergstr\u00f6m","potentialAction":[{"@type":"SearchAction","target":{"@type":"EntryPoint","urlTemplate":"https:\/\/blogg.atl.nu\/nysater\/?s={search_term_string}"},"query-input":"required name=search_term_string"}],"inLanguage":"sv-SE"},{"@type":"Person","@id":"https:\/\/blogg.atl.nu\/nysater\/#\/schema\/person\/44ec87efb92df15b0f3b0c68a84c7c0f","name":"Elin Bergstr\u00f6m","image":{"@type":"ImageObject","inLanguage":"sv-SE","@id":"https:\/\/blogg.atl.nu\/nysater\/#\/schema\/person\/image\/","url":"https:\/\/secure.gravatar.com\/avatar\/c68fea4c0b5b10e41c5a9ecd1fb1b3c0?s=96&d=mm&r=g","contentUrl":"https:\/\/secure.gravatar.com\/avatar\/c68fea4c0b5b10e41c5a9ecd1fb1b3c0?s=96&d=mm&r=g","caption":"Elin Bergstr\u00f6m"},"url":"https:\/\/blogg.atl.nu\/nysater\/author\/elin\/"}]}},"_links":{"self":[{"href":"https:\/\/blogg.atl.nu\/nysater\/wp-json\/wp\/v2\/posts\/226146"}],"collection":[{"href":"https:\/\/blogg.atl.nu\/nysater\/wp-json\/wp\/v2\/posts"}],"about":[{"href":"https:\/\/blogg.atl.nu\/nysater\/wp-json\/wp\/v2\/types\/post"}],"author":[{"embeddable":true,"href":"https:\/\/blogg.atl.nu\/nysater\/wp-json\/wp\/v2\/users\/338"}],"replies":[{"embeddable":true,"href":"https:\/\/blogg.atl.nu\/nysater\/wp-json\/wp\/v2\/comments?post=226146"}],"version-history":[{"count":7,"href":"https:\/\/blogg.atl.nu\/nysater\/wp-json\/wp\/v2\/posts\/226146\/revisions"}],"predecessor-version":[{"id":226160,"href":"https:\/\/blogg.atl.nu\/nysater\/wp-json\/wp\/v2\/posts\/226146\/revisions\/226160"}],"wp:featuredmedia":[{"embeddable":true,"href":"https:\/\/blogg.atl.nu\/nysater\/wp-json\/wp\/v2\/media\/225067"}],"wp:attachment":[{"href":"https:\/\/blogg.atl.nu\/nysater\/wp-json\/wp\/v2\/media?parent=226146"}],"wp:term":[{"taxonomy":"category","embeddable":true,"href":"https:\/\/blogg.atl.nu\/nysater\/wp-json\/wp\/v2\/categories?post=226146"},{"taxonomy":"post_tag","embeddable":true,"href":"https:\/\/blogg.atl.nu\/nysater\/wp-json\/wp\/v2\/tags?post=226146"}],"curies":[{"name":"wp","href":"https:\/\/api.w.org\/{rel}","templated":true}]}}