{"id":226520,"date":"2020-10-18T12:31:08","date_gmt":"2020-10-18T10:31:08","guid":{"rendered":"https:\/\/blogg.atl.nu\/nysater\/?p=226520"},"modified":"2020-10-18T12:34:33","modified_gmt":"2020-10-18T10:34:33","slug":"svart-att-halla-emot","status":"publish","type":"post","link":"https:\/\/blogg.atl.nu\/nysater\/2020\/10\/18\/svart-att-halla-emot\/","title":{"rendered":"Sv\u00e5rt att h\u00e5lla emot"},"content":{"rendered":"<p><b>Dannes morfar sa alltid s\u00e5 om man klagade p\u00e5 v\u00e4dret. Han plirade upp mot himlen och liksom funderade. Sen sa han, om regnet eller sn\u00f6n som f\u00f6ll: \u201dMmm.. det \u00e4r ju sv\u00e5rt att h\u00e5lla emot\u201d.<\/b><\/p>\n<p>Han hade r\u00e4tt s\u00e5klart, han hade ofta det. Det \u00e4r inte mycket att g\u00f6ra \u00e5t v\u00e4dret men kan man f\u00e5 bli lite bedr\u00f6vad \u00e4nd\u00e5? En stund i alla fall? \u00a0N\u00e4r det sn\u00f6ar medan man har korn kvar p\u00e5 \u00e5krarna?<\/p>\n<p><img loading=\"lazy\" class=\"alignnone size-large wp-image-226521\" src=\"https:\/\/blogg.atl.nu\/nysater\/wp-content\/uploads\/sites\/26\/2020\/10\/DA434FDE-15D0-45FD-9CE5-DFDE3664CD56-1024x892.jpeg\" alt=\"\" width=\"1024\" height=\"892\" srcset=\"https:\/\/blogg.atl.nu\/nysater\/wp-content\/uploads\/sites\/26\/2020\/10\/DA434FDE-15D0-45FD-9CE5-DFDE3664CD56-1024x892.jpeg 1024w, https:\/\/blogg.atl.nu\/nysater\/wp-content\/uploads\/sites\/26\/2020\/10\/DA434FDE-15D0-45FD-9CE5-DFDE3664CD56-300x261.jpeg 300w, https:\/\/blogg.atl.nu\/nysater\/wp-content\/uploads\/sites\/26\/2020\/10\/DA434FDE-15D0-45FD-9CE5-DFDE3664CD56-768x669.jpeg 768w, https:\/\/blogg.atl.nu\/nysater\/wp-content\/uploads\/sites\/26\/2020\/10\/DA434FDE-15D0-45FD-9CE5-DFDE3664CD56.jpeg 2048w\" sizes=\"(max-width: 1024px) 100vw, 1024px\" \/><\/p>\n<p>Ig\u00e5r tr\u00f6skade Danne n\u00e5gon hektar. Bl\u00f6t s\u00e4d, en hel del spill och lite axgrott men han fick hem tv\u00e5 vagnar. I morse kom f\u00f6rsta sn\u00f6n. Allt k\u00e4nns r\u00e4tt meningsl\u00f6st just nu.<\/p>\n<p><img loading=\"lazy\" class=\"alignnone size-large wp-image-226522\" src=\"https:\/\/blogg.atl.nu\/nysater\/wp-content\/uploads\/sites\/26\/2020\/10\/57E76945-AA70-4F18-A3FE-FB31CB07C2A7-1024x768.jpeg\" alt=\"\" width=\"1024\" height=\"768\" srcset=\"https:\/\/blogg.atl.nu\/nysater\/wp-content\/uploads\/sites\/26\/2020\/10\/57E76945-AA70-4F18-A3FE-FB31CB07C2A7-1024x768.jpeg 1024w, https:\/\/blogg.atl.nu\/nysater\/wp-content\/uploads\/sites\/26\/2020\/10\/57E76945-AA70-4F18-A3FE-FB31CB07C2A7-300x225.jpeg 300w, https:\/\/blogg.atl.nu\/nysater\/wp-content\/uploads\/sites\/26\/2020\/10\/57E76945-AA70-4F18-A3FE-FB31CB07C2A7-768x576.jpeg 768w, https:\/\/blogg.atl.nu\/nysater\/wp-content\/uploads\/sites\/26\/2020\/10\/57E76945-AA70-4F18-A3FE-FB31CB07C2A7.jpeg 2048w\" sizes=\"(max-width: 1024px) 100vw, 1024px\" \/><\/p>\n<p>Jag vill vara hemma.<\/p>\n<p>&nbsp;<\/p>\n","protected":false},"excerpt":{"rendered":"<p>Dannes morfar sa alltid s\u00e5 om man klagade p\u00e5 v\u00e4dret. Han plirade upp mot himlen och liksom funderade. Sen sa han, om regnet eller sn\u00f6n som f\u00f6ll: \u201dMmm.. det \u00e4r ju sv\u00e5rt att h\u00e5lla emot\u201d. Han hade r\u00e4tt s\u00e5klart, han hade ofta det. Det \u00e4r inte mycket att g\u00f6ra \u00e5t v\u00e4dret men kan man f\u00e5&#8230;<\/p>\n","protected":false},"author":338,"featured_media":226523,"comment_status":"open","ping_status":"open","sticky":false,"template":"","format":"standard","meta":[],"categories":[1],"tags":[3,49,6,110],"yoast_head":"<!-- This site is optimized with the Yoast SEO plugin v19.6 - https:\/\/yoast.com\/wordpress\/plugins\/seo\/ -->\n<title>Sv\u00e5rt att h\u00e5lla emot - Nys\u00e4ter lantbruk<\/title>\n<meta name=\"robots\" content=\"index, follow, max-snippet:-1, max-image-preview:large, max-video-preview:-1\" \/>\n<link rel=\"canonical\" href=\"https:\/\/blogg.atl.nu\/nysater\/2020\/10\/18\/svart-att-halla-emot\/\" \/>\n<meta property=\"og:locale\" content=\"sv_SE\" \/>\n<meta property=\"og:type\" content=\"article\" \/>\n<meta property=\"og:title\" content=\"Sv\u00e5rt att h\u00e5lla emot - Nys\u00e4ter lantbruk\" \/>\n<meta property=\"og:description\" content=\"Dannes morfar sa alltid s\u00e5 om man klagade p\u00e5 v\u00e4dret. Han plirade upp mot himlen och liksom funderade. Sen sa han, om regnet eller sn\u00f6n som f\u00f6ll: \u201dMmm.. det \u00e4r ju sv\u00e5rt att h\u00e5lla emot\u201d. Han hade r\u00e4tt s\u00e5klart, han hade ofta det. Det \u00e4r inte mycket att g\u00f6ra \u00e5t v\u00e4dret men kan man f\u00e5...\" \/>\n<meta property=\"og:url\" content=\"https:\/\/blogg.atl.nu\/nysater\/2020\/10\/18\/svart-att-halla-emot\/\" \/>\n<meta property=\"og:site_name\" content=\"Nys\u00e4ter lantbruk\" \/>\n<meta property=\"article:published_time\" content=\"2020-10-18T10:31:08+00:00\" \/>\n<meta property=\"article:modified_time\" content=\"2020-10-18T10:34:33+00:00\" \/>\n<meta property=\"og:image\" content=\"https:\/\/blogg.atl.nu\/nysater\/wp-content\/uploads\/sites\/26\/2020\/10\/40EE1425-5155-422A-8A42-F923BD0EA56A.jpeg\" \/>\n\t<meta property=\"og:image:width\" content=\"1280\" \/>\n\t<meta property=\"og:image:height\" content=\"960\" \/>\n\t<meta property=\"og:image:type\" content=\"image\/jpeg\" \/>\n<meta name=\"author\" content=\"Elin Bergstr\u00f6m\" \/>\n<meta name=\"twitter:card\" content=\"summary\" \/>\n<meta name=\"twitter:label1\" content=\"Skriven av\" \/>\n\t<meta name=\"twitter:data1\" content=\"Elin Bergstr\u00f6m\" \/>\n\t<meta name=\"twitter:label2\" content=\"Ber\u00e4knad l\u00e4stid\" \/>\n\t<meta name=\"twitter:data2\" content=\"1 minut\" \/>\n<script type=\"application\/ld+json\" class=\"yoast-schema-graph\">{\"@context\":\"https:\/\/schema.org\",\"@graph\":[{\"@type\":\"WebPage\",\"@id\":\"https:\/\/blogg.atl.nu\/nysater\/2020\/10\/18\/svart-att-halla-emot\/\",\"url\":\"https:\/\/blogg.atl.nu\/nysater\/2020\/10\/18\/svart-att-halla-emot\/\",\"name\":\"Sv\u00e5rt att h\u00e5lla emot - Nys\u00e4ter lantbruk\",\"isPartOf\":{\"@id\":\"https:\/\/blogg.atl.nu\/nysater\/#website\"},\"datePublished\":\"2020-10-18T10:31:08+00:00\",\"dateModified\":\"2020-10-18T10:34:33+00:00\",\"author\":{\"@id\":\"https:\/\/blogg.atl.nu\/nysater\/#\/schema\/person\/44ec87efb92df15b0f3b0c68a84c7c0f\"},\"breadcrumb\":{\"@id\":\"https:\/\/blogg.atl.nu\/nysater\/2020\/10\/18\/svart-att-halla-emot\/#breadcrumb\"},\"inLanguage\":\"sv-SE\",\"potentialAction\":[{\"@type\":\"ReadAction\",\"target\":[\"https:\/\/blogg.atl.nu\/nysater\/2020\/10\/18\/svart-att-halla-emot\/\"]}]},{\"@type\":\"BreadcrumbList\",\"@id\":\"https:\/\/blogg.atl.nu\/nysater\/2020\/10\/18\/svart-att-halla-emot\/#breadcrumb\",\"itemListElement\":[{\"@type\":\"ListItem\",\"position\":1,\"name\":\"Hem\",\"item\":\"https:\/\/blogg.atl.nu\/nysater\/\"},{\"@type\":\"ListItem\",\"position\":2,\"name\":\"Sv\u00e5rt att h\u00e5lla emot\"}]},{\"@type\":\"WebSite\",\"@id\":\"https:\/\/blogg.atl.nu\/nysater\/#website\",\"url\":\"https:\/\/blogg.atl.nu\/nysater\/\",\"name\":\"Nys\u00e4ter lantbruk\",\"description\":\"Elin Bergstr\u00f6m\",\"potentialAction\":[{\"@type\":\"SearchAction\",\"target\":{\"@type\":\"EntryPoint\",\"urlTemplate\":\"https:\/\/blogg.atl.nu\/nysater\/?s={search_term_string}\"},\"query-input\":\"required name=search_term_string\"}],\"inLanguage\":\"sv-SE\"},{\"@type\":\"Person\",\"@id\":\"https:\/\/blogg.atl.nu\/nysater\/#\/schema\/person\/44ec87efb92df15b0f3b0c68a84c7c0f\",\"name\":\"Elin Bergstr\u00f6m\",\"image\":{\"@type\":\"ImageObject\",\"inLanguage\":\"sv-SE\",\"@id\":\"https:\/\/blogg.atl.nu\/nysater\/#\/schema\/person\/image\/\",\"url\":\"https:\/\/secure.gravatar.com\/avatar\/c68fea4c0b5b10e41c5a9ecd1fb1b3c0?s=96&d=mm&r=g\",\"contentUrl\":\"https:\/\/secure.gravatar.com\/avatar\/c68fea4c0b5b10e41c5a9ecd1fb1b3c0?s=96&d=mm&r=g\",\"caption\":\"Elin Bergstr\u00f6m\"},\"url\":\"https:\/\/blogg.atl.nu\/nysater\/author\/elin\/\"}]}<\/script>\n<!-- \/ Yoast SEO plugin. -->","yoast_head_json":{"title":"Sv\u00e5rt att h\u00e5lla emot - Nys\u00e4ter lantbruk","robots":{"index":"index","follow":"follow","max-snippet":"max-snippet:-1","max-image-preview":"max-image-preview:large","max-video-preview":"max-video-preview:-1"},"canonical":"https:\/\/blogg.atl.nu\/nysater\/2020\/10\/18\/svart-att-halla-emot\/","og_locale":"sv_SE","og_type":"article","og_title":"Sv\u00e5rt att h\u00e5lla emot - Nys\u00e4ter lantbruk","og_description":"Dannes morfar sa alltid s\u00e5 om man klagade p\u00e5 v\u00e4dret. Han plirade upp mot himlen och liksom funderade. Sen sa han, om regnet eller sn\u00f6n som f\u00f6ll: \u201dMmm.. det \u00e4r ju sv\u00e5rt att h\u00e5lla emot\u201d. Han hade r\u00e4tt s\u00e5klart, han hade ofta det. Det \u00e4r inte mycket att g\u00f6ra \u00e5t v\u00e4dret men kan man f\u00e5...","og_url":"https:\/\/blogg.atl.nu\/nysater\/2020\/10\/18\/svart-att-halla-emot\/","og_site_name":"Nys\u00e4ter lantbruk","article_published_time":"2020-10-18T10:31:08+00:00","article_modified_time":"2020-10-18T10:34:33+00:00","og_image":[{"width":1280,"height":960,"url":"https:\/\/blogg.atl.nu\/nysater\/wp-content\/uploads\/sites\/26\/2020\/10\/40EE1425-5155-422A-8A42-F923BD0EA56A.jpeg","type":"image\/jpeg"}],"author":"Elin Bergstr\u00f6m","twitter_card":"summary","twitter_misc":{"Skriven av":"Elin Bergstr\u00f6m","Ber\u00e4knad l\u00e4stid":"1 minut"},"schema":{"@context":"https:\/\/schema.org","@graph":[{"@type":"WebPage","@id":"https:\/\/blogg.atl.nu\/nysater\/2020\/10\/18\/svart-att-halla-emot\/","url":"https:\/\/blogg.atl.nu\/nysater\/2020\/10\/18\/svart-att-halla-emot\/","name":"Sv\u00e5rt att h\u00e5lla emot - Nys\u00e4ter lantbruk","isPartOf":{"@id":"https:\/\/blogg.atl.nu\/nysater\/#website"},"datePublished":"2020-10-18T10:31:08+00:00","dateModified":"2020-10-18T10:34:33+00:00","author":{"@id":"https:\/\/blogg.atl.nu\/nysater\/#\/schema\/person\/44ec87efb92df15b0f3b0c68a84c7c0f"},"breadcrumb":{"@id":"https:\/\/blogg.atl.nu\/nysater\/2020\/10\/18\/svart-att-halla-emot\/#breadcrumb"},"inLanguage":"sv-SE","potentialAction":[{"@type":"ReadAction","target":["https:\/\/blogg.atl.nu\/nysater\/2020\/10\/18\/svart-att-halla-emot\/"]}]},{"@type":"BreadcrumbList","@id":"https:\/\/blogg.atl.nu\/nysater\/2020\/10\/18\/svart-att-halla-emot\/#breadcrumb","itemListElement":[{"@type":"ListItem","position":1,"name":"Hem","item":"https:\/\/blogg.atl.nu\/nysater\/"},{"@type":"ListItem","position":2,"name":"Sv\u00e5rt att h\u00e5lla emot"}]},{"@type":"WebSite","@id":"https:\/\/blogg.atl.nu\/nysater\/#website","url":"https:\/\/blogg.atl.nu\/nysater\/","name":"Nys\u00e4ter lantbruk","description":"Elin Bergstr\u00f6m","potentialAction":[{"@type":"SearchAction","target":{"@type":"EntryPoint","urlTemplate":"https:\/\/blogg.atl.nu\/nysater\/?s={search_term_string}"},"query-input":"required name=search_term_string"}],"inLanguage":"sv-SE"},{"@type":"Person","@id":"https:\/\/blogg.atl.nu\/nysater\/#\/schema\/person\/44ec87efb92df15b0f3b0c68a84c7c0f","name":"Elin Bergstr\u00f6m","image":{"@type":"ImageObject","inLanguage":"sv-SE","@id":"https:\/\/blogg.atl.nu\/nysater\/#\/schema\/person\/image\/","url":"https:\/\/secure.gravatar.com\/avatar\/c68fea4c0b5b10e41c5a9ecd1fb1b3c0?s=96&d=mm&r=g","contentUrl":"https:\/\/secure.gravatar.com\/avatar\/c68fea4c0b5b10e41c5a9ecd1fb1b3c0?s=96&d=mm&r=g","caption":"Elin Bergstr\u00f6m"},"url":"https:\/\/blogg.atl.nu\/nysater\/author\/elin\/"}]}},"_links":{"self":[{"href":"https:\/\/blogg.atl.nu\/nysater\/wp-json\/wp\/v2\/posts\/226520"}],"collection":[{"href":"https:\/\/blogg.atl.nu\/nysater\/wp-json\/wp\/v2\/posts"}],"about":[{"href":"https:\/\/blogg.atl.nu\/nysater\/wp-json\/wp\/v2\/types\/post"}],"author":[{"embeddable":true,"href":"https:\/\/blogg.atl.nu\/nysater\/wp-json\/wp\/v2\/users\/338"}],"replies":[{"embeddable":true,"href":"https:\/\/blogg.atl.nu\/nysater\/wp-json\/wp\/v2\/comments?post=226520"}],"version-history":[{"count":4,"href":"https:\/\/blogg.atl.nu\/nysater\/wp-json\/wp\/v2\/posts\/226520\/revisions"}],"predecessor-version":[{"id":226527,"href":"https:\/\/blogg.atl.nu\/nysater\/wp-json\/wp\/v2\/posts\/226520\/revisions\/226527"}],"wp:featuredmedia":[{"embeddable":true,"href":"https:\/\/blogg.atl.nu\/nysater\/wp-json\/wp\/v2\/media\/226523"}],"wp:attachment":[{"href":"https:\/\/blogg.atl.nu\/nysater\/wp-json\/wp\/v2\/media?parent=226520"}],"wp:term":[{"taxonomy":"category","embeddable":true,"href":"https:\/\/blogg.atl.nu\/nysater\/wp-json\/wp\/v2\/categories?post=226520"},{"taxonomy":"post_tag","embeddable":true,"href":"https:\/\/blogg.atl.nu\/nysater\/wp-json\/wp\/v2\/tags?post=226520"}],"curies":[{"name":"wp","href":"https:\/\/api.w.org\/{rel}","templated":true}]}}