{"id":228213,"date":"2021-07-15T09:20:12","date_gmt":"2021-07-15T07:20:12","guid":{"rendered":"https:\/\/blogg.atl.nu\/nysater\/?p=228213"},"modified":"2021-07-15T09:21:09","modified_gmt":"2021-07-15T07:21:09","slug":"i-ljuvliga-dalarna","status":"publish","type":"post","link":"https:\/\/blogg.atl.nu\/nysater\/2021\/07\/15\/i-ljuvliga-dalarna\/","title":{"rendered":"I ljuvliga Dalarna"},"content":{"rendered":"<p><strong>Orsa i morgondis. En snabbsemester och solen \u00e4r precis p\u00e5 v\u00e4g att bryta sig fram.\u00a0<\/strong><\/p>\n<p>Vi drog iv\u00e4g en sv\u00e4ng, jag syrran och ett g\u00e4ng ungar! Vaknade i v\u00e4rldens finaste stuga och h\u00f6rde trivsamt kusinprat p\u00e5 nederv\u00e5ningen. Det kan knappt bli b\u00e4ttre.<\/p>\n<p><img loading=\"lazy\" class=\"alignnone size-medium wp-image-228215\" src=\"https:\/\/blogg.atl.nu\/nysater\/wp-content\/uploads\/sites\/26\/2021\/07\/1F7FFBA9-A92C-45DF-B522-0C756513E6AC-300x225.jpeg\" alt=\"\" width=\"300\" height=\"225\" srcset=\"https:\/\/blogg.atl.nu\/nysater\/wp-content\/uploads\/sites\/26\/2021\/07\/1F7FFBA9-A92C-45DF-B522-0C756513E6AC-300x225.jpeg 300w, https:\/\/blogg.atl.nu\/nysater\/wp-content\/uploads\/sites\/26\/2021\/07\/1F7FFBA9-A92C-45DF-B522-0C756513E6AC-768x576.jpeg 768w, https:\/\/blogg.atl.nu\/nysater\/wp-content\/uploads\/sites\/26\/2021\/07\/1F7FFBA9-A92C-45DF-B522-0C756513E6AC-1024x768.jpeg 1024w, https:\/\/blogg.atl.nu\/nysater\/wp-content\/uploads\/sites\/26\/2021\/07\/1F7FFBA9-A92C-45DF-B522-0C756513E6AC.jpeg 2048w\" sizes=\"(max-width: 300px) 100vw, 300px\" \/><\/p>\n<p><img loading=\"lazy\" class=\"alignnone size-medium wp-image-228216\" src=\"https:\/\/blogg.atl.nu\/nysater\/wp-content\/uploads\/sites\/26\/2021\/07\/77C1A621-083F-46E3-8E7D-ED1350E2741D-300x225.jpeg\" alt=\"\" width=\"300\" height=\"225\" srcset=\"https:\/\/blogg.atl.nu\/nysater\/wp-content\/uploads\/sites\/26\/2021\/07\/77C1A621-083F-46E3-8E7D-ED1350E2741D-300x225.jpeg 300w, https:\/\/blogg.atl.nu\/nysater\/wp-content\/uploads\/sites\/26\/2021\/07\/77C1A621-083F-46E3-8E7D-ED1350E2741D-768x576.jpeg 768w, https:\/\/blogg.atl.nu\/nysater\/wp-content\/uploads\/sites\/26\/2021\/07\/77C1A621-083F-46E3-8E7D-ED1350E2741D-1024x768.jpeg 1024w, https:\/\/blogg.atl.nu\/nysater\/wp-content\/uploads\/sites\/26\/2021\/07\/77C1A621-083F-46E3-8E7D-ED1350E2741D.jpeg 2048w\" sizes=\"(max-width: 300px) 100vw, 300px\" \/><br \/>\n<img loading=\"lazy\" class=\"alignnone size-medium wp-image-228214\" src=\"https:\/\/blogg.atl.nu\/nysater\/wp-content\/uploads\/sites\/26\/2021\/07\/8BDEABB4-6F10-427B-9A38-8FE6B81FCEF6-300x225.jpeg\" alt=\"\" width=\"300\" height=\"225\" srcset=\"https:\/\/blogg.atl.nu\/nysater\/wp-content\/uploads\/sites\/26\/2021\/07\/8BDEABB4-6F10-427B-9A38-8FE6B81FCEF6-300x225.jpeg 300w, https:\/\/blogg.atl.nu\/nysater\/wp-content\/uploads\/sites\/26\/2021\/07\/8BDEABB4-6F10-427B-9A38-8FE6B81FCEF6-768x576.jpeg 768w, https:\/\/blogg.atl.nu\/nysater\/wp-content\/uploads\/sites\/26\/2021\/07\/8BDEABB4-6F10-427B-9A38-8FE6B81FCEF6-1024x768.jpeg 1024w, https:\/\/blogg.atl.nu\/nysater\/wp-content\/uploads\/sites\/26\/2021\/07\/8BDEABB4-6F10-427B-9A38-8FE6B81FCEF6.jpeg 2048w\" sizes=\"(max-width: 300px) 100vw, 300px\" \/><\/p>\n<p>Nu ska vi till rovdjursparken. S\u00e5 fort jag druckit upp mitt kaffe h\u00e4r p\u00e5 altanen.<\/p>\n","protected":false},"excerpt":{"rendered":"<p>Orsa i morgondis. En snabbsemester och solen \u00e4r precis p\u00e5 v\u00e4g att bryta sig fram.\u00a0 Vi drog iv\u00e4g en sv\u00e4ng, jag syrran och ett g\u00e4ng ungar! Vaknade i v\u00e4rldens finaste stuga och h\u00f6rde trivsamt kusinprat p\u00e5 nederv\u00e5ningen. Det kan knappt bli b\u00e4ttre. Nu ska vi till rovdjursparken. S\u00e5 fort jag druckit upp mitt kaffe h\u00e4r&#8230;<\/p>\n","protected":false},"author":338,"featured_media":228214,"comment_status":"open","ping_status":"open","sticky":false,"template":"","format":"standard","meta":[],"categories":[1],"tags":[],"yoast_head":"<!-- This site is optimized with the Yoast SEO plugin v19.6 - https:\/\/yoast.com\/wordpress\/plugins\/seo\/ -->\n<title>I ljuvliga Dalarna - Nys\u00e4ter lantbruk<\/title>\n<meta name=\"robots\" content=\"index, follow, max-snippet:-1, max-image-preview:large, max-video-preview:-1\" \/>\n<link rel=\"canonical\" href=\"https:\/\/blogg.atl.nu\/nysater\/2021\/07\/15\/i-ljuvliga-dalarna\/\" \/>\n<meta property=\"og:locale\" content=\"sv_SE\" \/>\n<meta property=\"og:type\" content=\"article\" \/>\n<meta property=\"og:title\" content=\"I ljuvliga Dalarna - Nys\u00e4ter lantbruk\" \/>\n<meta property=\"og:description\" content=\"Orsa i morgondis. En snabbsemester och solen \u00e4r precis p\u00e5 v\u00e4g att bryta sig fram.\u00a0 Vi drog iv\u00e4g en sv\u00e4ng, jag syrran och ett g\u00e4ng ungar! Vaknade i v\u00e4rldens finaste stuga och h\u00f6rde trivsamt kusinprat p\u00e5 nederv\u00e5ningen. Det kan knappt bli b\u00e4ttre. Nu ska vi till rovdjursparken. S\u00e5 fort jag druckit upp mitt kaffe h\u00e4r...\" \/>\n<meta property=\"og:url\" content=\"https:\/\/blogg.atl.nu\/nysater\/2021\/07\/15\/i-ljuvliga-dalarna\/\" \/>\n<meta property=\"og:site_name\" content=\"Nys\u00e4ter lantbruk\" \/>\n<meta property=\"article:published_time\" content=\"2021-07-15T07:20:12+00:00\" \/>\n<meta property=\"article:modified_time\" content=\"2021-07-15T07:21:09+00:00\" \/>\n<meta property=\"og:image\" content=\"https:\/\/blogg.atl.nu\/nysater\/wp-content\/uploads\/sites\/26\/2021\/07\/8BDEABB4-6F10-427B-9A38-8FE6B81FCEF6-1024x768.jpeg\" \/>\n\t<meta property=\"og:image:width\" content=\"1024\" \/>\n\t<meta property=\"og:image:height\" content=\"768\" \/>\n\t<meta property=\"og:image:type\" content=\"image\/jpeg\" \/>\n<meta name=\"author\" content=\"Elin Bergstr\u00f6m\" \/>\n<meta name=\"twitter:card\" content=\"summary\" \/>\n<meta name=\"twitter:label1\" content=\"Skriven av\" \/>\n\t<meta name=\"twitter:data1\" content=\"Elin Bergstr\u00f6m\" \/>\n<script type=\"application\/ld+json\" class=\"yoast-schema-graph\">{\"@context\":\"https:\/\/schema.org\",\"@graph\":[{\"@type\":\"WebPage\",\"@id\":\"https:\/\/blogg.atl.nu\/nysater\/2021\/07\/15\/i-ljuvliga-dalarna\/\",\"url\":\"https:\/\/blogg.atl.nu\/nysater\/2021\/07\/15\/i-ljuvliga-dalarna\/\",\"name\":\"I ljuvliga Dalarna - Nys\u00e4ter lantbruk\",\"isPartOf\":{\"@id\":\"https:\/\/blogg.atl.nu\/nysater\/#website\"},\"datePublished\":\"2021-07-15T07:20:12+00:00\",\"dateModified\":\"2021-07-15T07:21:09+00:00\",\"author\":{\"@id\":\"https:\/\/blogg.atl.nu\/nysater\/#\/schema\/person\/44ec87efb92df15b0f3b0c68a84c7c0f\"},\"breadcrumb\":{\"@id\":\"https:\/\/blogg.atl.nu\/nysater\/2021\/07\/15\/i-ljuvliga-dalarna\/#breadcrumb\"},\"inLanguage\":\"sv-SE\",\"potentialAction\":[{\"@type\":\"ReadAction\",\"target\":[\"https:\/\/blogg.atl.nu\/nysater\/2021\/07\/15\/i-ljuvliga-dalarna\/\"]}]},{\"@type\":\"BreadcrumbList\",\"@id\":\"https:\/\/blogg.atl.nu\/nysater\/2021\/07\/15\/i-ljuvliga-dalarna\/#breadcrumb\",\"itemListElement\":[{\"@type\":\"ListItem\",\"position\":1,\"name\":\"Hem\",\"item\":\"https:\/\/blogg.atl.nu\/nysater\/\"},{\"@type\":\"ListItem\",\"position\":2,\"name\":\"I ljuvliga Dalarna\"}]},{\"@type\":\"WebSite\",\"@id\":\"https:\/\/blogg.atl.nu\/nysater\/#website\",\"url\":\"https:\/\/blogg.atl.nu\/nysater\/\",\"name\":\"Nys\u00e4ter lantbruk\",\"description\":\"Elin Bergstr\u00f6m\",\"potentialAction\":[{\"@type\":\"SearchAction\",\"target\":{\"@type\":\"EntryPoint\",\"urlTemplate\":\"https:\/\/blogg.atl.nu\/nysater\/?s={search_term_string}\"},\"query-input\":\"required name=search_term_string\"}],\"inLanguage\":\"sv-SE\"},{\"@type\":\"Person\",\"@id\":\"https:\/\/blogg.atl.nu\/nysater\/#\/schema\/person\/44ec87efb92df15b0f3b0c68a84c7c0f\",\"name\":\"Elin Bergstr\u00f6m\",\"image\":{\"@type\":\"ImageObject\",\"inLanguage\":\"sv-SE\",\"@id\":\"https:\/\/blogg.atl.nu\/nysater\/#\/schema\/person\/image\/\",\"url\":\"https:\/\/secure.gravatar.com\/avatar\/c68fea4c0b5b10e41c5a9ecd1fb1b3c0?s=96&d=mm&r=g\",\"contentUrl\":\"https:\/\/secure.gravatar.com\/avatar\/c68fea4c0b5b10e41c5a9ecd1fb1b3c0?s=96&d=mm&r=g\",\"caption\":\"Elin Bergstr\u00f6m\"},\"url\":\"https:\/\/blogg.atl.nu\/nysater\/author\/elin\/\"}]}<\/script>\n<!-- \/ Yoast SEO plugin. -->","yoast_head_json":{"title":"I ljuvliga Dalarna - Nys\u00e4ter lantbruk","robots":{"index":"index","follow":"follow","max-snippet":"max-snippet:-1","max-image-preview":"max-image-preview:large","max-video-preview":"max-video-preview:-1"},"canonical":"https:\/\/blogg.atl.nu\/nysater\/2021\/07\/15\/i-ljuvliga-dalarna\/","og_locale":"sv_SE","og_type":"article","og_title":"I ljuvliga Dalarna - Nys\u00e4ter lantbruk","og_description":"Orsa i morgondis. En snabbsemester och solen \u00e4r precis p\u00e5 v\u00e4g att bryta sig fram.\u00a0 Vi drog iv\u00e4g en sv\u00e4ng, jag syrran och ett g\u00e4ng ungar! Vaknade i v\u00e4rldens finaste stuga och h\u00f6rde trivsamt kusinprat p\u00e5 nederv\u00e5ningen. Det kan knappt bli b\u00e4ttre. Nu ska vi till rovdjursparken. S\u00e5 fort jag druckit upp mitt kaffe h\u00e4r...","og_url":"https:\/\/blogg.atl.nu\/nysater\/2021\/07\/15\/i-ljuvliga-dalarna\/","og_site_name":"Nys\u00e4ter lantbruk","article_published_time":"2021-07-15T07:20:12+00:00","article_modified_time":"2021-07-15T07:21:09+00:00","og_image":[{"width":1024,"height":768,"url":"https:\/\/blogg.atl.nu\/nysater\/wp-content\/uploads\/sites\/26\/2021\/07\/8BDEABB4-6F10-427B-9A38-8FE6B81FCEF6-1024x768.jpeg","type":"image\/jpeg"}],"author":"Elin Bergstr\u00f6m","twitter_card":"summary","twitter_misc":{"Skriven av":"Elin Bergstr\u00f6m"},"schema":{"@context":"https:\/\/schema.org","@graph":[{"@type":"WebPage","@id":"https:\/\/blogg.atl.nu\/nysater\/2021\/07\/15\/i-ljuvliga-dalarna\/","url":"https:\/\/blogg.atl.nu\/nysater\/2021\/07\/15\/i-ljuvliga-dalarna\/","name":"I ljuvliga Dalarna - Nys\u00e4ter lantbruk","isPartOf":{"@id":"https:\/\/blogg.atl.nu\/nysater\/#website"},"datePublished":"2021-07-15T07:20:12+00:00","dateModified":"2021-07-15T07:21:09+00:00","author":{"@id":"https:\/\/blogg.atl.nu\/nysater\/#\/schema\/person\/44ec87efb92df15b0f3b0c68a84c7c0f"},"breadcrumb":{"@id":"https:\/\/blogg.atl.nu\/nysater\/2021\/07\/15\/i-ljuvliga-dalarna\/#breadcrumb"},"inLanguage":"sv-SE","potentialAction":[{"@type":"ReadAction","target":["https:\/\/blogg.atl.nu\/nysater\/2021\/07\/15\/i-ljuvliga-dalarna\/"]}]},{"@type":"BreadcrumbList","@id":"https:\/\/blogg.atl.nu\/nysater\/2021\/07\/15\/i-ljuvliga-dalarna\/#breadcrumb","itemListElement":[{"@type":"ListItem","position":1,"name":"Hem","item":"https:\/\/blogg.atl.nu\/nysater\/"},{"@type":"ListItem","position":2,"name":"I ljuvliga Dalarna"}]},{"@type":"WebSite","@id":"https:\/\/blogg.atl.nu\/nysater\/#website","url":"https:\/\/blogg.atl.nu\/nysater\/","name":"Nys\u00e4ter lantbruk","description":"Elin Bergstr\u00f6m","potentialAction":[{"@type":"SearchAction","target":{"@type":"EntryPoint","urlTemplate":"https:\/\/blogg.atl.nu\/nysater\/?s={search_term_string}"},"query-input":"required name=search_term_string"}],"inLanguage":"sv-SE"},{"@type":"Person","@id":"https:\/\/blogg.atl.nu\/nysater\/#\/schema\/person\/44ec87efb92df15b0f3b0c68a84c7c0f","name":"Elin Bergstr\u00f6m","image":{"@type":"ImageObject","inLanguage":"sv-SE","@id":"https:\/\/blogg.atl.nu\/nysater\/#\/schema\/person\/image\/","url":"https:\/\/secure.gravatar.com\/avatar\/c68fea4c0b5b10e41c5a9ecd1fb1b3c0?s=96&d=mm&r=g","contentUrl":"https:\/\/secure.gravatar.com\/avatar\/c68fea4c0b5b10e41c5a9ecd1fb1b3c0?s=96&d=mm&r=g","caption":"Elin Bergstr\u00f6m"},"url":"https:\/\/blogg.atl.nu\/nysater\/author\/elin\/"}]}},"_links":{"self":[{"href":"https:\/\/blogg.atl.nu\/nysater\/wp-json\/wp\/v2\/posts\/228213"}],"collection":[{"href":"https:\/\/blogg.atl.nu\/nysater\/wp-json\/wp\/v2\/posts"}],"about":[{"href":"https:\/\/blogg.atl.nu\/nysater\/wp-json\/wp\/v2\/types\/post"}],"author":[{"embeddable":true,"href":"https:\/\/blogg.atl.nu\/nysater\/wp-json\/wp\/v2\/users\/338"}],"replies":[{"embeddable":true,"href":"https:\/\/blogg.atl.nu\/nysater\/wp-json\/wp\/v2\/comments?post=228213"}],"version-history":[{"count":2,"href":"https:\/\/blogg.atl.nu\/nysater\/wp-json\/wp\/v2\/posts\/228213\/revisions"}],"predecessor-version":[{"id":228218,"href":"https:\/\/blogg.atl.nu\/nysater\/wp-json\/wp\/v2\/posts\/228213\/revisions\/228218"}],"wp:featuredmedia":[{"embeddable":true,"href":"https:\/\/blogg.atl.nu\/nysater\/wp-json\/wp\/v2\/media\/228214"}],"wp:attachment":[{"href":"https:\/\/blogg.atl.nu\/nysater\/wp-json\/wp\/v2\/media?parent=228213"}],"wp:term":[{"taxonomy":"category","embeddable":true,"href":"https:\/\/blogg.atl.nu\/nysater\/wp-json\/wp\/v2\/categories?post=228213"},{"taxonomy":"post_tag","embeddable":true,"href":"https:\/\/blogg.atl.nu\/nysater\/wp-json\/wp\/v2\/tags?post=228213"}],"curies":[{"name":"wp","href":"https:\/\/api.w.org\/{rel}","templated":true}]}}