{"id":228244,"date":"2021-07-27T19:52:02","date_gmt":"2021-07-27T17:52:02","guid":{"rendered":"https:\/\/blogg.atl.nu\/nysater\/?p=228244"},"modified":"2021-07-27T20:28:20","modified_gmt":"2021-07-27T18:28:20","slug":"hon-blir-kvar","status":"publish","type":"post","link":"https:\/\/blogg.atl.nu\/nysater\/2021\/07\/27\/hon-blir-kvar\/","title":{"rendered":"Hon blir kvar"},"content":{"rendered":"<p><strong>Nu \u00e4r det best\u00e4mt. Som jag trodde lyckades hon ta sig fram till en tjur vid sin senaste rymning och nu \u00e4r hon troligtvis dr\u00e4ktig. Och om hon inte \u00e4r det l\u00e4r det m\u00e4rkas om ett par veckor f\u00f6r d\u00e5 blir hon v\u00e4l brunstgalen igen. Fina lilla kviga. Nu ska du bli kvar hos oss som ko!<\/strong><\/p>\n<p>Alla \u00e4r nog n\u00f6jda. Kvigan, Danne, Linda, jag (om \u00e4n lite tveksamt) samt ett g\u00e4ng l\u00e4sare h\u00e4r som ocks\u00e5 tyckte att hon skulle f\u00e5 bli kvar. Fr\u00e5gan \u00e4r bara vad hon ska heta? Vi kan ju inte kalla henne K\u00e5tfia, det k\u00e4nns inte helt okej&#8230; Men hon \u00e4r verkligen killtokig och v\u00e4ldigt n\u00e4ra sina drifter. Och hon g\u00e5r sin egen v\u00e4g. Genom alla hinder. Finns det n\u00e5gon h\u00e4rlig k\u00e4nd manslukerska med mycket energi och livslust som man kan d\u00f6pa henne efter? Eller en fruktbarhetsgudinna kanske?<\/p>\n<p><img loading=\"lazy\" class=\"alignnone size-medium wp-image-227980\" src=\"https:\/\/blogg.atl.nu\/nysater\/wp-content\/uploads\/sites\/26\/2021\/06\/Resized_20210616_170123-267x300.jpg\" alt=\"\" width=\"267\" height=\"300\" srcset=\"https:\/\/blogg.atl.nu\/nysater\/wp-content\/uploads\/sites\/26\/2021\/06\/Resized_20210616_170123-267x300.jpg 267w, https:\/\/blogg.atl.nu\/nysater\/wp-content\/uploads\/sites\/26\/2021\/06\/Resized_20210616_170123-768x864.jpg 768w, https:\/\/blogg.atl.nu\/nysater\/wp-content\/uploads\/sites\/26\/2021\/06\/Resized_20210616_170123-910x1024.jpg 910w, https:\/\/blogg.atl.nu\/nysater\/wp-content\/uploads\/sites\/26\/2021\/06\/Resized_20210616_170123.jpg 960w\" sizes=\"(max-width: 267px) 100vw, 267px\" \/><\/p>\n<p>F\u00f6rslag v\u00e4lkomnas, h\u00e4r \u00e4r n\u00e5gra som jag kom att t\u00e4nka p\u00e5:<\/p>\n<p><strong>Flora<\/strong><br \/>\n<img loading=\"lazy\" class=\"alignnone size-medium wp-image-228272\" src=\"https:\/\/blogg.atl.nu\/nysater\/wp-content\/uploads\/sites\/26\/2021\/07\/flora-300x201.jpg\" alt=\"\" width=\"300\" height=\"201\" srcset=\"https:\/\/blogg.atl.nu\/nysater\/wp-content\/uploads\/sites\/26\/2021\/07\/flora-300x201.jpg 300w, https:\/\/blogg.atl.nu\/nysater\/wp-content\/uploads\/sites\/26\/2021\/07\/flora-768x514.jpg 768w, https:\/\/blogg.atl.nu\/nysater\/wp-content\/uploads\/sites\/26\/2021\/07\/flora-1024x685.jpg 1024w, https:\/\/blogg.atl.nu\/nysater\/wp-content\/uploads\/sites\/26\/2021\/07\/flora.jpg 1280w\" sizes=\"(max-width: 300px) 100vw, 300px\" \/><br \/>\nEn\u00a0romersk v\u00e4xtkraftgudinna som dyrkades av b\u00e5de m\u00e4n och kvinnor.<\/p>\n<p><strong>Venus<br \/>\n<\/strong><img loading=\"lazy\" class=\"alignnone size-medium wp-image-228274\" src=\"https:\/\/blogg.atl.nu\/nysater\/wp-content\/uploads\/sites\/26\/2021\/07\/venus-300x200.jpg\" alt=\"\" width=\"300\" height=\"200\" srcset=\"https:\/\/blogg.atl.nu\/nysater\/wp-content\/uploads\/sites\/26\/2021\/07\/venus-300x200.jpg 300w, https:\/\/blogg.atl.nu\/nysater\/wp-content\/uploads\/sites\/26\/2021\/07\/venus-768x512.jpg 768w, https:\/\/blogg.atl.nu\/nysater\/wp-content\/uploads\/sites\/26\/2021\/07\/venus-1024x682.jpg 1024w, https:\/\/blogg.atl.nu\/nysater\/wp-content\/uploads\/sites\/26\/2021\/07\/venus.jpg 1280w\" sizes=\"(max-width: 300px) 100vw, 300px\" \/><br \/>\n\u00c4ven hon fr\u00e5n den romerska mytologin. K\u00e4rlekens och den kvinnliga sk\u00f6nhetens gudinna. Fr\u00e4sig staty f\u00f6rresten, eller hur? Och han som st\u00e5r bakom g\u00f6r ju inte heller ont att titta p\u00e5.<\/p>\n<p><strong>Carmen<br \/>\n<\/strong><img loading=\"lazy\" class=\"alignnone size-medium wp-image-228271\" src=\"https:\/\/blogg.atl.nu\/nysater\/wp-content\/uploads\/sites\/26\/2021\/07\/carmen-201x300.jpg\" alt=\"\" width=\"201\" height=\"300\" srcset=\"https:\/\/blogg.atl.nu\/nysater\/wp-content\/uploads\/sites\/26\/2021\/07\/carmen-201x300.jpg 201w, https:\/\/blogg.atl.nu\/nysater\/wp-content\/uploads\/sites\/26\/2021\/07\/carmen-768x1146.jpg 768w, https:\/\/blogg.atl.nu\/nysater\/wp-content\/uploads\/sites\/26\/2021\/07\/carmen-686x1024.jpg 686w, https:\/\/blogg.atl.nu\/nysater\/wp-content\/uploads\/sites\/26\/2021\/07\/carmen.jpg 858w\" sizes=\"(max-width: 201px) 100vw, 201px\" \/><br \/>\nDen f\u00f6rf\u00f6riska och sj\u00e4lvst\u00e4ndiga fabriksarbeterskan i Bizets opera. Nyckfull och fr\u00e4ck.<\/p>\n<p><strong>Afrodite<br \/>\n<\/strong><img loading=\"lazy\" class=\"alignnone size-medium wp-image-228270\" src=\"https:\/\/blogg.atl.nu\/nysater\/wp-content\/uploads\/sites\/26\/2021\/07\/afrodite-200x300.jpg\" alt=\"\" width=\"200\" height=\"300\" srcset=\"https:\/\/blogg.atl.nu\/nysater\/wp-content\/uploads\/sites\/26\/2021\/07\/afrodite-200x300.jpg 200w, https:\/\/blogg.atl.nu\/nysater\/wp-content\/uploads\/sites\/26\/2021\/07\/afrodite-768x1152.jpg 768w, https:\/\/blogg.atl.nu\/nysater\/wp-content\/uploads\/sites\/26\/2021\/07\/afrodite-682x1024.jpg 682w, https:\/\/blogg.atl.nu\/nysater\/wp-content\/uploads\/sites\/26\/2021\/07\/afrodite.jpg 853w\" sizes=\"(max-width: 200px) 100vw, 200px\" \/><br \/>\nGrekiska mytologins fruktbarhets- och k\u00e4rleksgudinna. Sensuell och h\u00e4rlig.<\/p>\n<p><strong>Marilyn<br \/>\n<\/strong><img loading=\"lazy\" class=\"alignnone size-medium wp-image-228273\" src=\"https:\/\/blogg.atl.nu\/nysater\/wp-content\/uploads\/sites\/26\/2021\/07\/marilyn-251x300.jpg\" alt=\"\" width=\"251\" height=\"300\" srcset=\"https:\/\/blogg.atl.nu\/nysater\/wp-content\/uploads\/sites\/26\/2021\/07\/marilyn-251x300.jpg 251w, https:\/\/blogg.atl.nu\/nysater\/wp-content\/uploads\/sites\/26\/2021\/07\/marilyn-768x918.jpg 768w, https:\/\/blogg.atl.nu\/nysater\/wp-content\/uploads\/sites\/26\/2021\/07\/marilyn-857x1024.jpg 857w, https:\/\/blogg.atl.nu\/nysater\/wp-content\/uploads\/sites\/26\/2021\/07\/marilyn.jpg 1071w\" sizes=\"(max-width: 251px) 100vw, 251px\" \/><br \/>\nEtt riktigt bra ko-namn faktiskt.\u00a0<em>&#8221;Happy birthday Mr Bull..&#8221;<\/em> skulle hon kunna r\u00e5ma f\u00f6rf\u00f6riskt efter tjurarna.<\/p>\n<p><strong>Min spontana favorit \u00e4r nog \u00e4nd\u00e5 Carmen.<\/strong> Jag gillar namnet och tycker att det passar bra. I operan \u00e4r ju Carmen v\u00e4ldigt h\u00e4r och nu och dessutom om\u00f6jlig att kontrollera. Lite som n\u00e4r den h\u00e4r damen f\u00e5r feeling och skuttar \u00f6ver st\u00e4ngslen f\u00f6r att komma in till Leffe. Vad tycker ni?<\/p>\n<p>&nbsp;<\/p>\n","protected":false},"excerpt":{"rendered":"<p>Nu \u00e4r det best\u00e4mt. Som jag trodde lyckades hon ta sig fram till en tjur vid sin senaste rymning och nu \u00e4r hon troligtvis dr\u00e4ktig. Och om hon inte \u00e4r det l\u00e4r det m\u00e4rkas om ett par veckor f\u00f6r d\u00e5 blir hon v\u00e4l brunstgalen igen. Fina lilla kviga. Nu ska du bli kvar hos oss&#8230;<\/p>\n","protected":false},"author":338,"featured_media":227979,"comment_status":"open","ping_status":"open","sticky":false,"template":"","format":"standard","meta":[],"categories":[2],"tags":[77,434,3,10,6],"yoast_head":"<!-- This site is optimized with the Yoast SEO plugin v19.6 - https:\/\/yoast.com\/wordpress\/plugins\/seo\/ -->\n<title>Hon blir kvar - Nys\u00e4ter lantbruk<\/title>\n<meta name=\"robots\" content=\"index, follow, max-snippet:-1, max-image-preview:large, max-video-preview:-1\" \/>\n<link rel=\"canonical\" href=\"https:\/\/blogg.atl.nu\/nysater\/2021\/07\/27\/hon-blir-kvar\/\" \/>\n<meta property=\"og:locale\" content=\"sv_SE\" \/>\n<meta property=\"og:type\" content=\"article\" \/>\n<meta property=\"og:title\" content=\"Hon blir kvar - Nys\u00e4ter lantbruk\" \/>\n<meta property=\"og:description\" content=\"Nu \u00e4r det best\u00e4mt. Som jag trodde lyckades hon ta sig fram till en tjur vid sin senaste rymning och nu \u00e4r hon troligtvis dr\u00e4ktig. Och om hon inte \u00e4r det l\u00e4r det m\u00e4rkas om ett par veckor f\u00f6r d\u00e5 blir hon v\u00e4l brunstgalen igen. Fina lilla kviga. Nu ska du bli kvar hos oss...\" \/>\n<meta property=\"og:url\" content=\"https:\/\/blogg.atl.nu\/nysater\/2021\/07\/27\/hon-blir-kvar\/\" \/>\n<meta property=\"og:site_name\" content=\"Nys\u00e4ter lantbruk\" \/>\n<meta property=\"article:published_time\" content=\"2021-07-27T17:52:02+00:00\" \/>\n<meta property=\"article:modified_time\" content=\"2021-07-27T18:28:20+00:00\" \/>\n<meta property=\"og:image\" content=\"https:\/\/blogg.atl.nu\/nysater\/wp-content\/uploads\/sites\/26\/2021\/06\/Resized_20210616_111151.jpg\" \/>\n\t<meta property=\"og:image:width\" content=\"1008\" \/>\n\t<meta property=\"og:image:height\" content=\"756\" \/>\n\t<meta property=\"og:image:type\" content=\"image\/jpeg\" \/>\n<meta name=\"author\" content=\"Elin Bergstr\u00f6m\" \/>\n<meta name=\"twitter:card\" content=\"summary\" \/>\n<meta name=\"twitter:label1\" content=\"Skriven av\" \/>\n\t<meta name=\"twitter:data1\" content=\"Elin Bergstr\u00f6m\" \/>\n\t<meta name=\"twitter:label2\" content=\"Ber\u00e4knad l\u00e4stid\" \/>\n\t<meta name=\"twitter:data2\" content=\"2 minuter\" \/>\n<script type=\"application\/ld+json\" class=\"yoast-schema-graph\">{\"@context\":\"https:\/\/schema.org\",\"@graph\":[{\"@type\":\"WebPage\",\"@id\":\"https:\/\/blogg.atl.nu\/nysater\/2021\/07\/27\/hon-blir-kvar\/\",\"url\":\"https:\/\/blogg.atl.nu\/nysater\/2021\/07\/27\/hon-blir-kvar\/\",\"name\":\"Hon blir kvar - Nys\u00e4ter lantbruk\",\"isPartOf\":{\"@id\":\"https:\/\/blogg.atl.nu\/nysater\/#website\"},\"datePublished\":\"2021-07-27T17:52:02+00:00\",\"dateModified\":\"2021-07-27T18:28:20+00:00\",\"author\":{\"@id\":\"https:\/\/blogg.atl.nu\/nysater\/#\/schema\/person\/44ec87efb92df15b0f3b0c68a84c7c0f\"},\"breadcrumb\":{\"@id\":\"https:\/\/blogg.atl.nu\/nysater\/2021\/07\/27\/hon-blir-kvar\/#breadcrumb\"},\"inLanguage\":\"sv-SE\",\"potentialAction\":[{\"@type\":\"ReadAction\",\"target\":[\"https:\/\/blogg.atl.nu\/nysater\/2021\/07\/27\/hon-blir-kvar\/\"]}]},{\"@type\":\"BreadcrumbList\",\"@id\":\"https:\/\/blogg.atl.nu\/nysater\/2021\/07\/27\/hon-blir-kvar\/#breadcrumb\",\"itemListElement\":[{\"@type\":\"ListItem\",\"position\":1,\"name\":\"Hem\",\"item\":\"https:\/\/blogg.atl.nu\/nysater\/\"},{\"@type\":\"ListItem\",\"position\":2,\"name\":\"Hon blir kvar\"}]},{\"@type\":\"WebSite\",\"@id\":\"https:\/\/blogg.atl.nu\/nysater\/#website\",\"url\":\"https:\/\/blogg.atl.nu\/nysater\/\",\"name\":\"Nys\u00e4ter lantbruk\",\"description\":\"Elin Bergstr\u00f6m\",\"potentialAction\":[{\"@type\":\"SearchAction\",\"target\":{\"@type\":\"EntryPoint\",\"urlTemplate\":\"https:\/\/blogg.atl.nu\/nysater\/?s={search_term_string}\"},\"query-input\":\"required name=search_term_string\"}],\"inLanguage\":\"sv-SE\"},{\"@type\":\"Person\",\"@id\":\"https:\/\/blogg.atl.nu\/nysater\/#\/schema\/person\/44ec87efb92df15b0f3b0c68a84c7c0f\",\"name\":\"Elin Bergstr\u00f6m\",\"image\":{\"@type\":\"ImageObject\",\"inLanguage\":\"sv-SE\",\"@id\":\"https:\/\/blogg.atl.nu\/nysater\/#\/schema\/person\/image\/\",\"url\":\"https:\/\/secure.gravatar.com\/avatar\/c68fea4c0b5b10e41c5a9ecd1fb1b3c0?s=96&d=mm&r=g\",\"contentUrl\":\"https:\/\/secure.gravatar.com\/avatar\/c68fea4c0b5b10e41c5a9ecd1fb1b3c0?s=96&d=mm&r=g\",\"caption\":\"Elin Bergstr\u00f6m\"},\"url\":\"https:\/\/blogg.atl.nu\/nysater\/author\/elin\/\"}]}<\/script>\n<!-- \/ Yoast SEO plugin. -->","yoast_head_json":{"title":"Hon blir kvar - Nys\u00e4ter lantbruk","robots":{"index":"index","follow":"follow","max-snippet":"max-snippet:-1","max-image-preview":"max-image-preview:large","max-video-preview":"max-video-preview:-1"},"canonical":"https:\/\/blogg.atl.nu\/nysater\/2021\/07\/27\/hon-blir-kvar\/","og_locale":"sv_SE","og_type":"article","og_title":"Hon blir kvar - Nys\u00e4ter lantbruk","og_description":"Nu \u00e4r det best\u00e4mt. Som jag trodde lyckades hon ta sig fram till en tjur vid sin senaste rymning och nu \u00e4r hon troligtvis dr\u00e4ktig. Och om hon inte \u00e4r det l\u00e4r det m\u00e4rkas om ett par veckor f\u00f6r d\u00e5 blir hon v\u00e4l brunstgalen igen. Fina lilla kviga. Nu ska du bli kvar hos oss...","og_url":"https:\/\/blogg.atl.nu\/nysater\/2021\/07\/27\/hon-blir-kvar\/","og_site_name":"Nys\u00e4ter lantbruk","article_published_time":"2021-07-27T17:52:02+00:00","article_modified_time":"2021-07-27T18:28:20+00:00","og_image":[{"width":1008,"height":756,"url":"https:\/\/blogg.atl.nu\/nysater\/wp-content\/uploads\/sites\/26\/2021\/06\/Resized_20210616_111151.jpg","type":"image\/jpeg"}],"author":"Elin Bergstr\u00f6m","twitter_card":"summary","twitter_misc":{"Skriven av":"Elin Bergstr\u00f6m","Ber\u00e4knad l\u00e4stid":"2 minuter"},"schema":{"@context":"https:\/\/schema.org","@graph":[{"@type":"WebPage","@id":"https:\/\/blogg.atl.nu\/nysater\/2021\/07\/27\/hon-blir-kvar\/","url":"https:\/\/blogg.atl.nu\/nysater\/2021\/07\/27\/hon-blir-kvar\/","name":"Hon blir kvar - Nys\u00e4ter lantbruk","isPartOf":{"@id":"https:\/\/blogg.atl.nu\/nysater\/#website"},"datePublished":"2021-07-27T17:52:02+00:00","dateModified":"2021-07-27T18:28:20+00:00","author":{"@id":"https:\/\/blogg.atl.nu\/nysater\/#\/schema\/person\/44ec87efb92df15b0f3b0c68a84c7c0f"},"breadcrumb":{"@id":"https:\/\/blogg.atl.nu\/nysater\/2021\/07\/27\/hon-blir-kvar\/#breadcrumb"},"inLanguage":"sv-SE","potentialAction":[{"@type":"ReadAction","target":["https:\/\/blogg.atl.nu\/nysater\/2021\/07\/27\/hon-blir-kvar\/"]}]},{"@type":"BreadcrumbList","@id":"https:\/\/blogg.atl.nu\/nysater\/2021\/07\/27\/hon-blir-kvar\/#breadcrumb","itemListElement":[{"@type":"ListItem","position":1,"name":"Hem","item":"https:\/\/blogg.atl.nu\/nysater\/"},{"@type":"ListItem","position":2,"name":"Hon blir kvar"}]},{"@type":"WebSite","@id":"https:\/\/blogg.atl.nu\/nysater\/#website","url":"https:\/\/blogg.atl.nu\/nysater\/","name":"Nys\u00e4ter lantbruk","description":"Elin Bergstr\u00f6m","potentialAction":[{"@type":"SearchAction","target":{"@type":"EntryPoint","urlTemplate":"https:\/\/blogg.atl.nu\/nysater\/?s={search_term_string}"},"query-input":"required name=search_term_string"}],"inLanguage":"sv-SE"},{"@type":"Person","@id":"https:\/\/blogg.atl.nu\/nysater\/#\/schema\/person\/44ec87efb92df15b0f3b0c68a84c7c0f","name":"Elin Bergstr\u00f6m","image":{"@type":"ImageObject","inLanguage":"sv-SE","@id":"https:\/\/blogg.atl.nu\/nysater\/#\/schema\/person\/image\/","url":"https:\/\/secure.gravatar.com\/avatar\/c68fea4c0b5b10e41c5a9ecd1fb1b3c0?s=96&d=mm&r=g","contentUrl":"https:\/\/secure.gravatar.com\/avatar\/c68fea4c0b5b10e41c5a9ecd1fb1b3c0?s=96&d=mm&r=g","caption":"Elin Bergstr\u00f6m"},"url":"https:\/\/blogg.atl.nu\/nysater\/author\/elin\/"}]}},"_links":{"self":[{"href":"https:\/\/blogg.atl.nu\/nysater\/wp-json\/wp\/v2\/posts\/228244"}],"collection":[{"href":"https:\/\/blogg.atl.nu\/nysater\/wp-json\/wp\/v2\/posts"}],"about":[{"href":"https:\/\/blogg.atl.nu\/nysater\/wp-json\/wp\/v2\/types\/post"}],"author":[{"embeddable":true,"href":"https:\/\/blogg.atl.nu\/nysater\/wp-json\/wp\/v2\/users\/338"}],"replies":[{"embeddable":true,"href":"https:\/\/blogg.atl.nu\/nysater\/wp-json\/wp\/v2\/comments?post=228244"}],"version-history":[{"count":10,"href":"https:\/\/blogg.atl.nu\/nysater\/wp-json\/wp\/v2\/posts\/228244\/revisions"}],"predecessor-version":[{"id":228300,"href":"https:\/\/blogg.atl.nu\/nysater\/wp-json\/wp\/v2\/posts\/228244\/revisions\/228300"}],"wp:featuredmedia":[{"embeddable":true,"href":"https:\/\/blogg.atl.nu\/nysater\/wp-json\/wp\/v2\/media\/227979"}],"wp:attachment":[{"href":"https:\/\/blogg.atl.nu\/nysater\/wp-json\/wp\/v2\/media?parent=228244"}],"wp:term":[{"taxonomy":"category","embeddable":true,"href":"https:\/\/blogg.atl.nu\/nysater\/wp-json\/wp\/v2\/categories?post=228244"},{"taxonomy":"post_tag","embeddable":true,"href":"https:\/\/blogg.atl.nu\/nysater\/wp-json\/wp\/v2\/tags?post=228244"}],"curies":[{"name":"wp","href":"https:\/\/api.w.org\/{rel}","templated":true}]}}