{"id":228277,"date":"2021-07-25T23:01:19","date_gmt":"2021-07-25T21:01:19","guid":{"rendered":"https:\/\/blogg.atl.nu\/nysater\/?p=228277"},"modified":"2021-07-25T23:08:01","modified_gmt":"2021-07-25T21:08:01","slug":"en-milstolpe","status":"publish","type":"post","link":"https:\/\/blogg.atl.nu\/nysater\/2021\/07\/25\/en-milstolpe\/","title":{"rendered":"En milstolpe"},"content":{"rendered":"<p><strong>Listan p\u00e5 allt som ska g\u00f6ras och p\u00e5 allt vi ligger efter med \u00e4r l\u00e5ng just nu. En trasig traktor gjorde inte saken l\u00e4ttare eftersom en av de viktigaste g\u00f6rom\u00e5len var att k\u00f6ra hem f\u00f6rstask\u00f6rdsbalarna. Nu har vi kommit ikapp lite.\u00a0<\/strong><\/p>\n<p>Jag b\u00f6rjar tro att enda s\u00e4ttet att ta sig fram n\u00e5gorlunda tryggt och s\u00e4kert genom jordbrukets arbetstoppar \u00e4r att ha en traktor mer \u00e4n man egentligen beh\u00f6ver. F\u00f6r de tillf\u00e4llen n\u00e4r en av dem g\u00e5r s\u00f6nder. Inte om allts\u00e5, utan n\u00e4r. Jag \u00e4r s\u00e5 f\u00f6rbannat tr\u00f6tt p\u00e5 trasiga traktorer och nu har vi en p\u00e5 verkstad igen. Oklart n\u00e4r den kommer tillbaka. Sist tog det fyra m\u00e5nader.<\/p>\n<p>Tack vare en demotraktor och kollegan Stefan har vi hankat oss fram medan andra traktorn har g\u00e5tt med balpressen. Idag k\u00f6rdes sista balen hem.<\/p>\n<p><img loading=\"lazy\" class=\"alignnone wp-image-228291 size-medium\" src=\"https:\/\/blogg.atl.nu\/nysater\/wp-content\/uploads\/sites\/26\/2021\/07\/IMG_8199-e1627247271208-300x236.jpg\" alt=\"\" width=\"300\" height=\"236\" srcset=\"https:\/\/blogg.atl.nu\/nysater\/wp-content\/uploads\/sites\/26\/2021\/07\/IMG_8199-e1627247271208-300x236.jpg 300w, https:\/\/blogg.atl.nu\/nysater\/wp-content\/uploads\/sites\/26\/2021\/07\/IMG_8199-e1627247271208-768x605.jpg 768w, https:\/\/blogg.atl.nu\/nysater\/wp-content\/uploads\/sites\/26\/2021\/07\/IMG_8199-e1627247271208-1024x806.jpg 1024w, https:\/\/blogg.atl.nu\/nysater\/wp-content\/uploads\/sites\/26\/2021\/07\/IMG_8199-e1627247271208.jpg 2048w\" sizes=\"(max-width: 300px) 100vw, 300px\" \/><\/p>\n<p>&nbsp;<\/p>\n<p>Jag f\u00f6rs\u00f6kte fota h\u00f6gen f\u00f6r den \u00e4r gigantisk. Vet inte om det syns s\u00e5 bra vilket hav av balar det \u00e4r? Mycket mat till hungriga djur.<\/p>\n<p><img loading=\"lazy\" class=\"alignnone size-medium wp-image-228278\" src=\"https:\/\/blogg.atl.nu\/nysater\/wp-content\/uploads\/sites\/26\/2021\/07\/IMG_8198-2-300x225.jpg\" alt=\"\" width=\"300\" height=\"225\" srcset=\"https:\/\/blogg.atl.nu\/nysater\/wp-content\/uploads\/sites\/26\/2021\/07\/IMG_8198-2-300x225.jpg 300w, https:\/\/blogg.atl.nu\/nysater\/wp-content\/uploads\/sites\/26\/2021\/07\/IMG_8198-2-768x576.jpg 768w, https:\/\/blogg.atl.nu\/nysater\/wp-content\/uploads\/sites\/26\/2021\/07\/IMG_8198-2-1024x768.jpg 1024w, https:\/\/blogg.atl.nu\/nysater\/wp-content\/uploads\/sites\/26\/2021\/07\/IMG_8198-2.jpg 2048w\" sizes=\"(max-width: 300px) 100vw, 300px\" \/><\/p>\n<p>Nu \u00e4r det bara ko-fodret i Holm, andrask\u00f6rden som ska tas om n\u00e5gon vecka och sedan halmen som ska skjutsas. Men f\u00f6rstask\u00f6rden, den \u00e4r banne mig hemma nu!<\/p>\n<p><img loading=\"lazy\" class=\"alignnone size-medium wp-image-228282\" src=\"https:\/\/blogg.atl.nu\/nysater\/wp-content\/uploads\/sites\/26\/2021\/07\/IMG_8206-2-300x225.jpg\" alt=\"\" width=\"300\" height=\"225\" srcset=\"https:\/\/blogg.atl.nu\/nysater\/wp-content\/uploads\/sites\/26\/2021\/07\/IMG_8206-2-300x225.jpg 300w, https:\/\/blogg.atl.nu\/nysater\/wp-content\/uploads\/sites\/26\/2021\/07\/IMG_8206-2-768x576.jpg 768w, https:\/\/blogg.atl.nu\/nysater\/wp-content\/uploads\/sites\/26\/2021\/07\/IMG_8206-2-1024x768.jpg 1024w, https:\/\/blogg.atl.nu\/nysater\/wp-content\/uploads\/sites\/26\/2021\/07\/IMG_8206-2.jpg 2048w\" sizes=\"(max-width: 300px) 100vw, 300px\" \/><\/p>\n<p><img loading=\"lazy\" class=\"alignnone size-medium wp-image-228283\" src=\"https:\/\/blogg.atl.nu\/nysater\/wp-content\/uploads\/sites\/26\/2021\/07\/IMG_8207-2-300x225.jpg\" alt=\"\" width=\"300\" height=\"225\" srcset=\"https:\/\/blogg.atl.nu\/nysater\/wp-content\/uploads\/sites\/26\/2021\/07\/IMG_8207-2-300x225.jpg 300w, https:\/\/blogg.atl.nu\/nysater\/wp-content\/uploads\/sites\/26\/2021\/07\/IMG_8207-2-768x576.jpg 768w, https:\/\/blogg.atl.nu\/nysater\/wp-content\/uploads\/sites\/26\/2021\/07\/IMG_8207-2-1024x768.jpg 1024w, https:\/\/blogg.atl.nu\/nysater\/wp-content\/uploads\/sites\/26\/2021\/07\/IMG_8207-2.jpg 2048w\" sizes=\"(max-width: 300px) 100vw, 300px\" \/><\/p>\n<p><img loading=\"lazy\" class=\"alignnone size-medium wp-image-228281\" src=\"https:\/\/blogg.atl.nu\/nysater\/wp-content\/uploads\/sites\/26\/2021\/07\/IMG_8203-2-300x225.jpg\" alt=\"\" width=\"300\" height=\"225\" srcset=\"https:\/\/blogg.atl.nu\/nysater\/wp-content\/uploads\/sites\/26\/2021\/07\/IMG_8203-2-300x225.jpg 300w, https:\/\/blogg.atl.nu\/nysater\/wp-content\/uploads\/sites\/26\/2021\/07\/IMG_8203-2-768x576.jpg 768w, https:\/\/blogg.atl.nu\/nysater\/wp-content\/uploads\/sites\/26\/2021\/07\/IMG_8203-2-1024x768.jpg 1024w, https:\/\/blogg.atl.nu\/nysater\/wp-content\/uploads\/sites\/26\/2021\/07\/IMG_8203-2.jpg 2048w\" sizes=\"(max-width: 300px) 100vw, 300px\" \/><\/p>\n<p>Demotraktorn vi fick testa var en New Holland T6 155 fr\u00e5n Eriksson i Myre. Den var bra men orkade ju inte dubbla sl\u00e4p. Stefans John Deere vill ocks\u00e5 bara dra ett \u00e5t g\u00e5ngen men idag var Stefan sj\u00e4lv och \u00e4nnu en av hans traktorer med s\u00e5 d\u00e5 gick det undan. Vad gjorde man utan goda grannar?<\/p>\n<p><img loading=\"lazy\" class=\"alignnone size-medium wp-image-228287\" src=\"https:\/\/blogg.atl.nu\/nysater\/wp-content\/uploads\/sites\/26\/2021\/07\/IMG_8223-300x225.jpg\" alt=\"\" width=\"300\" height=\"225\" srcset=\"https:\/\/blogg.atl.nu\/nysater\/wp-content\/uploads\/sites\/26\/2021\/07\/IMG_8223-300x225.jpg 300w, https:\/\/blogg.atl.nu\/nysater\/wp-content\/uploads\/sites\/26\/2021\/07\/IMG_8223-768x576.jpg 768w, https:\/\/blogg.atl.nu\/nysater\/wp-content\/uploads\/sites\/26\/2021\/07\/IMG_8223-1024x768.jpg 1024w, https:\/\/blogg.atl.nu\/nysater\/wp-content\/uploads\/sites\/26\/2021\/07\/IMG_8223.jpg 2048w\" sizes=\"(max-width: 300px) 100vw, 300px\" \/><\/p>\n<p>Goda v\u00e4nner \u00e4r ocks\u00e5 fint att ha och bes\u00f6k av s\u00e5dana fick vi alldeles innan helgen. S\u00e5 kul! En annan rolig sak var att vi \u00e5kte till Sandn\u00e4sets camping ig\u00e5r och hade en sorts familjekv\u00e4ll. Det var l\u00e4nge sedan.<\/p>\n<p>Nu \u00e4r det s\u00f6ndag kv\u00e4ll och snart m\u00e5ndag och nya tag. Nya m\u00e5l och nya milstolpar. Jag \u00e4r p\u00e5 sjukhuset med barnet och ska snart sova. Hoppas alla har haft en fin helg.<\/p>\n","protected":false},"excerpt":{"rendered":"<p>Listan p\u00e5 allt som ska g\u00f6ras och p\u00e5 allt vi ligger efter med \u00e4r l\u00e5ng just nu. En trasig traktor gjorde inte saken l\u00e4ttare eftersom en av de viktigaste g\u00f6rom\u00e5len var att k\u00f6ra hem f\u00f6rstask\u00f6rdsbalarna. Nu har vi kommit ikapp lite.\u00a0 Jag b\u00f6rjar tro att enda s\u00e4ttet att ta sig fram n\u00e5gorlunda tryggt och s\u00e4kert&#8230;<\/p>\n","protected":false},"author":338,"featured_media":228285,"comment_status":"open","ping_status":"open","sticky":false,"template":"","format":"standard","meta":[],"categories":[2],"tags":[423,19,3,93,6],"yoast_head":"<!-- This site is optimized with the Yoast SEO plugin v19.6 - https:\/\/yoast.com\/wordpress\/plugins\/seo\/ -->\n<title>En milstolpe - Nys\u00e4ter lantbruk<\/title>\n<meta name=\"robots\" content=\"index, follow, max-snippet:-1, max-image-preview:large, max-video-preview:-1\" \/>\n<link rel=\"canonical\" href=\"https:\/\/blogg.atl.nu\/nysater\/2021\/07\/25\/en-milstolpe\/\" \/>\n<meta property=\"og:locale\" content=\"sv_SE\" \/>\n<meta property=\"og:type\" content=\"article\" \/>\n<meta property=\"og:title\" content=\"En milstolpe - Nys\u00e4ter lantbruk\" \/>\n<meta property=\"og:description\" content=\"Listan p\u00e5 allt som ska g\u00f6ras och p\u00e5 allt vi ligger efter med \u00e4r l\u00e5ng just nu. En trasig traktor gjorde inte saken l\u00e4ttare eftersom en av de viktigaste g\u00f6rom\u00e5len var att k\u00f6ra hem f\u00f6rstask\u00f6rdsbalarna. Nu har vi kommit ikapp lite.\u00a0 Jag b\u00f6rjar tro att enda s\u00e4ttet att ta sig fram n\u00e5gorlunda tryggt och s\u00e4kert...\" \/>\n<meta property=\"og:url\" content=\"https:\/\/blogg.atl.nu\/nysater\/2021\/07\/25\/en-milstolpe\/\" \/>\n<meta property=\"og:site_name\" content=\"Nys\u00e4ter lantbruk\" \/>\n<meta property=\"article:published_time\" content=\"2021-07-25T21:01:19+00:00\" \/>\n<meta property=\"article:modified_time\" content=\"2021-07-25T21:08:01+00:00\" \/>\n<meta property=\"og:image\" content=\"https:\/\/blogg.atl.nu\/nysater\/wp-content\/uploads\/sites\/26\/2021\/07\/IMG_8220-2-1024x768.jpg\" \/>\n\t<meta property=\"og:image:width\" content=\"1024\" \/>\n\t<meta property=\"og:image:height\" content=\"768\" \/>\n\t<meta property=\"og:image:type\" content=\"image\/jpeg\" \/>\n<meta name=\"author\" content=\"Elin Bergstr\u00f6m\" \/>\n<meta name=\"twitter:card\" content=\"summary\" \/>\n<meta name=\"twitter:label1\" content=\"Skriven av\" \/>\n\t<meta name=\"twitter:data1\" content=\"Elin Bergstr\u00f6m\" \/>\n\t<meta name=\"twitter:label2\" content=\"Ber\u00e4knad l\u00e4stid\" \/>\n\t<meta name=\"twitter:data2\" content=\"2 minuter\" \/>\n<script type=\"application\/ld+json\" class=\"yoast-schema-graph\">{\"@context\":\"https:\/\/schema.org\",\"@graph\":[{\"@type\":\"WebPage\",\"@id\":\"https:\/\/blogg.atl.nu\/nysater\/2021\/07\/25\/en-milstolpe\/\",\"url\":\"https:\/\/blogg.atl.nu\/nysater\/2021\/07\/25\/en-milstolpe\/\",\"name\":\"En milstolpe - Nys\u00e4ter lantbruk\",\"isPartOf\":{\"@id\":\"https:\/\/blogg.atl.nu\/nysater\/#website\"},\"datePublished\":\"2021-07-25T21:01:19+00:00\",\"dateModified\":\"2021-07-25T21:08:01+00:00\",\"author\":{\"@id\":\"https:\/\/blogg.atl.nu\/nysater\/#\/schema\/person\/44ec87efb92df15b0f3b0c68a84c7c0f\"},\"breadcrumb\":{\"@id\":\"https:\/\/blogg.atl.nu\/nysater\/2021\/07\/25\/en-milstolpe\/#breadcrumb\"},\"inLanguage\":\"sv-SE\",\"potentialAction\":[{\"@type\":\"ReadAction\",\"target\":[\"https:\/\/blogg.atl.nu\/nysater\/2021\/07\/25\/en-milstolpe\/\"]}]},{\"@type\":\"BreadcrumbList\",\"@id\":\"https:\/\/blogg.atl.nu\/nysater\/2021\/07\/25\/en-milstolpe\/#breadcrumb\",\"itemListElement\":[{\"@type\":\"ListItem\",\"position\":1,\"name\":\"Hem\",\"item\":\"https:\/\/blogg.atl.nu\/nysater\/\"},{\"@type\":\"ListItem\",\"position\":2,\"name\":\"En milstolpe\"}]},{\"@type\":\"WebSite\",\"@id\":\"https:\/\/blogg.atl.nu\/nysater\/#website\",\"url\":\"https:\/\/blogg.atl.nu\/nysater\/\",\"name\":\"Nys\u00e4ter lantbruk\",\"description\":\"Elin Bergstr\u00f6m\",\"potentialAction\":[{\"@type\":\"SearchAction\",\"target\":{\"@type\":\"EntryPoint\",\"urlTemplate\":\"https:\/\/blogg.atl.nu\/nysater\/?s={search_term_string}\"},\"query-input\":\"required name=search_term_string\"}],\"inLanguage\":\"sv-SE\"},{\"@type\":\"Person\",\"@id\":\"https:\/\/blogg.atl.nu\/nysater\/#\/schema\/person\/44ec87efb92df15b0f3b0c68a84c7c0f\",\"name\":\"Elin Bergstr\u00f6m\",\"image\":{\"@type\":\"ImageObject\",\"inLanguage\":\"sv-SE\",\"@id\":\"https:\/\/blogg.atl.nu\/nysater\/#\/schema\/person\/image\/\",\"url\":\"https:\/\/secure.gravatar.com\/avatar\/c68fea4c0b5b10e41c5a9ecd1fb1b3c0?s=96&d=mm&r=g\",\"contentUrl\":\"https:\/\/secure.gravatar.com\/avatar\/c68fea4c0b5b10e41c5a9ecd1fb1b3c0?s=96&d=mm&r=g\",\"caption\":\"Elin Bergstr\u00f6m\"},\"url\":\"https:\/\/blogg.atl.nu\/nysater\/author\/elin\/\"}]}<\/script>\n<!-- \/ Yoast SEO plugin. -->","yoast_head_json":{"title":"En milstolpe - Nys\u00e4ter lantbruk","robots":{"index":"index","follow":"follow","max-snippet":"max-snippet:-1","max-image-preview":"max-image-preview:large","max-video-preview":"max-video-preview:-1"},"canonical":"https:\/\/blogg.atl.nu\/nysater\/2021\/07\/25\/en-milstolpe\/","og_locale":"sv_SE","og_type":"article","og_title":"En milstolpe - Nys\u00e4ter lantbruk","og_description":"Listan p\u00e5 allt som ska g\u00f6ras och p\u00e5 allt vi ligger efter med \u00e4r l\u00e5ng just nu. En trasig traktor gjorde inte saken l\u00e4ttare eftersom en av de viktigaste g\u00f6rom\u00e5len var att k\u00f6ra hem f\u00f6rstask\u00f6rdsbalarna. Nu har vi kommit ikapp lite.\u00a0 Jag b\u00f6rjar tro att enda s\u00e4ttet att ta sig fram n\u00e5gorlunda tryggt och s\u00e4kert...","og_url":"https:\/\/blogg.atl.nu\/nysater\/2021\/07\/25\/en-milstolpe\/","og_site_name":"Nys\u00e4ter lantbruk","article_published_time":"2021-07-25T21:01:19+00:00","article_modified_time":"2021-07-25T21:08:01+00:00","og_image":[{"width":1024,"height":768,"url":"https:\/\/blogg.atl.nu\/nysater\/wp-content\/uploads\/sites\/26\/2021\/07\/IMG_8220-2-1024x768.jpg","type":"image\/jpeg"}],"author":"Elin Bergstr\u00f6m","twitter_card":"summary","twitter_misc":{"Skriven av":"Elin Bergstr\u00f6m","Ber\u00e4knad l\u00e4stid":"2 minuter"},"schema":{"@context":"https:\/\/schema.org","@graph":[{"@type":"WebPage","@id":"https:\/\/blogg.atl.nu\/nysater\/2021\/07\/25\/en-milstolpe\/","url":"https:\/\/blogg.atl.nu\/nysater\/2021\/07\/25\/en-milstolpe\/","name":"En milstolpe - Nys\u00e4ter lantbruk","isPartOf":{"@id":"https:\/\/blogg.atl.nu\/nysater\/#website"},"datePublished":"2021-07-25T21:01:19+00:00","dateModified":"2021-07-25T21:08:01+00:00","author":{"@id":"https:\/\/blogg.atl.nu\/nysater\/#\/schema\/person\/44ec87efb92df15b0f3b0c68a84c7c0f"},"breadcrumb":{"@id":"https:\/\/blogg.atl.nu\/nysater\/2021\/07\/25\/en-milstolpe\/#breadcrumb"},"inLanguage":"sv-SE","potentialAction":[{"@type":"ReadAction","target":["https:\/\/blogg.atl.nu\/nysater\/2021\/07\/25\/en-milstolpe\/"]}]},{"@type":"BreadcrumbList","@id":"https:\/\/blogg.atl.nu\/nysater\/2021\/07\/25\/en-milstolpe\/#breadcrumb","itemListElement":[{"@type":"ListItem","position":1,"name":"Hem","item":"https:\/\/blogg.atl.nu\/nysater\/"},{"@type":"ListItem","position":2,"name":"En milstolpe"}]},{"@type":"WebSite","@id":"https:\/\/blogg.atl.nu\/nysater\/#website","url":"https:\/\/blogg.atl.nu\/nysater\/","name":"Nys\u00e4ter lantbruk","description":"Elin Bergstr\u00f6m","potentialAction":[{"@type":"SearchAction","target":{"@type":"EntryPoint","urlTemplate":"https:\/\/blogg.atl.nu\/nysater\/?s={search_term_string}"},"query-input":"required name=search_term_string"}],"inLanguage":"sv-SE"},{"@type":"Person","@id":"https:\/\/blogg.atl.nu\/nysater\/#\/schema\/person\/44ec87efb92df15b0f3b0c68a84c7c0f","name":"Elin Bergstr\u00f6m","image":{"@type":"ImageObject","inLanguage":"sv-SE","@id":"https:\/\/blogg.atl.nu\/nysater\/#\/schema\/person\/image\/","url":"https:\/\/secure.gravatar.com\/avatar\/c68fea4c0b5b10e41c5a9ecd1fb1b3c0?s=96&d=mm&r=g","contentUrl":"https:\/\/secure.gravatar.com\/avatar\/c68fea4c0b5b10e41c5a9ecd1fb1b3c0?s=96&d=mm&r=g","caption":"Elin Bergstr\u00f6m"},"url":"https:\/\/blogg.atl.nu\/nysater\/author\/elin\/"}]}},"_links":{"self":[{"href":"https:\/\/blogg.atl.nu\/nysater\/wp-json\/wp\/v2\/posts\/228277"}],"collection":[{"href":"https:\/\/blogg.atl.nu\/nysater\/wp-json\/wp\/v2\/posts"}],"about":[{"href":"https:\/\/blogg.atl.nu\/nysater\/wp-json\/wp\/v2\/types\/post"}],"author":[{"embeddable":true,"href":"https:\/\/blogg.atl.nu\/nysater\/wp-json\/wp\/v2\/users\/338"}],"replies":[{"embeddable":true,"href":"https:\/\/blogg.atl.nu\/nysater\/wp-json\/wp\/v2\/comments?post=228277"}],"version-history":[{"count":4,"href":"https:\/\/blogg.atl.nu\/nysater\/wp-json\/wp\/v2\/posts\/228277\/revisions"}],"predecessor-version":[{"id":228292,"href":"https:\/\/blogg.atl.nu\/nysater\/wp-json\/wp\/v2\/posts\/228277\/revisions\/228292"}],"wp:featuredmedia":[{"embeddable":true,"href":"https:\/\/blogg.atl.nu\/nysater\/wp-json\/wp\/v2\/media\/228285"}],"wp:attachment":[{"href":"https:\/\/blogg.atl.nu\/nysater\/wp-json\/wp\/v2\/media?parent=228277"}],"wp:term":[{"taxonomy":"category","embeddable":true,"href":"https:\/\/blogg.atl.nu\/nysater\/wp-json\/wp\/v2\/categories?post=228277"},{"taxonomy":"post_tag","embeddable":true,"href":"https:\/\/blogg.atl.nu\/nysater\/wp-json\/wp\/v2\/tags?post=228277"}],"curies":[{"name":"wp","href":"https:\/\/api.w.org\/{rel}","templated":true}]}}