{"id":228309,"date":"2021-07-31T22:21:55","date_gmt":"2021-07-31T20:21:55","guid":{"rendered":"https:\/\/blogg.atl.nu\/nysater\/?p=228309"},"modified":"2021-07-31T22:45:23","modified_gmt":"2021-07-31T20:45:23","slug":"det-skriks-och-skuttas","status":"publish","type":"post","link":"https:\/\/blogg.atl.nu\/nysater\/2021\/07\/31\/det-skriks-och-skuttas\/","title":{"rendered":"Det skriks och skuttas"},"content":{"rendered":"<p><strong>Ig\u00e5r var jag och Danne iv\u00e4g p\u00e5 en trevlig sv\u00e4ng till Kvarnsveden och h\u00e4mtade kalvar. Det var inga sm\u00e5 v\u00e4na varelser som man l\u00e4tt kunde lyfta in i finkan utan rej\u00e4la biffar.\u00a0<\/strong><\/p>\n<p>V\u00e5r last blev tre tjurkalvar som g\u00e5tt och diat och var stora och fina samt tv\u00e5 bastanta k\u00f6ttraskvigor. Kvigorna var stora nog att komma ut till v\u00e5ra \u00e5rsgamla tjejer i beteshagen men de hade ingen erfarenhet av elst\u00e4ngsel. D\u00e4rf\u00f6r fick de vara i en grindf\u00e5lla till att b\u00f6rja med, och sakta l\u00e4ra sig hur tr\u00e5den fungerade. Sedan gick det bra att sl\u00e4ppa ut dem med de andra. Det blev en del glada skutt.<\/p>\n<p><img loading=\"lazy\" class=\"alignnone size-medium wp-image-228316\" src=\"https:\/\/blogg.atl.nu\/nysater\/wp-content\/uploads\/sites\/26\/2021\/07\/IMG_8284-300x225.jpg\" alt=\"\" width=\"300\" height=\"225\" srcset=\"https:\/\/blogg.atl.nu\/nysater\/wp-content\/uploads\/sites\/26\/2021\/07\/IMG_8284-300x225.jpg 300w, https:\/\/blogg.atl.nu\/nysater\/wp-content\/uploads\/sites\/26\/2021\/07\/IMG_8284-768x576.jpg 768w, https:\/\/blogg.atl.nu\/nysater\/wp-content\/uploads\/sites\/26\/2021\/07\/IMG_8284-1024x768.jpg 1024w, https:\/\/blogg.atl.nu\/nysater\/wp-content\/uploads\/sites\/26\/2021\/07\/IMG_8284.jpg 2048w\" sizes=\"(max-width: 300px) 100vw, 300px\" \/><\/p>\n<p><img loading=\"lazy\" class=\"alignnone size-medium wp-image-228315\" src=\"https:\/\/blogg.atl.nu\/nysater\/wp-content\/uploads\/sites\/26\/2021\/07\/IMG_8281-300x225.jpg\" alt=\"\" width=\"300\" height=\"225\" srcset=\"https:\/\/blogg.atl.nu\/nysater\/wp-content\/uploads\/sites\/26\/2021\/07\/IMG_8281-300x225.jpg 300w, https:\/\/blogg.atl.nu\/nysater\/wp-content\/uploads\/sites\/26\/2021\/07\/IMG_8281-768x576.jpg 768w, https:\/\/blogg.atl.nu\/nysater\/wp-content\/uploads\/sites\/26\/2021\/07\/IMG_8281-1024x768.jpg 1024w, https:\/\/blogg.atl.nu\/nysater\/wp-content\/uploads\/sites\/26\/2021\/07\/IMG_8281.jpg 2048w\" sizes=\"(max-width: 300px) 100vw, 300px\" \/><\/p>\n<p><img loading=\"lazy\" class=\"alignnone size-medium wp-image-228312\" src=\"https:\/\/blogg.atl.nu\/nysater\/wp-content\/uploads\/sites\/26\/2021\/07\/IMG_8270-300x225.jpg\" alt=\"\" width=\"300\" height=\"225\" srcset=\"https:\/\/blogg.atl.nu\/nysater\/wp-content\/uploads\/sites\/26\/2021\/07\/IMG_8270-300x225.jpg 300w, https:\/\/blogg.atl.nu\/nysater\/wp-content\/uploads\/sites\/26\/2021\/07\/IMG_8270-768x576.jpg 768w, https:\/\/blogg.atl.nu\/nysater\/wp-content\/uploads\/sites\/26\/2021\/07\/IMG_8270-1024x768.jpg 1024w, https:\/\/blogg.atl.nu\/nysater\/wp-content\/uploads\/sites\/26\/2021\/07\/IMG_8270.jpg 2048w\" sizes=\"(max-width: 300px) 100vw, 300px\" \/> <img loading=\"lazy\" class=\"alignnone size-medium wp-image-228313\" src=\"https:\/\/blogg.atl.nu\/nysater\/wp-content\/uploads\/sites\/26\/2021\/07\/IMG_8272-300x225.jpg\" alt=\"\" width=\"300\" height=\"225\" srcset=\"https:\/\/blogg.atl.nu\/nysater\/wp-content\/uploads\/sites\/26\/2021\/07\/IMG_8272-300x225.jpg 300w, https:\/\/blogg.atl.nu\/nysater\/wp-content\/uploads\/sites\/26\/2021\/07\/IMG_8272-768x576.jpg 768w, https:\/\/blogg.atl.nu\/nysater\/wp-content\/uploads\/sites\/26\/2021\/07\/IMG_8272-1024x768.jpg 1024w, https:\/\/blogg.atl.nu\/nysater\/wp-content\/uploads\/sites\/26\/2021\/07\/IMG_8272.jpg 2048w\" sizes=\"(max-width: 300px) 100vw, 300px\" \/><\/p>\n<p>Tjurkalvarna d\u00e4remot \u00e4r inte s\u00e5 n\u00f6jda. De skriker. Det \u00e4r rena trumpetorkestern h\u00e4r. Eftersom de redan var s\u00e5 stora f\u00e5r de ingen mj\u00f6lk av oss. Det \u00e4r inte n\u00f6dv\u00e4ndigt, de \u00e4r gamla nog och \u00e4ter bra med grov- och kraftfoder. Dessutom skulle de troligen f\u00e5 diarr\u00e9 om vi gav dem pulvermj\u00f6lk n\u00e4r de \u00e4r vana vid att dia.<br \/>\nTyv\u00e4rr f\u00f6rst\u00e5r de inte konceptet sj\u00e4lva. Det h\u00e4r med att flyttas till ett nytt st\u00e4lle utan sina morsor protesterar de h\u00f6gljutt emot. Tur att det brukar ge med sig efter bara n\u00e5got dygn.<\/p>\n<p><img loading=\"lazy\" class=\"alignnone size-medium wp-image-228010\" src=\"https:\/\/blogg.atl.nu\/nysater\/wp-content\/uploads\/sites\/26\/2021\/06\/IMG_7468-300x225.jpg\" alt=\"\" width=\"300\" height=\"225\" srcset=\"https:\/\/blogg.atl.nu\/nysater\/wp-content\/uploads\/sites\/26\/2021\/06\/IMG_7468-300x225.jpg 300w, https:\/\/blogg.atl.nu\/nysater\/wp-content\/uploads\/sites\/26\/2021\/06\/IMG_7468-768x576.jpg 768w, https:\/\/blogg.atl.nu\/nysater\/wp-content\/uploads\/sites\/26\/2021\/06\/IMG_7468-1024x768.jpg 1024w, https:\/\/blogg.atl.nu\/nysater\/wp-content\/uploads\/sites\/26\/2021\/06\/IMG_7468.jpg 2048w\" sizes=\"(max-width: 300px) 100vw, 300px\" \/><br \/>\n<em>Hade ingen bild p\u00e5 just de tjurkalvarna men den h\u00e4r tycker jag \u00e4r s\u00e5 l\u00f6rdagsmysig att jag gott kan l\u00e4gga upp den igen.\u00a0<\/em><\/p>\n<p>F\u00f6rutom vanligt jobb har jag flyttat djur idag och varit uppe p\u00e5 ett berg och \u00e4tit lyxig r\u00e4kmacka.<\/p>\n<p><img loading=\"lazy\" class=\"alignnone size-medium wp-image-228311\" src=\"https:\/\/blogg.atl.nu\/nysater\/wp-content\/uploads\/sites\/26\/2021\/07\/IMG_8269-300x225.jpg\" alt=\"\" width=\"300\" height=\"225\" srcset=\"https:\/\/blogg.atl.nu\/nysater\/wp-content\/uploads\/sites\/26\/2021\/07\/IMG_8269-300x225.jpg 300w, https:\/\/blogg.atl.nu\/nysater\/wp-content\/uploads\/sites\/26\/2021\/07\/IMG_8269-768x576.jpg 768w, https:\/\/blogg.atl.nu\/nysater\/wp-content\/uploads\/sites\/26\/2021\/07\/IMG_8269-1024x768.jpg 1024w, https:\/\/blogg.atl.nu\/nysater\/wp-content\/uploads\/sites\/26\/2021\/07\/IMG_8269.jpg 2048w\" sizes=\"(max-width: 300px) 100vw, 300px\" \/><br \/>\n<em>Utsikten fr\u00e5n V\u00e4ttaberget i Liden. M\u00e4ktigt.<\/em><\/p>\n<p>Danne var hem en sv\u00e4ng och f\u00f6rberedde inf\u00f6r kommande veckas projekt n\u00e4r planen hos korna \u00e4ntligen ska fyllas. Till veckan kommer Linda tillbaka fr\u00e5n sin semester ocks\u00e5, s\u00e5 d\u00e5 blir det fina bilder igen h\u00e4r p\u00e5 bloggen. H\u00e4r \u00e4r i alla fall en fr\u00e5n n\u00e4r Danne flyttade en vattenkopp som inte l\u00e4ngre hade optimal placering.<\/p>\n<p><img loading=\"lazy\" class=\"alignnone size-medium wp-image-228310\" src=\"https:\/\/blogg.atl.nu\/nysater\/wp-content\/uploads\/sites\/26\/2021\/07\/IMG_8239-300x225.jpg\" alt=\"\" width=\"300\" height=\"225\" srcset=\"https:\/\/blogg.atl.nu\/nysater\/wp-content\/uploads\/sites\/26\/2021\/07\/IMG_8239-300x225.jpg 300w, https:\/\/blogg.atl.nu\/nysater\/wp-content\/uploads\/sites\/26\/2021\/07\/IMG_8239-768x576.jpg 768w, https:\/\/blogg.atl.nu\/nysater\/wp-content\/uploads\/sites\/26\/2021\/07\/IMG_8239-1024x768.jpg 1024w, https:\/\/blogg.atl.nu\/nysater\/wp-content\/uploads\/sites\/26\/2021\/07\/IMG_8239.jpg 2048w\" sizes=\"(max-width: 300px) 100vw, 300px\" \/><br \/>\n<em>Leif ligger och \u00f6vervakar arbetet.\u00a0<\/em><\/p>\n<p>Hoppas alla har en fin helg!<\/p>\n<p>&nbsp;<\/p>\n","protected":false},"excerpt":{"rendered":"<p>Ig\u00e5r var jag och Danne iv\u00e4g p\u00e5 en trevlig sv\u00e4ng till Kvarnsveden och h\u00e4mtade kalvar. Det var inga sm\u00e5 v\u00e4na varelser som man l\u00e4tt kunde lyfta in i finkan utan rej\u00e4la biffar.\u00a0 V\u00e5r last blev tre tjurkalvar som g\u00e5tt och diat och var stora och fina samt tv\u00e5 bastanta k\u00f6ttraskvigor. Kvigorna var stora nog att&#8230;<\/p>\n","protected":false},"author":338,"featured_media":228315,"comment_status":"open","ping_status":"open","sticky":false,"template":"","format":"standard","meta":[],"categories":[2],"tags":[77,21,3,10,6,47],"yoast_head":"<!-- This site is optimized with the Yoast SEO plugin v19.6 - https:\/\/yoast.com\/wordpress\/plugins\/seo\/ -->\n<title>Det skriks och skuttas - Nys\u00e4ter lantbruk<\/title>\n<meta name=\"robots\" content=\"index, follow, max-snippet:-1, max-image-preview:large, max-video-preview:-1\" \/>\n<link rel=\"canonical\" href=\"https:\/\/blogg.atl.nu\/nysater\/2021\/07\/31\/det-skriks-och-skuttas\/\" \/>\n<meta property=\"og:locale\" content=\"sv_SE\" \/>\n<meta property=\"og:type\" content=\"article\" \/>\n<meta property=\"og:title\" content=\"Det skriks och skuttas - Nys\u00e4ter lantbruk\" \/>\n<meta property=\"og:description\" content=\"Ig\u00e5r var jag och Danne iv\u00e4g p\u00e5 en trevlig sv\u00e4ng till Kvarnsveden och h\u00e4mtade kalvar. Det var inga sm\u00e5 v\u00e4na varelser som man l\u00e4tt kunde lyfta in i finkan utan rej\u00e4la biffar.\u00a0 V\u00e5r last blev tre tjurkalvar som g\u00e5tt och diat och var stora och fina samt tv\u00e5 bastanta k\u00f6ttraskvigor. Kvigorna var stora nog att...\" \/>\n<meta property=\"og:url\" content=\"https:\/\/blogg.atl.nu\/nysater\/2021\/07\/31\/det-skriks-och-skuttas\/\" \/>\n<meta property=\"og:site_name\" content=\"Nys\u00e4ter lantbruk\" \/>\n<meta property=\"article:published_time\" content=\"2021-07-31T20:21:55+00:00\" \/>\n<meta property=\"article:modified_time\" content=\"2021-07-31T20:45:23+00:00\" \/>\n<meta property=\"og:image\" content=\"https:\/\/blogg.atl.nu\/nysater\/wp-content\/uploads\/sites\/26\/2021\/07\/IMG_8281.jpg\" \/>\n\t<meta property=\"og:image:width\" content=\"4032\" \/>\n\t<meta property=\"og:image:height\" content=\"3024\" \/>\n\t<meta property=\"og:image:type\" content=\"image\/jpeg\" \/>\n<meta name=\"author\" content=\"Elin Bergstr\u00f6m\" \/>\n<meta name=\"twitter:card\" content=\"summary\" \/>\n<meta name=\"twitter:label1\" content=\"Skriven av\" \/>\n\t<meta name=\"twitter:data1\" content=\"Elin Bergstr\u00f6m\" \/>\n\t<meta name=\"twitter:label2\" content=\"Ber\u00e4knad l\u00e4stid\" \/>\n\t<meta name=\"twitter:data2\" content=\"2 minuter\" \/>\n<script type=\"application\/ld+json\" class=\"yoast-schema-graph\">{\"@context\":\"https:\/\/schema.org\",\"@graph\":[{\"@type\":\"WebPage\",\"@id\":\"https:\/\/blogg.atl.nu\/nysater\/2021\/07\/31\/det-skriks-och-skuttas\/\",\"url\":\"https:\/\/blogg.atl.nu\/nysater\/2021\/07\/31\/det-skriks-och-skuttas\/\",\"name\":\"Det skriks och skuttas - Nys\u00e4ter lantbruk\",\"isPartOf\":{\"@id\":\"https:\/\/blogg.atl.nu\/nysater\/#website\"},\"datePublished\":\"2021-07-31T20:21:55+00:00\",\"dateModified\":\"2021-07-31T20:45:23+00:00\",\"author\":{\"@id\":\"https:\/\/blogg.atl.nu\/nysater\/#\/schema\/person\/44ec87efb92df15b0f3b0c68a84c7c0f\"},\"breadcrumb\":{\"@id\":\"https:\/\/blogg.atl.nu\/nysater\/2021\/07\/31\/det-skriks-och-skuttas\/#breadcrumb\"},\"inLanguage\":\"sv-SE\",\"potentialAction\":[{\"@type\":\"ReadAction\",\"target\":[\"https:\/\/blogg.atl.nu\/nysater\/2021\/07\/31\/det-skriks-och-skuttas\/\"]}]},{\"@type\":\"BreadcrumbList\",\"@id\":\"https:\/\/blogg.atl.nu\/nysater\/2021\/07\/31\/det-skriks-och-skuttas\/#breadcrumb\",\"itemListElement\":[{\"@type\":\"ListItem\",\"position\":1,\"name\":\"Hem\",\"item\":\"https:\/\/blogg.atl.nu\/nysater\/\"},{\"@type\":\"ListItem\",\"position\":2,\"name\":\"Det skriks och skuttas\"}]},{\"@type\":\"WebSite\",\"@id\":\"https:\/\/blogg.atl.nu\/nysater\/#website\",\"url\":\"https:\/\/blogg.atl.nu\/nysater\/\",\"name\":\"Nys\u00e4ter lantbruk\",\"description\":\"Elin Bergstr\u00f6m\",\"potentialAction\":[{\"@type\":\"SearchAction\",\"target\":{\"@type\":\"EntryPoint\",\"urlTemplate\":\"https:\/\/blogg.atl.nu\/nysater\/?s={search_term_string}\"},\"query-input\":\"required name=search_term_string\"}],\"inLanguage\":\"sv-SE\"},{\"@type\":\"Person\",\"@id\":\"https:\/\/blogg.atl.nu\/nysater\/#\/schema\/person\/44ec87efb92df15b0f3b0c68a84c7c0f\",\"name\":\"Elin Bergstr\u00f6m\",\"image\":{\"@type\":\"ImageObject\",\"inLanguage\":\"sv-SE\",\"@id\":\"https:\/\/blogg.atl.nu\/nysater\/#\/schema\/person\/image\/\",\"url\":\"https:\/\/secure.gravatar.com\/avatar\/c68fea4c0b5b10e41c5a9ecd1fb1b3c0?s=96&d=mm&r=g\",\"contentUrl\":\"https:\/\/secure.gravatar.com\/avatar\/c68fea4c0b5b10e41c5a9ecd1fb1b3c0?s=96&d=mm&r=g\",\"caption\":\"Elin Bergstr\u00f6m\"},\"url\":\"https:\/\/blogg.atl.nu\/nysater\/author\/elin\/\"}]}<\/script>\n<!-- \/ Yoast SEO plugin. -->","yoast_head_json":{"title":"Det skriks och skuttas - Nys\u00e4ter lantbruk","robots":{"index":"index","follow":"follow","max-snippet":"max-snippet:-1","max-image-preview":"max-image-preview:large","max-video-preview":"max-video-preview:-1"},"canonical":"https:\/\/blogg.atl.nu\/nysater\/2021\/07\/31\/det-skriks-och-skuttas\/","og_locale":"sv_SE","og_type":"article","og_title":"Det skriks och skuttas - Nys\u00e4ter lantbruk","og_description":"Ig\u00e5r var jag och Danne iv\u00e4g p\u00e5 en trevlig sv\u00e4ng till Kvarnsveden och h\u00e4mtade kalvar. Det var inga sm\u00e5 v\u00e4na varelser som man l\u00e4tt kunde lyfta in i finkan utan rej\u00e4la biffar.\u00a0 V\u00e5r last blev tre tjurkalvar som g\u00e5tt och diat och var stora och fina samt tv\u00e5 bastanta k\u00f6ttraskvigor. Kvigorna var stora nog att...","og_url":"https:\/\/blogg.atl.nu\/nysater\/2021\/07\/31\/det-skriks-och-skuttas\/","og_site_name":"Nys\u00e4ter lantbruk","article_published_time":"2021-07-31T20:21:55+00:00","article_modified_time":"2021-07-31T20:45:23+00:00","og_image":[{"width":4032,"height":3024,"url":"https:\/\/blogg.atl.nu\/nysater\/wp-content\/uploads\/sites\/26\/2021\/07\/IMG_8281.jpg","type":"image\/jpeg"}],"author":"Elin Bergstr\u00f6m","twitter_card":"summary","twitter_misc":{"Skriven av":"Elin Bergstr\u00f6m","Ber\u00e4knad l\u00e4stid":"2 minuter"},"schema":{"@context":"https:\/\/schema.org","@graph":[{"@type":"WebPage","@id":"https:\/\/blogg.atl.nu\/nysater\/2021\/07\/31\/det-skriks-och-skuttas\/","url":"https:\/\/blogg.atl.nu\/nysater\/2021\/07\/31\/det-skriks-och-skuttas\/","name":"Det skriks och skuttas - Nys\u00e4ter lantbruk","isPartOf":{"@id":"https:\/\/blogg.atl.nu\/nysater\/#website"},"datePublished":"2021-07-31T20:21:55+00:00","dateModified":"2021-07-31T20:45:23+00:00","author":{"@id":"https:\/\/blogg.atl.nu\/nysater\/#\/schema\/person\/44ec87efb92df15b0f3b0c68a84c7c0f"},"breadcrumb":{"@id":"https:\/\/blogg.atl.nu\/nysater\/2021\/07\/31\/det-skriks-och-skuttas\/#breadcrumb"},"inLanguage":"sv-SE","potentialAction":[{"@type":"ReadAction","target":["https:\/\/blogg.atl.nu\/nysater\/2021\/07\/31\/det-skriks-och-skuttas\/"]}]},{"@type":"BreadcrumbList","@id":"https:\/\/blogg.atl.nu\/nysater\/2021\/07\/31\/det-skriks-och-skuttas\/#breadcrumb","itemListElement":[{"@type":"ListItem","position":1,"name":"Hem","item":"https:\/\/blogg.atl.nu\/nysater\/"},{"@type":"ListItem","position":2,"name":"Det skriks och skuttas"}]},{"@type":"WebSite","@id":"https:\/\/blogg.atl.nu\/nysater\/#website","url":"https:\/\/blogg.atl.nu\/nysater\/","name":"Nys\u00e4ter lantbruk","description":"Elin Bergstr\u00f6m","potentialAction":[{"@type":"SearchAction","target":{"@type":"EntryPoint","urlTemplate":"https:\/\/blogg.atl.nu\/nysater\/?s={search_term_string}"},"query-input":"required name=search_term_string"}],"inLanguage":"sv-SE"},{"@type":"Person","@id":"https:\/\/blogg.atl.nu\/nysater\/#\/schema\/person\/44ec87efb92df15b0f3b0c68a84c7c0f","name":"Elin Bergstr\u00f6m","image":{"@type":"ImageObject","inLanguage":"sv-SE","@id":"https:\/\/blogg.atl.nu\/nysater\/#\/schema\/person\/image\/","url":"https:\/\/secure.gravatar.com\/avatar\/c68fea4c0b5b10e41c5a9ecd1fb1b3c0?s=96&d=mm&r=g","contentUrl":"https:\/\/secure.gravatar.com\/avatar\/c68fea4c0b5b10e41c5a9ecd1fb1b3c0?s=96&d=mm&r=g","caption":"Elin Bergstr\u00f6m"},"url":"https:\/\/blogg.atl.nu\/nysater\/author\/elin\/"}]}},"_links":{"self":[{"href":"https:\/\/blogg.atl.nu\/nysater\/wp-json\/wp\/v2\/posts\/228309"}],"collection":[{"href":"https:\/\/blogg.atl.nu\/nysater\/wp-json\/wp\/v2\/posts"}],"about":[{"href":"https:\/\/blogg.atl.nu\/nysater\/wp-json\/wp\/v2\/types\/post"}],"author":[{"embeddable":true,"href":"https:\/\/blogg.atl.nu\/nysater\/wp-json\/wp\/v2\/users\/338"}],"replies":[{"embeddable":true,"href":"https:\/\/blogg.atl.nu\/nysater\/wp-json\/wp\/v2\/comments?post=228309"}],"version-history":[{"count":4,"href":"https:\/\/blogg.atl.nu\/nysater\/wp-json\/wp\/v2\/posts\/228309\/revisions"}],"predecessor-version":[{"id":228320,"href":"https:\/\/blogg.atl.nu\/nysater\/wp-json\/wp\/v2\/posts\/228309\/revisions\/228320"}],"wp:featuredmedia":[{"embeddable":true,"href":"https:\/\/blogg.atl.nu\/nysater\/wp-json\/wp\/v2\/media\/228315"}],"wp:attachment":[{"href":"https:\/\/blogg.atl.nu\/nysater\/wp-json\/wp\/v2\/media?parent=228309"}],"wp:term":[{"taxonomy":"category","embeddable":true,"href":"https:\/\/blogg.atl.nu\/nysater\/wp-json\/wp\/v2\/categories?post=228309"},{"taxonomy":"post_tag","embeddable":true,"href":"https:\/\/blogg.atl.nu\/nysater\/wp-json\/wp\/v2\/tags?post=228309"}],"curies":[{"name":"wp","href":"https:\/\/api.w.org\/{rel}","templated":true}]}}