{"id":228615,"date":"2021-08-30T22:38:09","date_gmt":"2021-08-30T20:38:09","guid":{"rendered":"https:\/\/blogg.atl.nu\/nysater\/?p=228615"},"modified":"2021-08-30T22:49:58","modified_gmt":"2021-08-30T20:49:58","slug":"pafrestande-start-pa-veckan","status":"publish","type":"post","link":"https:\/\/blogg.atl.nu\/nysater\/2021\/08\/30\/pafrestande-start-pa-veckan\/","title":{"rendered":"P\u00e5frestande start p\u00e5 veckan"},"content":{"rendered":"<p><strong>Det \u00e4r frustrerande att inte kunna vara hemma och hj\u00e4lpa till n\u00e4r det kr\u00e5nglar. Idag har det varit besv\u00e4rligt p\u00e5 farmen och det \u00e4r bara att hoppas att allt g\u00e5r b\u00e4ttre i morgon.\u00a0<\/strong><\/p>\n<p>Det stora orosmolnet f\u00f6r tillf\u00e4llet \u00e4r att Lexia har g\u00e5tt i strejk. Det var inte vad vi beh\u00f6vde nu. Tr\u00f6sknigen \u00e4r satt p\u00e5 ofrivillig paus i finv\u00e4dret och i skrivande stund letas fel med ljus och lykta. Vi hoppas att det \u00e4r n\u00e5got enkelt elfel, ett kabelbrott eller s\u00e5, men vi vet inte \u00e4n. Den stannade och gick sedan att k\u00f6ra endast sakta och sporadiskt. Det slutade med bogsering.<br \/>\n<img loading=\"lazy\" class=\"alignnone size-medium wp-image-228616\" src=\"https:\/\/blogg.atl.nu\/nysater\/wp-content\/uploads\/sites\/26\/2021\/08\/lexia-300x225.jpg\" alt=\"\" width=\"300\" height=\"225\" srcset=\"https:\/\/blogg.atl.nu\/nysater\/wp-content\/uploads\/sites\/26\/2021\/08\/lexia-300x225.jpg 300w, https:\/\/blogg.atl.nu\/nysater\/wp-content\/uploads\/sites\/26\/2021\/08\/lexia-768x576.jpg 768w, https:\/\/blogg.atl.nu\/nysater\/wp-content\/uploads\/sites\/26\/2021\/08\/lexia.jpg 960w\" sizes=\"(max-width: 300px) 100vw, 300px\" \/><\/p>\n<p>Det isar i magen och k\u00e4nns inte alls bra det h\u00e4r. Kornet m\u00e5ste hem nu och dessutom har vi vall p\u00e5 slag som beh\u00f6ver balas. Det finns ingen tid f\u00f6r trasiga tr\u00f6skor och nattskruvning men det \u00e4r inte s\u00e5 mycket att v\u00e4lja p\u00e5 tyv\u00e4rr. Den l\u00e4r ju inte laga sig sj\u00e4lv.<\/p>\n<p><img loading=\"lazy\" class=\"alignnone size-medium wp-image-228509\" src=\"https:\/\/blogg.atl.nu\/nysater\/wp-content\/uploads\/sites\/26\/2021\/08\/DSC_0194-300x200.jpg\" alt=\"\" width=\"300\" height=\"200\" srcset=\"https:\/\/blogg.atl.nu\/nysater\/wp-content\/uploads\/sites\/26\/2021\/08\/DSC_0194-300x200.jpg 300w, https:\/\/blogg.atl.nu\/nysater\/wp-content\/uploads\/sites\/26\/2021\/08\/DSC_0194-768x512.jpg 768w, https:\/\/blogg.atl.nu\/nysater\/wp-content\/uploads\/sites\/26\/2021\/08\/DSC_0194-1024x683.jpg 1024w, https:\/\/blogg.atl.nu\/nysater\/wp-content\/uploads\/sites\/26\/2021\/08\/DSC_0194.jpg 2048w\" sizes=\"(max-width: 300px) 100vw, 300px\" \/><\/p>\n<p>L60&#8217;n b\u00f6rjade spruta hydraulolja ocks\u00e5, bara f\u00f6r att riktigt kicka ig\u00e5ng veckan, och Jenny har haft fullt upp med allt som skulle g\u00f6ras och hinnas bland djur och maskiner. Sj\u00e4lv f\u00f6rs\u00f6ker jag vara en bra f\u00f6r\u00e4lder h\u00e4r p\u00e5 sjukhuset. Tr\u00e4nar p\u00e5 acceptans och p\u00e5 att inte bli alltf\u00f6r galen av att inte kunna hj\u00e4lpa till.<\/p>\n<p>Det g\u00e5r s\u00e5d\u00e4r.<\/p>\n<p><em>(Gamla bilder i inl\u00e4gget. Har inga nya f\u00f6r dagen. \u00c5terst\u00e5r att se om Danne fortfarande \u00e4r s\u00e5d\u00e4r k\u00e4rleksfullt inst\u00e4lld till sin tr\u00f6ska i morgon&#8230;)<\/em><\/p>\n","protected":false},"excerpt":{"rendered":"<p>Det \u00e4r frustrerande att inte kunna vara hemma och hj\u00e4lpa till n\u00e4r det kr\u00e5nglar. Idag har det varit besv\u00e4rligt p\u00e5 farmen och det \u00e4r bara att hoppas att allt g\u00e5r b\u00e4ttre i morgon.\u00a0 Det stora orosmolnet f\u00f6r tillf\u00e4llet \u00e4r att Lexia har g\u00e5tt i strejk. Det var inte vad vi beh\u00f6vde nu. Tr\u00f6sknigen \u00e4r satt&#8230;<\/p>\n","protected":false},"author":338,"featured_media":224940,"comment_status":"open","ping_status":"open","sticky":false,"template":"","format":"standard","meta":[],"categories":[1],"tags":[],"yoast_head":"<!-- This site is optimized with the Yoast SEO plugin v19.6 - https:\/\/yoast.com\/wordpress\/plugins\/seo\/ -->\n<title>P\u00e5frestande start p\u00e5 veckan - Nys\u00e4ter lantbruk<\/title>\n<meta name=\"robots\" content=\"index, follow, max-snippet:-1, max-image-preview:large, max-video-preview:-1\" \/>\n<link rel=\"canonical\" href=\"https:\/\/blogg.atl.nu\/nysater\/2021\/08\/30\/pafrestande-start-pa-veckan\/\" \/>\n<meta property=\"og:locale\" content=\"sv_SE\" \/>\n<meta property=\"og:type\" content=\"article\" \/>\n<meta property=\"og:title\" content=\"P\u00e5frestande start p\u00e5 veckan - Nys\u00e4ter lantbruk\" \/>\n<meta property=\"og:description\" content=\"Det \u00e4r frustrerande att inte kunna vara hemma och hj\u00e4lpa till n\u00e4r det kr\u00e5nglar. Idag har det varit besv\u00e4rligt p\u00e5 farmen och det \u00e4r bara att hoppas att allt g\u00e5r b\u00e4ttre i morgon.\u00a0 Det stora orosmolnet f\u00f6r tillf\u00e4llet \u00e4r att Lexia har g\u00e5tt i strejk. Det var inte vad vi beh\u00f6vde nu. Tr\u00f6sknigen \u00e4r satt...\" \/>\n<meta property=\"og:url\" content=\"https:\/\/blogg.atl.nu\/nysater\/2021\/08\/30\/pafrestande-start-pa-veckan\/\" \/>\n<meta property=\"og:site_name\" content=\"Nys\u00e4ter lantbruk\" \/>\n<meta property=\"article:published_time\" content=\"2021-08-30T20:38:09+00:00\" \/>\n<meta property=\"article:modified_time\" content=\"2021-08-30T20:49:58+00:00\" \/>\n<meta property=\"og:image\" content=\"https:\/\/blogg.atl.nu\/nysater\/wp-content\/uploads\/sites\/26\/2020\/03\/lexa.jpg\" \/>\n\t<meta property=\"og:image:width\" content=\"960\" \/>\n\t<meta property=\"og:image:height\" content=\"720\" \/>\n\t<meta property=\"og:image:type\" content=\"image\/jpeg\" \/>\n<meta name=\"author\" content=\"Elin Bergstr\u00f6m\" \/>\n<meta name=\"twitter:card\" content=\"summary\" \/>\n<meta name=\"twitter:label1\" content=\"Skriven av\" \/>\n\t<meta name=\"twitter:data1\" content=\"Elin Bergstr\u00f6m\" \/>\n\t<meta name=\"twitter:label2\" content=\"Ber\u00e4knad l\u00e4stid\" \/>\n\t<meta name=\"twitter:data2\" content=\"1 minut\" \/>\n<script type=\"application\/ld+json\" class=\"yoast-schema-graph\">{\"@context\":\"https:\/\/schema.org\",\"@graph\":[{\"@type\":\"WebPage\",\"@id\":\"https:\/\/blogg.atl.nu\/nysater\/2021\/08\/30\/pafrestande-start-pa-veckan\/\",\"url\":\"https:\/\/blogg.atl.nu\/nysater\/2021\/08\/30\/pafrestande-start-pa-veckan\/\",\"name\":\"P\u00e5frestande start p\u00e5 veckan - Nys\u00e4ter lantbruk\",\"isPartOf\":{\"@id\":\"https:\/\/blogg.atl.nu\/nysater\/#website\"},\"datePublished\":\"2021-08-30T20:38:09+00:00\",\"dateModified\":\"2021-08-30T20:49:58+00:00\",\"author\":{\"@id\":\"https:\/\/blogg.atl.nu\/nysater\/#\/schema\/person\/44ec87efb92df15b0f3b0c68a84c7c0f\"},\"breadcrumb\":{\"@id\":\"https:\/\/blogg.atl.nu\/nysater\/2021\/08\/30\/pafrestande-start-pa-veckan\/#breadcrumb\"},\"inLanguage\":\"sv-SE\",\"potentialAction\":[{\"@type\":\"ReadAction\",\"target\":[\"https:\/\/blogg.atl.nu\/nysater\/2021\/08\/30\/pafrestande-start-pa-veckan\/\"]}]},{\"@type\":\"BreadcrumbList\",\"@id\":\"https:\/\/blogg.atl.nu\/nysater\/2021\/08\/30\/pafrestande-start-pa-veckan\/#breadcrumb\",\"itemListElement\":[{\"@type\":\"ListItem\",\"position\":1,\"name\":\"Hem\",\"item\":\"https:\/\/blogg.atl.nu\/nysater\/\"},{\"@type\":\"ListItem\",\"position\":2,\"name\":\"P\u00e5frestande start p\u00e5 veckan\"}]},{\"@type\":\"WebSite\",\"@id\":\"https:\/\/blogg.atl.nu\/nysater\/#website\",\"url\":\"https:\/\/blogg.atl.nu\/nysater\/\",\"name\":\"Nys\u00e4ter lantbruk\",\"description\":\"Elin Bergstr\u00f6m\",\"potentialAction\":[{\"@type\":\"SearchAction\",\"target\":{\"@type\":\"EntryPoint\",\"urlTemplate\":\"https:\/\/blogg.atl.nu\/nysater\/?s={search_term_string}\"},\"query-input\":\"required name=search_term_string\"}],\"inLanguage\":\"sv-SE\"},{\"@type\":\"Person\",\"@id\":\"https:\/\/blogg.atl.nu\/nysater\/#\/schema\/person\/44ec87efb92df15b0f3b0c68a84c7c0f\",\"name\":\"Elin Bergstr\u00f6m\",\"image\":{\"@type\":\"ImageObject\",\"inLanguage\":\"sv-SE\",\"@id\":\"https:\/\/blogg.atl.nu\/nysater\/#\/schema\/person\/image\/\",\"url\":\"https:\/\/secure.gravatar.com\/avatar\/c68fea4c0b5b10e41c5a9ecd1fb1b3c0?s=96&d=mm&r=g\",\"contentUrl\":\"https:\/\/secure.gravatar.com\/avatar\/c68fea4c0b5b10e41c5a9ecd1fb1b3c0?s=96&d=mm&r=g\",\"caption\":\"Elin Bergstr\u00f6m\"},\"url\":\"https:\/\/blogg.atl.nu\/nysater\/author\/elin\/\"}]}<\/script>\n<!-- \/ Yoast SEO plugin. -->","yoast_head_json":{"title":"P\u00e5frestande start p\u00e5 veckan - Nys\u00e4ter lantbruk","robots":{"index":"index","follow":"follow","max-snippet":"max-snippet:-1","max-image-preview":"max-image-preview:large","max-video-preview":"max-video-preview:-1"},"canonical":"https:\/\/blogg.atl.nu\/nysater\/2021\/08\/30\/pafrestande-start-pa-veckan\/","og_locale":"sv_SE","og_type":"article","og_title":"P\u00e5frestande start p\u00e5 veckan - Nys\u00e4ter lantbruk","og_description":"Det \u00e4r frustrerande att inte kunna vara hemma och hj\u00e4lpa till n\u00e4r det kr\u00e5nglar. Idag har det varit besv\u00e4rligt p\u00e5 farmen och det \u00e4r bara att hoppas att allt g\u00e5r b\u00e4ttre i morgon.\u00a0 Det stora orosmolnet f\u00f6r tillf\u00e4llet \u00e4r att Lexia har g\u00e5tt i strejk. Det var inte vad vi beh\u00f6vde nu. Tr\u00f6sknigen \u00e4r satt...","og_url":"https:\/\/blogg.atl.nu\/nysater\/2021\/08\/30\/pafrestande-start-pa-veckan\/","og_site_name":"Nys\u00e4ter lantbruk","article_published_time":"2021-08-30T20:38:09+00:00","article_modified_time":"2021-08-30T20:49:58+00:00","og_image":[{"width":960,"height":720,"url":"https:\/\/blogg.atl.nu\/nysater\/wp-content\/uploads\/sites\/26\/2020\/03\/lexa.jpg","type":"image\/jpeg"}],"author":"Elin Bergstr\u00f6m","twitter_card":"summary","twitter_misc":{"Skriven av":"Elin Bergstr\u00f6m","Ber\u00e4knad l\u00e4stid":"1 minut"},"schema":{"@context":"https:\/\/schema.org","@graph":[{"@type":"WebPage","@id":"https:\/\/blogg.atl.nu\/nysater\/2021\/08\/30\/pafrestande-start-pa-veckan\/","url":"https:\/\/blogg.atl.nu\/nysater\/2021\/08\/30\/pafrestande-start-pa-veckan\/","name":"P\u00e5frestande start p\u00e5 veckan - Nys\u00e4ter lantbruk","isPartOf":{"@id":"https:\/\/blogg.atl.nu\/nysater\/#website"},"datePublished":"2021-08-30T20:38:09+00:00","dateModified":"2021-08-30T20:49:58+00:00","author":{"@id":"https:\/\/blogg.atl.nu\/nysater\/#\/schema\/person\/44ec87efb92df15b0f3b0c68a84c7c0f"},"breadcrumb":{"@id":"https:\/\/blogg.atl.nu\/nysater\/2021\/08\/30\/pafrestande-start-pa-veckan\/#breadcrumb"},"inLanguage":"sv-SE","potentialAction":[{"@type":"ReadAction","target":["https:\/\/blogg.atl.nu\/nysater\/2021\/08\/30\/pafrestande-start-pa-veckan\/"]}]},{"@type":"BreadcrumbList","@id":"https:\/\/blogg.atl.nu\/nysater\/2021\/08\/30\/pafrestande-start-pa-veckan\/#breadcrumb","itemListElement":[{"@type":"ListItem","position":1,"name":"Hem","item":"https:\/\/blogg.atl.nu\/nysater\/"},{"@type":"ListItem","position":2,"name":"P\u00e5frestande start p\u00e5 veckan"}]},{"@type":"WebSite","@id":"https:\/\/blogg.atl.nu\/nysater\/#website","url":"https:\/\/blogg.atl.nu\/nysater\/","name":"Nys\u00e4ter lantbruk","description":"Elin Bergstr\u00f6m","potentialAction":[{"@type":"SearchAction","target":{"@type":"EntryPoint","urlTemplate":"https:\/\/blogg.atl.nu\/nysater\/?s={search_term_string}"},"query-input":"required name=search_term_string"}],"inLanguage":"sv-SE"},{"@type":"Person","@id":"https:\/\/blogg.atl.nu\/nysater\/#\/schema\/person\/44ec87efb92df15b0f3b0c68a84c7c0f","name":"Elin Bergstr\u00f6m","image":{"@type":"ImageObject","inLanguage":"sv-SE","@id":"https:\/\/blogg.atl.nu\/nysater\/#\/schema\/person\/image\/","url":"https:\/\/secure.gravatar.com\/avatar\/c68fea4c0b5b10e41c5a9ecd1fb1b3c0?s=96&d=mm&r=g","contentUrl":"https:\/\/secure.gravatar.com\/avatar\/c68fea4c0b5b10e41c5a9ecd1fb1b3c0?s=96&d=mm&r=g","caption":"Elin Bergstr\u00f6m"},"url":"https:\/\/blogg.atl.nu\/nysater\/author\/elin\/"}]}},"_links":{"self":[{"href":"https:\/\/blogg.atl.nu\/nysater\/wp-json\/wp\/v2\/posts\/228615"}],"collection":[{"href":"https:\/\/blogg.atl.nu\/nysater\/wp-json\/wp\/v2\/posts"}],"about":[{"href":"https:\/\/blogg.atl.nu\/nysater\/wp-json\/wp\/v2\/types\/post"}],"author":[{"embeddable":true,"href":"https:\/\/blogg.atl.nu\/nysater\/wp-json\/wp\/v2\/users\/338"}],"replies":[{"embeddable":true,"href":"https:\/\/blogg.atl.nu\/nysater\/wp-json\/wp\/v2\/comments?post=228615"}],"version-history":[{"count":7,"href":"https:\/\/blogg.atl.nu\/nysater\/wp-json\/wp\/v2\/posts\/228615\/revisions"}],"predecessor-version":[{"id":228623,"href":"https:\/\/blogg.atl.nu\/nysater\/wp-json\/wp\/v2\/posts\/228615\/revisions\/228623"}],"wp:featuredmedia":[{"embeddable":true,"href":"https:\/\/blogg.atl.nu\/nysater\/wp-json\/wp\/v2\/media\/224940"}],"wp:attachment":[{"href":"https:\/\/blogg.atl.nu\/nysater\/wp-json\/wp\/v2\/media?parent=228615"}],"wp:term":[{"taxonomy":"category","embeddable":true,"href":"https:\/\/blogg.atl.nu\/nysater\/wp-json\/wp\/v2\/categories?post=228615"},{"taxonomy":"post_tag","embeddable":true,"href":"https:\/\/blogg.atl.nu\/nysater\/wp-json\/wp\/v2\/tags?post=228615"}],"curies":[{"name":"wp","href":"https:\/\/api.w.org\/{rel}","templated":true}]}}