{"id":230374,"date":"2022-04-02T22:39:27","date_gmt":"2022-04-02T20:39:27","guid":{"rendered":"https:\/\/blogg.atl.nu\/nysater\/?p=230374"},"modified":"2022-04-04T22:18:24","modified_gmt":"2022-04-04T20:18:24","slug":"nu-ar-jag-hemma-igen","status":"publish","type":"post","link":"https:\/\/blogg.atl.nu\/nysater\/2022\/04\/02\/nu-ar-jag-hemma-igen\/","title":{"rendered":"Nu \u00e4r jag hemma igen"},"content":{"rendered":"<p><strong>Veckan bara f\u00f6rsvann men nu \u00e4r jag hemma igen och allt ska v\u00e4l \u00e5terg\u00e5 till det vanliga s\u00e5 sm\u00e5tt. Det var kul att \u00e5ka ner och hj\u00e4lpa till med flytt och jag \u00e4r glad att vi kom iv\u00e4g trots att det var lite dramatik av olika slag innan.\u00a0<\/strong><\/p>\n<p>Jag var n\u00e4stan sugen p\u00e5 att starta en flyttfirma ett tag, s\u00e5 kul var det. Det var s\u00e5 tillfredsst\u00e4llande att r\u00f6ja ut ALLT ur en l\u00e4genhet, st\u00e4da och gnugga in i minsta vr\u00e5 och sedan b\u00e4ra in och b\u00f6rja om i ett annat hem. Det var bra f\u00f6r sj\u00e4len. M\u00e5ste bara k\u00f6pa en sk\u00e5pbil och en trappkl\u00e4ttrare f\u00f6rst, och f\u00f6rs\u00f6ka f\u00e5 till fler timmar p\u00e5 dygnet, sedan kan jag b\u00e4ra soffor och skura bakom spisar \u00e5t folk tills knogarna bl\u00f6der!<\/p>\n<p><img loading=\"lazy\" class=\"alignnone size-medium wp-image-230375\" src=\"https:\/\/blogg.atl.nu\/nysater\/wp-content\/uploads\/sites\/26\/2022\/04\/IMG_0731-300x225.jpg\" alt=\"\" width=\"300\" height=\"225\" srcset=\"https:\/\/blogg.atl.nu\/nysater\/wp-content\/uploads\/sites\/26\/2022\/04\/IMG_0731-300x225.jpg 300w, https:\/\/blogg.atl.nu\/nysater\/wp-content\/uploads\/sites\/26\/2022\/04\/IMG_0731-768x576.jpg 768w, https:\/\/blogg.atl.nu\/nysater\/wp-content\/uploads\/sites\/26\/2022\/04\/IMG_0731-1024x768.jpg 1024w, https:\/\/blogg.atl.nu\/nysater\/wp-content\/uploads\/sites\/26\/2022\/04\/IMG_0731.jpg 2048w\" sizes=\"(max-width: 300px) 100vw, 300px\" \/><\/p>\n<p>Idag har jag haft en ganska lugn l\u00f6rdag. Jag fick vila i morse, vilket var gudomligt, och nu p\u00e5 kv\u00e4llen har jag mest druckit kaffe och \u00e4tit choklad. Jag k\u00e4nner mig som dem p\u00e5 bilden. Tr\u00f6tt och mysig.<\/p>\n<p>I morgon blir det jobb och firande av f\u00f6delsedag s\u00e5 nu \u00e4r det v\u00e4l l\u00e4ge att f\u00f6rs\u00f6ka tanka i sig lite s\u00f6mn skulle jag tro. Det \u00e4r st\u00e4dning av foderbord i morgon ocks\u00e5, samt att jag ska visa ett efterl\u00e4ngtat nytillskott!<\/p>\n","protected":false},"excerpt":{"rendered":"<p>Veckan bara f\u00f6rsvann men nu \u00e4r jag hemma igen och allt ska v\u00e4l \u00e5terg\u00e5 till det vanliga s\u00e5 sm\u00e5tt. Det var kul att \u00e5ka ner och hj\u00e4lpa till med flytt och jag \u00e4r glad att vi kom iv\u00e4g trots att det var lite dramatik av olika slag innan.\u00a0 Jag var n\u00e4stan sugen p\u00e5 att starta&#8230;<\/p>\n","protected":false},"author":338,"featured_media":230376,"comment_status":"open","ping_status":"open","sticky":false,"template":"","format":"standard","meta":[],"categories":[1],"tags":[],"yoast_head":"<!-- This site is optimized with the Yoast SEO plugin v19.6 - https:\/\/yoast.com\/wordpress\/plugins\/seo\/ -->\n<title>Nu \u00e4r jag hemma igen - Nys\u00e4ter lantbruk<\/title>\n<meta name=\"robots\" content=\"index, follow, max-snippet:-1, max-image-preview:large, max-video-preview:-1\" \/>\n<link rel=\"canonical\" href=\"https:\/\/blogg.atl.nu\/nysater\/2022\/04\/02\/nu-ar-jag-hemma-igen\/\" \/>\n<meta property=\"og:locale\" content=\"sv_SE\" \/>\n<meta property=\"og:type\" content=\"article\" \/>\n<meta property=\"og:title\" content=\"Nu \u00e4r jag hemma igen - Nys\u00e4ter lantbruk\" \/>\n<meta property=\"og:description\" content=\"Veckan bara f\u00f6rsvann men nu \u00e4r jag hemma igen och allt ska v\u00e4l \u00e5terg\u00e5 till det vanliga s\u00e5 sm\u00e5tt. Det var kul att \u00e5ka ner och hj\u00e4lpa till med flytt och jag \u00e4r glad att vi kom iv\u00e4g trots att det var lite dramatik av olika slag innan.\u00a0 Jag var n\u00e4stan sugen p\u00e5 att starta...\" \/>\n<meta property=\"og:url\" content=\"https:\/\/blogg.atl.nu\/nysater\/2022\/04\/02\/nu-ar-jag-hemma-igen\/\" \/>\n<meta property=\"og:site_name\" content=\"Nys\u00e4ter lantbruk\" \/>\n<meta property=\"article:published_time\" content=\"2022-04-02T20:39:27+00:00\" \/>\n<meta property=\"article:modified_time\" content=\"2022-04-04T20:18:24+00:00\" \/>\n<meta property=\"og:image\" content=\"https:\/\/blogg.atl.nu\/nysater\/wp-content\/uploads\/sites\/26\/2022\/04\/IMG_0733.jpg\" \/>\n\t<meta property=\"og:image:width\" content=\"4032\" \/>\n\t<meta property=\"og:image:height\" content=\"3024\" \/>\n\t<meta property=\"og:image:type\" content=\"image\/jpeg\" \/>\n<meta name=\"author\" content=\"Elin Bergstr\u00f6m\" \/>\n<meta name=\"twitter:card\" content=\"summary\" \/>\n<meta name=\"twitter:label1\" content=\"Skriven av\" \/>\n\t<meta name=\"twitter:data1\" content=\"Elin Bergstr\u00f6m\" \/>\n\t<meta name=\"twitter:label2\" content=\"Ber\u00e4knad l\u00e4stid\" \/>\n\t<meta name=\"twitter:data2\" content=\"1 minut\" \/>\n<script type=\"application\/ld+json\" class=\"yoast-schema-graph\">{\"@context\":\"https:\/\/schema.org\",\"@graph\":[{\"@type\":\"WebPage\",\"@id\":\"https:\/\/blogg.atl.nu\/nysater\/2022\/04\/02\/nu-ar-jag-hemma-igen\/\",\"url\":\"https:\/\/blogg.atl.nu\/nysater\/2022\/04\/02\/nu-ar-jag-hemma-igen\/\",\"name\":\"Nu \u00e4r jag hemma igen - Nys\u00e4ter lantbruk\",\"isPartOf\":{\"@id\":\"https:\/\/blogg.atl.nu\/nysater\/#website\"},\"datePublished\":\"2022-04-02T20:39:27+00:00\",\"dateModified\":\"2022-04-04T20:18:24+00:00\",\"author\":{\"@id\":\"https:\/\/blogg.atl.nu\/nysater\/#\/schema\/person\/44ec87efb92df15b0f3b0c68a84c7c0f\"},\"breadcrumb\":{\"@id\":\"https:\/\/blogg.atl.nu\/nysater\/2022\/04\/02\/nu-ar-jag-hemma-igen\/#breadcrumb\"},\"inLanguage\":\"sv-SE\",\"potentialAction\":[{\"@type\":\"ReadAction\",\"target\":[\"https:\/\/blogg.atl.nu\/nysater\/2022\/04\/02\/nu-ar-jag-hemma-igen\/\"]}]},{\"@type\":\"BreadcrumbList\",\"@id\":\"https:\/\/blogg.atl.nu\/nysater\/2022\/04\/02\/nu-ar-jag-hemma-igen\/#breadcrumb\",\"itemListElement\":[{\"@type\":\"ListItem\",\"position\":1,\"name\":\"Hem\",\"item\":\"https:\/\/blogg.atl.nu\/nysater\/\"},{\"@type\":\"ListItem\",\"position\":2,\"name\":\"Nu \u00e4r jag hemma igen\"}]},{\"@type\":\"WebSite\",\"@id\":\"https:\/\/blogg.atl.nu\/nysater\/#website\",\"url\":\"https:\/\/blogg.atl.nu\/nysater\/\",\"name\":\"Nys\u00e4ter lantbruk\",\"description\":\"Elin Bergstr\u00f6m\",\"potentialAction\":[{\"@type\":\"SearchAction\",\"target\":{\"@type\":\"EntryPoint\",\"urlTemplate\":\"https:\/\/blogg.atl.nu\/nysater\/?s={search_term_string}\"},\"query-input\":\"required name=search_term_string\"}],\"inLanguage\":\"sv-SE\"},{\"@type\":\"Person\",\"@id\":\"https:\/\/blogg.atl.nu\/nysater\/#\/schema\/person\/44ec87efb92df15b0f3b0c68a84c7c0f\",\"name\":\"Elin Bergstr\u00f6m\",\"image\":{\"@type\":\"ImageObject\",\"inLanguage\":\"sv-SE\",\"@id\":\"https:\/\/blogg.atl.nu\/nysater\/#\/schema\/person\/image\/\",\"url\":\"https:\/\/secure.gravatar.com\/avatar\/c68fea4c0b5b10e41c5a9ecd1fb1b3c0?s=96&d=mm&r=g\",\"contentUrl\":\"https:\/\/secure.gravatar.com\/avatar\/c68fea4c0b5b10e41c5a9ecd1fb1b3c0?s=96&d=mm&r=g\",\"caption\":\"Elin Bergstr\u00f6m\"},\"url\":\"https:\/\/blogg.atl.nu\/nysater\/author\/elin\/\"}]}<\/script>\n<!-- \/ Yoast SEO plugin. -->","yoast_head_json":{"title":"Nu \u00e4r jag hemma igen - Nys\u00e4ter lantbruk","robots":{"index":"index","follow":"follow","max-snippet":"max-snippet:-1","max-image-preview":"max-image-preview:large","max-video-preview":"max-video-preview:-1"},"canonical":"https:\/\/blogg.atl.nu\/nysater\/2022\/04\/02\/nu-ar-jag-hemma-igen\/","og_locale":"sv_SE","og_type":"article","og_title":"Nu \u00e4r jag hemma igen - Nys\u00e4ter lantbruk","og_description":"Veckan bara f\u00f6rsvann men nu \u00e4r jag hemma igen och allt ska v\u00e4l \u00e5terg\u00e5 till det vanliga s\u00e5 sm\u00e5tt. Det var kul att \u00e5ka ner och hj\u00e4lpa till med flytt och jag \u00e4r glad att vi kom iv\u00e4g trots att det var lite dramatik av olika slag innan.\u00a0 Jag var n\u00e4stan sugen p\u00e5 att starta...","og_url":"https:\/\/blogg.atl.nu\/nysater\/2022\/04\/02\/nu-ar-jag-hemma-igen\/","og_site_name":"Nys\u00e4ter lantbruk","article_published_time":"2022-04-02T20:39:27+00:00","article_modified_time":"2022-04-04T20:18:24+00:00","og_image":[{"width":4032,"height":3024,"url":"https:\/\/blogg.atl.nu\/nysater\/wp-content\/uploads\/sites\/26\/2022\/04\/IMG_0733.jpg","type":"image\/jpeg"}],"author":"Elin Bergstr\u00f6m","twitter_card":"summary","twitter_misc":{"Skriven av":"Elin Bergstr\u00f6m","Ber\u00e4knad l\u00e4stid":"1 minut"},"schema":{"@context":"https:\/\/schema.org","@graph":[{"@type":"WebPage","@id":"https:\/\/blogg.atl.nu\/nysater\/2022\/04\/02\/nu-ar-jag-hemma-igen\/","url":"https:\/\/blogg.atl.nu\/nysater\/2022\/04\/02\/nu-ar-jag-hemma-igen\/","name":"Nu \u00e4r jag hemma igen - Nys\u00e4ter lantbruk","isPartOf":{"@id":"https:\/\/blogg.atl.nu\/nysater\/#website"},"datePublished":"2022-04-02T20:39:27+00:00","dateModified":"2022-04-04T20:18:24+00:00","author":{"@id":"https:\/\/blogg.atl.nu\/nysater\/#\/schema\/person\/44ec87efb92df15b0f3b0c68a84c7c0f"},"breadcrumb":{"@id":"https:\/\/blogg.atl.nu\/nysater\/2022\/04\/02\/nu-ar-jag-hemma-igen\/#breadcrumb"},"inLanguage":"sv-SE","potentialAction":[{"@type":"ReadAction","target":["https:\/\/blogg.atl.nu\/nysater\/2022\/04\/02\/nu-ar-jag-hemma-igen\/"]}]},{"@type":"BreadcrumbList","@id":"https:\/\/blogg.atl.nu\/nysater\/2022\/04\/02\/nu-ar-jag-hemma-igen\/#breadcrumb","itemListElement":[{"@type":"ListItem","position":1,"name":"Hem","item":"https:\/\/blogg.atl.nu\/nysater\/"},{"@type":"ListItem","position":2,"name":"Nu \u00e4r jag hemma igen"}]},{"@type":"WebSite","@id":"https:\/\/blogg.atl.nu\/nysater\/#website","url":"https:\/\/blogg.atl.nu\/nysater\/","name":"Nys\u00e4ter lantbruk","description":"Elin Bergstr\u00f6m","potentialAction":[{"@type":"SearchAction","target":{"@type":"EntryPoint","urlTemplate":"https:\/\/blogg.atl.nu\/nysater\/?s={search_term_string}"},"query-input":"required name=search_term_string"}],"inLanguage":"sv-SE"},{"@type":"Person","@id":"https:\/\/blogg.atl.nu\/nysater\/#\/schema\/person\/44ec87efb92df15b0f3b0c68a84c7c0f","name":"Elin Bergstr\u00f6m","image":{"@type":"ImageObject","inLanguage":"sv-SE","@id":"https:\/\/blogg.atl.nu\/nysater\/#\/schema\/person\/image\/","url":"https:\/\/secure.gravatar.com\/avatar\/c68fea4c0b5b10e41c5a9ecd1fb1b3c0?s=96&d=mm&r=g","contentUrl":"https:\/\/secure.gravatar.com\/avatar\/c68fea4c0b5b10e41c5a9ecd1fb1b3c0?s=96&d=mm&r=g","caption":"Elin Bergstr\u00f6m"},"url":"https:\/\/blogg.atl.nu\/nysater\/author\/elin\/"}]}},"_links":{"self":[{"href":"https:\/\/blogg.atl.nu\/nysater\/wp-json\/wp\/v2\/posts\/230374"}],"collection":[{"href":"https:\/\/blogg.atl.nu\/nysater\/wp-json\/wp\/v2\/posts"}],"about":[{"href":"https:\/\/blogg.atl.nu\/nysater\/wp-json\/wp\/v2\/types\/post"}],"author":[{"embeddable":true,"href":"https:\/\/blogg.atl.nu\/nysater\/wp-json\/wp\/v2\/users\/338"}],"replies":[{"embeddable":true,"href":"https:\/\/blogg.atl.nu\/nysater\/wp-json\/wp\/v2\/comments?post=230374"}],"version-history":[{"count":5,"href":"https:\/\/blogg.atl.nu\/nysater\/wp-json\/wp\/v2\/posts\/230374\/revisions"}],"predecessor-version":[{"id":230392,"href":"https:\/\/blogg.atl.nu\/nysater\/wp-json\/wp\/v2\/posts\/230374\/revisions\/230392"}],"wp:featuredmedia":[{"embeddable":true,"href":"https:\/\/blogg.atl.nu\/nysater\/wp-json\/wp\/v2\/media\/230376"}],"wp:attachment":[{"href":"https:\/\/blogg.atl.nu\/nysater\/wp-json\/wp\/v2\/media?parent=230374"}],"wp:term":[{"taxonomy":"category","embeddable":true,"href":"https:\/\/blogg.atl.nu\/nysater\/wp-json\/wp\/v2\/categories?post=230374"},{"taxonomy":"post_tag","embeddable":true,"href":"https:\/\/blogg.atl.nu\/nysater\/wp-json\/wp\/v2\/tags?post=230374"}],"curies":[{"name":"wp","href":"https:\/\/api.w.org\/{rel}","templated":true}]}}